{"id":99768,"date":"2023-11-18T15:21:06","date_gmt":"2023-11-18T18:21:06","guid":{"rendered":"http:\/\/aarquiteta.com.br\/?p=99768"},"modified":"2023-11-18T15:21:06","modified_gmt":"2023-11-18T18:21:06","slug":"escolhendo-modelos-de-casa","status":"publish","type":"post","link":"https:\/\/www.aarquiteta.com.br\/blog\/escolhendo-modelos-de-casa\/","title":{"rendered":"12 Modelos De Casa: Escolhendo o Modelo Ideal que Transformar\u00e1 Sonhos em Realidade!"},"content":{"rendered":"<p>Escolher entre os modelos de casa ideal, \u00e9 uma decis\u00e3o que vai al\u00e9m de uma simples prefer\u00eancia est\u00e9tica. \u00c9 sobre encontrar um espa\u00e7o que se alinhe com suas necessidades, seu estilo de vida e seus sonhos.<\/p><p>Seja voc\u00ea um amante da natureza que busca uma casa de campo para escapar da rotina, um jovem profissional procurando um loft moderno no cora\u00e7\u00e3o da cidade, ou uma fam\u00edlia em crescimento precisando de um <a href=\"https:\/\/www.aarquiteta.com.br\/blog\/sobrado\/\" class=\"ilj-generated-link\">sobrado<\/a> espa\u00e7oso, h\u00e1 uma infinidade de op\u00e7\u00f5es para explorar.<\/p><p>Mergulharemos nos diferentes modelos de casas e descobrir qual deles pode ser o seu lar perfeito.<\/p><ul><li>Entender as caracter\u00edsticas de cada modelo de casa.<\/li><li>Identificar as vantagens de cada tipo de moradia.<\/li><li>Escolher um lar que complemente o seu modo de viver.<\/li><\/ul><h2>Explore os Mais Variados Modelos de Casa e Inspire-se para seu Projeto:<\/h2><p>Descubra os mais diversos modelos de casas, desde os cl\u00e1ssicos aos contempor\u00e2neos, e encontre inspira\u00e7\u00e3o para o lar dos seus sonhos.<\/p><h3>1. Casa t\u00e9rrea<\/h3><p><img decoding=\"async\" class=\"alignnone wp-image-94908 size-full\" title=\"Modelos De Casa: Escolhendo o Modelo Ideal que Transformar\u00e1 Sonhos em Realidade!\" src=\"https:\/\/www.aarquiteta.com.br\/blog\/wp-content\/uploads\/2023\/03\/Casas-terreas-modernas-com-telhado.png\" alt=\"Modelos De Casa: Escolhendo o Modelo Ideal que Transformar\u00e1 Sonhos em Realidade!\" width=\"1568\" height=\"896\" \/><\/p><p>As casas t\u00e9rreas s\u00e3o conhecidas pela sua acessibilidade e facilidade de manuten\u00e7\u00e3o. Com todos os c\u00f4modos no mesmo n\u00edvel, s\u00e3o ideais para quem busca praticidade e conforto sem a necessidade de subir escadas.<\/p>[amazon table=&#8221;83000&#8243;]<h3>2. Sobrado<\/h3><p><img decoding=\"async\" class=\"alignnone size-full wp-image-65923\" src=\"https:\/\/www.aarquiteta.com.br\/blog\/wp-content\/uploads\/2022\/08\/casa-geminada-sobrado.jpg\" alt=\"\" width=\"700\" height=\"400\" title=\"\" srcset=\"https:\/\/www.aarquiteta.com.br\/blog\/wp-content\/uploads\/2022\/08\/casa-geminada-sobrado.jpg 700w, https:\/\/www.aarquiteta.com.br\/blog\/wp-content\/uploads\/2022\/08\/casa-geminada-sobrado-696x398.jpg 696w, https:\/\/www.aarquiteta.com.br\/blog\/wp-content\/uploads\/2022\/08\/casa-geminada-sobrado-150x86.jpg 150w\" sizes=\"(max-width: 700px) 100vw, 700px\" \/><\/p><p>Os sobrados oferecem mais privacidade e espa\u00e7o, distribu\u00eddos em dois ou mais andares. S\u00e3o perfeitos para fam\u00edlias que precisam de ambientes separados para conviv\u00eancia e descanso.<\/p><h3>3. Casa geminada<\/h3><figure id=\"attachment_97618\" aria-describedby=\"caption-attachment-97618\" style=\"width: 1200px\" class=\"wp-caption alignnone\"><img decoding=\"async\" class=\"wp-image-97618 size-full\" title=\"Modelos De Casa: Escolhendo o Modelo Ideal que Transformar\u00e1 Sonhos em Realidade!\" src=\"https:\/\/www.aarquiteta.com.br\/blog\/wp-content\/uploads\/2023\/10\/casa-sustentavel-1.jpg\" alt=\"Modelos De Casa: Escolhendo o Modelo Ideal que Transformar\u00e1 Sonhos em Realidade!\" width=\"1200\" height=\"800\" srcset=\"https:\/\/www.aarquiteta.com.br\/blog\/wp-content\/uploads\/2023\/10\/casa-sustentavel-1.jpg 1200w, https:\/\/www.aarquiteta.com.br\/blog\/wp-content\/uploads\/2023\/10\/casa-sustentavel-1-1024x683.jpg 1024w, https:\/\/www.aarquiteta.com.br\/blog\/wp-content\/uploads\/2023\/10\/casa-sustentavel-1-696x464.jpg 696w, https:\/\/www.aarquiteta.com.br\/blog\/wp-content\/uploads\/2023\/10\/casa-sustentavel-1-150x100.jpg 150w\" sizes=\"(max-width: 1200px) 100vw, 1200px\" \/><figcaption id=\"caption-attachment-97618\" class=\"wp-caption-text\">Construindo Casas Sustent\u00e1veis: Materiais e T\u00e9cnicas Ecol\u00f3gicas!<\/figcaption><\/figure><p>As casas geminadas compartilham uma ou mais paredes com outras casas, otimizando o espa\u00e7o e custos de constru\u00e7\u00e3o. Elas s\u00e3o uma boa op\u00e7\u00e3o para quem busca um lar em \u00e1reas urbanas com um or\u00e7amento mais enxuto.<\/p><h3>4. Casa de campo<\/h3><figure id=\"attachment_15661\" aria-describedby=\"caption-attachment-15661\" style=\"width: 924px\" class=\"wp-caption alignnone\"><img decoding=\"async\" class=\"size-full wp-image-15661\" src=\"https:\/\/www.aarquiteta.com.br\/blog\/wp-content\/uploads\/2019\/01\/casas-de-campo-a-arquiteta-19.jpg\" alt=\"projetos de casas de campo\" width=\"924\" height=\"590\" title=\"\" srcset=\"https:\/\/www.aarquiteta.com.br\/blog\/wp-content\/uploads\/2019\/01\/casas-de-campo-a-arquiteta-19.jpg 924w, https:\/\/www.aarquiteta.com.br\/blog\/wp-content\/uploads\/2019\/01\/casas-de-campo-a-arquiteta-19-696x444.jpg 696w, https:\/\/www.aarquiteta.com.br\/blog\/wp-content\/uploads\/2019\/01\/casas-de-campo-a-arquiteta-19-150x96.jpg 150w\" sizes=\"(max-width: 924px) 100vw, 924px\" \/><figcaption id=\"caption-attachment-15661\" class=\"wp-caption-text\">Imagem: dcorecove.com.br<\/figcaption><\/figure><p>Para os amantes da tranquilidade e da natureza, as casas de campo s\u00e3o o ref\u00fagio ideal. Com arquitetura que se harmoniza com o ambiente rural, proporcionam uma vida mais pacata e conectada ao ar livre.<\/p><h3>5. Casa de praia<\/h3><figure id=\"attachment_15570\" aria-describedby=\"caption-attachment-15570\" style=\"width: 1600px\" class=\"wp-caption alignnone\"><img decoding=\"async\" class=\"wp-image-15570 size-full\" title=\"Modelos De Casa: Escolhendo o Modelo Ideal que Transformar\u00e1 Sonhos em Realidade!\" src=\"https:\/\/www.aarquiteta.com.br\/blog\/wp-content\/uploads\/2018\/12\/casa-de-praia-arquiteta-24.png\" alt=\"Modelos De Casa: Escolhendo o Modelo Ideal que Transformar\u00e1 Sonhos em Realidade!\" width=\"1600\" height=\"1063\" srcset=\"https:\/\/www.aarquiteta.com.br\/blog\/wp-content\/uploads\/2018\/12\/casa-de-praia-arquiteta-24.png 1600w, https:\/\/www.aarquiteta.com.br\/blog\/wp-content\/uploads\/2018\/12\/casa-de-praia-arquiteta-24-1024x680.png 1024w, https:\/\/www.aarquiteta.com.br\/blog\/wp-content\/uploads\/2018\/12\/casa-de-praia-arquiteta-24-696x462.png 696w, https:\/\/www.aarquiteta.com.br\/blog\/wp-content\/uploads\/2018\/12\/casa-de-praia-arquiteta-24-150x100.png 150w\" sizes=\"(max-width: 1600px) 100vw, 1600px\" \/><figcaption id=\"caption-attachment-15570\" class=\"wp-caption-text\">Imagem: gazetadopovo.com.br<\/figcaption><\/figure><p>As <a href=\"https:\/\/www.aarquiteta.com.br\/blog\/design-de-interiores\/projetos-de-casas-de-praia\/\" class=\"ilj-generated-link\">casas de praia<\/a> s\u00e3o projetadas para o lazer e o relaxamento. Com caracter\u00edsticas que resistem ao clima litor\u00e2neo e espa\u00e7os para aproveitar a vista, s\u00e3o perfeitas para quem sonha com um retiro \u00e0 beira-mar.<\/p>[amazon table=&#8221;83082&#8243;]<h3>6. Apartamento<\/h3><figure id=\"attachment_78402\" aria-describedby=\"caption-attachment-78402\" style=\"width: 1456px\" class=\"wp-caption alignnone\"><img decoding=\"async\" class=\"size-full wp-image-78402\" src=\"https:\/\/www.aarquiteta.com.br\/blog\/wp-content\/uploads\/2023\/04\/Cozinha-Planejada-pequena-de-apartamento-1.png\" alt=\"Como transformar sua cozinha pequena em um lindo espa\u00e7o gourmet!\" width=\"1456\" height=\"816\" title=\"\" srcset=\"https:\/\/www.aarquiteta.com.br\/blog\/wp-content\/uploads\/2023\/04\/Cozinha-Planejada-pequena-de-apartamento-1.png 1456w, https:\/\/www.aarquiteta.com.br\/blog\/wp-content\/uploads\/2023\/04\/Cozinha-Planejada-pequena-de-apartamento-1-1024x574.png 1024w, https:\/\/www.aarquiteta.com.br\/blog\/wp-content\/uploads\/2023\/04\/Cozinha-Planejada-pequena-de-apartamento-1-696x390.png 696w, https:\/\/www.aarquiteta.com.br\/blog\/wp-content\/uploads\/2023\/04\/Cozinha-Planejada-pequena-de-apartamento-1-150x84.png 150w\" sizes=\"(max-width: 1456px) 100vw, 1456px\" \/><figcaption id=\"caption-attachment-78402\" class=\"wp-caption-text\">Como transformar sua cozinha pequena em um lindo espa\u00e7o gourmet!<\/figcaption><\/figure><p>Apartamentos s\u00e3o uma escolha popular em \u00e1reas urbanas, oferecendo seguran\u00e7a, comodidades e uma comunidade pr\u00f3xima. Eles variam de est\u00fadios compactos a coberturas luxuosas, atendendo a diferentes estilos de vida.<\/p><h3>7. Loft<\/h3><figure id=\"attachment_34676\" aria-describedby=\"caption-attachment-34676\" style=\"width: 739px\" class=\"wp-caption alignnone\"><img decoding=\"async\" class=\"size-full wp-image-34676\" src=\"https:\/\/www.aarquiteta.com.br\/blog\/wp-content\/uploads\/2021\/09\/Loft-com-vista-exterior.jpg\" alt=\"Mezanino - O que \u00e9 e qual sua fun\u00e7\u00e3o? Veja exemplos!\" width=\"739\" height=\"741\" title=\"\" srcset=\"https:\/\/www.aarquiteta.com.br\/blog\/wp-content\/uploads\/2021\/09\/Loft-com-vista-exterior.jpg 739w, https:\/\/www.aarquiteta.com.br\/blog\/wp-content\/uploads\/2021\/09\/Loft-com-vista-exterior-696x698.jpg 696w, https:\/\/www.aarquiteta.com.br\/blog\/wp-content\/uploads\/2021\/09\/Loft-com-vista-exterior-96x96.jpg 96w, https:\/\/www.aarquiteta.com.br\/blog\/wp-content\/uploads\/2021\/09\/Loft-com-vista-exterior-150x150.jpg 150w\" sizes=\"(max-width: 739px) 100vw, 739px\" \/><figcaption id=\"caption-attachment-34676\" class=\"wp-caption-text\">Mezanino &#8211; O que \u00e9 e qual sua fun\u00e7\u00e3o? Veja exemplos!<\/figcaption><\/figure><p>Lofts s\u00e3o espa\u00e7os abertos, muitas vezes resultantes da convers\u00e3o de edif\u00edcios industriais. Com seu estilo moderno e urbano, atraem profissionais criativos e aqueles que amam um design arrojado.<\/p><h3>8. Kitnet<\/h3><figure id=\"attachment_99492\" aria-describedby=\"caption-attachment-99492\" style=\"width: 1024px\" class=\"wp-caption alignnone\"><img decoding=\"async\" class=\"size-full wp-image-99492\" src=\"https:\/\/www.aarquiteta.com.br\/blog\/wp-content\/uploads\/2023\/11\/decoracao-kitnet01.jpg\" alt=\"decoracao kitnet\" width=\"1024\" height=\"1024\" title=\"\" srcset=\"https:\/\/www.aarquiteta.com.br\/blog\/wp-content\/uploads\/2023\/11\/decoracao-kitnet01.jpg 1024w, https:\/\/www.aarquiteta.com.br\/blog\/wp-content\/uploads\/2023\/11\/decoracao-kitnet01-696x696.jpg 696w, https:\/\/www.aarquiteta.com.br\/blog\/wp-content\/uploads\/2023\/11\/decoracao-kitnet01-96x96.jpg 96w, https:\/\/www.aarquiteta.com.br\/blog\/wp-content\/uploads\/2023\/11\/decoracao-kitnet01-150x150.jpg 150w\" sizes=\"(max-width: 1024px) 100vw, 1024px\" \/><figcaption id=\"caption-attachment-99492\" class=\"wp-caption-text\">decoracao kitnet<\/figcaption><\/figure><p>Kitnets s\u00e3o apartamentos compactos que combinam sala, quarto e cozinha em um \u00fanico ambiente. S\u00e3o ideais para estudantes ou indiv\u00edduos que vivem sozinhos e querem praticidade e economia.<\/p><blockquote><p>Curiosidade: Voc\u00ea sabia que as casas pr\u00e9-fabricadas podem ser montadas em apenas alguns dias, dependendo do projeto e do tamanho? Isso mostra como a inova\u00e7\u00e3o na constru\u00e7\u00e3o civil est\u00e1 transformando a maneira como pensamos sobre o tempo e o custo de construir nossos lares.<\/p><\/blockquote><h3>9. Casa container<\/h3><p><img decoding=\"async\" class=\"alignnone size-full wp-image-30581\" src=\"https:\/\/www.aarquiteta.com.br\/blog\/wp-content\/uploads\/2019\/08\/casas-containers-blog-da-arquitetura-2-560x360.jpg\" alt=\"\" width=\"560\" height=\"360\" title=\"\" srcset=\"https:\/\/www.aarquiteta.com.br\/blog\/wp-content\/uploads\/2019\/08\/casas-containers-blog-da-arquitetura-2-560x360.jpg 560w, https:\/\/www.aarquiteta.com.br\/blog\/wp-content\/uploads\/2019\/08\/casas-containers-blog-da-arquitetura-2-560x360-150x96.jpg 150w\" sizes=\"(max-width: 560px) 100vw, 560px\" \/><\/p><p>Casas container s\u00e3o uma tend\u00eancia sustent\u00e1vel, reutilizando cont\u00eaineres de transporte em moradias inovadoras. Elas s\u00e3o uma declara\u00e7\u00e3o de estilo e consci\u00eancia ambiental.<\/p><h3>10. Casa sustent\u00e1vel<\/h3><figure id=\"attachment_97619\" aria-describedby=\"caption-attachment-97619\" style=\"width: 1200px\" class=\"wp-caption alignnone\"><img decoding=\"async\" class=\"size-full wp-image-97619\" src=\"https:\/\/www.aarquiteta.com.br\/blog\/wp-content\/uploads\/2023\/10\/casa-sustentavel.jpg\" alt=\"Construindo Casas Sustent\u00e1veis: Materiais e T\u00e9cnicas Ecol\u00f3gicas!\" width=\"1200\" height=\"800\" title=\"\" srcset=\"https:\/\/www.aarquiteta.com.br\/blog\/wp-content\/uploads\/2023\/10\/casa-sustentavel.jpg 1200w, https:\/\/www.aarquiteta.com.br\/blog\/wp-content\/uploads\/2023\/10\/casa-sustentavel-1024x683.jpg 1024w, https:\/\/www.aarquiteta.com.br\/blog\/wp-content\/uploads\/2023\/10\/casa-sustentavel-696x464.jpg 696w, https:\/\/www.aarquiteta.com.br\/blog\/wp-content\/uploads\/2023\/10\/casa-sustentavel-150x100.jpg 150w\" sizes=\"(max-width: 1200px) 100vw, 1200px\" \/><figcaption id=\"caption-attachment-97619\" class=\"wp-caption-text\">Construindo Casas Sustent\u00e1veis: Materiais e T\u00e9cnicas Ecol\u00f3gicas!<\/figcaption><\/figure><p>Casas sustent\u00e1veis s\u00e3o projetadas para minimizar o impacto ambiental, utilizando materiais ecol\u00f3gicos e tecnologias para economia de energia. S\u00e3o ideais para quem busca um estilo de vida verde.<\/p>[amazon table=&#8221;82592&#8243;]<h3>11. Casa pr\u00e9-fabricada<\/h3><figure id=\"attachment_97848\" aria-describedby=\"caption-attachment-97848\" style=\"width: 1024px\" class=\"wp-caption alignnone\"><img decoding=\"async\" class=\"size-full wp-image-97848\" src=\"https:\/\/www.aarquiteta.com.br\/blog\/wp-content\/uploads\/2023\/10\/casas-pre-fabricadas02.jpg\" alt=\"casas pr\u00e9 fabricadas\" width=\"1024\" height=\"1024\" title=\"\" srcset=\"https:\/\/www.aarquiteta.com.br\/blog\/wp-content\/uploads\/2023\/10\/casas-pre-fabricadas02.jpg 1024w, https:\/\/www.aarquiteta.com.br\/blog\/wp-content\/uploads\/2023\/10\/casas-pre-fabricadas02-696x696.jpg 696w, https:\/\/www.aarquiteta.com.br\/blog\/wp-content\/uploads\/2023\/10\/casas-pre-fabricadas02-96x96.jpg 96w, https:\/\/www.aarquiteta.com.br\/blog\/wp-content\/uploads\/2023\/10\/casas-pre-fabricadas02-150x150.jpg 150w\" sizes=\"(max-width: 1024px) 100vw, 1024px\" \/><figcaption id=\"caption-attachment-97848\" class=\"wp-caption-text\">casas pr\u00e9 fabricadas<\/figcaption><\/figure><p>As casas pr\u00e9-fabricadas s\u00e3o constru\u00eddas em partes em uma f\u00e1brica e montadas no local. Oferecem uma constru\u00e7\u00e3o r\u00e1pida e eficiente, com custos muitas vezes mais baixos do que as constru\u00e7\u00f5es tradicionais.<\/p><h3>12. Casa de luxo<\/h3><p><img decoding=\"async\" class=\"alignnone size-full wp-image-88519\" src=\"https:\/\/www.aarquiteta.com.br\/blog\/wp-content\/uploads\/2023\/03\/muros-de-casas-modernas.jpg\" alt=\"\" width=\"1050\" height=\"550\" title=\"\"><\/p><p>As casas de luxo s\u00e3o projetadas com exclusividade e sofistica\u00e7\u00e3o. Com acabamentos de alta qualidade e comodidades personalizadas, s\u00e3o para aqueles que desejam o m\u00e1ximo de conforto e status.<\/p><h2>Perguntas Frequentes sobre modelos de casa:<\/h2><h3>Quais s\u00e3o os principais fatores a considerar ao escolher um modelo de casa?<\/h3><p>Ao escolher um modelo de casa, considere o tamanho da fam\u00edlia, o or\u00e7amento, a localiza\u00e7\u00e3o desejada, o estilo de vida e as necessidades futuras.<\/p><h3>Quais s\u00e3o as vantagens de optar por uma casa pr\u00e9-fabricada?<\/h3><p>As casas pr\u00e9-fabricadas oferecem constru\u00e7\u00e3o r\u00e1pida, custos reduzidos e menos desperd\u00edcio de materiais, al\u00e9m de serem uma op\u00e7\u00e3o mais sustent\u00e1vel.<\/p><h3>Como escolher o modelo de casa ideal para o meu estilo de vida?<\/h3><p>Reflita sobre suas atividades di\u00e1rias, hobbies, e se voc\u00ea valoriza mais a proximidade com a natureza ou a conveni\u00eancia urbana. Considere tamb\u00e9m o tamanho da sua fam\u00edlia e a necessidade de espa\u00e7os privativos ou \u00e1reas de conviv\u00eancia.<\/p><p>Encontrar o modelo de casa perfeito \u00e9 uma jornada pessoal que reflete quem voc\u00ea \u00e9 e como deseja viver. Ao considerar suas necessidades e desejos, voc\u00ea pode criar um lar que n\u00e3o apenas abriga, mas tamb\u00e9m enriquece sua vida.<\/p><p>Lembre-se de que, independentemente do modelo escolhido, o mais importante \u00e9 que ele seja um espa\u00e7o onde voc\u00ea se sinta verdadeiramente em casa.<\/p>","protected":false},"excerpt":{"rendered":"<p>Quer uma modelos de casa de tirar o f\u00f4lego? Descubra inspira\u00e7\u00f5es aqui!<\/p>\n","protected":false},"author":102,"featured_media":99765,"comment_status":"closed","ping_status":"closed","sticky":false,"template":"","format":"standard","meta":{"footnotes":""},"categories":[1484],"tags":[8839,34775,32216,34777,34776,7177,34778],"class_list":["post-99768","post","type-post","status-publish","format-standard","has-post-thumbnail","category-decoracao","tag-arquitetura-residencial","tag-decoracao-de-modelos-de-casa","tag-design-de-casas","tag-estilos-de-casas","tag-modelos-de-casa","tag-modelos-de-casas","tag-tendencias-de-construcao"],"_wp_attached_file":null,"_wp_attachment_metadata":null,"_wp_attachment_context":null,"_wp_attachment_is_custom_header":null,"geo_longitude":null,"geo_public":null,"geo_latitude":null,"_publicize_done_external":null,"_wpas_done_3897181":null,"publicize_twitter_user":null,"_wpas_done_3897175":null,"_wpas_skip_3897181":null,"_wpas_skip_3897175":null,"_wpas_skip_3924723":null,"_wpas_mess":null,"_wpas_done_3924723":null,"wps_subtitle":"","_links":{"self":[{"href":"https:\/\/www.aarquiteta.com.br\/blog\/wp-json\/wp\/v2\/posts\/99768","targetHints":{"allow":["GET"]}}],"collection":[{"href":"https:\/\/www.aarquiteta.com.br\/blog\/wp-json\/wp\/v2\/posts"}],"about":[{"href":"https:\/\/www.aarquiteta.com.br\/blog\/wp-json\/wp\/v2\/types\/post"}],"author":[{"embeddable":true,"href":"https:\/\/www.aarquiteta.com.br\/blog\/wp-json\/wp\/v2\/users\/102"}],"replies":[{"embeddable":true,"href":"https:\/\/www.aarquiteta.com.br\/blog\/wp-json\/wp\/v2\/comments?post=99768"}],"version-history":[{"count":0,"href":"https:\/\/www.aarquiteta.com.br\/blog\/wp-json\/wp\/v2\/posts\/99768\/revisions"}],"wp:featuredmedia":[{"embeddable":true,"href":"https:\/\/www.aarquiteta.com.br\/blog\/wp-json\/wp\/v2\/media\/99765"}],"wp:attachment":[{"href":"https:\/\/www.aarquiteta.com.br\/blog\/wp-json\/wp\/v2\/media?parent=99768"}],"wp:term":[{"taxonomy":"category","embeddable":true,"href":"https:\/\/www.aarquiteta.com.br\/blog\/wp-json\/wp\/v2\/categories?post=99768"},{"taxonomy":"post_tag","embeddable":true,"href":"https:\/\/www.aarquiteta.com.br\/blog\/wp-json\/wp\/v2\/tags?post=99768"}],"curies":[{"name":"wp","href":"https:\/\/api.w.org\/{rel}","templated":true}]}}