{"id":99757,"date":"2023-11-19T12:22:04","date_gmt":"2023-11-19T15:22:04","guid":{"rendered":"http:\/\/aarquiteta.com.br\/?p=99757"},"modified":"2024-07-03T15:57:58","modified_gmt":"2024-07-03T18:57:58","slug":"armario-de-cozinha-amarelo","status":"publish","type":"post","link":"https:\/\/www.aarquiteta.com.br\/blog\/armario-de-cozinha-amarelo\/","title":{"rendered":"Arm\u00e1rio de Cozinha Amarelo: Como Integrar com Estilo e Funcionalidade!"},"content":{"rendered":"<p>Escolher um arm\u00e1rio de cozinha amarelo pode parecer uma decis\u00e3o ousada, mas \u00e9 uma escolha que traz in\u00fameros benef\u00edcios. Al\u00e9m de adicionar um toque vibrante e alegre ao ambiente, o amarelo \u00e9 uma cor que combina com diversos estilos de decora\u00e7\u00e3o e pode transformar completamente a atmosfera da sua cozinha.<\/p>\n<p>Se voc\u00ea est\u00e1 buscando uma maneira de revitalizar esse espa\u00e7o t\u00e3o importante da casa, um arm\u00e1rio amarelo pode ser a solu\u00e7\u00e3o perfeita. Exploraremos os benef\u00edcios dessa escolha e como ela pode influenciar positivamente o seu dia a dia.<\/p>\n<h2>Arm\u00e1rio de Cozinha Amarelo: 5 Ideias para Iluminar e Alegrar Seu Espa\u00e7o<\/h2>\n<figure id=\"attachment_77818\" aria-describedby=\"caption-attachment-77818\" style=\"width: 1200px\" class=\"wp-caption alignnone\"><img decoding=\"async\" class=\"size-full wp-image-77818\" src=\"https:\/\/www.aarquiteta.com.br\/blog\/wp-content\/uploads\/2023\/04\/Armarios-de-Cozinha-Cinza-1.jpg\" alt=\"Balc\u00e3o de cozinha: escolha o modelo ideal para seu espa\u00e7o!\" width=\"1200\" height=\"800\" title=\"\" srcset=\"https:\/\/www.aarquiteta.com.br\/blog\/wp-content\/uploads\/2023\/04\/Armarios-de-Cozinha-Cinza-1.jpg 1200w, https:\/\/www.aarquiteta.com.br\/blog\/wp-content\/uploads\/2023\/04\/Armarios-de-Cozinha-Cinza-1-1024x683.jpg 1024w, https:\/\/www.aarquiteta.com.br\/blog\/wp-content\/uploads\/2023\/04\/Armarios-de-Cozinha-Cinza-1-696x464.jpg 696w, https:\/\/www.aarquiteta.com.br\/blog\/wp-content\/uploads\/2023\/04\/Armarios-de-Cozinha-Cinza-1-150x100.jpg 150w\" sizes=\"(max-width: 1200px) 100vw, 1200px\" \/><figcaption id=\"caption-attachment-77818\" class=\"wp-caption-text\">Foto: Canva.com<\/figcaption><\/figure>\n<p><strong>Um arm\u00e1rio de cozinha amarelo<\/strong> \u00e9 a escolha ideal para quem deseja adicionar um toque de cor vibrante sem sobrecarregar o ambiente. Ele pode ser o elemento que falta para trazer vida e energia para a sua cozinha.<\/p>\n<p>O amarelo \u00e9 frequentemente associada \u00e0 felicidade e ao otimismo. Ao escolher arm\u00e1rios amarelos, voc\u00ea est\u00e1 convidando essas sensa\u00e7\u00f5es para o cora\u00e7\u00e3o da sua casa, criando um espa\u00e7o onde todos se sentir\u00e3o mais alegres.<\/p>\n<p>Seja em uma cozinha moderna ou em um ambiente mais cl\u00e1ssico, o amarelo se adapta facilmente. Ele pode ser o ponto de equil\u00edbrio entre o tradicional e o contempor\u00e2neo, harmonizando com diversos estilos e prefer\u00eancias.<\/p>\n<p>A cozinha \u00e9 um local de encontro e conv\u00edvio. Com arm\u00e1rios amarelos, esse espa\u00e7o ganha uma dose extra de energia e vitalidade, tornando-se ainda mais convidativo para cozinhar e socializar.<\/p>\n<blockquote><p>Curiosidade: Voc\u00ea sabia que o amarelo \u00e9 uma das primeiras cores que o olho humano consegue distinguir? Isso faz dela uma cor que naturalmente chama a aten\u00e7\u00e3o, ideal para criar um ambiente acolhedor e estimulante na sua cozinha.<\/p><\/blockquote>\n<h3>Renove sua Cozinha com Arm\u00e1rios Amarelos<\/h3>\n<figure id=\"attachment_99801\" aria-describedby=\"caption-attachment-99801\" style=\"width: 1200px\" class=\"wp-caption alignnone\"><img decoding=\"async\" class=\"size-full wp-image-99801\" src=\"https:\/\/www.aarquiteta.com.br\/blog\/wp-content\/uploads\/2023\/11\/cozinha-amarela.jpg\" alt=\"Arm\u00e1rio de Cozinha Amarelo: Como Integrar com Estilo e Funcionalidade!\" width=\"1200\" height=\"800\" title=\"\" srcset=\"https:\/\/www.aarquiteta.com.br\/blog\/wp-content\/uploads\/2023\/11\/cozinha-amarela.jpg 1200w, https:\/\/www.aarquiteta.com.br\/blog\/wp-content\/uploads\/2023\/11\/cozinha-amarela-1024x683.jpg 1024w, https:\/\/www.aarquiteta.com.br\/blog\/wp-content\/uploads\/2023\/11\/cozinha-amarela-696x464.jpg 696w, https:\/\/www.aarquiteta.com.br\/blog\/wp-content\/uploads\/2023\/11\/cozinha-amarela-150x100.jpg 150w\" sizes=\"(max-width: 1200px) 100vw, 1200px\" \/><figcaption id=\"caption-attachment-99801\" class=\"wp-caption-text\">Arm\u00e1rio de Cozinha Amarelo: Como Integrar com Estilo e Funcionalidade!<\/figcaption><\/figure>\n<p>Descubra como transformar sua cozinha com arm\u00e1rios amarelos, trazendo luminosidade, estilo e modernidade ao cora\u00e7\u00e3o da sua casa:<\/p>\n<h4>* Destaca-se em cozinhas neutras<\/h4>\n<p>Em cozinhas com paletas de cores neutras, um arm\u00e1rio amarelo pode ser o destaque que faltava. Ele quebra a monotonia e adiciona um ponto focal interessante ao ambiente.<\/p>\n<h4>* Torna a cozinha mais convidativa<\/h4>\n<p>Uma cozinha com arm\u00e1rios amarelos transmite uma sensa\u00e7\u00e3o de acolhimento. Ela convida as pessoas a entrarem e se sentirem em casa, tornando-se um ponto de encontro para amigos e fam\u00edlia.<\/p>\n<h4>* Pode ser usado como ponto focal<\/h4>\n<p>Um arm\u00e1rio de cozinha amarelo n\u00e3o precisa ser apenas mais um elemento no espa\u00e7o. Ele pode ser projetado para ser o ponto focal da cozinha, atraindo olhares e elogios.<\/p>\n<p>O amarelo \u00e9 uma cor vers\u00e1til que combina facilmente com outros elementos da cozinha, como eletrodom\u00e9sticos, bancadas e acess\u00f3rios, permitindo uma decora\u00e7\u00e3o harmoniosa e equilibrada.<\/p>\n<h4>* Aumenta a sensa\u00e7\u00e3o de espa\u00e7o<\/h4>\n<p>Cores claras e vibrantes como o amarelo podem fazer com que espa\u00e7os pequenos pare\u00e7am maiores e mais abertos. Se voc\u00ea tem uma cozinha compacta, arm\u00e1rios amarelos podem ser uma excelente escolha para ampliar visualmente o ambiente.<\/p>\n<h3>Arm\u00e1rios Amarelos para uma Cozinha Vibrante<\/h3>\n<p><img decoding=\"async\" class=\"alignnone size-full wp-image-90655\" src=\"https:\/\/www.aarquiteta.com.br\/blog\/wp-content\/uploads\/2023\/08\/Pequenos-Espacos-Grandes-Ideias-O-Guia-Definitivo-para-Projetar-sua-Cozinha-Compacta.png\" alt=\"\" width=\"1024\" height=\"1024\" title=\"\"><\/p>\n<h4>Promove a criatividade<\/h4>\n<p>O amarelo \u00e9 uma cor que estimula a mente e pode aumentar a criatividade. Com arm\u00e1rios amarelos, voc\u00ea pode se sentir mais inspirado ao preparar suas receitas e experimentar na cozinha.<\/p>\n<h4>Traz alegria e felicidade<\/h4>\n<p>O amarelo \u00e9 frequentemente associada a sentimentos de alegria e felicidade. Incorpor\u00e1-la na sua cozinha pode ajudar a melhorar o humor de quem usa o espa\u00e7o regularmente.<\/p>\n<h4>Estimula o apetite<\/h4>\n<p>Estudos sugerem que o amarelo pode estimular o apetite, tornando-a uma escolha inteligente para a cozinha, onde a prepara\u00e7\u00e3o e o consumo de alimentos s\u00e3o centrais.<\/p>\n[amazon table=&#8221;98601&#8243;]\n<p>Em conclus\u00e3o, um arm\u00e1rio de cozinha amarelo \u00e9 uma escolha que vai al\u00e9m da est\u00e9tica. Ele influencia o ambiente e o bem-estar de quem utiliza o espa\u00e7o. Ao optar por essa cor vibrante, voc\u00ea est\u00e1 escolhendo criar um ambiente que promove a felicidade, a criatividade e a conviv\u00eancia familiar.<\/p>\n<h2>Perguntas Frequentes sobre Arm\u00e1rio de Cozinha Amarelo.<\/h2>\n<h3>Como escolher o tom certo de amarelo para o meu arm\u00e1rio de cozinha?<\/h3>\n<p>Considere a ilumina\u00e7\u00e3o da sua cozinha e o tamanho do espa\u00e7o. Tons mais claros podem ampliar o ambiente, enquanto tons mais escuros ou vibrantes criam um ponto focal. Teste amostras de cores em diferentes hor\u00e1rios do dia para ver como elas interagem com a luz natural e artificial.<\/p>\n<h3>O arm\u00e1rio de cozinha amarelo combina com qualquer cor de parede?<\/h3>\n<p>O amarelo \u00e9 vers\u00e1til e pode combinar com v\u00e1rias cores. Para um visual cl\u00e1ssico, combine com branco ou cinza. Para algo mais ousado, azul marinho ou verde podem ser excelentes escolhas.<\/p>\n<h3>Como manter o arm\u00e1rio de cozinha amarelo sempre bonito e brilhante?<\/h3>\n<p>Limpe regularmente com um pano \u00famido e produtos de limpeza n\u00e3o abrasivos. Evite exposi\u00e7\u00e3o direta prolongada ao sol, que pode desbotar a cor com o tempo.<\/p>\n","protected":false},"excerpt":{"rendered":"<p>Reinvente seu espa\u00e7o com ideias incr\u00edveis para arm\u00e1rio de cozinha amarelo. Confira agora!<\/p>\n","protected":false},"author":102,"featured_media":77818,"comment_status":"closed","ping_status":"closed","sticky":false,"template":"","format":"standard","meta":{"footnotes":""},"categories":[35414,35384,1484,20353],"tags":[34768,34770,34769,34767,28195,1028],"class_list":["post-99757","post","type-post","status-publish","format-standard","has-post-thumbnail","category-acessorios-para-decoracao","category-armarios-e-aparadores","category-decoracao","category-home-decor","tag-armario-de-cozinha-amarelo","tag-armarios-modernos","tag-cozinha-colorida","tag-decoracao-de-armario-de-cozinha-amarelo","tag-decoracao-de-cozinha","tag-design-de-interiores"],"_wp_attached_file":null,"_wp_attachment_metadata":null,"_wp_attachment_context":null,"_wp_attachment_is_custom_header":null,"geo_longitude":null,"geo_public":null,"geo_latitude":null,"_publicize_done_external":null,"_wpas_done_3897181":null,"publicize_twitter_user":null,"_wpas_done_3897175":null,"_wpas_skip_3897181":null,"_wpas_skip_3897175":null,"_wpas_skip_3924723":null,"_wpas_mess":null,"_wpas_done_3924723":null,"wps_subtitle":"","_links":{"self":[{"href":"https:\/\/www.aarquiteta.com.br\/blog\/wp-json\/wp\/v2\/posts\/99757","targetHints":{"allow":["GET"]}}],"collection":[{"href":"https:\/\/www.aarquiteta.com.br\/blog\/wp-json\/wp\/v2\/posts"}],"about":[{"href":"https:\/\/www.aarquiteta.com.br\/blog\/wp-json\/wp\/v2\/types\/post"}],"author":[{"embeddable":true,"href":"https:\/\/www.aarquiteta.com.br\/blog\/wp-json\/wp\/v2\/users\/102"}],"replies":[{"embeddable":true,"href":"https:\/\/www.aarquiteta.com.br\/blog\/wp-json\/wp\/v2\/comments?post=99757"}],"version-history":[{"count":0,"href":"https:\/\/www.aarquiteta.com.br\/blog\/wp-json\/wp\/v2\/posts\/99757\/revisions"}],"wp:attachment":[{"href":"https:\/\/www.aarquiteta.com.br\/blog\/wp-json\/wp\/v2\/media?parent=99757"}],"wp:term":[{"taxonomy":"category","embeddable":true,"href":"https:\/\/www.aarquiteta.com.br\/blog\/wp-json\/wp\/v2\/categories?post=99757"},{"taxonomy":"post_tag","embeddable":true,"href":"https:\/\/www.aarquiteta.com.br\/blog\/wp-json\/wp\/v2\/tags?post=99757"}],"curies":[{"name":"wp","href":"https:\/\/api.w.org\/{rel}","templated":true}]}}