{"id":99751,"date":"2023-11-20T15:21:29","date_gmt":"2023-11-20T18:21:29","guid":{"rendered":"http:\/\/aarquiteta.com.br\/?p=99751"},"modified":"2024-07-03T16:33:22","modified_gmt":"2024-07-03T19:33:22","slug":"cabeceira-para-cama","status":"publish","type":"post","link":"https:\/\/www.aarquiteta.com.br\/blog\/cabeceira-para-cama\/","title":{"rendered":"Cabeceira para Cama: 6 Modelos Para Combinar Conforto e Design!"},"content":{"rendered":"<p>A cabeceira para cama \u00e9 mais do que um simples acess\u00f3rio decorativo; ela desempenha um papel fundamental na composi\u00e7\u00e3o do ambiente, oferecendo benef\u00edcios que v\u00e3o al\u00e9m da est\u00e9tica. Uma boa cabeceira pode transformar o quarto, proporcionando conforto, funcionalidade e um toque de personalidade ao espa\u00e7o.<\/p>\n<p>Neste artigo, exploraremos os diversos benef\u00edcios de ter uma cabeceira, os tipos dispon\u00edveis no mercado e como escolher a ideal para sua cama, garantindo que voc\u00ea fa\u00e7a uma escolha informada e satisfat\u00f3ria.<\/p>\n<ul>\n<li>Entenda como uma cabeceira pode elevar a decora\u00e7\u00e3o do seu quarto.<\/li>\n<li>Descubra os diferentes tipos de cabeceiras e qual se adapta melhor ao seu estilo.<\/li>\n<li>Aprenda a escolher a cabeceira perfeita, considerando tamanho, material e funcionalidade.<\/li>\n<\/ul>\n<h2>Cabeceira para Cama: 6 Modelos para Transformar Seu Quarto!<\/h2>\n<figure id=\"attachment_98677\" aria-describedby=\"caption-attachment-98677\" style=\"width: 1024px\" class=\"wp-caption alignnone\"><img decoding=\"async\" class=\"size-full wp-image-98677\" src=\"https:\/\/www.aarquiteta.com.br\/blog\/wp-content\/uploads\/2023\/10\/5-dicas-de-como-decorar-a-parede-atras-da-sua-cama.02.jpg\" alt=\"5 dicas de como decorar a parede atras da sua cama.\" width=\"1024\" height=\"1024\" title=\"\" srcset=\"https:\/\/www.aarquiteta.com.br\/blog\/wp-content\/uploads\/2023\/10\/5-dicas-de-como-decorar-a-parede-atras-da-sua-cama.02.jpg 1024w, https:\/\/www.aarquiteta.com.br\/blog\/wp-content\/uploads\/2023\/10\/5-dicas-de-como-decorar-a-parede-atras-da-sua-cama.02-696x696.jpg 696w, https:\/\/www.aarquiteta.com.br\/blog\/wp-content\/uploads\/2023\/10\/5-dicas-de-como-decorar-a-parede-atras-da-sua-cama.02-96x96.jpg 96w, https:\/\/www.aarquiteta.com.br\/blog\/wp-content\/uploads\/2023\/10\/5-dicas-de-como-decorar-a-parede-atras-da-sua-cama.02-150x150.jpg 150w\" sizes=\"(max-width: 1024px) 100vw, 1024px\" \/><figcaption id=\"caption-attachment-98677\" class=\"wp-caption-text\">5 dicas de como decorar a parede atras da sua cama.<\/figcaption><\/figure>\n<p>Uma cabeceira bem escolhida serve como o ponto focal do quarto, complementando e real\u00e7ando a decora\u00e7\u00e3o existente. Ela pode adicionar um toque de cor, textura ou padr\u00e3o, dependendo do material e do design escolhido.<\/p>\n<p>Para quem gosta de ler ou assistir TV na cama, a cabeceira oferece um apoio confort\u00e1vel para as costas, evitando desconforto e contribuindo para uma postura adequada.<\/p>\n<p>A cabeceira ajuda a proteger a parede contra manchas e desgastes causados pelo contato direto com travesseiros e len\u00e7\u00f3is, al\u00e9m de evitar que a cama se mova.<\/p>\n<p>Com uma variedade de estilos e materiais, as cabeceiras podem ser personalizadas para refletir sua personalidade e gosto pessoal, tornando o quarto verdadeiramente seu.<\/p>\n<p>Algumas cabeceiras v\u00eam com prateleiras ou compartimentos embutidos, oferecendo espa\u00e7o extra para armazenamento e organiza\u00e7\u00e3o.<\/p>\n<p>Uma cabeceira pode adicionar uma camada extra de conforto e aconchego ao quarto, criando um ambiente mais acolhedor e convidativo.<\/p>\n<blockquote><p>Curiosidade: Voc\u00ea sabia que as cabeceiras surgiram na Gr\u00e9cia Antiga e eram originalmente usadas para proteger os dorminhocos de correntes de ar? Hoje, elas s\u00e3o um s\u00edmbolo de estilo e conforto nos quartos ao redor do mundo.<\/p><\/blockquote>\n<h3>6 Tipos de cabeceiras para cama:<\/h3>\n<ol>\n<li><strong>Cabeceira estofada:<\/strong>\u00a0As cabeceiras estofadas s\u00e3o conhecidas pelo conforto e pela capacidade de adicionar uma sensa\u00e7\u00e3o de luxo ao quarto. Elas podem ser encontradas em uma variedade de tecidos, como veludo, linho ou couro.<\/li>\n<\/ol>\n<figure id=\"attachment_91514\" aria-describedby=\"caption-attachment-91514\" style=\"width: 1024px\" class=\"wp-caption alignnone\"><img decoding=\"async\" class=\"size-full wp-image-91514\" src=\"https:\/\/www.aarquiteta.com.br\/blog\/wp-content\/uploads\/2023\/08\/iluninacao-de-quarto-decorado.png\" alt=\"Instru\u00e7\u00f5es para criar um quarto de casal perfeito\" width=\"1024\" height=\"1024\" title=\"\" srcset=\"https:\/\/www.aarquiteta.com.br\/blog\/wp-content\/uploads\/2023\/08\/iluninacao-de-quarto-decorado.png 1024w, https:\/\/www.aarquiteta.com.br\/blog\/wp-content\/uploads\/2023\/08\/iluninacao-de-quarto-decorado-696x696.png 696w, https:\/\/www.aarquiteta.com.br\/blog\/wp-content\/uploads\/2023\/08\/iluninacao-de-quarto-decorado-96x96.png 96w, https:\/\/www.aarquiteta.com.br\/blog\/wp-content\/uploads\/2023\/08\/iluninacao-de-quarto-decorado-150x150.png 150w\" sizes=\"(max-width: 1024px) 100vw, 1024px\" \/><figcaption id=\"caption-attachment-91514\" class=\"wp-caption-text\">Instru\u00e7\u00f5es para criar um quarto de casal perfeito<\/figcaption><\/figure>\n<p><strong>2. Cabeceira de madeira: <\/strong>Cl\u00e1ssicas e dur\u00e1veis, as cabeceiras de madeira trazem um toque de natureza e robustez ao ambiente, podendo variar do estilo r\u00fastico ao contempor\u00e2neo.<\/p>\n<figure id=\"attachment_99013\" aria-describedby=\"caption-attachment-99013\" style=\"width: 1024px\" class=\"wp-caption alignnone\"><img decoding=\"async\" class=\"size-full wp-image-99013\" src=\"https:\/\/www.aarquiteta.com.br\/blog\/wp-content\/uploads\/2023\/11\/quarto-de-casal-planejado04.jpg\" alt=\"quarto de casal planejado\" width=\"1024\" height=\"1024\" title=\"\" srcset=\"https:\/\/www.aarquiteta.com.br\/blog\/wp-content\/uploads\/2023\/11\/quarto-de-casal-planejado04.jpg 1024w, https:\/\/www.aarquiteta.com.br\/blog\/wp-content\/uploads\/2023\/11\/quarto-de-casal-planejado04-696x696.jpg 696w, https:\/\/www.aarquiteta.com.br\/blog\/wp-content\/uploads\/2023\/11\/quarto-de-casal-planejado04-96x96.jpg 96w, https:\/\/www.aarquiteta.com.br\/blog\/wp-content\/uploads\/2023\/11\/quarto-de-casal-planejado04-150x150.jpg 150w\" sizes=\"(max-width: 1024px) 100vw, 1024px\" \/><figcaption id=\"caption-attachment-99013\" class=\"wp-caption-text\">quarto de casal planejado<\/figcaption><\/figure>\n<p><strong>3. Cabeceira de ferro:<\/strong>\u00a0Com designs que v\u00e3o do vintage ao moderno, as cabeceiras de ferro s\u00e3o resistentes e f\u00e1ceis de manter, al\u00e9m de oferecerem um visual elegante e atemporal.<\/p>\n<p><img decoding=\"async\" class=\"alignnone size-full wp-image-73850\" src=\"https:\/\/www.aarquiteta.com.br\/blog\/wp-content\/uploads\/2023\/01\/cabeceiracasal2.webp\" alt=\"cabeceiracasal2\" width=\"1200\" height=\"1200\" title=\"\" srcset=\"https:\/\/www.aarquiteta.com.br\/blog\/wp-content\/uploads\/2023\/01\/cabeceiracasal2.webp 1200w, https:\/\/www.aarquiteta.com.br\/blog\/wp-content\/uploads\/2023\/01\/cabeceiracasal2-696x696.webp 696w, https:\/\/www.aarquiteta.com.br\/blog\/wp-content\/uploads\/2023\/01\/cabeceiracasal2-1024x1024.webp 1024w, https:\/\/www.aarquiteta.com.br\/blog\/wp-content\/uploads\/2023\/01\/cabeceiracasal2-96x96.webp 96w, https:\/\/www.aarquiteta.com.br\/blog\/wp-content\/uploads\/2023\/01\/cabeceiracasal2-150x150.webp 150w\" sizes=\"(max-width: 1200px) 100vw, 1200px\" \/><\/p>\n<p><strong>4. Cabeceira de pallet:<\/strong>\u00a0Para os adeptos do &#8220;fa\u00e7a voc\u00ea mesmo&#8221; e da sustentabilidade, as cabeceiras de pallet s\u00e3o uma op\u00e7\u00e3o econ\u00f4mica e criativa, que adicionam um toque r\u00fastico e \u00fanico ao quarto.<\/p>\n<figure id=\"attachment_96210\" aria-describedby=\"caption-attachment-96210\" style=\"width: 1024px\" class=\"wp-caption alignnone\"><img decoding=\"async\" class=\"size-full wp-image-96210\" src=\"https:\/\/www.aarquiteta.com.br\/blog\/wp-content\/uploads\/2023\/10\/cabeceira-de-pallet04.jpg\" alt=\"cabeceira de pallet\" width=\"1024\" height=\"1024\" title=\"\" srcset=\"https:\/\/www.aarquiteta.com.br\/blog\/wp-content\/uploads\/2023\/10\/cabeceira-de-pallet04.jpg 1024w, https:\/\/www.aarquiteta.com.br\/blog\/wp-content\/uploads\/2023\/10\/cabeceira-de-pallet04-696x696.jpg 696w, https:\/\/www.aarquiteta.com.br\/blog\/wp-content\/uploads\/2023\/10\/cabeceira-de-pallet04-96x96.jpg 96w, https:\/\/www.aarquiteta.com.br\/blog\/wp-content\/uploads\/2023\/10\/cabeceira-de-pallet04-150x150.jpg 150w\" sizes=\"(max-width: 1024px) 100vw, 1024px\" \/><figcaption id=\"caption-attachment-96210\" class=\"wp-caption-text\">cabeceira de pallet<\/figcaption><\/figure>\n<p><strong>5. Cabeceira de tecido:<\/strong>\u00a0Leves e vers\u00e1teis, as cabeceiras de tecido permitem uma f\u00e1cil troca de estampas e cores, possibilitando atualizar a decora\u00e7\u00e3o do quarto com frequ\u00eancia.<\/p>\n<p><img decoding=\"async\" class=\"alignnone size-full wp-image-31603\" src=\"https:\/\/www.aarquiteta.com.br\/blog\/wp-content\/uploads\/2019\/09\/Quarto_com_cabeceira_de_papel_de_parede_e_uma_poltrona_lil\u00e1s_capa.jpg\" alt=\"\" width=\"730\" height=\"515\" title=\"\" srcset=\"https:\/\/www.aarquiteta.com.br\/blog\/wp-content\/uploads\/2019\/09\/Quarto_com_cabeceira_de_papel_de_parede_e_uma_poltrona_lil\u00e1s_capa.jpg 730w, https:\/\/www.aarquiteta.com.br\/blog\/wp-content\/uploads\/2019\/09\/Quarto_com_cabeceira_de_papel_de_parede_e_uma_poltrona_lil\u00e1s_capa-696x491.jpg 696w, https:\/\/www.aarquiteta.com.br\/blog\/wp-content\/uploads\/2019\/09\/Quarto_com_cabeceira_de_papel_de_parede_e_uma_poltrona_lil\u00e1s_capa-150x106.jpg 150w\" sizes=\"(max-width: 730px) 100vw, 730px\" \/><\/p>\n<p><strong>6. Cabeceira de alvenaria:<\/strong>\u00a0Para quem busca uma solu\u00e7\u00e3o permanente e integrada \u00e0 arquitetura do quarto, as cabeceiras de alvenaria s\u00e3o uma op\u00e7\u00e3o s\u00f3lida e podem incluir nichos para decora\u00e7\u00e3o ou armazenamento.<\/p>\n<figure id=\"attachment_97527\" aria-describedby=\"caption-attachment-97527\" style=\"width: 918px\" class=\"wp-caption alignnone\"><img decoding=\"async\" class=\"size-full wp-image-97527\" src=\"https:\/\/www.aarquiteta.com.br\/blog\/wp-content\/uploads\/2023\/10\/como-ganhar-espacos-em-um-quarto-pequeno-1.jpg\" alt=\"como ganhar espa\u00e7os em um quarto pequeno\" width=\"918\" height=\"919\" title=\"\" srcset=\"https:\/\/www.aarquiteta.com.br\/blog\/wp-content\/uploads\/2023\/10\/como-ganhar-espacos-em-um-quarto-pequeno-1.jpg 918w, https:\/\/www.aarquiteta.com.br\/blog\/wp-content\/uploads\/2023\/10\/como-ganhar-espacos-em-um-quarto-pequeno-1-696x697.jpg 696w, https:\/\/www.aarquiteta.com.br\/blog\/wp-content\/uploads\/2023\/10\/como-ganhar-espacos-em-um-quarto-pequeno-1-96x96.jpg 96w, https:\/\/www.aarquiteta.com.br\/blog\/wp-content\/uploads\/2023\/10\/como-ganhar-espacos-em-um-quarto-pequeno-1-150x150.jpg 150w\" sizes=\"(max-width: 918px) 100vw, 918px\" \/><figcaption id=\"caption-attachment-97527\" class=\"wp-caption-text\">como ganhar espa\u00e7os em um quarto pequeno<\/figcaption><\/figure>\n<h3>Como escolher a cabeceira ideal para sua cama:<\/h3>\n<p>Descubra como escolher a cabeceira ideal para sua cama, combinando estilo, conforto e design, e transforme a apar\u00eancia do seu quarto.<\/p>\n<ul>\n<li><strong>Tamanho e propor\u00e7\u00e3o:<\/strong>\u00a0\u00c9 importante considerar as dimens\u00f5es do quarto e da cama para escolher uma cabeceira proporcional, que n\u00e3o sobrecarregue o espa\u00e7o nem pare\u00e7a pequena demais.<\/li>\n<li><strong>Estilo e design:\u00a0<\/strong>Selecione uma cabeceira que complemente o estilo de decora\u00e7\u00e3o do seu quarto, seja ele moderno, cl\u00e1ssico, bo\u00eamio ou minimalista.<\/li>\n<li><strong>Material e durabilidade:<\/strong>\u00a0Considere a qualidade e a durabilidade dos materiais, especialmente se voc\u00ea deseja uma cabeceira que resista bem ao passar do tempo e ao uso di\u00e1rio.<\/li>\n<li><strong>Funcionalidade e necessidades:<\/strong>\u00a0Pense em como voc\u00ea utiliza o quarto e se uma cabeceira com recursos adicionais, como armazenamento, pode ser ben\u00e9fica para o seu estilo de vida.<\/li>\n<li><strong>Or\u00e7amento dispon\u00edvel:\u00a0<\/strong>Defina um or\u00e7amento para a sua cabeceira e procure op\u00e7\u00f5es que ofere\u00e7am o melhor custo-benef\u00edcio, sem comprometer a qualidade e o estilo.<\/li>\n<li><strong>Compatibilidade com o colch\u00e3o:<\/strong>\u00a0Garanta que a cabeceira escolhida seja compat\u00edvel com o seu colch\u00e3o e estrutura de cama, evitando problemas de instala\u00e7\u00e3o ou incompatibilidade est\u00e9tica.<\/li>\n<\/ul>\n<p>Em conclus\u00e3o, a cabeceira \u00e9 um elemento que pode definir o tom do seu quarto, oferecendo benef\u00edcios pr\u00e1ticos e est\u00e9ticos. Ao escolher a cabeceira certa, voc\u00ea n\u00e3o s\u00f3 eleva a decora\u00e7\u00e3o do seu espa\u00e7o, mas tamb\u00e9m melhora a sua experi\u00eancia de conforto e funcionalidade no dia a dia.<\/p>\n[amazon table=&#8221;83091&#8243;]\n<h2>Perguntas Frequentes sobre como escolher\u00a0cabeceira de cama:<\/h2>\n<h2>Qual \u00e9 a altura ideal para uma cabeceira de cama?<\/h2>\n<p>A altura ideal varia conforme a cama e o gosto pessoal, mas geralmente deve ser proporcional \u00e0 altura do colch\u00e3o e dos travesseiros, oferecendo suporte suficiente para leitura e relaxamento.<\/p>\n<h3>\u00c9 poss\u00edvel instalar uma cabeceira em qualquer tipo de cama?<\/h3>\n<p>Sim, a maioria das cabeceiras pode ser adaptada a diferentes tipos de cama, mas \u00e9 importante verificar as especifica\u00e7\u00f5es e o m\u00e9todo de fixa\u00e7\u00e3o antes da compra.<\/p>\n<h3>Como limpar e manter a cabeceira da cama em bom estado?<\/h3>\n<p>A limpeza e manuten\u00e7\u00e3o dependem do material da cabeceira. Cabeceiras estofadas podem exigir aspira\u00e7\u00e3o regular e limpeza a seco, enquanto as de madeira ou ferro podem ser limpas com um pano \u00famido e produtos espec\u00edficos para cada material.<\/p>\n","protected":false},"excerpt":{"rendered":"<p>Transforme seu ambiente com sugest\u00f5es para cabeceira para cama. Veja nossas dicas!<\/p>\n","protected":false},"author":102,"featured_media":98677,"comment_status":"closed","ping_status":"closed","sticky":false,"template":"","format":"standard","meta":{"footnotes":""},"categories":[35385,1484],"tags":[34761,34762,34760,1877,34764,34765,34766,34763],"class_list":["post-99751","post","type-post","status-publish","format-standard","has-post-thumbnail","category-camas-e-cabeceiras","category-decoracao","tag-cabeceira-para-cama","tag-como-escolher-cabeceira-para-cama","tag-decoracao-de-cabeceira-para-cama","tag-decoracao-de-quarto","tag-design-de-quarto","tag-escolha-de-cabeceira","tag-tendencias-de-cama","tag-tipos-de-cabeceira-para-cama"],"_wp_attached_file":null,"_wp_attachment_metadata":null,"_wp_attachment_context":null,"_wp_attachment_is_custom_header":null,"geo_longitude":null,"geo_public":null,"geo_latitude":null,"_publicize_done_external":null,"_wpas_done_3897181":null,"publicize_twitter_user":null,"_wpas_done_3897175":null,"_wpas_skip_3897181":null,"_wpas_skip_3897175":null,"_wpas_skip_3924723":null,"_wpas_mess":null,"_wpas_done_3924723":null,"wps_subtitle":"","_links":{"self":[{"href":"https:\/\/www.aarquiteta.com.br\/blog\/wp-json\/wp\/v2\/posts\/99751","targetHints":{"allow":["GET"]}}],"collection":[{"href":"https:\/\/www.aarquiteta.com.br\/blog\/wp-json\/wp\/v2\/posts"}],"about":[{"href":"https:\/\/www.aarquiteta.com.br\/blog\/wp-json\/wp\/v2\/types\/post"}],"author":[{"embeddable":true,"href":"https:\/\/www.aarquiteta.com.br\/blog\/wp-json\/wp\/v2\/users\/102"}],"replies":[{"embeddable":true,"href":"https:\/\/www.aarquiteta.com.br\/blog\/wp-json\/wp\/v2\/comments?post=99751"}],"version-history":[{"count":0,"href":"https:\/\/www.aarquiteta.com.br\/blog\/wp-json\/wp\/v2\/posts\/99751\/revisions"}],"wp:featuredmedia":[{"embeddable":true,"href":"https:\/\/www.aarquiteta.com.br\/blog\/wp-json\/wp\/v2\/media\/98677"}],"wp:attachment":[{"href":"https:\/\/www.aarquiteta.com.br\/blog\/wp-json\/wp\/v2\/media?parent=99751"}],"wp:term":[{"taxonomy":"category","embeddable":true,"href":"https:\/\/www.aarquiteta.com.br\/blog\/wp-json\/wp\/v2\/categories?post=99751"},{"taxonomy":"post_tag","embeddable":true,"href":"https:\/\/www.aarquiteta.com.br\/blog\/wp-json\/wp\/v2\/tags?post=99751"}],"curies":[{"name":"wp","href":"https:\/\/api.w.org\/{rel}","templated":true}]}}