{"id":99643,"date":"2024-02-06T12:18:55","date_gmt":"2024-02-06T15:18:55","guid":{"rendered":"http:\/\/aarquiteta.com.br\/?p=99643"},"modified":"2024-06-15T09:24:35","modified_gmt":"2024-06-15T12:24:35","slug":"quintal-pequeno-e-decorado","status":"publish","type":"post","link":"https:\/\/www.aarquiteta.com.br\/blog\/quintal-pequeno-e-decorado\/","title":{"rendered":"Quintal Pequeno e Decorado: 14 Ideias para Valorizar Seu Espa\u00e7o Externo!"},"content":{"rendered":"<p>Decorar um quintal pequeno pode parecer um desafio, mas com criatividade e planejamento, \u00e9 poss\u00edvel transform\u00e1-lo em um espa\u00e7o aconchegante e funcional. A chave \u00e9 escolher elementos que maximizem o uso do espa\u00e7o sem sacrificar o estilo ou a comodidade.<\/p>\n<p>Vamos explorar algumas ideias que podem ajudar a tornar seu quintal pequeno um o\u00e1sis particular.<\/p>\n<ul>\n<li>Como selecionar m\u00f3veis e acess\u00f3rios que economizam espa\u00e7o?<\/li>\n<li>Quais s\u00e3o as melhores pr\u00e1ticas para incorporar plantas e jardins verticais?<\/li>\n<li>Como criar diferentes ambientes em um espa\u00e7o limitado?<\/li>\n<li>De que maneira as paredes e o teto podem ser aproveitados?<\/li>\n<li>Por que a organiza\u00e7\u00e3o e a limpeza s\u00e3o fundamentais?<\/li>\n<\/ul>\n<h2>Sugest\u00f5es Criativas para voc\u00ea Valorizar Seu Quintal Pequeno!<\/h2>\n<figure id=\"attachment_99641\" aria-describedby=\"caption-attachment-99641\" style=\"width: 1024px\" class=\"wp-caption alignnone\"><img decoding=\"async\" class=\"size-full wp-image-99641\" src=\"https:\/\/www.aarquiteta.com.br\/blog\/wp-content\/uploads\/2023\/11\/quintal-pequeno-e-decorado03.jpg\" alt=\"quintal pequeno e decorado\" width=\"1024\" height=\"1024\" title=\"\" srcset=\"https:\/\/www.aarquiteta.com.br\/blog\/wp-content\/uploads\/2023\/11\/quintal-pequeno-e-decorado03.jpg 1024w, https:\/\/www.aarquiteta.com.br\/blog\/wp-content\/uploads\/2023\/11\/quintal-pequeno-e-decorado03-696x696.jpg 696w, https:\/\/www.aarquiteta.com.br\/blog\/wp-content\/uploads\/2023\/11\/quintal-pequeno-e-decorado03-96x96.jpg 96w, https:\/\/www.aarquiteta.com.br\/blog\/wp-content\/uploads\/2023\/11\/quintal-pequeno-e-decorado03-150x150.jpg 150w\" sizes=\"(max-width: 1024px) 100vw, 1024px\" \/><figcaption id=\"caption-attachment-99641\" class=\"wp-caption-text\">quintal pequeno e decorado<\/figcaption><\/figure>\n<h3>1. Opte por m\u00f3veis compactos e multifuncionais<\/h3>\n<p>Escolher m\u00f3veis que se adaptem \u00e0s dimens\u00f5es do seu quintal \u00e9 essencial. M\u00f3veis dobr\u00e1veis ou empilh\u00e1veis s\u00e3o \u00f3timas op\u00e7\u00f5es, pois podem ser guardados quando n\u00e3o est\u00e3o em uso, liberando espa\u00e7o. Al\u00e9m disso, pe\u00e7as multifuncionais, como bancos que servem como ba\u00fas, otimizam o espa\u00e7o sem comprometer a funcionalidade.<\/p>\n<h3>2. Utilize prateleiras e nichos para otimizar o espa\u00e7o<\/h3>\n<p>Prateleiras e nichos s\u00e3o solu\u00e7\u00f5es inteligentes para aproveitar as paredes verticais, permitindo que voc\u00ea exponha plantas e objetos decorativos sem ocupar o ch\u00e3o. Eles tamb\u00e9m ajudam a manter o quintal organizado, contribuindo para uma sensa\u00e7\u00e3o de amplitude.<\/p>\n<h3>3. Invista em acess\u00f3rios decorativos que n\u00e3o ocupem muito espa\u00e7o<\/h3>\n<p>Detalhes fazem a diferen\u00e7a. Escolha acess\u00f3rios como almofadas coloridas, velas e lanternas que adicionam personalidade ao espa\u00e7o sem sobrecarreg\u00e1-lo. Lembre-se de que menos \u00e9 mais em espa\u00e7os reduzidos.<\/p>\n<figure id=\"attachment_99640\" aria-describedby=\"caption-attachment-99640\" style=\"width: 1024px\" class=\"wp-caption alignnone\"><img decoding=\"async\" class=\"size-full wp-image-99640\" src=\"https:\/\/www.aarquiteta.com.br\/blog\/wp-content\/uploads\/2023\/11\/quintal-pequeno-e-decorado02.jpg\" alt=\"quintal pequeno e decorado\" width=\"1024\" height=\"1024\" title=\"\" srcset=\"https:\/\/www.aarquiteta.com.br\/blog\/wp-content\/uploads\/2023\/11\/quintal-pequeno-e-decorado02.jpg 1024w, https:\/\/www.aarquiteta.com.br\/blog\/wp-content\/uploads\/2023\/11\/quintal-pequeno-e-decorado02-696x696.jpg 696w, https:\/\/www.aarquiteta.com.br\/blog\/wp-content\/uploads\/2023\/11\/quintal-pequeno-e-decorado02-96x96.jpg 96w, https:\/\/www.aarquiteta.com.br\/blog\/wp-content\/uploads\/2023\/11\/quintal-pequeno-e-decorado02-150x150.jpg 150w\" sizes=\"(max-width: 1024px) 100vw, 1024px\" \/><figcaption id=\"caption-attachment-99640\" class=\"wp-caption-text\">quintal pequeno e decorado<\/figcaption><\/figure>\n<h3>4. Utilize vasos suspensos ou de parede<\/h3>\n<p>Plantas trazem vida e cor para qualquer espa\u00e7o. Vasos suspensos ou fixados na parede s\u00e3o perfeitos para quintais pequenos, pois n\u00e3o ocupam espa\u00e7o no ch\u00e3o e ainda adicionam um toque verde ao ambiente.<\/p>\n<h3>5. Crie um jardim vertical com treli\u00e7as ou pain\u00e9is<\/h3>\n<p>Jardins verticais s\u00e3o uma tend\u00eancia em paisagismo que se encaixa perfeitamente em espa\u00e7os limitados. Utilize treli\u00e7as ou pain\u00e9is para cultivar uma variedade de plantas, criando um ponto focal atraente e natural no seu quintal.<\/p>\n<figure id=\"attachment_97228\" aria-describedby=\"caption-attachment-97228\" style=\"width: 1024px\" class=\"wp-caption alignnone\"><img decoding=\"async\" class=\"size-full wp-image-97228\" src=\"https:\/\/www.aarquiteta.com.br\/blog\/wp-content\/uploads\/2023\/10\/palmeiras-para-jardim02.jpg\" alt=\"palmeiras para jardim\" width=\"1024\" height=\"1024\" title=\"\" srcset=\"https:\/\/www.aarquiteta.com.br\/blog\/wp-content\/uploads\/2023\/10\/palmeiras-para-jardim02.jpg 1024w, https:\/\/www.aarquiteta.com.br\/blog\/wp-content\/uploads\/2023\/10\/palmeiras-para-jardim02-696x696.jpg 696w, https:\/\/www.aarquiteta.com.br\/blog\/wp-content\/uploads\/2023\/10\/palmeiras-para-jardim02-96x96.jpg 96w, https:\/\/www.aarquiteta.com.br\/blog\/wp-content\/uploads\/2023\/10\/palmeiras-para-jardim02-150x150.jpg 150w\" sizes=\"(max-width: 1024px) 100vw, 1024px\" \/><figcaption id=\"caption-attachment-97228\" class=\"wp-caption-text\">palmeiras para jardim<\/figcaption><\/figure>\n<blockquote><p>curiosidade: voc\u00ea sabia que jardins verticais n\u00e3o s\u00f3 economizam espa\u00e7o, mas tamb\u00e9m ajudam a purificar o ar e reduzir o ru\u00eddo urbano? Agora \u00e9 s\u00f3 colocar a m\u00e3o na terra e desfrutar do seu pequeno para\u00edso ao ar livre!<\/p><\/blockquote>\n<h3>6. Opte por plantas de pequeno porte e que n\u00e3o necessitem de muito espa\u00e7o<\/h3>\n<p>Escolha plantas que se adaptem bem a espa\u00e7os menores, como suculentas, ervas arom\u00e1ticas e flores compactas. Al\u00e9m de serem f\u00e1ceis de cuidar, elas n\u00e3o exigem grandes \u00e1reas para crescer.<\/p>\n<figure id=\"attachment_99639\" aria-describedby=\"caption-attachment-99639\" style=\"width: 1024px\" class=\"wp-caption alignnone\"><img decoding=\"async\" class=\"size-full wp-image-99639\" src=\"https:\/\/www.aarquiteta.com.br\/blog\/wp-content\/uploads\/2023\/11\/quintal-pequeno-e-decorado01.jpg\" alt=\"quintal pequeno e decorado\" width=\"1024\" height=\"1024\" title=\"\" srcset=\"https:\/\/www.aarquiteta.com.br\/blog\/wp-content\/uploads\/2023\/11\/quintal-pequeno-e-decorado01.jpg 1024w, https:\/\/www.aarquiteta.com.br\/blog\/wp-content\/uploads\/2023\/11\/quintal-pequeno-e-decorado01-696x696.jpg 696w, https:\/\/www.aarquiteta.com.br\/blog\/wp-content\/uploads\/2023\/11\/quintal-pequeno-e-decorado01-96x96.jpg 96w, https:\/\/www.aarquiteta.com.br\/blog\/wp-content\/uploads\/2023\/11\/quintal-pequeno-e-decorado01-150x150.jpg 150w\" sizes=\"(max-width: 1024px) 100vw, 1024px\" \/><figcaption id=\"caption-attachment-99639\" class=\"wp-caption-text\">quintal pequeno e decorado<\/figcaption><\/figure>\n<h3>7. Divida o espa\u00e7o em \u00e1reas de conviv\u00eancia, como uma sala de estar e uma \u00e1rea de refei\u00e7\u00f5es<\/h3>\n<p>Criar &#8220;c\u00f4modos&#8221; ao ar livre pode tornar o quintal mais acolhedor. Defina \u00e1reas espec\u00edficas para relaxar e para refei\u00e7\u00f5es, utilizando m\u00f3veis e acess\u00f3rios para delimitar cada espa\u00e7o.<\/p>\n<h3>8. Utilize elementos como tapetes, cortinas e ilumina\u00e7\u00e3o para delimitar os ambientes<\/h3>\n<p>Tapetes externos, cortinas e uma ilumina\u00e7\u00e3o bem planejada podem ajudar a definir os diferentes ambientes no quintal. Esses elementos tamb\u00e9m contribuem para a atmosfera e o conforto do espa\u00e7o.<\/p>\n[amazon table=&#8221;88350&#8243;]\n<h3>9. Aposte em m\u00f3veis vers\u00e1teis, como bancos que tamb\u00e9m podem servir como ba\u00fas de armazenamento<\/h3>\n<p>M\u00f3veis que oferecem armazenamento extra s\u00e3o essenciais em quintais pequenos. Bancos com espa\u00e7o interno para guardar almofadas ou equipamentos de jardinagem s\u00e3o exemplos pr\u00e1ticos e estilosos.<\/p>\n<figure id=\"attachment_99642\" aria-describedby=\"caption-attachment-99642\" style=\"width: 1024px\" class=\"wp-caption alignnone\"><img decoding=\"async\" class=\"size-full wp-image-99642\" src=\"https:\/\/www.aarquiteta.com.br\/blog\/wp-content\/uploads\/2023\/11\/quintal-pequeno-e-decorado04.jpg\" alt=\"quintal pequeno e decorado\" width=\"1024\" height=\"1024\" title=\"\" srcset=\"https:\/\/www.aarquiteta.com.br\/blog\/wp-content\/uploads\/2023\/11\/quintal-pequeno-e-decorado04.jpg 1024w, https:\/\/www.aarquiteta.com.br\/blog\/wp-content\/uploads\/2023\/11\/quintal-pequeno-e-decorado04-696x696.jpg 696w, https:\/\/www.aarquiteta.com.br\/blog\/wp-content\/uploads\/2023\/11\/quintal-pequeno-e-decorado04-96x96.jpg 96w, https:\/\/www.aarquiteta.com.br\/blog\/wp-content\/uploads\/2023\/11\/quintal-pequeno-e-decorado04-150x150.jpg 150w\" sizes=\"(max-width: 1024px) 100vw, 1024px\" \/><figcaption id=\"caption-attachment-99642\" class=\"wp-caption-text\">quintal pequeno e decorado<\/figcaption><\/figure>\n<h3>10. Utilize prateleiras e ganchos para pendurar objetos nas paredes<\/h3>\n<p>Al\u00e9m de prateleiras para plantas e decora\u00e7\u00e3o, ganchos podem ser usados para pendurar ferramentas de jardinagem ou at\u00e9 bicicletas, mantendo o ch\u00e3o livre e o espa\u00e7o organizado.<\/p>\n<h3>11. Instale um toldo ou pergolado para criar sombra e prote\u00e7\u00e3o contra a chuva<\/h3>\n<p>Um toldo ou pergolado n\u00e3o s\u00f3 oferece prote\u00e7\u00e3o contra o sol e a chuva, mas tamb\u00e9m adiciona um elemento arquitet\u00f4nico ao quintal, aumentando o seu apelo est\u00e9tico.<\/p>\n<figure id=\"attachment_97229\" aria-describedby=\"caption-attachment-97229\" style=\"width: 1024px\" class=\"wp-caption alignnone\"><img decoding=\"async\" class=\"size-full wp-image-97229\" src=\"https:\/\/www.aarquiteta.com.br\/blog\/wp-content\/uploads\/2023\/10\/palmeiras-para-jardim03.jpg\" alt=\"palmeiras para jardim\" width=\"1024\" height=\"1024\" title=\"\" srcset=\"https:\/\/www.aarquiteta.com.br\/blog\/wp-content\/uploads\/2023\/10\/palmeiras-para-jardim03.jpg 1024w, https:\/\/www.aarquiteta.com.br\/blog\/wp-content\/uploads\/2023\/10\/palmeiras-para-jardim03-696x696.jpg 696w, https:\/\/www.aarquiteta.com.br\/blog\/wp-content\/uploads\/2023\/10\/palmeiras-para-jardim03-96x96.jpg 96w, https:\/\/www.aarquiteta.com.br\/blog\/wp-content\/uploads\/2023\/10\/palmeiras-para-jardim03-150x150.jpg 150w\" sizes=\"(max-width: 1024px) 100vw, 1024px\" \/><figcaption id=\"caption-attachment-97229\" class=\"wp-caption-text\">palmeiras para jardim<\/figcaption><\/figure>\n<h3>12. Utilize ilumina\u00e7\u00e3o suspensa para criar um ambiente aconchegante durante a noite<\/h3>\n<p>Ilumina\u00e7\u00e3o suspensa, como cord\u00f5es de luzes ou lanternas, pode transformar o quintal em um espa\u00e7o m\u00e1gico \u00e0 noite, perfeito para relaxar ou receber amigos.<\/p>\n<h3>13. Utilize caixas organizadoras e arm\u00e1rios para guardar objetos<\/h3>\n<p>Manter o quintal organizado \u00e9 mais f\u00e1cil com o uso de caixas e arm\u00e1rios. Escolha op\u00e7\u00f5es resistentes ao clima externo para guardar almofadas, brinquedos e ferramentas.<\/p>\n<h3>14. Fa\u00e7a a manuten\u00e7\u00e3o regular do espa\u00e7o<\/h3>\n<p>Um quintal limpo e bem cuidado \u00e9 sempre mais convidativo. Dedique um tempo para a manuten\u00e7\u00e3o regular, como varrer folhas, limpar m\u00f3veis e cuidar das plantas.<\/p>\n<p>Em conclus\u00e3o, decorar um quintal pequeno requer aten\u00e7\u00e3o aos detalhes e escolhas inteligentes. Com as dicas acima, voc\u00ea pode criar um espa\u00e7o encantador que ser\u00e1 seu ref\u00fagio pessoal.<\/p>\n","protected":false},"excerpt":{"rendered":"<p>Reinvente seu espa\u00e7o com ideias incr\u00edveis para quintal pequeno e decorado. Confira agora!<\/p>\n","protected":false},"author":102,"featured_media":99641,"comment_status":"closed","ping_status":"closed","sticky":false,"template":"","format":"standard","meta":{"footnotes":""},"categories":[1484,35329,35330],"tags":[34715,34713,34714],"class_list":["post-99643","post","type-post","status-publish","format-standard","has-post-thumbnail","category-decoracao","category-pergolados","category-quintal","tag-como-decorar-um-quintal-pequeno","tag-decoracao-de-quintal-pequeno-e-decorado","tag-quintal-pequeno-e-decorado"],"_wp_attached_file":null,"_wp_attachment_metadata":null,"_wp_attachment_context":null,"_wp_attachment_is_custom_header":null,"geo_longitude":null,"geo_public":null,"geo_latitude":null,"_publicize_done_external":null,"_wpas_done_3897181":null,"publicize_twitter_user":null,"_wpas_done_3897175":null,"_wpas_skip_3897181":null,"_wpas_skip_3897175":null,"_wpas_skip_3924723":null,"_wpas_mess":null,"_wpas_done_3924723":null,"wps_subtitle":"","_links":{"self":[{"href":"https:\/\/www.aarquiteta.com.br\/blog\/wp-json\/wp\/v2\/posts\/99643","targetHints":{"allow":["GET"]}}],"collection":[{"href":"https:\/\/www.aarquiteta.com.br\/blog\/wp-json\/wp\/v2\/posts"}],"about":[{"href":"https:\/\/www.aarquiteta.com.br\/blog\/wp-json\/wp\/v2\/types\/post"}],"author":[{"embeddable":true,"href":"https:\/\/www.aarquiteta.com.br\/blog\/wp-json\/wp\/v2\/users\/102"}],"replies":[{"embeddable":true,"href":"https:\/\/www.aarquiteta.com.br\/blog\/wp-json\/wp\/v2\/comments?post=99643"}],"version-history":[{"count":0,"href":"https:\/\/www.aarquiteta.com.br\/blog\/wp-json\/wp\/v2\/posts\/99643\/revisions"}],"wp:featuredmedia":[{"embeddable":true,"href":"https:\/\/www.aarquiteta.com.br\/blog\/wp-json\/wp\/v2\/media\/99641"}],"wp:attachment":[{"href":"https:\/\/www.aarquiteta.com.br\/blog\/wp-json\/wp\/v2\/media?parent=99643"}],"wp:term":[{"taxonomy":"category","embeddable":true,"href":"https:\/\/www.aarquiteta.com.br\/blog\/wp-json\/wp\/v2\/categories?post=99643"},{"taxonomy":"post_tag","embeddable":true,"href":"https:\/\/www.aarquiteta.com.br\/blog\/wp-json\/wp\/v2\/tags?post=99643"}],"curies":[{"name":"wp","href":"https:\/\/api.w.org\/{rel}","templated":true}]}}