{"id":99322,"date":"2024-02-10T16:15:13","date_gmt":"2024-02-10T19:15:13","guid":{"rendered":"http:\/\/aarquiteta.com.br\/?p=99322"},"modified":"2024-02-10T16:15:13","modified_gmt":"2024-02-10T19:15:13","slug":"tamanho-do-guarda-roupa","status":"publish","type":"post","link":"https:\/\/www.aarquiteta.com.br\/blog\/tamanho-do-guarda-roupa\/","title":{"rendered":"Tamanho do Guarda Roupa: 10 Dicas para Escolher o Modelo Ideal!"},"content":{"rendered":"<p>Escolher o tamanho ideal do guarda-roupa \u00e9 uma tarefa que exige aten\u00e7\u00e3o aos detalhes e uma compreens\u00e3o clara do espa\u00e7o dispon\u00edvel e das necessidades de armazenamento.<\/p>\n<p>Este artigo ir\u00e1 gui\u00e1-lo atrav\u00e9s dos principais fatores a considerar, as medidas padr\u00e3o e as op\u00e7\u00f5es de personaliza\u00e7\u00e3o para garantir que voc\u00ea fa\u00e7a a escolha certa para o seu quarto. Prepare-se para transformar seu espa\u00e7o com funcionalidade e estilo!<\/p>\n<ul>\n<li>Como otimizar o espa\u00e7o do seu quarto com o guarda-roupa certo?<\/li>\n<li>Quais s\u00e3o as medidas padr\u00e3o e como elas se aplicam ao seu espa\u00e7o?<\/li>\n<li>Explorando as vantagens dos guarda-roupas de casal, solteiro, infantil e embutidos.<\/li>\n<li>Personaliza\u00e7\u00e3o: planejados, com portas de correr, espelhos e gavetas.<\/li>\n<\/ul>\n<h2>Como acertar na Escolha do Tamanho do Guarda Roupa: 10 Dicas para Escolher o Modelo Ideal!<\/h2>\n<h3>1. Fatores a considerar ao escolher o tamanho do guarda-roupa<\/h3>\n<p><img decoding=\"async\" class=\"size-full wp-image-98745\" src=\"https:\/\/www.aarquiteta.com.br\/blog\/wp-content\/uploads\/2023\/11\/guarda-roupa-de-gesso01.jpg\" alt=\"guarda roupa de gesso\" width=\"1024\" height=\"1024\" title=\"\" srcset=\"https:\/\/www.aarquiteta.com.br\/blog\/wp-content\/uploads\/2023\/11\/guarda-roupa-de-gesso01.jpg 1024w, https:\/\/www.aarquiteta.com.br\/blog\/wp-content\/uploads\/2023\/11\/guarda-roupa-de-gesso01-150x150.jpg 150w, https:\/\/www.aarquiteta.com.br\/blog\/wp-content\/uploads\/2023\/11\/guarda-roupa-de-gesso01-696x696.jpg 696w, https:\/\/www.aarquiteta.com.br\/blog\/wp-content\/uploads\/2023\/11\/guarda-roupa-de-gesso01-96x96.jpg 96w\" sizes=\"(max-width: 1024px) 100vw, 1024px\" \/><\/p>\n<div class=\"mceTemp\">\n<p>guarda roupa de gessoAntes de decidir sobre o tamanho do seu guarda-roupa, \u00e9 essencial considerar alguns aspectos:<\/p>\n<ul>\n<li><strong>Espa\u00e7o dispon\u00edvel:<\/strong> Me\u00e7a o local onde o guarda-roupa ser\u00e1 instalado, considerando altura, largura e profundidade.<\/li>\n<li><strong>Capacidade de armazenamento necess\u00e1ria:<\/strong> Avalie a quantidade de roupas e acess\u00f3rios que precisa guardar.<\/li>\n<li><strong>Design do quarto:<\/strong> O estilo do guarda-roupa deve complementar a decora\u00e7\u00e3o existente.<\/li>\n<li><strong>Funcionalidade:<\/strong> Pense em recursos adicionais como gavetas, prateleiras e cabideiros.<\/li>\n<\/ul>\n<h3>2. Medidas padr\u00e3o de guarda-roupa<\/h3>\n<p><img decoding=\"async\" class=\"alignnone size-full wp-image-36758\" src=\"https:\/\/www.aarquiteta.com.br\/blog\/wp-content\/uploads\/2021\/11\/Guarda-Roupa-Pequeno.jpg\" alt=\"guarda roupa pequeno\" width=\"1024\" height=\"790\" title=\"\" srcset=\"https:\/\/www.aarquiteta.com.br\/blog\/wp-content\/uploads\/2021\/11\/Guarda-Roupa-Pequeno.jpg 1024w, https:\/\/www.aarquiteta.com.br\/blog\/wp-content\/uploads\/2021\/11\/Guarda-Roupa-Pequeno-696x537.jpg 696w, https:\/\/www.aarquiteta.com.br\/blog\/wp-content\/uploads\/2021\/11\/Guarda-Roupa-Pequeno-150x116.jpg 150w\" sizes=\"(max-width: 1024px) 100vw, 1024px\" \/><\/p>\n<p>As medidas padr\u00e3o de guarda-roupas variam, mas geralmente seguem dimens\u00f5es que se adaptam \u00e0 maioria dos quartos:<\/p>\n<ul>\n<li><strong>Altura:<\/strong> Varia de 180 a 250 cm.<\/li>\n<li><strong>Largura:<\/strong> Pode ir de 60 a 300 cm, dependendo do modelo.<\/li>\n<li><strong>Profundidade:<\/strong> Geralmente entre 45 a 60 cm.<\/li>\n<\/ul>\n<h3>3. Guarda-roupa de casal<\/h3>\n<p><img decoding=\"async\" class=\"alignnone size-full wp-image-49152\" src=\"https:\/\/www.aarquiteta.com.br\/blog\/wp-content\/uploads\/2022\/03\/Dicas-de-como-organizar-seu-guarda-roupa.4.jpg\" alt=\"Na hora de guardar e dobrar\" width=\"700\" height=\"400\" title=\"\" srcset=\"https:\/\/www.aarquiteta.com.br\/blog\/wp-content\/uploads\/2022\/03\/Dicas-de-como-organizar-seu-guarda-roupa.4.jpg 700w, https:\/\/www.aarquiteta.com.br\/blog\/wp-content\/uploads\/2022\/03\/Dicas-de-como-organizar-seu-guarda-roupa.4-696x398.jpg 696w, https:\/\/www.aarquiteta.com.br\/blog\/wp-content\/uploads\/2022\/03\/Dicas-de-como-organizar-seu-guarda-roupa.4-150x86.jpg 150w\" sizes=\"(max-width: 700px) 100vw, 700px\" \/><\/p>\n<p>Para casais, o guarda-roupa deve oferecer espa\u00e7o suficiente para duas pessoas. Modelos com largura a partir de 180 cm s\u00e3o os mais indicados, proporcionando uma divis\u00e3o interna equilibrada.<\/p>\n<p><strong>Curiosidade:<\/strong> Voc\u00ea sabia que o primeiro guarda-roupa foi mencionado na hist\u00f3ria no s\u00e9culo XVII? Inicialmente, era um quarto separado para guardar roupas, mas com o tempo evoluiu para o m\u00f3vel compacto e funcional que conhecemos hoje.<\/p>\n<h3>4. Guarda-roupa de solteiro<\/h3>\n<p><img decoding=\"async\" class=\"alignnone size-full wp-image-72860\" src=\"https:\/\/www.aarquiteta.com.br\/blog\/wp-content\/uploads\/2022\/12\/comoda-com-guarda-roupa.jpg\" alt=\"comoda com guarda roupa\" width=\"969\" height=\"900\" title=\"\" srcset=\"https:\/\/www.aarquiteta.com.br\/blog\/wp-content\/uploads\/2022\/12\/comoda-com-guarda-roupa.jpg 969w, https:\/\/www.aarquiteta.com.br\/blog\/wp-content\/uploads\/2022\/12\/comoda-com-guarda-roupa-696x646.jpg 696w, https:\/\/www.aarquiteta.com.br\/blog\/wp-content\/uploads\/2022\/12\/comoda-com-guarda-roupa-150x139.jpg 150w\" sizes=\"(max-width: 969px) 100vw, 969px\" \/><\/p>\n<p>Um guarda-roupa de solteiro pode ter medidas mais compactas, com largura a partir de 90 cm, sendo ideal para espa\u00e7os menores e necessidades individuais de armazenamento.<\/p>\n<h3>5. Guarda-roupa infantil<\/h3>\n<p><img decoding=\"async\" class=\"alignnone size-full wp-image-72869\" src=\"https:\/\/www.aarquiteta.com.br\/blog\/wp-content\/uploads\/2022\/12\/comoda-com-guarda-roupa-bebe.jpg\" alt=\"comoda com guarda roupa bebe\" width=\"1200\" height=\"1200\" title=\"\" srcset=\"https:\/\/www.aarquiteta.com.br\/blog\/wp-content\/uploads\/2022\/12\/comoda-com-guarda-roupa-bebe.jpg 1200w, https:\/\/www.aarquiteta.com.br\/blog\/wp-content\/uploads\/2022\/12\/comoda-com-guarda-roupa-bebe-696x696.jpg 696w, https:\/\/www.aarquiteta.com.br\/blog\/wp-content\/uploads\/2022\/12\/comoda-com-guarda-roupa-bebe-1024x1024.jpg 1024w, https:\/\/www.aarquiteta.com.br\/blog\/wp-content\/uploads\/2022\/12\/comoda-com-guarda-roupa-bebe-96x96.jpg 96w, https:\/\/www.aarquiteta.com.br\/blog\/wp-content\/uploads\/2022\/12\/comoda-com-guarda-roupa-bebe-150x150.jpg 150w\" sizes=\"(max-width: 1200px) 100vw, 1200px\" \/><\/p>\n<p>Guarda-roupas infantis s\u00e3o projetados para serem acess\u00edveis \u00e0s crian\u00e7as e geralmente t\u00eam alturas menores, em torno de 180 cm, com compartimentos e organizadores adequados para roupas e brinquedos infantis.<\/p>\n<h3>6. Guarda-roupa embutido<\/h3>\n<figure id=\"attachment_98747\" aria-describedby=\"caption-attachment-98747\" style=\"width: 1024px\" class=\"wp-caption alignnone\"><img decoding=\"async\" class=\"size-full wp-image-98747\" src=\"https:\/\/www.aarquiteta.com.br\/blog\/wp-content\/uploads\/2023\/11\/guarda-roupa-de-gesso03.jpg\" alt=\"guarda roupa de gesso\" width=\"1024\" height=\"1024\" title=\"\" srcset=\"https:\/\/www.aarquiteta.com.br\/blog\/wp-content\/uploads\/2023\/11\/guarda-roupa-de-gesso03.jpg 1024w, https:\/\/www.aarquiteta.com.br\/blog\/wp-content\/uploads\/2023\/11\/guarda-roupa-de-gesso03-150x150.jpg 150w, https:\/\/www.aarquiteta.com.br\/blog\/wp-content\/uploads\/2023\/11\/guarda-roupa-de-gesso03-696x696.jpg 696w, https:\/\/www.aarquiteta.com.br\/blog\/wp-content\/uploads\/2023\/11\/guarda-roupa-de-gesso03-96x96.jpg 96w\" sizes=\"(max-width: 1024px) 100vw, 1024px\" \/><figcaption id=\"caption-attachment-98747\" class=\"wp-caption-text\">guarda roupa de gesso<\/figcaption><\/figure>\n<p>Os guarda-roupas embutidos s\u00e3o feitos sob medida para se encaixarem perfeitamente no espa\u00e7o dispon\u00edvel, maximizando o uso do ambiente e oferecendo uma solu\u00e7\u00e3o de armazenamento discreta e elegante.<\/p>\n<h3>7. Guarda-roupa planejado<\/h3>\n<p><img decoding=\"async\" class=\"alignnone size-full wp-image-9111\" src=\"https:\/\/www.aarquiteta.com.br\/blog\/wp-content\/uploads\/2016\/09\/projeto-executivo-quarto.png\" alt=\"\" width=\"603\" height=\"583\" title=\"\" srcset=\"https:\/\/www.aarquiteta.com.br\/blog\/wp-content\/uploads\/2016\/09\/projeto-executivo-quarto.png 603w, https:\/\/www.aarquiteta.com.br\/blog\/wp-content\/uploads\/2016\/09\/projeto-executivo-quarto-150x145.png 150w\" sizes=\"(max-width: 603px) 100vw, 603px\" \/><\/p>\n<p>Um guarda-roupa planejado permite personaliza\u00e7\u00e3o total, desde as dimens\u00f5es at\u00e9 os acess\u00f3rios internos, garantindo que todas as suas necessidades de armazenamento sejam atendidas e que o espa\u00e7o seja otimizado.<\/p>\n<h3>8. Guarda-roupa com portas de correr<\/h3>\n<figure id=\"attachment_98742\" aria-describedby=\"caption-attachment-98742\" style=\"width: 1024px\" class=\"wp-caption alignnone\"><img decoding=\"async\" class=\"size-full wp-image-98742\" src=\"https:\/\/www.aarquiteta.com.br\/blog\/wp-content\/uploads\/2023\/11\/guarda-roupa-de-gesso02.jpg\" alt=\"guarda roupa de gesso\" width=\"1024\" height=\"1024\" title=\"\" srcset=\"https:\/\/www.aarquiteta.com.br\/blog\/wp-content\/uploads\/2023\/11\/guarda-roupa-de-gesso02.jpg 1024w, https:\/\/www.aarquiteta.com.br\/blog\/wp-content\/uploads\/2023\/11\/guarda-roupa-de-gesso02-696x696.jpg 696w, https:\/\/www.aarquiteta.com.br\/blog\/wp-content\/uploads\/2023\/11\/guarda-roupa-de-gesso02-96x96.jpg 96w, https:\/\/www.aarquiteta.com.br\/blog\/wp-content\/uploads\/2023\/11\/guarda-roupa-de-gesso02-150x150.jpg 150w\" sizes=\"(max-width: 1024px) 100vw, 1024px\" \/><figcaption id=\"caption-attachment-98742\" class=\"wp-caption-text\">guarda roupa de gesso<\/figcaption><\/figure>\n<p>Guarda-roupas com portas de correr s\u00e3o ideais para quartos com espa\u00e7o limitado, pois n\u00e3o requerem \u00e1rea adicional para a abertura das portas, al\u00e9m de oferecerem um visual moderno e sofisticado.<\/p>\n[amazon table=&#8221;83104&#8243;]\n<h3>9. Guarda-roupa com portas de abrir<\/h3>\n<figure id=\"attachment_77084\" aria-describedby=\"caption-attachment-77084\" style=\"width: 1456px\" class=\"wp-caption alignnone\"><img decoding=\"async\" class=\"size-full wp-image-77084\" src=\"https:\/\/www.aarquiteta.com.br\/blog\/wp-content\/uploads\/2023\/03\/guarda-roupa-planejado-de-casal-2.png\" alt=\"guarda roupa planejado de casal\" width=\"1456\" height=\"816\" title=\"\" srcset=\"https:\/\/www.aarquiteta.com.br\/blog\/wp-content\/uploads\/2023\/03\/guarda-roupa-planejado-de-casal-2.png 1456w, https:\/\/www.aarquiteta.com.br\/blog\/wp-content\/uploads\/2023\/03\/guarda-roupa-planejado-de-casal-2-1024x574.png 1024w, https:\/\/www.aarquiteta.com.br\/blog\/wp-content\/uploads\/2023\/03\/guarda-roupa-planejado-de-casal-2-696x390.png 696w, https:\/\/www.aarquiteta.com.br\/blog\/wp-content\/uploads\/2023\/03\/guarda-roupa-planejado-de-casal-2-150x84.png 150w\" sizes=\"(max-width: 1456px) 100vw, 1456px\" \/><figcaption id=\"caption-attachment-77084\" class=\"wp-caption-text\">guarda roupa planejado de casal<\/figcaption><\/figure>\n<p>Os modelos com portas de abrir s\u00e3o cl\u00e1ssicos e permitem f\u00e1cil visualiza\u00e7\u00e3o e acesso ao conte\u00fado do guarda-roupa, sendo uma boa op\u00e7\u00e3o quando h\u00e1 espa\u00e7o suficiente no quarto.<\/p>\n<h3>10. Guarda-roupa com espelho<\/h3>\n<p><img decoding=\"async\" class=\"alignnone size-full wp-image-72377\" src=\"https:\/\/www.aarquiteta.com.br\/blog\/wp-content\/uploads\/2022\/11\/guarda5.webp\" alt=\"guarda5\" width=\"500\" height=\"500\" title=\"\" srcset=\"https:\/\/www.aarquiteta.com.br\/blog\/wp-content\/uploads\/2022\/11\/guarda5.webp 500w, https:\/\/www.aarquiteta.com.br\/blog\/wp-content\/uploads\/2022\/11\/guarda5-96x96.webp 96w, https:\/\/www.aarquiteta.com.br\/blog\/wp-content\/uploads\/2022\/11\/guarda5-150x150.webp 150w\" sizes=\"(max-width: 500px) 100vw, 500px\" \/><\/p>\n<p>Guarda-roupas com espelhos incorporados s\u00e3o pr\u00e1ticos e ajudam a ampliar visualmente o espa\u00e7o do quarto, al\u00e9m de serem \u00fateis para o dia a dia.<\/p>\n<h3>11. Guarda-roupa com gavetas<\/h3>\n<p><img decoding=\"async\" class=\"alignnone size-full wp-image-49245\" src=\"https:\/\/www.aarquiteta.com.br\/blog\/wp-content\/uploads\/2022\/01\/guarda-roupa.jpg\" alt=\"\" width=\"1023\" height=\"799\" title=\"\" srcset=\"https:\/\/www.aarquiteta.com.br\/blog\/wp-content\/uploads\/2022\/01\/guarda-roupa.jpg 1023w, https:\/\/www.aarquiteta.com.br\/blog\/wp-content\/uploads\/2022\/01\/guarda-roupa-696x544.jpg 696w, https:\/\/www.aarquiteta.com.br\/blog\/wp-content\/uploads\/2022\/01\/guarda-roupa-150x117.jpg 150w\" sizes=\"(max-width: 1023px) 100vw, 1023px\" \/><\/p>\n<p>As gavetas s\u00e3o elementos essenciais para uma boa organiza\u00e7\u00e3o. Elas facilitam a separa\u00e7\u00e3o de pe\u00e7as menores e ajudam a manter o guarda-roupa arrumado.<\/p>\n<p>Escolher o tamanho ideal do guarda-roupa \u00e9 um equil\u00edbrio entre espa\u00e7o, funcionalidade e estilo. Ao considerar as medidas padr\u00e3o e as op\u00e7\u00f5es de personaliza\u00e7\u00e3o, voc\u00ea pode criar uma solu\u00e7\u00e3o de armazenamento que atenda perfeitamente \u00e0s suas necessidades e ao seu gosto pessoal.<\/p>\n<p>Lembre-se de que um guarda-roupa bem-planejado pode transformar a organiza\u00e7\u00e3o e a est\u00e9tica do seu quarto.<\/p>\n<h2>Perguntas Frequentes sobre Tamanho do Guarda Roupa:<\/h2>\n<h3>Qual \u00e9 o tamanho ideal de guarda-roupa para um quarto pequeno?<\/h3>\n<p>Para quartos pequenos, guarda-roupas com portas de correr e espelhos s\u00e3o uma excelente escolha, pois economizam espa\u00e7o e ampliam o ambiente. Medidas de largura entre 120 a 150 cm podem ser adequadas, dependendo das necessidades de armazenamento.<\/p>\n<h3>Como medir o espa\u00e7o dispon\u00edvel para o guarda-roupa?<\/h3>\n<p>Use uma trena para medir a altura, largura e profundidade do espa\u00e7o onde o guarda-roupa ser\u00e1 colocado. N\u00e3o se esque\u00e7a de considerar o espa\u00e7o para abertura de portas e gavetas.<\/p>\n<h3>\u00c9 poss\u00edvel personalizar o tamanho do guarda-roupa?<\/h3>\n<p>Sim, os guarda-roupas planejados s\u00e3o totalmente personaliz\u00e1veis, permitindo que voc\u00ea escolha as dimens\u00f5es, o estilo e os acess\u00f3rios internos que melhor atendam \u00e0s suas necessidades.<\/p>\n<\/div>\n<p>&nbsp;<\/p>\n","protected":false},"excerpt":{"rendered":"<p>Transforme seu ambiente com sugest\u00f5es para tamanho do guarda roupa. Veja nossas dicas!<\/p>\n","protected":false},"author":102,"featured_media":98741,"comment_status":"closed","ping_status":"closed","sticky":false,"template":"","format":"standard","meta":{"footnotes":""},"categories":[1484],"tags":[34628,16411,34629],"class_list":["post-99322","post","type-post","status-publish","format-standard","has-post-thumbnail","category-decoracao","tag-decoracao-de-tamanho-do-guarda-roupa","tag-dicas-de-guarda-roupa","tag-tamanho-do-guarda-roupa"],"_wp_attached_file":null,"_wp_attachment_metadata":null,"_wp_attachment_context":null,"_wp_attachment_is_custom_header":null,"geo_longitude":null,"geo_public":null,"geo_latitude":null,"_publicize_done_external":null,"_wpas_done_3897181":null,"publicize_twitter_user":null,"_wpas_done_3897175":null,"_wpas_skip_3897181":null,"_wpas_skip_3897175":null,"_wpas_skip_3924723":null,"_wpas_mess":null,"_wpas_done_3924723":null,"wps_subtitle":"","_links":{"self":[{"href":"https:\/\/www.aarquiteta.com.br\/blog\/wp-json\/wp\/v2\/posts\/99322","targetHints":{"allow":["GET"]}}],"collection":[{"href":"https:\/\/www.aarquiteta.com.br\/blog\/wp-json\/wp\/v2\/posts"}],"about":[{"href":"https:\/\/www.aarquiteta.com.br\/blog\/wp-json\/wp\/v2\/types\/post"}],"author":[{"embeddable":true,"href":"https:\/\/www.aarquiteta.com.br\/blog\/wp-json\/wp\/v2\/users\/102"}],"replies":[{"embeddable":true,"href":"https:\/\/www.aarquiteta.com.br\/blog\/wp-json\/wp\/v2\/comments?post=99322"}],"version-history":[{"count":0,"href":"https:\/\/www.aarquiteta.com.br\/blog\/wp-json\/wp\/v2\/posts\/99322\/revisions"}],"wp:featuredmedia":[{"embeddable":true,"href":"https:\/\/www.aarquiteta.com.br\/blog\/wp-json\/wp\/v2\/media\/98741"}],"wp:attachment":[{"href":"https:\/\/www.aarquiteta.com.br\/blog\/wp-json\/wp\/v2\/media?parent=99322"}],"wp:term":[{"taxonomy":"category","embeddable":true,"href":"https:\/\/www.aarquiteta.com.br\/blog\/wp-json\/wp\/v2\/categories?post=99322"},{"taxonomy":"post_tag","embeddable":true,"href":"https:\/\/www.aarquiteta.com.br\/blog\/wp-json\/wp\/v2\/tags?post=99322"}],"curies":[{"name":"wp","href":"https:\/\/api.w.org\/{rel}","templated":true}]}}