{"id":99146,"date":"2023-11-08T21:00:51","date_gmt":"2023-11-09T00:00:51","guid":{"rendered":"http:\/\/aarquiteta.com.br\/?p=99146"},"modified":"2023-11-08T20:03:36","modified_gmt":"2023-11-08T23:03:36","slug":"ideias-de-decoracao-para-um-pequeno-lar","status":"publish","type":"post","link":"https:\/\/www.aarquiteta.com.br\/blog\/ideias-de-decoracao-para-um-pequeno-lar\/","title":{"rendered":"Ideias de decora\u00e7\u00e3o para um pequeno lar: Transforme seu espa\u00e7o com essas 5 dicas incr\u00edveis!"},"content":{"rendered":"<p>Decorar um pequeno espa\u00e7o pode parecer um desafio, mas com criatividade e as estrat\u00e9gias certas, \u00e9 poss\u00edvel transformar qualquer lar em um ambiente moderno e acolhedor. Neste artigo, exploraremos cinco dicas incr\u00edveis que ajudar\u00e3o voc\u00ea a otimizar seu espa\u00e7o, garantindo funcionalidade sem abdicar do estilo. Abordaremos desde a escolha de m\u00f3veis multifuncionais at\u00e9 a import\u00e2ncia da ilumina\u00e7\u00e3o e das cores, sempre pensando em como cada elemento pode contribuir para a sensa\u00e7\u00e3o de amplitude e conforto. Prepare-se para descobrir como seu pequeno lar pode se tornar o o\u00e1sis moderno que voc\u00ea sempre sonhou.<\/p>\n<h3>Maximize o Espa\u00e7o com M\u00f3veis Multifuncionais<\/h3>\n<figure style=\"width: 1024px\" class=\"wp-caption aligncenter\"><img decoding=\"async\" src=\"https:\/\/www.aarquiteta.com.br\/blog\/wp-content\/uploads\/2023\/11\/ideias-de-decoracao-para-um-pequeno-lar-04.jpg\" alt=\"ideias de decora\u00e7\u00e3o para um pequeno lar \" width=\"1024\" height=\"1024\" title=\"\"><figcaption class=\"wp-caption-text\">ideias de decora\u00e7\u00e3o para um pequeno lar<\/figcaption><\/figure>\n<p>Em ambientes compactos, cada cent\u00edmetro conta. Optar por m\u00f3veis multifuncionais \u00e9 uma maneira inteligente de aproveitar o espa\u00e7o ao m\u00e1ximo. Pense em sof\u00e1s-cama, mesas retr\u00e1teis e camas com gavetas embutidas. Esses m\u00f3veis oferecem mais do que uma \u00fanica fun\u00e7\u00e3o e podem ser adaptados conforme a necessidade do momento, garantindo praticidade e versatilidade ao seu lar.<\/p>\n<h3>Aposte em Cores Claras para Ampliar o Ambiente<\/h3>\n<p>As cores t\u00eam um papel fundamental na percep\u00e7\u00e3o de espa\u00e7o. Paredes e m\u00f3veis em tons claros e neutros refletem melhor a luz, criando uma sensa\u00e7\u00e3o de amplitude. N\u00e3o \u00e9 necess\u00e1rio limitar-se ao branco; tons past\u00e9is e varia\u00e7\u00f5es suaves de cores tamb\u00e9m s\u00e3o \u00f3timas op\u00e7\u00f5es para manter o ambiente leve e aberto.<\/p>\n<h3>Ilumina\u00e7\u00e3o Estrat\u00e9gica: Crie Pontos de Interesse<\/h3>\n<figure style=\"width: 1024px\" class=\"wp-caption aligncenter\"><img decoding=\"async\" src=\"https:\/\/www.aarquiteta.com.br\/blog\/wp-content\/uploads\/2023\/11\/ideias-de-decoracao-para-um-pequeno-lar-03.jpg\" alt=\"ideias de decora\u00e7\u00e3o para um pequeno lar \" width=\"1024\" height=\"1024\" title=\"\"><figcaption class=\"wp-caption-text\">ideias de decora\u00e7\u00e3o para um pequeno lar<\/figcaption><\/figure>\n<p>Uma boa ilumina\u00e7\u00e3o pode transformar completamente um espa\u00e7o. Al\u00e9m de investir em uma ilumina\u00e7\u00e3o geral eficiente, considere criar pontos de luz focais, como lumin\u00e1rias de piso ou pendentes sobre a mesa de jantar. Esses elementos n\u00e3o apenas iluminam, mas tamb\u00e9m adicionam estilo e personalidade ao ambiente.<\/p>\n<h3>Organiza\u00e7\u00e3o Vertical: Aproveite as Paredes<\/h3>\n<p>Quando o ch\u00e3o falta, olhe para as paredes. Estantes e prateleiras suspensas s\u00e3o excelentes para armazenar e exibir objetos sem ocupar espa\u00e7o valioso no piso. Al\u00e9m disso, podem se tornar um elemento decorativo por si s\u00f3, especialmente se combinadas com plantas, livros e itens de decora\u00e7\u00e3o que reflitam sua personalidade.<\/p>\n<h3>Decora\u00e7\u00e3o Minimalista: Menos \u00e9 Mais<\/h3>\n<p>Adotar um estilo minimalista pode ser especialmente ben\u00e9fico em espa\u00e7os reduzidos. Escolha pe\u00e7as de decora\u00e7\u00e3o com linhas simples e mantenha apenas o essencial. Isso n\u00e3o significa um ambiente sem vida, mas sim um espa\u00e7o onde cada item \u00e9 selecionado com cuidado e prop\u00f3sito, evitando a desordem visual.<\/p>\n<h3>Use Espelhos para Criar Profundidade<\/h3>\n<figure style=\"width: 1024px\" class=\"wp-caption aligncenter\"><img decoding=\"async\" src=\"https:\/\/www.aarquiteta.com.br\/blog\/wp-content\/uploads\/2023\/11\/ideias-de-decoracao-para-um-pequeno-lar-02.jpg\" alt=\"ideias de decora\u00e7\u00e3o para um pequeno lar \" width=\"1024\" height=\"1024\" title=\"\"><figcaption class=\"wp-caption-text\">ideias de decora\u00e7\u00e3o para um pequeno lar<\/figcaption><\/figure>\n<p>Espelhos s\u00e3o aliados poderosos na decora\u00e7\u00e3o de pequenos espa\u00e7os. Eles refletem a luz e as vistas, criando uma ilus\u00e3o de profundidade e expans\u00e3o do ambiente. Posicione-os estrategicamente para maximizar esse efeito, seja em frente a uma janela ou como parte de um arranjo de parede.<\/p>\n<h3>Texturas e Padr\u00f5es: Adicione Car\u00e1ter sem Excesso<\/h3>\n<p>Texturas e padr\u00f5es podem adicionar interesse visual sem ocupar espa\u00e7o f\u00edsico. Utilize tapetes, almofadas e cortinas para introduzir padr\u00f5es e texturas que complementem o esquema de cores e tragam aconchego ao ambiente. Lembre-se de manter um equil\u00edbrio para n\u00e3o sobrecarregar o espa\u00e7o.<\/p>\n<h3>Plantas: Toque de Natureza e Frescor<\/h3>\n<figure style=\"width: 1024px\" class=\"wp-caption aligncenter\"><img decoding=\"async\" src=\"https:\/\/www.aarquiteta.com.br\/blog\/wp-content\/uploads\/2023\/11\/ideias-de-decoracao-para-um-pequeno-lar-01.jpg\" alt=\"ideias de decora\u00e7\u00e3o para um pequeno lar \" width=\"1024\" height=\"1024\" title=\"\"><figcaption class=\"wp-caption-text\">ideias de decora\u00e7\u00e3o para um pequeno lar<\/figcaption><\/figure>\n<p>Plantas s\u00e3o uma forma maravilhosa de trazer vida e cor para qualquer espa\u00e7o. Em pequenos lares, opte por plantas que requerem pouca manuten\u00e7\u00e3o e que possam ser acomodadas em prateleiras ou penduradas, mantendo o ch\u00e3o livre. Elas n\u00e3o apenas decoram, mas tamb\u00e9m melhoram a qualidade do ar.<\/p>\n<h3>Divis\u00f3rias Criativas: Defina \u00c1reas sem Fechar o Espa\u00e7o<\/h3>\n<p>Em ambientes integrados, divis\u00f3rias criativas podem ajudar a definir diferentes \u00e1reas sem comprometer a sensa\u00e7\u00e3o de abertura. Cortinas, pain\u00e9is vazados ou estantes abertas s\u00e3o algumas op\u00e7\u00f5es que permitem a passagem de luz e oferecem privacidade quando necess\u00e1rio.<\/p>\n<h3>Tecnologia e Casa Inteligente: Modernidade e Conveni\u00eancia<\/h3>\n<p>A tecnologia tamb\u00e9m pode ser uma grande aliada na decora\u00e7\u00e3o de pequenos espa\u00e7os. Dispositivos inteligentes e solu\u00e7\u00f5es de automa\u00e7\u00e3o residencial n\u00e3o apenas economizam espa\u00e7o, como tamb\u00e9m trazem uma camada extra de conveni\u00eancia e modernidade para o seu lar.<\/p>\n<p>Decorar um pequeno espa\u00e7o requer aten\u00e7\u00e3o aos detalhes e uma abordagem estrat\u00e9gica. Com as dicas apresentadas, voc\u00ea pode criar um ambiente que seja n\u00e3o apenas funcional e confort\u00e1vel, mas tamb\u00e9m cheio de estilo e personalidade. Lembre-se de que, mesmo em um espa\u00e7o limitado, as possibilidades s\u00e3o infinitas.<\/p>\n<blockquote><p>Voc\u00ea sabia que a tend\u00eancia de mini casas (tiny houses) tem inspirado muitos a repensar o conceito de moradia e decora\u00e7\u00e3o, priorizando a simplicidade e a efici\u00eancia?<\/p><\/blockquote>\n<h2>Perguntas Frequentes<\/h2>\n<h3>Como posso fazer um pequeno espa\u00e7o parecer maior?<\/h3>\n<p>Para fazer um pequeno espa\u00e7o parecer maior, utilize cores claras nas paredes e m\u00f3veis, espelhos para refletir luz e criar uma sensa\u00e7\u00e3o de profundidade, e maximize o uso vertical do espa\u00e7o com prateleiras e arm\u00e1rios altos. Al\u00e9m disso, escolha m\u00f3veis multifuncionais e mantenha a desordem visual ao m\u00ednimo.<\/p>\n<h3>\u00c9 poss\u00edvel ter um estilo moderno em um espa\u00e7o pequeno?<\/h3>\n<p>Sim, \u00e9 totalmente poss\u00edvel ter um estilo moderno em um espa\u00e7o pequeno. Foco em linhas limpas, uma paleta de cores neutras, e pe\u00e7as de decora\u00e7\u00e3o contempor\u00e2neas podem criar um visual moderno. A tecnologia e a casa inteligente tamb\u00e9m contribuem para esse estilo, oferecendo solu\u00e7\u00f5es pr\u00e1ticas e elegantes.<\/p>\n<h3>Quais plantas s\u00e3o recomendadas para espa\u00e7os pequenos?<\/h3>\n<p>Para espa\u00e7os pequenos, recomenda-se plantas que n\u00e3o ocupem muito espa\u00e7o e que sejam f\u00e1ceis de cuidar, como suculentas, cactos, samambaias e plantas a\u00e9reas. Plantas que podem ser penduradas ou colocadas em prateleiras tamb\u00e9m s\u00e3o \u00f3timas op\u00e7\u00f5es para economizar espa\u00e7o no ch\u00e3o.<\/p>\n<p style=\"text-align: center;\">[amazon table=&#8221;82217&#8243;]\n","protected":false},"excerpt":{"rendered":"<p>Aprenda a transformar seu pequeno lar em um espa\u00e7o moderno seguindo essas 5 incr\u00edveis sugest\u00f5es.<\/p>\n","protected":false},"author":102,"featured_media":99143,"comment_status":"closed","ping_status":"closed","sticky":false,"template":"","format":"standard","meta":{"footnotes":""},"categories":[1484],"tags":[1532,336,2223,6024,34579],"class_list":["post-99146","post","type-post","status-publish","format-standard","has-post-thumbnail","category-decoracao","tag-criatividade","tag-decoracao","tag-ideias","tag-lar","tag-pequeno-lar"],"_wp_attached_file":null,"_wp_attachment_metadata":null,"_wp_attachment_context":null,"_wp_attachment_is_custom_header":null,"geo_longitude":null,"geo_public":null,"geo_latitude":null,"_publicize_done_external":null,"_wpas_done_3897181":null,"publicize_twitter_user":null,"_wpas_done_3897175":null,"_wpas_skip_3897181":null,"_wpas_skip_3897175":null,"_wpas_skip_3924723":null,"_wpas_mess":null,"_wpas_done_3924723":null,"wps_subtitle":"","_links":{"self":[{"href":"https:\/\/www.aarquiteta.com.br\/blog\/wp-json\/wp\/v2\/posts\/99146","targetHints":{"allow":["GET"]}}],"collection":[{"href":"https:\/\/www.aarquiteta.com.br\/blog\/wp-json\/wp\/v2\/posts"}],"about":[{"href":"https:\/\/www.aarquiteta.com.br\/blog\/wp-json\/wp\/v2\/types\/post"}],"author":[{"embeddable":true,"href":"https:\/\/www.aarquiteta.com.br\/blog\/wp-json\/wp\/v2\/users\/102"}],"replies":[{"embeddable":true,"href":"https:\/\/www.aarquiteta.com.br\/blog\/wp-json\/wp\/v2\/comments?post=99146"}],"version-history":[{"count":0,"href":"https:\/\/www.aarquiteta.com.br\/blog\/wp-json\/wp\/v2\/posts\/99146\/revisions"}],"wp:featuredmedia":[{"embeddable":true,"href":"https:\/\/www.aarquiteta.com.br\/blog\/wp-json\/wp\/v2\/media\/99143"}],"wp:attachment":[{"href":"https:\/\/www.aarquiteta.com.br\/blog\/wp-json\/wp\/v2\/media?parent=99146"}],"wp:term":[{"taxonomy":"category","embeddable":true,"href":"https:\/\/www.aarquiteta.com.br\/blog\/wp-json\/wp\/v2\/categories?post=99146"},{"taxonomy":"post_tag","embeddable":true,"href":"https:\/\/www.aarquiteta.com.br\/blog\/wp-json\/wp\/v2\/tags?post=99146"}],"curies":[{"name":"wp","href":"https:\/\/api.w.org\/{rel}","templated":true}]}}