{"id":98896,"date":"2023-11-09T07:00:28","date_gmt":"2023-11-09T10:00:28","guid":{"rendered":"http:\/\/aarquiteta.com.br\/?p=98896"},"modified":"2023-11-05T12:56:57","modified_gmt":"2023-11-05T15:56:57","slug":"festa-com-o-tema-girassois","status":"publish","type":"post","link":"https:\/\/www.aarquiteta.com.br\/blog\/festa-com-o-tema-girassois\/","title":{"rendered":"5 ideias criativas para decorar sua festa com o tema Girass\u00f3is e encantar seus convidados."},"content":{"rendered":"<p>Este artigo ir\u00e1 cobrir uma variedade de ideias criativas para decorar sua festa com o tema Girass\u00f3is. Desde convites personalizados at\u00e9 lembrancinhas tem\u00e1ticas, vamos explorar maneiras de incorporar este tema vibrante e alegre em todos os aspectos da sua celebra\u00e7\u00e3o. Seja para um anivers\u00e1rio, um ch\u00e1 de beb\u00ea ou uma reuni\u00e3o de fam\u00edlia, os girass\u00f3is s\u00e3o uma escolha maravilhosa que certamente encantar\u00e1 seus convidados.<\/p>\n<p>Os girass\u00f3is s\u00e3o s\u00edmbolos de felicidade, positividade e energia, tornando-os perfeitos para qualquer tipo de festa. Al\u00e9m disso, eles s\u00e3o vers\u00e1teis e podem ser combinados com uma variedade de cores e estilos. Ent\u00e3o, se voc\u00ea est\u00e1 procurando por uma maneira de adicionar um toque de cor e alegria \u00e0 sua pr\u00f3xima festa, continue lendo para descobrir como os girass\u00f3is podem transformar seu evento em uma celebra\u00e7\u00e3o inesquec\u00edvel.<\/p>\n<h2>1. Convites personalizados com girass\u00f3is<\/h2>\n<h3>1.1 Convites em formato de girassol<\/h3>\n<figure style=\"width: 1024px\" class=\"wp-caption aligncenter\"><img decoding=\"async\" src=\"https:\/\/www.aarquiteta.com.br\/blog\/wp-content\/uploads\/2023\/11\/5-ideias-para-decoracao-de-festa-com-o-tema-Girassois.04.jpg\" alt=\"5 ideias para decora\u00e7\u00e3o de festa com o tema Girass\u00f3is.\" width=\"1024\" height=\"1024\" title=\"\"><figcaption class=\"wp-caption-text\">5 ideias para decora\u00e7\u00e3o de festa com o tema Girass\u00f3is.<\/figcaption><\/figure>\n<p>Que tal come\u00e7ar a festa antes mesmo dela come\u00e7ar? Convites em formato de girassol s\u00e3o uma maneira divertida e criativa de anunciar o tema da sua festa. Eles s\u00e3o <b>\u00fanicos<\/b> e certamente deixar\u00e3o uma impress\u00e3o duradoura em seus convidados.<\/p>\n<h3>1.2 Convites com estampas de girass\u00f3is<\/h3>\n<p>Se voc\u00ea prefere algo um pouco mais tradicional, convites com estampas de girass\u00f3is s\u00e3o uma \u00f3tima op\u00e7\u00e3o. Eles s\u00e3o <b>elegantes<\/b> e sofisticados, mas ainda assim transmitem a alegria e a energia do tema girassol.<\/p>\n<h3>1.3 Convites com detalhes em relevo de girass\u00f3is<\/h3>\n<figure style=\"width: 1024px\" class=\"wp-caption aligncenter\"><img decoding=\"async\" src=\"https:\/\/www.aarquiteta.com.br\/blog\/wp-content\/uploads\/2023\/11\/5-ideias-para-decoracao-de-festa-com-o-tema-Girassois.03.jpg\" alt=\"5 ideias para decora\u00e7\u00e3o de festa com o tema Girass\u00f3is.\" width=\"1024\" height=\"1024\" title=\"\"><figcaption class=\"wp-caption-text\">5 ideias para decora\u00e7\u00e3o de festa com o tema Girass\u00f3is.<\/figcaption><\/figure>\n<p>Para um toque extra de luxo, considere convites com detalhes em relevo de girass\u00f3is. Esses convites s\u00e3o verdadeiras obras de arte e <b>certamente impressionar\u00e3o<\/b> seus convidados.<\/p>\n<h2>2. Decora\u00e7\u00e3o com girass\u00f3is<\/h2>\n<h3>2.1 Arranjos de mesa com girass\u00f3is<\/h3>\n<p>Arranjos de mesa com girass\u00f3is s\u00e3o uma maneira f\u00e1cil e eficaz de trazer o tema da sua festa para a decora\u00e7\u00e3o. Eles s\u00e3o <b>vibrantes<\/b> e alegres, e podem ser combinados com uma variedade de outros elementos decorativos para criar uma mesa verdadeiramente deslumbrante.<\/p>\n<h3>2.2 Pain\u00e9is de parede com girass\u00f3is<\/h3>\n<p>Pain\u00e9is de parede com girass\u00f3is s\u00e3o outra \u00f3tima op\u00e7\u00e3o para a decora\u00e7\u00e3o da sua festa. Eles s\u00e3o <b>impressionantes<\/b> e podem transformar qualquer espa\u00e7o em um jardim de girass\u00f3is.<\/p>\n<h3>2.3 Cortinas e tecidos com estampas de girass\u00f3is<\/h3>\n<figure style=\"width: 1024px\" class=\"wp-caption aligncenter\"><img decoding=\"async\" src=\"https:\/\/www.aarquiteta.com.br\/blog\/wp-content\/uploads\/2023\/11\/5-ideias-para-decoracao-de-festa-com-o-tema-Girassois.02.jpg\" alt=\"5 ideias para decora\u00e7\u00e3o de festa com o tema Girass\u00f3is.\" width=\"1024\" height=\"1024\" title=\"\"><figcaption class=\"wp-caption-text\">5 ideias para decora\u00e7\u00e3o de festa com o tema Girass\u00f3is.<\/figcaption><\/figure>\n<p>Para um toque extra de girass\u00f3is, considere usar cortinas e tecidos com estampas de girass\u00f3is. Eles s\u00e3o <b>vers\u00e1teis<\/b> e podem ser usados em uma variedade de maneiras para adicionar cor e textura \u00e0 sua decora\u00e7\u00e3o.<\/p>\n<blockquote><p><strong>Curiosidade:<\/strong> Voc\u00ea sabia que os girass\u00f3is s\u00e3o uma das poucas plantas que podem seguir o sol? Este fen\u00f4meno \u00e9 conhecido como heliotropismo!<\/p><\/blockquote>\n<h2>3. Lembrancinhas tem\u00e1ticas<\/h2>\n<h3>3.1 Mini vasinhos de girass\u00f3is<\/h3>\n<p>Mini vasinhos de girass\u00f3is s\u00e3o uma lembrancinha tem\u00e1tica perfeita para a sua festa. Eles s\u00e3o <b>ador\u00e1veis<\/b> e seus convidados certamente os amar\u00e3o.<\/p>\n<h3>3.2 Chaveiros de girass\u00f3is<\/h3>\n<figure style=\"width: 1024px\" class=\"wp-caption aligncenter\"><img decoding=\"async\" src=\"https:\/\/www.aarquiteta.com.br\/blog\/wp-content\/uploads\/2023\/11\/5-ideias-para-decoracao-de-festa-com-o-tema-Girassois.01.jpg\" alt=\"5 ideias para decora\u00e7\u00e3o de festa com o tema Girass\u00f3is.\" width=\"1024\" height=\"1024\" title=\"\"><figcaption class=\"wp-caption-text\">5 ideias para decora\u00e7\u00e3o de festa com o tema Girass\u00f3is.<\/figcaption><\/figure>\n<p>Chaveiros de girass\u00f3is s\u00e3o outra \u00f3tima op\u00e7\u00e3o para lembrancinhas. Eles s\u00e3o <b>pr\u00e1ticos<\/b> e uma lembran\u00e7a constante da sua festa.<\/p>\n<h3>3.3 Sach\u00eas perfumados de girass\u00f3is<\/h3>\n<p>Para uma lembrancinha verdadeiramente \u00fanica, considere sach\u00eas perfumados de girass\u00f3is. Eles s\u00e3o <b>delicados<\/b> e deixar\u00e3o a casa dos seus convidados cheirando maravilhosamente.<\/p>\n<h2>4. Card\u00e1pio inspirado em girass\u00f3is<\/h2>\n<h3>4.1 Bolo decorado com girass\u00f3is<\/h3>\n<p>Um bolo decorado com girass\u00f3is \u00e9 a pe\u00e7a central perfeita para o seu card\u00e1pio de festa. Ele \u00e9 <b>impressionante<\/b> e delicioso, e ser\u00e1 certamente o destaque da mesa de doces.<\/p>\n<h3>4.2 Cupcakes com toppers de girass\u00f3is<\/h3>\n<p>Cupcakes com toppers de girass\u00f3is s\u00e3o outra \u00f3tima op\u00e7\u00e3o para o seu card\u00e1pio. Eles s\u00e3o <b>fofos<\/b> e deliciosos, e seus convidados certamente os amar\u00e3o.<\/p>\n<h3>4.3 Bebidas com decora\u00e7\u00e3o de girass\u00f3is<\/h3>\n<p>Para completar o seu card\u00e1pio, considere servir bebidas com decora\u00e7\u00e3o de girass\u00f3is. Elas s\u00e3o <b>refrescantes<\/b> e alegres, e s\u00e3o a maneira perfeita de brindar \u00e0 sua festa.<\/p>\n<div class=\"youtube-embed\" data-video_id=\"IFyaMvR6QaQ\"><iframe title=\"\ud83c\udf3bDIY - Id\u00e9ia de decora\u00e7\u00e3o de festa no tema GIRASSOL. \ud83c\udf3bFesta girassol #girassol\" width=\"696\" height=\"392\" src=\"https:\/\/www.youtube.com\/embed\/IFyaMvR6QaQ?feature=oembed&#038;enablejsapi=1\" frameborder=\"0\" allow=\"accelerometer; autoplay; clipboard-write; encrypted-media; gyroscope; picture-in-picture; web-share\" allowfullscreen><\/iframe><\/div>\n<h2>Perguntas Frequentes<\/h2>\n<h3>1. Onde posso encontrar itens de decora\u00e7\u00e3o com tema de girassol?<\/h3>\n<p>Voc\u00ea pode encontrar itens de decora\u00e7\u00e3o com tema de girassol em v\u00e1rias lojas de festas e online. Al\u00e9m disso, muitos artes\u00e3os e artistas criam pe\u00e7as \u00fanicas que podem ser personalizadas para o seu evento.<\/p>\n<h3>2. Posso usar girass\u00f3is reais na minha decora\u00e7\u00e3o?<\/h3>\n<p>Sim, voc\u00ea pode usar girass\u00f3is reais na sua decora\u00e7\u00e3o. Eles s\u00e3o lindos e podem adicionar um toque de natureza \u00e0 sua festa. No entanto, lembre-se de que eles podem murchar, ent\u00e3o planeje us\u00e1-los no dia do evento.<\/p>\n<h3>3. O tema girassol \u00e9 apropriado para todas as esta\u00e7\u00f5es?<\/h3>\n<p>Embora os girass\u00f3is sejam mais comumente associados ao ver\u00e3o e ao outono, eles podem ser usados em festas durante todo o ano. A chave \u00e9 adaptar a decora\u00e7\u00e3o e o card\u00e1pio para se adequar \u00e0 esta\u00e7\u00e3o.<\/p>\n[amazon table=&#8221;88827&#8243;]\n<p><strong>Em conclus\u00e3o<\/strong>, uma festa com tema de girassol \u00e9 uma maneira maravilhosa de celebrar qualquer ocasi\u00e3o. Com um pouco de criatividade, voc\u00ea pode transformar sua festa em uma celebra\u00e7\u00e3o vibrante e alegre que seus convidados certamente amar\u00e3o. E lembre-se, o mais importante \u00e9 se divertir e aproveitar o dia!<\/p>\n","protected":false},"excerpt":{"rendered":"<p>Descubra 5 formas cativantes de decorar sua festa com o tema Girass\u00f3is e surpreender seus convidados.<\/p>\n","protected":false},"author":102,"featured_media":98893,"comment_status":"closed","ping_status":"closed","sticky":false,"template":"","format":"standard","meta":{"footnotes":""},"categories":[1484],"tags":[336,34530,26103,34529,34528],"class_list":["post-98896","post","type-post","status-publish","format-standard","has-post-thumbnail","category-decoracao","tag-decoracao","tag-encantarseusconvidados","tag-festa","tag-girassois","tag-ideiascriativas"],"_wp_attached_file":null,"_wp_attachment_metadata":null,"_wp_attachment_context":null,"_wp_attachment_is_custom_header":null,"geo_longitude":null,"geo_public":null,"geo_latitude":null,"_publicize_done_external":null,"_wpas_done_3897181":null,"publicize_twitter_user":null,"_wpas_done_3897175":null,"_wpas_skip_3897181":null,"_wpas_skip_3897175":null,"_wpas_skip_3924723":null,"_wpas_mess":null,"_wpas_done_3924723":null,"wps_subtitle":"","_links":{"self":[{"href":"https:\/\/www.aarquiteta.com.br\/blog\/wp-json\/wp\/v2\/posts\/98896","targetHints":{"allow":["GET"]}}],"collection":[{"href":"https:\/\/www.aarquiteta.com.br\/blog\/wp-json\/wp\/v2\/posts"}],"about":[{"href":"https:\/\/www.aarquiteta.com.br\/blog\/wp-json\/wp\/v2\/types\/post"}],"author":[{"embeddable":true,"href":"https:\/\/www.aarquiteta.com.br\/blog\/wp-json\/wp\/v2\/users\/102"}],"replies":[{"embeddable":true,"href":"https:\/\/www.aarquiteta.com.br\/blog\/wp-json\/wp\/v2\/comments?post=98896"}],"version-history":[{"count":0,"href":"https:\/\/www.aarquiteta.com.br\/blog\/wp-json\/wp\/v2\/posts\/98896\/revisions"}],"wp:featuredmedia":[{"embeddable":true,"href":"https:\/\/www.aarquiteta.com.br\/blog\/wp-json\/wp\/v2\/media\/98893"}],"wp:attachment":[{"href":"https:\/\/www.aarquiteta.com.br\/blog\/wp-json\/wp\/v2\/media?parent=98896"}],"wp:term":[{"taxonomy":"category","embeddable":true,"href":"https:\/\/www.aarquiteta.com.br\/blog\/wp-json\/wp\/v2\/categories?post=98896"},{"taxonomy":"post_tag","embeddable":true,"href":"https:\/\/www.aarquiteta.com.br\/blog\/wp-json\/wp\/v2\/tags?post=98896"}],"curies":[{"name":"wp","href":"https:\/\/api.w.org\/{rel}","templated":true}]}}