{"id":98871,"date":"2023-11-07T16:24:59","date_gmt":"2023-11-07T19:24:59","guid":{"rendered":"http:\/\/aarquiteta.com.br\/?p=98871"},"modified":"2023-11-07T16:24:59","modified_gmt":"2023-11-07T19:24:59","slug":"moveis-laqueados","status":"publish","type":"post","link":"https:\/\/www.aarquiteta.com.br\/blog\/moveis-laqueados\/","title":{"rendered":"M\u00f3veis Laqueados: 5 Dicas para Incorporar o Brilho em Sua Decora\u00e7\u00e3o"},"content":{"rendered":"<p>Os m\u00f3veis laqueados s\u00e3o uma tend\u00eancia crescente no mundo do design de interiores. Eles s\u00e3o conhecidos por sua apar\u00eancia brilhante e lisa, que pode adicionar um toque de eleg\u00e2ncia a qualquer ambiente. Mas o que exatamente s\u00e3o m\u00f3veis laqueados e por que eles s\u00e3o t\u00e3o populares?<\/p>\n<p>Neste artigo, vamos explorar o que s\u00e3o m\u00f3veis laqueados, por que eles s\u00e3o uma escolha popular e os benef\u00edcios que eles podem trazer para sua casa.<\/p>\n<h2>Como Escolher M\u00f3veis Laqueados para Transformar Seu Espa\u00e7o com Eleg\u00e2ncia<\/h2>\n<figure id=\"attachment_98923\" aria-describedby=\"caption-attachment-98923\" style=\"width: 1200px\" class=\"wp-caption alignnone\"><img decoding=\"async\" class=\"size-full wp-image-98923\" src=\"https:\/\/www.aarquiteta.com.br\/blog\/wp-content\/uploads\/2023\/11\/moveis-em-laca-1.jpg\" alt=\"moveis em laca\" width=\"1200\" height=\"800\" title=\"\" srcset=\"https:\/\/www.aarquiteta.com.br\/blog\/wp-content\/uploads\/2023\/11\/moveis-em-laca-1.jpg 1200w, https:\/\/www.aarquiteta.com.br\/blog\/wp-content\/uploads\/2023\/11\/moveis-em-laca-1-1024x683.jpg 1024w, https:\/\/www.aarquiteta.com.br\/blog\/wp-content\/uploads\/2023\/11\/moveis-em-laca-1-696x464.jpg 696w, https:\/\/www.aarquiteta.com.br\/blog\/wp-content\/uploads\/2023\/11\/moveis-em-laca-1-150x100.jpg 150w\" sizes=\"(max-width: 1200px) 100vw, 1200px\" \/><figcaption id=\"caption-attachment-98923\" class=\"wp-caption-text\">moveis em laca<\/figcaption><\/figure>\n<p>Os m\u00f3veis laqueados s\u00e3o feitos aplicando v\u00e1rias camadas de laca, um tipo de verniz, sobre a superf\u00edcie de um m\u00f3vel. Este processo resulta em uma superf\u00edcie extremamente lisa e brilhante, que \u00e9 tanto atraente quanto dur\u00e1vel. A laca pode ser aplicada em uma variedade de cores, permitindo uma grande flexibilidade no design.<\/p>\n<p>A popularidade dos m\u00f3veis laqueados pode ser atribu\u00edda a uma s\u00e9rie de fatores. Primeiro, eles s\u00e3o incrivelmente vers\u00e1teis. A laca pode ser aplicada a quase qualquer tipo de m\u00f3vel, de mesas e cadeiras a arm\u00e1rios e estantes.<\/p>\n<p>Isso significa que voc\u00ea pode incorporar m\u00f3veis laqueados em quase qualquer estilo de decora\u00e7\u00e3o. Al\u00e9m disso, a laca \u00e9 resistente a manchas e arranh\u00f5es, tornando os m\u00f3veis laqueados uma op\u00e7\u00e3o pr\u00e1tica para casas com crian\u00e7as ou animais de estima\u00e7\u00e3o.<\/p>\n<h2>Benef\u00edcios dos m\u00f3veis laqueados<\/h2>\n<figure id=\"attachment_90658\" aria-describedby=\"caption-attachment-90658\" style=\"width: 1024px\" class=\"wp-caption alignnone\"><img decoding=\"async\" class=\"size-full wp-image-90658\" src=\"https:\/\/www.aarquiteta.com.br\/blog\/wp-content\/uploads\/2023\/07\/Aparadores-de-Livros-Como-Usa-los-na-Decoracao-do-Quarto-1.png\" alt=\"Aparadores de Livros: Como Us\u00e1-los na Decora\u00e7\u00e3o do Quarto.\" width=\"1024\" height=\"1024\" title=\"\" srcset=\"https:\/\/www.aarquiteta.com.br\/blog\/wp-content\/uploads\/2023\/07\/Aparadores-de-Livros-Como-Usa-los-na-Decoracao-do-Quarto-1.png 1024w, https:\/\/www.aarquiteta.com.br\/blog\/wp-content\/uploads\/2023\/07\/Aparadores-de-Livros-Como-Usa-los-na-Decoracao-do-Quarto-1-696x696.png 696w, https:\/\/www.aarquiteta.com.br\/blog\/wp-content\/uploads\/2023\/07\/Aparadores-de-Livros-Como-Usa-los-na-Decoracao-do-Quarto-1-96x96.png 96w, https:\/\/www.aarquiteta.com.br\/blog\/wp-content\/uploads\/2023\/07\/Aparadores-de-Livros-Como-Usa-los-na-Decoracao-do-Quarto-1-150x150.png 150w\" sizes=\"(max-width: 1024px) 100vw, 1024px\" \/><figcaption id=\"caption-attachment-90658\" class=\"wp-caption-text\">Aparadores de Livros: Como Us\u00e1-los na Decora\u00e7\u00e3o do Quarto.<\/figcaption><\/figure>\n<h3>Durabilidade<\/h3>\n<p>Um dos principais benef\u00edcios dos m\u00f3veis laqueados \u00e9 a sua durabilidade. A laca cria uma barreira protetora sobre a superf\u00edcie do m\u00f3vel, tornando-o resistente a arranh\u00f5es e manchas. Isso significa que os m\u00f3veis laqueados podem durar muitos anos, mesmo com uso regular.<\/p>\n<h3>Est\u00e9tica<\/h3>\n<figure id=\"attachment_77470\" aria-describedby=\"caption-attachment-77470\" style=\"width: 1200px\" class=\"wp-caption alignnone\"><img decoding=\"async\" class=\"size-full wp-image-77470\" src=\"https:\/\/www.aarquiteta.com.br\/blog\/wp-content\/uploads\/2023\/04\/aparador-para-sala-4.jpg\" alt=\"Aparador para Sala: Como Escolher o Ideal Para o Seu Espa\u00e7o?\" width=\"1200\" height=\"800\" title=\"\" srcset=\"https:\/\/www.aarquiteta.com.br\/blog\/wp-content\/uploads\/2023\/04\/aparador-para-sala-4.jpg 1200w, https:\/\/www.aarquiteta.com.br\/blog\/wp-content\/uploads\/2023\/04\/aparador-para-sala-4-1024x683.jpg 1024w, https:\/\/www.aarquiteta.com.br\/blog\/wp-content\/uploads\/2023\/04\/aparador-para-sala-4-696x464.jpg 696w, https:\/\/www.aarquiteta.com.br\/blog\/wp-content\/uploads\/2023\/04\/aparador-para-sala-4-150x100.jpg 150w\" sizes=\"(max-width: 1200px) 100vw, 1200px\" \/><figcaption id=\"caption-attachment-77470\" class=\"wp-caption-text\">Foto: Canva.com<\/figcaption><\/figure>\n<p>Os m\u00f3veis laqueados s\u00e3o conhecidos por sua apar\u00eancia elegante e moderna. A superf\u00edcie lisa e brilhante da laca pode adicionar um toque de sofistica\u00e7\u00e3o a qualquer ambiente. Al\u00e9m disso, a laca est\u00e1 dispon\u00edvel em uma variedade de cores, permitindo que voc\u00ea personalize seus m\u00f3veis para se adequar ao seu estilo pessoal.<\/p>\n<h3>Variedade de cores<\/h3>\n<p>A laca est\u00e1 dispon\u00edvel em uma ampla gama de cores, o que significa que voc\u00ea pode encontrar m\u00f3veis laqueados que se encaixam perfeitamente em sua decora\u00e7\u00e3o existente. Seja voc\u00ea um f\u00e3 de cores vibrantes e ousadas ou prefere tons mais sutis e neutros, h\u00e1 uma op\u00e7\u00e3o de m\u00f3veis laqueados para voc\u00ea.<\/p>\n<h3>F\u00e1cil manuten\u00e7\u00e3o<\/h3>\n<figure id=\"attachment_82038\" aria-describedby=\"caption-attachment-82038\" style=\"width: 1000px\" class=\"wp-caption alignnone\"><img decoding=\"async\" class=\"size-full wp-image-82038\" src=\"https:\/\/www.aarquiteta.com.br\/blog\/wp-content\/uploads\/2023\/06\/mesa-lateral-alta.jpg\" alt=\"Mesas Laterais: Pequenas Aliadas para Sof\u00e1s e Camas!\" width=\"1000\" height=\"1000\" title=\"\" srcset=\"https:\/\/www.aarquiteta.com.br\/blog\/wp-content\/uploads\/2023\/06\/mesa-lateral-alta.jpg 1000w, https:\/\/www.aarquiteta.com.br\/blog\/wp-content\/uploads\/2023\/06\/mesa-lateral-alta-696x696.jpg 696w, https:\/\/www.aarquiteta.com.br\/blog\/wp-content\/uploads\/2023\/06\/mesa-lateral-alta-96x96.jpg 96w, https:\/\/www.aarquiteta.com.br\/blog\/wp-content\/uploads\/2023\/06\/mesa-lateral-alta-150x150.jpg 150w\" sizes=\"(max-width: 1000px) 100vw, 1000px\" \/><figcaption id=\"caption-attachment-82038\" class=\"wp-caption-text\">Foto: Amazon.com<\/figcaption><\/figure>\n<p>Os m\u00f3veis laqueados s\u00e3o f\u00e1ceis de manter. Eles podem ser limpos com um pano \u00famido e um detergente suave, tornando-os uma op\u00e7\u00e3o pr\u00e1tica para casas com crian\u00e7as ou animais de estima\u00e7\u00e3o. Al\u00e9m disso, a laca \u00e9 resistente a manchas, ent\u00e3o voc\u00ea n\u00e3o precisa se preocupar com derramamentos ou sujeira arruinando a apar\u00eancia de seus m\u00f3veis.<\/p>\n<h3>Resist\u00eancia a riscos e manchas<\/h3>\n<p>A laca cria uma barreira protetora sobre a superf\u00edcie do m\u00f3vel, tornando-o resistente a arranh\u00f5es e manchas. Isso significa que os m\u00f3veis laqueados podem suportar o uso di\u00e1rio sem mostrar sinais de desgaste.<\/p>\n<h3>Versatilidade<\/h3>\n<figure id=\"attachment_80323\" aria-describedby=\"caption-attachment-80323\" style=\"width: 1456px\" class=\"wp-caption alignnone\"><img decoding=\"async\" class=\"size-full wp-image-80323\" src=\"https:\/\/www.aarquiteta.com.br\/blog\/wp-content\/uploads\/2023\/05\/sala-de-estar.png\" alt=\"Cores Claras e Neutras: Dicas de Cores para Paredes, Pisos e M\u00f3veis que Ampliam e Iluminam o Ambiente!\" width=\"1456\" height=\"816\" title=\"\" srcset=\"https:\/\/www.aarquiteta.com.br\/blog\/wp-content\/uploads\/2023\/05\/sala-de-estar.png 1456w, https:\/\/www.aarquiteta.com.br\/blog\/wp-content\/uploads\/2023\/05\/sala-de-estar-1024x574.png 1024w, https:\/\/www.aarquiteta.com.br\/blog\/wp-content\/uploads\/2023\/05\/sala-de-estar-696x390.png 696w, https:\/\/www.aarquiteta.com.br\/blog\/wp-content\/uploads\/2023\/05\/sala-de-estar-150x84.png 150w\" sizes=\"(max-width: 1456px) 100vw, 1456px\" \/><figcaption id=\"caption-attachment-80323\" class=\"wp-caption-text\">Cores Claras e Neutras: Dicas de Cores para Paredes, Pisos e M\u00f3veis que Ampliam e Iluminam o Ambiente!<\/figcaption><\/figure>\n<p>Os m\u00f3veis laqueados s\u00e3o incrivelmente vers\u00e1teis. Eles podem ser usados em uma variedade de ambientes, de salas de estar e quartos a cozinhas e banheiros. Al\u00e9m disso, a laca pode ser aplicada a quase qualquer tipo de m\u00f3vel, de mesas e cadeiras a arm\u00e1rios e estantes.<\/p>\n<h3>Valoriza\u00e7\u00e3o do ambiente<\/h3>\n<p>Os m\u00f3veis laqueados podem adicionar um toque de eleg\u00e2ncia a qualquer ambiente. Eles s\u00e3o uma \u00f3tima maneira de adicionar cor e interesse visual a uma sala, sem sobrecarregar o espa\u00e7o. Al\u00e9m disso, a laca reflete a luz, o que pode ajudar a tornar uma sala mais brilhante e mais convidativa.<\/p>\n<h3>Personaliza\u00e7\u00e3o<\/h3>\n<p><img decoding=\"async\" class=\"alignnone size-full wp-image-71222\" src=\"https:\/\/www.aarquiteta.com.br\/blog\/wp-content\/uploads\/2022\/10\/aparador4.webp\" alt=\"\" width=\"900\" height=\"900\" title=\"\" srcset=\"https:\/\/www.aarquiteta.com.br\/blog\/wp-content\/uploads\/2022\/10\/aparador4.webp 900w, https:\/\/www.aarquiteta.com.br\/blog\/wp-content\/uploads\/2022\/10\/aparador4-696x696.webp 696w, https:\/\/www.aarquiteta.com.br\/blog\/wp-content\/uploads\/2022\/10\/aparador4-96x96.webp 96w, https:\/\/www.aarquiteta.com.br\/blog\/wp-content\/uploads\/2022\/10\/aparador4-150x150.webp 150w\" sizes=\"(max-width: 900px) 100vw, 900px\" \/><\/p>\n<p>Com a laca, voc\u00ea pode personalizar seus m\u00f3veis para se adequar ao seu estilo pessoal. Voc\u00ea pode escolher a cor e o acabamento da laca, bem como o design do m\u00f3vel. Isso significa que voc\u00ea pode criar m\u00f3veis que s\u00e3o verdadeiramente \u00fanicos para voc\u00ea.<\/p>\n<h3>Estilo contempor\u00e2neo<\/h3>\n<p>Os m\u00f3veis laqueados s\u00e3o uma \u00f3tima maneira de adicionar um toque de estilo contempor\u00e2neo a sua casa. Eles s\u00e3o elegantes e modernos, e podem ajudar a criar uma sensa\u00e7\u00e3o de luxo e sofistica\u00e7\u00e3o.<\/p>\n<h3>Combina\u00e7\u00e3o com outros materiais<\/h3>\n<p><img decoding=\"async\" class=\"alignnone size-full wp-image-40406\" src=\"https:\/\/www.aarquiteta.com.br\/blog\/wp-content\/uploads\/2022\/01\/1-12_2-1.jpg\" alt=\"Quadro na prateleira aparador\" width=\"701\" height=\"400\" title=\"\" srcset=\"https:\/\/www.aarquiteta.com.br\/blog\/wp-content\/uploads\/2022\/01\/1-12_2-1.jpg 701w, https:\/\/www.aarquiteta.com.br\/blog\/wp-content\/uploads\/2022\/01\/1-12_2-1-696x397.jpg 696w, https:\/\/www.aarquiteta.com.br\/blog\/wp-content\/uploads\/2022\/01\/1-12_2-1-150x86.jpg 150w\" sizes=\"(max-width: 701px) 100vw, 701px\" \/><\/p>\n<p>Os m\u00f3veis laqueados podem ser combinados com uma variedade de outros materiais, como madeira, metal e vidro. Isso permite que voc\u00ea crie um visual que \u00e9 ao mesmo tempo coeso e interessante.<\/p>\n<h3>Op\u00e7\u00f5es de acabamento<\/h3>\n<p>A laca est\u00e1 dispon\u00edvel em uma variedade de acabamentos, de alto brilho a fosco. Isso significa que voc\u00ea pode escolher o acabamento que melhor se adapta ao seu estilo e \u00e0s suas necessidades.<\/p>\n<h3>Sustentabilidade<\/h3>\n<p><img decoding=\"async\" class=\"alignnone size-full wp-image-72765\" src=\"https:\/\/www.aarquiteta.com.br\/blog\/wp-content\/uploads\/2022\/12\/mesa-de-jantar-5.jpg\" alt=\"Cores Claras e Neutras: Dicas de Cores para Paredes, Pisos e M\u00f3veis que Ampliam e Iluminam o Ambiente!\" width=\"1000\" height=\"681\" title=\"\" srcset=\"https:\/\/www.aarquiteta.com.br\/blog\/wp-content\/uploads\/2022\/12\/mesa-de-jantar-5.jpg 1000w, https:\/\/www.aarquiteta.com.br\/blog\/wp-content\/uploads\/2022\/12\/mesa-de-jantar-5-696x474.jpg 696w, https:\/\/www.aarquiteta.com.br\/blog\/wp-content\/uploads\/2022\/12\/mesa-de-jantar-5-150x102.jpg 150w\" sizes=\"(max-width: 1000px) 100vw, 1000px\" \/><\/p>\n<p>Os m\u00f3veis laqueados s\u00e3o uma op\u00e7\u00e3o sustent\u00e1vel. A laca \u00e9 um produto natural que \u00e9 derivado de \u00e1rvores, e \u00e9 biodegrad\u00e1vel. Al\u00e9m disso, os m\u00f3veis laqueados s\u00e3o dur\u00e1veis e podem durar muitos anos, reduzindo a necessidade de substitui\u00e7\u00e3o frequente.<\/p>\n<p>Os m\u00f3veis laqueados s\u00e3o uma op\u00e7\u00e3o elegante e dur\u00e1vel para qualquer casa. Eles s\u00e3o vers\u00e1teis, f\u00e1ceis de manter e dispon\u00edveis em uma variedade de cores e acabamentos. Al\u00e9m disso, eles s\u00e3o uma op\u00e7\u00e3o sustent\u00e1vel, tornando-os uma escolha consciente para o meio ambiente.<\/p>\n<p>Se voc\u00ea est\u00e1 procurando uma maneira de adicionar um toque de sofistica\u00e7\u00e3o a sua casa, os m\u00f3veis laqueados podem ser a solu\u00e7\u00e3o perfeita.<\/p>\n[amazon table=&#8221;88203&#8243;]\n<h2>Perguntas Frequentes<\/h2>\n<ol>\n<li><b>Quais s\u00e3o os cuidados necess\u00e1rios para manter os m\u00f3veis laqueados em bom estado?<\/b><br \/>\nOs m\u00f3veis laqueados s\u00e3o f\u00e1ceis de manter. Eles podem ser limpos com um pano \u00famido e um detergente suave. Al\u00e9m disso, \u00e9 importante evitar o uso de produtos de limpeza abrasivos, que podem arranhar a superf\u00edcie da laca.<\/li>\n<li><b>\u00c9 poss\u00edvel reparar arranh\u00f5es ou danos em m\u00f3veis laqueados?<\/b><br \/>\nSim, \u00e9 poss\u00edvel reparar arranh\u00f5es ou danos em m\u00f3veis laqueados. Isso geralmente envolve lixar a \u00e1rea danificada e reaplicar a laca. No entanto, \u00e9 importante notar que isso deve ser feito por um profissional para garantir os melhores resultados.<\/li>\n<li><b>Os m\u00f3veis laqueados s\u00e3o adequados para casas com crian\u00e7as ou animais de estima\u00e7\u00e3o?<\/b><br \/>\nSim, os m\u00f3veis laqueados s\u00e3o uma \u00f3tima op\u00e7\u00e3o para casas com crian\u00e7as ou animais de estima\u00e7\u00e3o. A laca \u00e9 resistente a manchas e arranh\u00f5es, tornando os m\u00f3veis laqueados dur\u00e1veis e f\u00e1ceis de manter.<\/li>\n<li><b>Os m\u00f3veis laqueados s\u00e3o caros?<\/b><br \/>\nO pre\u00e7o dos m\u00f3veis laqueados pode variar dependendo do tipo de m\u00f3vel e do acabamento da laca. No entanto, devido \u00e0 sua durabilidade e apar\u00eancia atraente, muitas pessoas consideram os m\u00f3veis laqueados um bom investimento.<\/li>\n<li><b>Os m\u00f3veis laqueados s\u00e3o sustent\u00e1veis?<\/b><br \/>\nSim, os m\u00f3veis laqueados s\u00e3o uma op\u00e7\u00e3o sustent\u00e1vel. A laca \u00e9 um produto natural que \u00e9 derivado de \u00e1rvores, e \u00e9 biodegrad\u00e1vel. Al\u00e9m disso, os m\u00f3veis laqueados s\u00e3o dur\u00e1veis e podem durar muitos anos, reduzindo a necessidade de substitui\u00e7\u00e3o frequente.<\/li>\n<\/ol>\n","protected":false},"excerpt":{"rendered":"<p>Explore dicas imperd\u00edveis para uma moveis laqueados deslumbrante. N\u00e3o perca!<\/p>\n","protected":false},"author":102,"featured_media":72765,"comment_status":"closed","ping_status":"closed","sticky":false,"template":"","format":"standard","meta":{"footnotes":""},"categories":[1484],"tags":[34538],"class_list":["post-98871","post","type-post","status-publish","format-standard","has-post-thumbnail","category-decoracao","tag-moveis-laqueados"],"_wp_attached_file":null,"_wp_attachment_metadata":null,"_wp_attachment_context":null,"_wp_attachment_is_custom_header":null,"geo_longitude":null,"geo_public":null,"geo_latitude":null,"_publicize_done_external":null,"_wpas_done_3897181":null,"publicize_twitter_user":null,"_wpas_done_3897175":null,"_wpas_skip_3897181":null,"_wpas_skip_3897175":null,"_wpas_skip_3924723":null,"_wpas_mess":null,"_wpas_done_3924723":null,"wps_subtitle":"","_links":{"self":[{"href":"https:\/\/www.aarquiteta.com.br\/blog\/wp-json\/wp\/v2\/posts\/98871","targetHints":{"allow":["GET"]}}],"collection":[{"href":"https:\/\/www.aarquiteta.com.br\/blog\/wp-json\/wp\/v2\/posts"}],"about":[{"href":"https:\/\/www.aarquiteta.com.br\/blog\/wp-json\/wp\/v2\/types\/post"}],"author":[{"embeddable":true,"href":"https:\/\/www.aarquiteta.com.br\/blog\/wp-json\/wp\/v2\/users\/102"}],"replies":[{"embeddable":true,"href":"https:\/\/www.aarquiteta.com.br\/blog\/wp-json\/wp\/v2\/comments?post=98871"}],"version-history":[{"count":0,"href":"https:\/\/www.aarquiteta.com.br\/blog\/wp-json\/wp\/v2\/posts\/98871\/revisions"}],"wp:featuredmedia":[{"embeddable":true,"href":"https:\/\/www.aarquiteta.com.br\/blog\/wp-json\/wp\/v2\/media\/72765"}],"wp:attachment":[{"href":"https:\/\/www.aarquiteta.com.br\/blog\/wp-json\/wp\/v2\/media?parent=98871"}],"wp:term":[{"taxonomy":"category","embeddable":true,"href":"https:\/\/www.aarquiteta.com.br\/blog\/wp-json\/wp\/v2\/categories?post=98871"},{"taxonomy":"post_tag","embeddable":true,"href":"https:\/\/www.aarquiteta.com.br\/blog\/wp-json\/wp\/v2\/tags?post=98871"}],"curies":[{"name":"wp","href":"https:\/\/api.w.org\/{rel}","templated":true}]}}