{"id":98830,"date":"2023-11-04T09:26:26","date_gmt":"2023-11-04T12:26:26","guid":{"rendered":"http:\/\/aarquiteta.com.br\/?p=98830"},"modified":"2023-11-04T09:26:26","modified_gmt":"2023-11-04T12:26:26","slug":"cabeceiras-pintadas-na-parede","status":"publish","type":"post","link":"https:\/\/www.aarquiteta.com.br\/blog\/cabeceiras-pintadas-na-parede\/","title":{"rendered":"Cabeceiras Pintadas na Parede: 5 Ideias Criativas Para Seu Quarto."},"content":{"rendered":"<p>As cabeceiras pintadas na parede t\u00eam se tornado uma tend\u00eancia cada vez mais popular na decora\u00e7\u00e3o de interiores. Essa op\u00e7\u00e3o oferece uma s\u00e9rie de vantagens e benef\u00edcios em rela\u00e7\u00e3o \u00e0s cabeceiras convencionais, como a versatilidade, personaliza\u00e7\u00e3o, economia e durabilidade.<\/p>\n<p>Uma das principais raz\u00f5es para escolher uma cabeceira pintada na parede \u00e9 a sua versatilidade. Ao contr\u00e1rio das cabeceiras tradicionais, que s\u00e3o fixas e limitadas em termos de design, as cabeceiras pintadas na parede podem ser personalizadas de acordo com o gosto e estilo de cada pessoa. \u00c9 poss\u00edvel escolher diferentes cores, padr\u00f5es e at\u00e9 mesmo criar desenhos exclusivos.<\/p>\n<figure style=\"width: 1024px\" class=\"wp-caption aligncenter\"><img decoding=\"async\" src=\"https:\/\/www.aarquiteta.com.br\/blog\/wp-content\/uploads\/2023\/11\/cabeceiras-pintadas-na-parede04.jpg\" alt=\"cabeceiras pintadas na parede\" width=\"1024\" height=\"1024\" title=\"\"><figcaption class=\"wp-caption-text\">cabeceiras pintadas na parede<\/figcaption><\/figure>\n<h3>Personaliza\u00e7\u00e3o:<\/h3>\n<p>A personaliza\u00e7\u00e3o \u00e9 outro ponto forte das cabeceiras pintadas na parede. Com essa op\u00e7\u00e3o, \u00e9 poss\u00edvel criar uma cabeceira \u00fanica e exclusiva, que reflita a personalidade e estilo do morador. Al\u00e9m disso, \u00e9 poss\u00edvel combinar a cor da cabeceira com a decora\u00e7\u00e3o do quarto, criando uma harmonia visual.<\/p>\n<h3>Economia:<\/h3>\n<p>Al\u00e9m de oferecer mais op\u00e7\u00f5es de design, as cabeceiras pintadas na parede tamb\u00e9m s\u00e3o uma escolha econ\u00f4mica. Ao inv\u00e9s de investir em uma cabeceira de madeira ou estofada, que podem ser mais caras, \u00e9 poss\u00edvel economizar dinheiro optando por uma cabeceira pintada na parede. Al\u00e9m disso, a manuten\u00e7\u00e3o tamb\u00e9m \u00e9 mais simples e barata, j\u00e1 que n\u00e3o \u00e9 necess\u00e1rio trocar estofados ou reparar danos na madeira.<\/p>\n<figure style=\"width: 1024px\" class=\"wp-caption aligncenter\"><img decoding=\"async\" src=\"https:\/\/www.aarquiteta.com.br\/blog\/wp-content\/uploads\/2023\/11\/cabeceiras-pintadas-na-parede01.jpg\" alt=\"cabeceiras pintadas na parede\" width=\"1024\" height=\"1024\" title=\"\"><figcaption class=\"wp-caption-text\">cabeceiras pintadas na parede<\/figcaption><\/figure>\n<h3>Durabilidade:<\/h3>\n<p>A durabilidade \u00e9 outro ponto positivo das cabeceiras pintadas na parede. Ao contr\u00e1rio das cabeceiras estofadas, que podem desgastar com o tempo, as cabeceiras pintadas na parede s\u00e3o mais resistentes e duram por muitos anos. Al\u00e9m disso, \u00e9 poss\u00edvel retocar a pintura caso seja necess\u00e1rio, mantendo a cabeceira sempre com apar\u00eancia de nova.<\/p>\n<figure style=\"width: 1024px\" class=\"wp-caption aligncenter\"><img decoding=\"async\" src=\"https:\/\/www.aarquiteta.com.br\/blog\/wp-content\/uploads\/2023\/11\/cabeceiras-pintadas-na-parede02.jpg\" alt=\"cabeceiras pintadas na parede\" width=\"1024\" height=\"1024\" title=\"\"><figcaption class=\"wp-caption-text\">cabeceiras pintadas na parede<\/figcaption><\/figure>\n<p>Al\u00e9m dessas vantagens, as cabeceiras pintadas na parede tamb\u00e9m oferecem estilo, f\u00e1cil manuten\u00e7\u00e3o, op\u00e7\u00f5es de design, combina\u00e7\u00e3o com a decora\u00e7\u00e3o, sensa\u00e7\u00e3o de aconchego, destaque no ambiente e sustentabilidade. Com tantos benef\u00edcios, n\u00e3o \u00e9 de se admirar que essa tend\u00eancia esteja ganhando cada vez mais espa\u00e7o na decora\u00e7\u00e3o de interiores.<\/p>\n<h2>Perguntas Frequentes<\/h2>\n<ol>\n<li>\n<h3>Quais s\u00e3o as op\u00e7\u00f5es de cores para cabeceiras pintadas na parede?<\/h3>\n<div class=\"mceTemp\"><\/div>\n<p>As op\u00e7\u00f5es de cores para cabeceiras pintadas na parede s\u00e3o praticamente infinitas. \u00c9 poss\u00edvel escolher desde cores neutras e suaves at\u00e9 cores vibrantes e ousadas. Tudo depende do estilo e prefer\u00eancia de cada pessoa.<\/li>\n<li>\n<h3>\u00c9 poss\u00edvel pintar uma cabeceira j\u00e1 existente?<\/h3>\n<p>Sim, \u00e9 poss\u00edvel pintar uma cabeceira j\u00e1 existente. Caso voc\u00ea j\u00e1 tenha uma cabeceira de madeira ou estofada, por exemplo, \u00e9 poss\u00edvel transform\u00e1-la em uma cabeceira pintada na parede. Basta preparar a superf\u00edcie corretamente e aplicar a tinta desejada.<\/li>\n<li>\n<h3>Qual \u00e9 a melhor tinta para pintar uma cabeceira na parede?<\/h3>\n<div class=\"mceTemp\"><\/div>\n<p>A melhor tinta para pintar uma cabeceira na parede depender\u00e1 do tipo de superf\u00edcie e do efeito desejado. Para superf\u00edcies de madeira, \u00e9 recomendado o uso de tintas acr\u00edlicas ou esmaltes sint\u00e9ticos. J\u00e1 para superf\u00edcies de alvenaria, \u00e9 indicado o uso de tintas l\u00e1tex ou acr\u00edlicas.<\/li>\n<li>\n<h3>Como fazer a manuten\u00e7\u00e3o de uma cabeceira pintada na parede?<\/h3>\n<p>A manuten\u00e7\u00e3o de uma cabeceira pintada na parede \u00e9 bastante simples. Basta limpar a superf\u00edcie regularmente com um pano \u00famido e evitar o uso de produtos qu\u00edmicos agressivos. Caso seja necess\u00e1rio, \u00e9 poss\u00edvel retocar a pintura com a mesma tinta utilizada anteriormente.<\/li>\n<\/ol>\n[amazon table=&#8221;83113&#8243;]\n<ol>\n<li>\n<h3>Quais s\u00e3o as vantagens ambientais das cabeceiras pintadas na parede?<\/h3>\n<p>As cabeceiras pintadas na parede s\u00e3o uma op\u00e7\u00e3o mais sustent\u00e1vel em compara\u00e7\u00e3o com as cabeceiras convencionais. Ao optar por uma cabeceira pintada na parede, voc\u00ea evita o uso de materiais como madeira e estofados, que podem ter um impacto negativo no meio ambiente.<\/li>\n<li>Al\u00e9m disso, a pintura utilizada pode ser escolhida levando em considera\u00e7\u00e3o crit\u00e9rios de sustentabilidade, como tintas \u00e0 base de \u00e1gua e com baixo teor de compostos org\u00e2nicos vol\u00e1teis.\n<figure style=\"width: 1024px\" class=\"wp-caption aligncenter\"><img decoding=\"async\" src=\"https:\/\/www.aarquiteta.com.br\/blog\/wp-content\/uploads\/2023\/11\/cabeceiras-pintadas-na-parede03.jpg\" alt=\"cabeceiras pintadas na parede\" width=\"1024\" height=\"1024\" title=\"\"><figcaption class=\"wp-caption-text\">cabeceiras pintadas na parede<\/figcaption><\/figure><\/li>\n<\/ol>\n<h2>Conclus\u00e3o:<\/h2>\n<p>As cabeceiras pintadas na parede s\u00e3o uma tend\u00eancia em decora\u00e7\u00e3o de interiores que oferece uma s\u00e9rie de vantagens em rela\u00e7\u00e3o \u00e0s cabeceiras convencionais.<\/p>\n<p>Com versatilidade, personaliza\u00e7\u00e3o, economia, durabilidade e estilo, essa op\u00e7\u00e3o se destaca no ambiente, proporcionando uma sensa\u00e7\u00e3o de aconchego e harmonia visual. Al\u00e9m disso, as cabeceiras pintadas na parede s\u00e3o f\u00e1ceis de manter, oferecem diversas op\u00e7\u00f5es de design e combinam perfeitamente com a decora\u00e7\u00e3o do quarto.<\/p>\n<p>Portanto, se voc\u00ea est\u00e1 em busca de uma cabeceira \u00fanica e exclusiva, que reflita a sua personalidade, as cabeceiras pintadas na parede s\u00e3o uma excelente escolha.<\/p>\n<div class=\"youtube-embed\" data-video_id=\"oBr43f7dlaE\"><iframe title=\"DIY CABECEIRA PINTADA super f\u00e1cil\" width=\"696\" height=\"392\" src=\"https:\/\/www.youtube.com\/embed\/oBr43f7dlaE?feature=oembed&#038;enablejsapi=1\" frameborder=\"0\" allow=\"accelerometer; autoplay; clipboard-write; encrypted-media; gyroscope; picture-in-picture; web-share\" allowfullscreen><\/iframe><\/div>\n<p><strong>Curiosidade:<\/strong> Voc\u00ea sabia que as cabeceiras pintadas na parede podem ser uma solu\u00e7\u00e3o para quartos pequenos? Ao optar por uma cabeceira pintada na parede, voc\u00ea economiza espa\u00e7o e ainda adiciona um toque de estilo ao ambiente.<\/p>\n<p style=\"text-align: center;\">\n","protected":false},"excerpt":{"rendered":"<p>Reinvente seu espa\u00e7o com ideias incr\u00edveis para cabeceiras pintadas na parede. Confira agora!<\/p>\n","protected":false},"author":102,"featured_media":98827,"comment_status":"closed","ping_status":"closed","sticky":false,"template":"","format":"standard","meta":{"footnotes":""},"categories":[1484],"tags":[6924,34526],"class_list":["post-98830","post","type-post","status-publish","format-standard","has-post-thumbnail","category-decoracao","tag-cabeceira","tag-cabeceiras"],"_wp_attached_file":null,"_wp_attachment_metadata":null,"_wp_attachment_context":null,"_wp_attachment_is_custom_header":null,"geo_longitude":null,"geo_public":null,"geo_latitude":null,"_publicize_done_external":null,"_wpas_done_3897181":null,"publicize_twitter_user":null,"_wpas_done_3897175":null,"_wpas_skip_3897181":null,"_wpas_skip_3897175":null,"_wpas_skip_3924723":null,"_wpas_mess":null,"_wpas_done_3924723":null,"wps_subtitle":"","_links":{"self":[{"href":"https:\/\/www.aarquiteta.com.br\/blog\/wp-json\/wp\/v2\/posts\/98830","targetHints":{"allow":["GET"]}}],"collection":[{"href":"https:\/\/www.aarquiteta.com.br\/blog\/wp-json\/wp\/v2\/posts"}],"about":[{"href":"https:\/\/www.aarquiteta.com.br\/blog\/wp-json\/wp\/v2\/types\/post"}],"author":[{"embeddable":true,"href":"https:\/\/www.aarquiteta.com.br\/blog\/wp-json\/wp\/v2\/users\/102"}],"replies":[{"embeddable":true,"href":"https:\/\/www.aarquiteta.com.br\/blog\/wp-json\/wp\/v2\/comments?post=98830"}],"version-history":[{"count":0,"href":"https:\/\/www.aarquiteta.com.br\/blog\/wp-json\/wp\/v2\/posts\/98830\/revisions"}],"wp:featuredmedia":[{"embeddable":true,"href":"https:\/\/www.aarquiteta.com.br\/blog\/wp-json\/wp\/v2\/media\/98827"}],"wp:attachment":[{"href":"https:\/\/www.aarquiteta.com.br\/blog\/wp-json\/wp\/v2\/media?parent=98830"}],"wp:term":[{"taxonomy":"category","embeddable":true,"href":"https:\/\/www.aarquiteta.com.br\/blog\/wp-json\/wp\/v2\/categories?post=98830"},{"taxonomy":"post_tag","embeddable":true,"href":"https:\/\/www.aarquiteta.com.br\/blog\/wp-json\/wp\/v2\/tags?post=98830"}],"curies":[{"name":"wp","href":"https:\/\/api.w.org\/{rel}","templated":true}]}}