{"id":98642,"date":"2023-11-13T21:46:04","date_gmt":"2023-11-14T00:46:04","guid":{"rendered":"http:\/\/aarquiteta.com.br\/?p=98642"},"modified":"2023-11-13T21:46:04","modified_gmt":"2023-11-14T00:46:04","slug":"cabeceira-de-pallet-5-ideias-sustentaveis","status":"publish","type":"post","link":"https:\/\/www.aarquiteta.com.br\/blog\/cabeceira-de-pallet-5-ideias-sustentaveis\/","title":{"rendered":"Cabeceira De Pallet: 5 Ideias Sustent\u00e1veis E Charmosas Para Seu Quarto."},"content":{"rendered":"<p>Uma cabeceira de pallet \u00e9 um item de decora\u00e7\u00e3o que pode ser utilizado no quarto para dar um toque r\u00fastico e sustent\u00e1vel ao ambiente. Feita a partir de pallets de madeira, essa pe\u00e7a \u00e9 vers\u00e1til, dur\u00e1vel e f\u00e1cil de personalizar, al\u00e9m de ser uma op\u00e7\u00e3o acess\u00edvel para quem deseja renovar a decora\u00e7\u00e3o do quarto.<\/p>\n<p>Neste artigo, vamos explorar os benef\u00edcios de ter uma cabeceira de pallet no quarto. Desde o estilo r\u00fastico e sustent\u00e1vel at\u00e9 as op\u00e7\u00f5es de armazenamento e a facilidade de montagem, voc\u00ea descobrir\u00e1 por que essa pe\u00e7a pode ser uma \u00f3tima escolha para o seu ambiente. Continue lendo para saber mais!<\/p>\n<h2>Benef\u00edcios de ter uma cabeceira de pallet no quarto<\/h2>\n<h3>1. Estilo r\u00fastico e sustent\u00e1vel<\/h3>\n<figure style=\"width: 1024px\" class=\"wp-caption aligncenter\"><img decoding=\"async\" src=\"https:\/\/www.aarquiteta.com.br\/blog\/wp-content\/uploads\/2023\/10\/cabeceira-de-pallet04.jpg\" alt=\"cabeceira de pallet\" width=\"1024\" height=\"1024\" title=\"\"><figcaption class=\"wp-caption-text\">cabeceira de pallet<\/figcaption><\/figure>\n<p>Uma das principais vantagens de ter uma cabeceira de pallet no quarto \u00e9 o estilo r\u00fastico e sustent\u00e1vel que ela proporciona. A madeira dos pallets traz um charme \u00fanico ao ambiente, criando uma atmosfera acolhedora e natural. Al\u00e9m disso, utilizar pallets na decora\u00e7\u00e3o \u00e9 uma forma de reutilizar materiais, contribuindo para a sustentabilidade.<\/p>\n<h3>2. Versatilidade na decora\u00e7\u00e3o<\/h3>\n<p>A cabeceira de pallet tamb\u00e9m \u00e9 extremamente vers\u00e1til quando se trata de decora\u00e7\u00e3o. Ela pode ser pintada ou envernizada de acordo com o estilo desejado, combinando perfeitamente com diferentes estilos de quarto. Al\u00e9m disso, \u00e9 poss\u00edvel adicionar elementos decorativos, como luzes ou quadros, para deixar a cabeceira ainda mais personalizada.<\/p>\n<h3>3. Durabilidade e resist\u00eancia<\/h3>\n<figure style=\"width: 1024px\" class=\"wp-caption aligncenter\"><img decoding=\"async\" src=\"https:\/\/www.aarquiteta.com.br\/blog\/wp-content\/uploads\/2023\/10\/cabeceira-de-pallet03.jpg\" alt=\"cabeceira de pallet\" width=\"1024\" height=\"1024\" title=\"\"><figcaption class=\"wp-caption-text\">cabeceira de pallet<\/figcaption><\/figure>\n<p>Os pallets s\u00e3o conhecidos por sua durabilidade e resist\u00eancia, o que torna a cabeceira de pallet uma op\u00e7\u00e3o de longa vida \u00fatil. A madeira utilizada na fabrica\u00e7\u00e3o dos pallets \u00e9 geralmente tratada para resistir a condi\u00e7\u00f5es adversas, como umidade e insetos, garantindo que a cabeceira permane\u00e7a em bom estado por muito tempo.<\/p>\n<h3>4. Custo acess\u00edvel<\/h3>\n<p>Comparada a outras op\u00e7\u00f5es de cabeceiras, a cabeceira de pallet \u00e9 uma op\u00e7\u00e3o muito mais acess\u00edvel. Os pallets podem ser adquiridos a um baixo custo ou at\u00e9 mesmo de forma gratuita, em locais como supermercados ou feiras. Al\u00e9m disso, a montagem da cabeceira \u00e9 simples e n\u00e3o requer grandes investimentos.<\/p>\n<h3>5. F\u00e1cil de personalizar<\/h3>\n<p>Uma das grandes vantagens da cabeceira de pallet \u00e9 a facilidade de personaliza\u00e7\u00e3o. Voc\u00ea pode pint\u00e1-la na cor desejada, adicionar elementos decorativos ou at\u00e9 mesmo criar nichos para armazenamento. Dessa forma, \u00e9 poss\u00edvel adaptar a cabeceira de acordo com o seu estilo e necessidades, tornando-a \u00fanica e exclusiva.<\/p>\n<h3>6. Op\u00e7\u00f5es de armazenamento<\/h3>\n<figure style=\"width: 1024px\" class=\"wp-caption aligncenter\"><img decoding=\"async\" src=\"https:\/\/www.aarquiteta.com.br\/blog\/wp-content\/uploads\/2023\/10\/cabeceira-de-pallet02.jpg\" alt=\"cabeceira de pallet\" width=\"1024\" height=\"1024\" title=\"\"><figcaption class=\"wp-caption-text\">cabeceira de pallet<\/figcaption><\/figure>\n<p>Al\u00e9m de ser uma pe\u00e7a decorativa, a cabeceira de pallet tamb\u00e9m pode oferecer op\u00e7\u00f5es de armazenamento. Voc\u00ea pode adicionar prateleiras ou nichos na cabeceira para guardar livros, objetos decorativos ou at\u00e9 mesmo itens pessoais, como \u00f3culos ou celular. Essa funcionalidade extra \u00e9 especialmente \u00fatil para quartos pequenos, onde cada espa\u00e7o de armazenamento \u00e9 valioso.<\/p>\n<h3>7. F\u00e1cil de montar e desmontar<\/h3>\n<p>A montagem da cabeceira de pallet \u00e9 simples e n\u00e3o requer habilidades espec\u00edficas. Os pallets podem ser facilmente fixados na parede ou na estrutura da cama, utilizando parafusos ou pregos. Al\u00e9m disso, caso voc\u00ea queira mudar a decora\u00e7\u00e3o do quarto ou at\u00e9 mesmo levar a cabeceira para outro ambiente, ela pode ser desmontada com facilidade.<\/p>\n<h3>8. Pode ser usado em diferentes tamanhos de cama<\/h3>\n<figure style=\"width: 1024px\" class=\"wp-caption aligncenter\"><img decoding=\"async\" src=\"https:\/\/www.aarquiteta.com.br\/blog\/wp-content\/uploads\/2023\/10\/cabeceira-de-pallet01.jpg\" alt=\"cabeceira de pallet\" width=\"1024\" height=\"1024\" title=\"\"><figcaption class=\"wp-caption-text\">cabeceira de pallet<\/figcaption><\/figure>\n<p>A cabeceira de pallet pode ser adaptada para diferentes tamanhos de cama, desde solteiro at\u00e9 king size. Basta ajustar a quantidade de pallets utilizados e a altura da cabeceira de acordo com o tamanho da cama. Essa versatilidade permite que voc\u00ea tenha uma cabeceira personalizada, independentemente do tamanho do seu quarto.<\/p>\n<h3>9. Pode ser combinada com outros m\u00f3veis de pallet<\/h3>\n<p>Se voc\u00ea gosta do estilo r\u00fastico e sustent\u00e1vel dos pallets, pode combinar a cabeceira com outros m\u00f3veis feitos do mesmo material. Mesas de cabeceira, criados-mudos, estantes e at\u00e9 mesmo camas podem ser encontrados na vers\u00e3o de pallet, criando uma harmonia visual no ambiente. Essa combina\u00e7\u00e3o de m\u00f3veis de pallet traz uma sensa\u00e7\u00e3o de unidade e estilo ao quarto.<\/p>\n<h3>10. Contribui para a sustentabilidade<\/h3>\n<p>Utilizar uma cabeceira de pallet no quarto \u00e9 uma forma de contribuir para a sustentabilidade. Ao reutilizar materiais, como os pallets de madeira, voc\u00ea evita o descarte desnecess\u00e1rio e a produ\u00e7\u00e3o de novos materiais. Al\u00e9m disso, a madeira utilizada nos pallets \u00e9 proveniente de fontes renov\u00e1veis, o que torna a cabeceira uma op\u00e7\u00e3o ecologicamente correta.<\/p>\n<h3>11. Pode ser pintada ou envernizada<\/h3>\n<p>Uma das vantagens da cabeceira de pallet \u00e9 a possibilidade de pint\u00e1-la ou enverniz\u00e1-la de acordo com o seu gosto pessoal. Voc\u00ea pode escolher uma cor que combine com a decora\u00e7\u00e3o do quarto ou optar por um acabamento natural, real\u00e7ando a beleza da madeira. Essa personaliza\u00e7\u00e3o permite que a cabeceira se adapte perfeitamente ao estilo do ambiente.<\/p>\n<h3>12. Pode ser usada como suporte para lumin\u00e1rias ou quadros<\/h3>\n<p>A cabeceira de pallet tamb\u00e9m pode ser utilizada como suporte para lumin\u00e1rias ou quadros. Voc\u00ea pode fixar lumin\u00e1rias na cabeceira, criando uma ilumina\u00e7\u00e3o aconchegante e funcional para o quarto. Al\u00e9m disso, \u00e9 poss\u00edvel pendurar quadros ou fotografias, adicionando um toque pessoal \u00e0 decora\u00e7\u00e3o.<\/p>\n[amazon table=&#8221;82802&#8243;]\n<h2>Perguntas Frequentes<\/h2>\n<h3>1. \u00c9 dif\u00edcil montar uma cabeceira de pallet?<\/h3>\n<p>N\u00e3o, a montagem da cabeceira de pallet \u00e9 simples e n\u00e3o requer habilidades espec\u00edficas. Basta fixar os pallets na parede ou na estrutura da cama utilizando parafusos ou pregos.<\/p>\n<h3>2. Posso personalizar a cabeceira de pallet?<\/h3>\n<p>Sim, a cabeceira de pallet pode ser facilmente personalizada. Voc\u00ea pode pint\u00e1-la na cor desejada, adicionar elementos decorativos ou at\u00e9 mesmo criar nichos para armazenamento.<\/p>\n<h3>3. A cabeceira de pallet \u00e9 resistente?<\/h3>\n<p>Sim, os pallets s\u00e3o conhecidos por sua durabilidade e resist\u00eancia. A madeira utilizada na fabrica\u00e7\u00e3o dos pallets \u00e9 tratada para resistir a condi\u00e7\u00f5es adversas, garantindo que a cabeceira permane\u00e7a em bom estado por muito tempo.<\/p>\n<h3>4. Posso usar a cabeceira de pallet em diferentes tamanhos de cama?<\/h3>\n<p>Sim, a cabeceira de pallet pode ser adaptada para diferentes tamanhos de cama. Basta ajustar a quantidade de pallets utilizados e a altura da cabeceira de acordo com o tamanho da cama.<\/p>\n<h3>5. A cabeceira de pallet contribui para a sustentabilidade?<\/h3>\n<p>Sim, utilizar uma cabeceira de pallet \u00e9 uma forma de contribuir para a sustentabilidade. Ao reutilizar materiais, como os pallets de madeira, voc\u00ea evita o descarte desnecess\u00e1rio e a produ\u00e7\u00e3o de novos materiais.<\/p>\n<h3>Conclus\u00e3o<\/h3>\n<p>Ter uma cabeceira de pallet no quarto traz diversos benef\u00edcios, desde o estilo r\u00fastico e sustent\u00e1vel at\u00e9 a facilidade de personaliza\u00e7\u00e3o e as op\u00e7\u00f5es de armazenamento. Al\u00e9m disso, a cabeceira de pallet \u00e9 uma op\u00e7\u00e3o acess\u00edvel e dur\u00e1vel, que pode ser adaptada para diferentes tamanhos de cama. Ao escolher uma cabeceira de pallet, voc\u00ea contribui para a sustentabilidade e adiciona um toque \u00fanico \u00e0 decora\u00e7\u00e3o do seu quarto.<\/p>\n<p><strong>Curiosidade:<\/strong> Sabia que os pallets de madeira s\u00e3o amplamente utilizados na ind\u00fastria de transporte e log\u00edstica? Eles s\u00e3o uma forma pr\u00e1tica e eficiente de armazenar e transportar mercadorias, garantindo a seguran\u00e7a dos produtos durante o transporte.<\/p>\n","protected":false},"excerpt":{"rendered":"<p>Quer uma cabeceira de pallet de tirar o f\u00f4lego? Descubra inspira\u00e7\u00f5es aqui!<\/p>\n","protected":false},"author":102,"featured_media":98637,"comment_status":"closed","ping_status":"closed","sticky":false,"template":"","format":"standard","meta":{"footnotes":""},"categories":[1484],"tags":[34477,34476],"class_list":["post-98642","post","type-post","status-publish","format-standard","has-post-thumbnail","category-decoracao","tag-cabeceira-de-pallet","tag-decoracao-de-cabeceira-de-pallet"],"_wp_attached_file":null,"_wp_attachment_metadata":null,"_wp_attachment_context":null,"_wp_attachment_is_custom_header":null,"geo_longitude":null,"geo_public":null,"geo_latitude":null,"_publicize_done_external":null,"_wpas_done_3897181":null,"publicize_twitter_user":null,"_wpas_done_3897175":null,"_wpas_skip_3897181":null,"_wpas_skip_3897175":null,"_wpas_skip_3924723":null,"_wpas_mess":null,"_wpas_done_3924723":null,"wps_subtitle":"","_links":{"self":[{"href":"https:\/\/www.aarquiteta.com.br\/blog\/wp-json\/wp\/v2\/posts\/98642","targetHints":{"allow":["GET"]}}],"collection":[{"href":"https:\/\/www.aarquiteta.com.br\/blog\/wp-json\/wp\/v2\/posts"}],"about":[{"href":"https:\/\/www.aarquiteta.com.br\/blog\/wp-json\/wp\/v2\/types\/post"}],"author":[{"embeddable":true,"href":"https:\/\/www.aarquiteta.com.br\/blog\/wp-json\/wp\/v2\/users\/102"}],"replies":[{"embeddable":true,"href":"https:\/\/www.aarquiteta.com.br\/blog\/wp-json\/wp\/v2\/comments?post=98642"}],"version-history":[{"count":0,"href":"https:\/\/www.aarquiteta.com.br\/blog\/wp-json\/wp\/v2\/posts\/98642\/revisions"}],"wp:featuredmedia":[{"embeddable":true,"href":"https:\/\/www.aarquiteta.com.br\/blog\/wp-json\/wp\/v2\/media\/98637"}],"wp:attachment":[{"href":"https:\/\/www.aarquiteta.com.br\/blog\/wp-json\/wp\/v2\/media?parent=98642"}],"wp:term":[{"taxonomy":"category","embeddable":true,"href":"https:\/\/www.aarquiteta.com.br\/blog\/wp-json\/wp\/v2\/categories?post=98642"},{"taxonomy":"post_tag","embeddable":true,"href":"https:\/\/www.aarquiteta.com.br\/blog\/wp-json\/wp\/v2\/tags?post=98642"}],"curies":[{"name":"wp","href":"https:\/\/api.w.org\/{rel}","templated":true}]}}