{"id":98513,"date":"2023-10-27T20:35:18","date_gmt":"2023-10-27T23:35:18","guid":{"rendered":"http:\/\/aarquiteta.com.br\/?p=98513"},"modified":"2024-07-03T12:29:47","modified_gmt":"2024-07-03T15:29:47","slug":"sofa-preto-5-razoes-para-escolher-elegancia-e-versatilidade","status":"publish","type":"post","link":"https:\/\/www.aarquiteta.com.br\/blog\/sofa-preto-5-razoes-para-escolher-elegancia-e-versatilidade\/","title":{"rendered":"Sof\u00e1 Preto: 5 Raz\u00f5es Para Escolher Eleg\u00e2ncia E Versatilidade."},"content":{"rendered":"<p>Por que escolher um sof\u00e1 preto?<\/p>\n<h2>5 Raz\u00f5es para escolher eleg\u00e2ncia e versatilidade de um sof\u00e1 preto<\/h2>\n<p>Um sof\u00e1 preto pode ser uma escolha elegante e vers\u00e1til para qualquer sala. Se voc\u00ea est\u00e1 pensando em comprar um novo sof\u00e1, considere as seguintes raz\u00f5es para escolher um sof\u00e1 preto:<\/p>\n<h3>1. Combina com qualquer estilo de decora\u00e7\u00e3o<\/h3>\n<figure style=\"width: 1024px\" class=\"wp-caption aligncenter\"><img decoding=\"async\" src=\"https:\/\/www.aarquiteta.com.br\/blog\/wp-content\/uploads\/2023\/10\/Sofa-Preto-5-Razoes-Para-Escolher-Elegancia-E-Versatilidade.04.jpg\" alt=\"Sof\u00e1 Preto: 5 Raz\u00f5es Para Escolher Eleg\u00e2ncia E Versatilidade.\" width=\"1024\" height=\"1024\" title=\"\"><figcaption class=\"wp-caption-text\">Sof\u00e1 Preto: 5 Raz\u00f5es Para Escolher Eleg\u00e2ncia E Versatilidade.<\/figcaption><\/figure>\n<p>Uma das principais vantagens de um sof\u00e1 preto \u00e9 que ele combina facilmente com qualquer estilo de decora\u00e7\u00e3o. Seja o seu estilo moderno, cl\u00e1ssico, r\u00fastico ou contempor\u00e2neo, um sof\u00e1 preto se adapta perfeitamente e complementa a est\u00e9tica da sua sala. Ele pode servir como uma base neutra para outros elementos decorativos e permite que voc\u00ea experimente diferentes cores e padr\u00f5es nos acess\u00f3rios.<\/p>\n<h3>2. Destaca outros elementos da sala<\/h3>\n<p>Um sof\u00e1 preto pode atuar como um ponto focal na sua sala, destacando outros elementos de decora\u00e7\u00e3o. Se voc\u00ea tem uma parede com uma pintura ou papel de parede interessante, um sof\u00e1 preto pode ajudar a real\u00e7ar esses detalhes. Al\u00e9m disso, se voc\u00ea tem uma estante de livros ou uma mesa de centro com objetos decorativos, um sof\u00e1 preto cria um contraste visual que chama a aten\u00e7\u00e3o para esses elementos.<\/p>\n<h3>3. F\u00e1cil de limpar e manter<\/h3>\n<figure style=\"width: 1024px\" class=\"wp-caption aligncenter\"><img decoding=\"async\" src=\"https:\/\/www.aarquiteta.com.br\/blog\/wp-content\/uploads\/2023\/10\/Sofa-Preto-5-Razoes-Para-Escolher-Elegancia-E-Versatilidade.03.jpg\" alt=\"Sof\u00e1 Preto: 5 Raz\u00f5es Para Escolher Eleg\u00e2ncia E Versatilidade.\" width=\"1024\" height=\"1024\" title=\"\"><figcaption class=\"wp-caption-text\">Sof\u00e1 Preto: 5 Raz\u00f5es Para Escolher Eleg\u00e2ncia E Versatilidade.<\/figcaption><\/figure>\n<p>Outra vantagem de um sof\u00e1 preto \u00e9 a facilidade de limpeza e manuten\u00e7\u00e3o. Manchas e sujeiras s\u00e3o menos vis\u00edveis em um sof\u00e1 preto em compara\u00e7\u00e3o com cores mais claras. Al\u00e9m disso, a maioria dos sof\u00e1s pretos \u00e9 feita de materiais dur\u00e1veis e f\u00e1ceis de limpar, como couro ou tecidos sint\u00e9ticos. Basta um pano \u00famido e um produto de limpeza suave para manter o seu sof\u00e1 preto com apar\u00eancia de novo.<\/p>\n<h3>4. Transmite sofistica\u00e7\u00e3o e eleg\u00e2ncia<\/h3>\n<p>Um sof\u00e1 preto \u00e9 sin\u00f4nimo de sofistica\u00e7\u00e3o e eleg\u00e2ncia. A cor preta \u00e9 associada a um estilo mais refinado e luxuoso, trazendo um toque de classe para a sua sala. Se voc\u00ea deseja criar um ambiente elegante e sofisticado, um sof\u00e1 preto \u00e9 uma escolha certeira.<\/p>\n<h3>5. Pode ser facilmente atualizado com acess\u00f3rios<\/h3>\n<p>Uma das vantagens de um sof\u00e1 preto \u00e9 a sua versatilidade. Voc\u00ea pode facilmente atualizar o visual do seu sof\u00e1 preto com acess\u00f3rios, como almofadas coloridas, mantas ou capas. Esses pequenos detalhes podem transformar completamente a apar\u00eancia do seu sof\u00e1 e dar um toque personalizado \u00e0 sua sala.<\/p>\n[amazon table=&#8221;82509&#8243;]\n<h2>Perguntas frequentes sobre sof\u00e1s pretos<\/h2>\n<ol>\n<li>\n<h3>O sof\u00e1 preto pode deixar a sala escura?<\/h3>\n<figure style=\"width: 1024px\" class=\"wp-caption aligncenter\"><img decoding=\"async\" src=\"https:\/\/www.aarquiteta.com.br\/blog\/wp-content\/uploads\/2023\/10\/Sofa-Preto-5-Razoes-Para-Escolher-Elegancia-E-Versatilidade.02.jpg\" alt=\"Sof\u00e1 Preto: 5 Raz\u00f5es Para Escolher Eleg\u00e2ncia E Versatilidade.\" width=\"1024\" height=\"1024\" title=\"\"><figcaption class=\"wp-caption-text\">Sof\u00e1 Preto: 5 Raz\u00f5es Para Escolher Eleg\u00e2ncia E Versatilidade.<\/figcaption><\/figure>\n<p>N\u00e3o necessariamente. Um sof\u00e1 preto pode trazer um contraste interessante em uma sala bem iluminada. Al\u00e9m disso, voc\u00ea pode equilibrar a escurid\u00e3o do sof\u00e1 com outros elementos claros na decora\u00e7\u00e3o, como paredes claras, cortinas ou tapetes claros.<\/li>\n<li>\n<h3>Como escolher o tamanho certo de um sof\u00e1 preto?<\/h3>\n<p>A escolha do tamanho do sof\u00e1 preto depende do espa\u00e7o dispon\u00edvel na sua sala e das suas necessidades. Me\u00e7a o espa\u00e7o onde o sof\u00e1 ser\u00e1 colocado e leve em considera\u00e7\u00e3o o n\u00famero de pessoas que ir\u00e3o utiliz\u00e1-lo regularmente. Certifique-se de que o sof\u00e1 seja proporcional ao tamanho da sala e permita uma circula\u00e7\u00e3o confort\u00e1vel.<\/li>\n<li>\n<h3>O sof\u00e1 preto \u00e9 adequado para fam\u00edlias com crian\u00e7as?<\/h3>\n<figure style=\"width: 1024px\" class=\"wp-caption aligncenter\"><img decoding=\"async\" src=\"https:\/\/www.aarquiteta.com.br\/blog\/wp-content\/uploads\/2023\/10\/Sofa-Preto-5-Razoes-Para-Escolher-Elegancia-E-Versatilidade.01.jpg\" alt=\"Sof\u00e1 Preto: 5 Raz\u00f5es Para Escolher Eleg\u00e2ncia E Versatilidade.\" width=\"1024\" height=\"1024\" title=\"\"><figcaption class=\"wp-caption-text\">Sof\u00e1 Preto: 5 Raz\u00f5es Para Escolher Eleg\u00e2ncia E Versatilidade.<\/figcaption><\/figure>\n<p>Sim, um sof\u00e1 preto pode ser uma boa op\u00e7\u00e3o para fam\u00edlias com crian\u00e7as. A cor escura ajuda a disfar\u00e7ar manchas e sujeiras, tornando a limpeza mais f\u00e1cil. Al\u00e9m disso, muitos sof\u00e1s pretos s\u00e3o feitos de materiais dur\u00e1veis e resistentes, que podem suportar o uso di\u00e1rio e as brincadeiras das crian\u00e7as.<\/li>\n<li>\n<h3>Como combinar um sof\u00e1 preto com outras cores na decora\u00e7\u00e3o?<\/h3>\n<p>Um sof\u00e1 preto \u00e9 uma base neutra que combina bem com uma variedade de cores. Voc\u00ea pode optar por uma paleta de cores contrastantes, como branco e cinza, para criar um visual moderno. Ou pode escolher cores complementares, como tons de azul ou verde, para adicionar um toque de cor \u00e0 sua sala.<\/li>\n<li>\n<h3>O sof\u00e1 preto \u00e9 uma boa op\u00e7\u00e3o para ambientes pequenos?<\/h3>\n<p>Sim, um sof\u00e1 preto pode ser uma boa op\u00e7\u00e3o para ambientes pequenos. A cor escura ajuda a criar a ilus\u00e3o de espa\u00e7o, tornando a sala visualmente mais ampla. Al\u00e9m disso, um sof\u00e1 preto pode ser combinado com outros m\u00f3veis e acess\u00f3rios de cores claras para criar um contraste interessante e dar a sensa\u00e7\u00e3o de um ambiente mais arejado.<\/li>\n<\/ol>\n<p>Em resumo, um sof\u00e1 preto oferece eleg\u00e2ncia, versatilidade e facilidade de manuten\u00e7\u00e3o. Ele combina com qualquer estilo de decora\u00e7\u00e3o, destaca outros elementos da sala, \u00e9 f\u00e1cil de limpar, transmite sofistica\u00e7\u00e3o e pode ser facilmente atualizado com acess\u00f3rios. Al\u00e9m disso, respondemos a algumas perguntas frequentes sobre sof\u00e1s pretos para ajudar voc\u00ea a tomar a melhor decis\u00e3o para a sua sala.<\/p>\n<p><strong>Curiosidade:<\/strong> Sabia que o sof\u00e1 preto \u00e9 uma escolha popular entre designers de interiores devido \u00e0 sua capacidade de se adaptar a diferentes estilos e ambientes?<\/p>\n","protected":false},"excerpt":{"rendered":"<p>Sof\u00e1 Preto: Aprenda 5 Maneiras de Escolher um M\u00f3vel Elegante e Vers\u00e1til.<\/p>\n","protected":false},"author":102,"featured_media":98510,"comment_status":"closed","ping_status":"closed","sticky":false,"template":"","format":"standard","meta":{"footnotes":""},"categories":[1484,35382],"tags":[6375,31081,7942,34453,3751,8868],"class_list":["post-98513","post","type-post","status-publish","format-standard","has-post-thumbnail","category-decoracao","category-sofas-e-poltronas","tag-elegancia","tag-escolher","tag-preto","tag-razoes","tag-sofa","tag-versatilidade"],"_wp_attached_file":null,"_wp_attachment_metadata":null,"_wp_attachment_context":null,"_wp_attachment_is_custom_header":null,"geo_longitude":null,"geo_public":null,"geo_latitude":null,"_publicize_done_external":null,"_wpas_done_3897181":null,"publicize_twitter_user":null,"_wpas_done_3897175":null,"_wpas_skip_3897181":null,"_wpas_skip_3897175":null,"_wpas_skip_3924723":null,"_wpas_mess":null,"_wpas_done_3924723":null,"wps_subtitle":"","_links":{"self":[{"href":"https:\/\/www.aarquiteta.com.br\/blog\/wp-json\/wp\/v2\/posts\/98513","targetHints":{"allow":["GET"]}}],"collection":[{"href":"https:\/\/www.aarquiteta.com.br\/blog\/wp-json\/wp\/v2\/posts"}],"about":[{"href":"https:\/\/www.aarquiteta.com.br\/blog\/wp-json\/wp\/v2\/types\/post"}],"author":[{"embeddable":true,"href":"https:\/\/www.aarquiteta.com.br\/blog\/wp-json\/wp\/v2\/users\/102"}],"replies":[{"embeddable":true,"href":"https:\/\/www.aarquiteta.com.br\/blog\/wp-json\/wp\/v2\/comments?post=98513"}],"version-history":[{"count":0,"href":"https:\/\/www.aarquiteta.com.br\/blog\/wp-json\/wp\/v2\/posts\/98513\/revisions"}],"wp:featuredmedia":[{"embeddable":true,"href":"https:\/\/www.aarquiteta.com.br\/blog\/wp-json\/wp\/v2\/media\/98510"}],"wp:attachment":[{"href":"https:\/\/www.aarquiteta.com.br\/blog\/wp-json\/wp\/v2\/media?parent=98513"}],"wp:term":[{"taxonomy":"category","embeddable":true,"href":"https:\/\/www.aarquiteta.com.br\/blog\/wp-json\/wp\/v2\/categories?post=98513"},{"taxonomy":"post_tag","embeddable":true,"href":"https:\/\/www.aarquiteta.com.br\/blog\/wp-json\/wp\/v2\/tags?post=98513"}],"curies":[{"name":"wp","href":"https:\/\/api.w.org\/{rel}","templated":true}]}}