{"id":98437,"date":"2023-11-04T15:26:59","date_gmt":"2023-11-04T18:26:59","guid":{"rendered":"http:\/\/aarquiteta.com.br\/?p=98437"},"modified":"2023-11-04T15:26:59","modified_gmt":"2023-11-04T18:26:59","slug":"puff-para-sala","status":"publish","type":"post","link":"https:\/\/www.aarquiteta.com.br\/blog\/puff-para-sala\/","title":{"rendered":"Puff Para Sala: Transforme seu Ambiente com Estilo e Conforto"},"content":{"rendered":"<p>Um puff \u00e9 um item vers\u00e1til e funcional que pode transformar completamente o ambiente da sua sala. Al\u00e9m de adicionar estilo e conforto, um puff oferece uma s\u00e9rie de benef\u00edcios que o tornam uma escolha inteligente para qualquer espa\u00e7o. Neste artigo, exploraremos as raz\u00f5es pelas quais voc\u00ea deve considerar adicionar um puff \u00e0 sua sala.<\/p>\n<h2>Por que escolher um puff para sua sala?<\/h2>\n<h3>1. Versatilidade<\/h3>\n<figure style=\"width: 1024px\" class=\"wp-caption aligncenter\"><img decoding=\"async\" src=\"https:\/\/www.aarquiteta.com.br\/blog\/wp-content\/uploads\/2023\/10\/puff-para-sala04.jpg\" alt=\"puff para sala\" width=\"1024\" height=\"1024\" title=\"\"><figcaption class=\"wp-caption-text\">puff para sala<\/figcaption><\/figure>\n<p>Um dos principais benef\u00edcios de um puff \u00e9 a sua versatilidade. Ele pode ser usado como um assento extra, um apoio para os p\u00e9s ou at\u00e9 mesmo como uma mesa de centro improvisada. Com tantas op\u00e7\u00f5es de uso, um puff pode se adaptar facilmente \u00e0s suas necessidades e ao estilo da sua sala.<\/p>\n<h3>2. Conforto<\/h3>\n<p>Outra vantagem de ter um puff na sua sala \u00e9 o conforto que ele proporciona. Com seu estofamento macio e acolhedor, um puff \u00e9 perfeito para relaxar ap\u00f3s um longo dia de trabalho ou para desfrutar de momentos de lazer com a fam\u00edlia e amigos.<\/p>\n<h3>3. Estilo<\/h3>\n<figure style=\"width: 1024px\" class=\"wp-caption aligncenter\"><img decoding=\"async\" src=\"https:\/\/www.aarquiteta.com.br\/blog\/wp-content\/uploads\/2023\/10\/puff-para-sala03.jpg\" alt=\"puff para sala\" width=\"1024\" height=\"1024\" title=\"\"><figcaption class=\"wp-caption-text\">puff para sala<\/figcaption><\/figure>\n<p>Um puff pode adicionar um toque de estilo e personalidade \u00e0 sua sala. Com uma ampla variedade de designs, cores e estampas dispon\u00edveis, voc\u00ea pode escolher um puff que complemente a decora\u00e7\u00e3o existente ou que seja o destaque do ambiente.<\/p>\n<h3>4. Espa\u00e7o extra de assento<\/h3>\n<p>Se voc\u00ea costuma receber visitas ou tem uma fam\u00edlia grande, um puff pode ser uma solu\u00e7\u00e3o pr\u00e1tica para fornecer assentos extras. Ele pode ser facilmente movido e colocado em qualquer lugar da sala, oferecendo um assento confort\u00e1vel para os convidados.<\/p>\n<h3>5. Op\u00e7\u00f5es de armazenamento<\/h3>\n<p>Alguns modelos de puff v\u00eam com op\u00e7\u00f5es de armazenamento embutido. Isso significa que voc\u00ea pode guardar itens como cobertores, livros ou revistas dentro do puff, mantendo sua sala organizada e livre de bagun\u00e7a.<\/p>\n<h3>6. F\u00e1cil de mover<\/h3>\n<figure style=\"width: 1024px\" class=\"wp-caption aligncenter\"><img decoding=\"async\" src=\"https:\/\/www.aarquiteta.com.br\/blog\/wp-content\/uploads\/2023\/10\/puff-para-sala02.jpg\" alt=\"puff para sala\" width=\"1024\" height=\"1024\" title=\"\"><figcaption class=\"wp-caption-text\">puff para sala<\/figcaption><\/figure>\n<p>Um puff \u00e9 um m\u00f3vel leve e f\u00e1cil de mover. Isso significa que voc\u00ea pode facilmente rearranjar sua sala ou lev\u00e1-lo para outros c\u00f4modos da casa, conforme necess\u00e1rio. Sua portabilidade \u00e9 uma vantagem adicional que o torna uma escolha pr\u00e1tica para qualquer ambiente.<\/p>\n<h3>7. Personaliza\u00e7\u00e3o<\/h3>\n<p>Com tantas op\u00e7\u00f5es dispon\u00edveis no mercado, voc\u00ea pode personalizar seu puff de acordo com suas prefer\u00eancias. Escolha o tamanho, a cor, o tecido e os detalhes que mais combinam com o estilo da sua sala e crie um puff \u00fanico e exclusivo.<\/p>\n<h3>8. Durabilidade<\/h3>\n<figure style=\"width: 1024px\" class=\"wp-caption aligncenter\"><img decoding=\"async\" src=\"https:\/\/www.aarquiteta.com.br\/blog\/wp-content\/uploads\/2023\/10\/puff-para-sala01.jpg\" alt=\"puff para sala\" width=\"1024\" height=\"1024\" title=\"\"><figcaption class=\"wp-caption-text\">puff para sala<\/figcaption><\/figure>\n<p>Um puff bem constru\u00eddo e de qualidade pode durar por muitos anos. Ao investir em um puff dur\u00e1vel, voc\u00ea ter\u00e1 um m\u00f3vel que resistir\u00e1 ao uso di\u00e1rio e manter\u00e1 sua apar\u00eancia e conforto ao longo do tempo.<\/p>\n<h3>9. Op\u00e7\u00f5es de tamanho<\/h3>\n<p>Os puffs est\u00e3o dispon\u00edveis em uma variedade de tamanhos, desde modelos pequenos e compactos at\u00e9 op\u00e7\u00f5es maiores e mais espa\u00e7osas. Isso significa que voc\u00ea pode encontrar um puff que se encaixe perfeitamente no espa\u00e7o dispon\u00edvel na sua sala.<\/p>\n<h3>10. Variedade de materiais<\/h3>\n<p>Os puffs s\u00e3o fabricados em uma ampla variedade de materiais, desde tecidos macios e aconchegantes at\u00e9 couro elegante. Escolha o material que mais combina com o estilo da sua sala e garanta um visual sofisticado e agrad\u00e1vel.<\/p>\n<h3>11. F\u00e1cil de limpar<\/h3>\n<p>Manter um puff limpo e bem cuidado \u00e9 simples e f\u00e1cil. A maioria dos modelos possui capas remov\u00edveis que podem ser lavadas na m\u00e1quina, facilitando a limpeza e a manuten\u00e7\u00e3o do seu puff.<\/p>\n<h3>12. Pre\u00e7o acess\u00edvel<\/h3>\n<p>Os puffs s\u00e3o uma op\u00e7\u00e3o de mobili\u00e1rio acess\u00edvel em compara\u00e7\u00e3o com outros tipos de assentos. Voc\u00ea pode encontrar modelos de alta qualidade a pre\u00e7os razo\u00e1veis, permitindo que voc\u00ea adicione estilo e conforto \u00e0 sua sala sem estourar o or\u00e7amento.<\/p>\n<h2>Perguntas Frequentes:<\/h2>\n<ol>\n<li>\n<h3><strong>Qual \u00e9 o tamanho ideal de um puff para a minha sala?<\/strong><\/h3>\n<p>O tamanho ideal de um puff para a sua sala depende do espa\u00e7o dispon\u00edvel e de como voc\u00ea pretende us\u00e1-lo. Puffs v\u00eam em v\u00e1rias dimens\u00f5es, desde pequenos puffs individuais at\u00e9 puffs maiores para serem usados como assentos adicionais. Para determinar o tamanho ideal, avalie o espa\u00e7o onde pretende coloc\u00e1-lo e considere se ele ser\u00e1 usado principalmente como um assento extra ou como um apoio para os p\u00e9s.<\/li>\n<li>\n<h3><strong>Posso usar um puff como mesa de centro?<\/strong><\/h3>\n<p>Sim, voc\u00ea pode usar um puff como mesa de centro, desde que escolha um modelo adequado. Existem puffs projetados especificamente para essa finalidade, com superf\u00edcies planas e resistentes. Eles podem ser uma op\u00e7\u00e3o vers\u00e1til para espa\u00e7os menores, pois tamb\u00e9m podem ser usados como assentos extras quando necess\u00e1rio.<\/li>\n<li>\n<h3><strong>Como limpar um puff?<\/strong><\/h3>\n<p>A limpeza de um puff depende do material do revestimento. Para puffs com capas remov\u00edveis, siga as instru\u00e7\u00f5es de lavagem presentes na etiqueta do tecido. Geralmente, voc\u00ea pode lavar as capas na m\u00e1quina de acordo com as recomenda\u00e7\u00f5es do fabricante. Para puffs de couro ou materiais n\u00e3o remov\u00edveis, use um pano levemente umedecido com \u00e1gua e um detergente suave para limpar suavemente a superf\u00edcie. Evite usar produtos abrasivos que possam danificar o material.<\/li>\n<li>\n<h3><strong>Quais s\u00e3o os materiais mais dur\u00e1veis para um puff?<\/strong><\/h3>\n<p>Os materiais mais dur\u00e1veis para um puff incluem couro genu\u00edno, couro sint\u00e9tico de alta qualidade, tecidos resistentes e materiais imperme\u00e1veis. O couro tende a ser dur\u00e1vel e elegante, enquanto os tecidos de alta resist\u00eancia, como o poli\u00e9ster, tamb\u00e9m s\u00e3o uma escolha s\u00f3lida. Puffs com revestimentos imperme\u00e1veis s\u00e3o ideais para resistir a derramamentos acidentais e manter a durabilidade ao longo do tempo.<\/li>\n<li>\n<h3><strong>\u00c9 poss\u00edvel personalizar a cor e o tecido do meu puff?<\/strong><\/h3>\n<p>Sim, muitas lojas e fabricantes oferecem a op\u00e7\u00e3o de personalizar a cor e o tecido do seu puff. Isso permite que voc\u00ea escolha um puff que se adapte perfeitamente \u00e0 decora\u00e7\u00e3o da sua sala. Certifique-se de verificar com o fabricante ou fornecedor as op\u00e7\u00f5es de personaliza\u00e7\u00e3o dispon\u00edveis e os custos adicionais, se houver.<\/li>\n<\/ol>\n[amazon table=&#8221;95763&#8243;]\n<h2>Conclus\u00e3o:<\/h2>\n<p>Puffs s\u00e3o uma \u00f3tima op\u00e7\u00e3o para adicionar estilo e conforto \u00e0 sua sala. Com sua versatilidade, conforto e op\u00e7\u00f5es de personaliza\u00e7\u00e3o, eles podem transformar seu ambiente de maneira f\u00e1cil e acess\u00edvel. N\u00e3o perca a oportunidade de adicionar um puff \u00e0 sua sala e desfrutar de todos os benef\u00edcios que ele oferece.<\/p>\n","protected":false},"excerpt":{"rendered":"<p>Transforme seu ambiente com estilo e conforto. Encontre os melhores puffs para sua sala, seguindo nossas indica\u00e7\u00f5es e aprendendo diferentes caminhos para agregar personalidade ao seu espa\u00e7o.<\/p>\n","protected":false},"author":102,"featured_media":98433,"comment_status":"closed","ping_status":"closed","sticky":false,"template":"","format":"standard","meta":{"footnotes":""},"categories":[1484],"tags":[3282,1249,5425,34462,34461,33903],"class_list":["post-98437","post","type-post","status-publish","format-standard","has-post-thumbnail","category-decoracao","tag-ambiente","tag-conforto","tag-estilo","tag-para-sala","tag-puff","tag-transforme"],"_wp_attached_file":null,"_wp_attachment_metadata":null,"_wp_attachment_context":null,"_wp_attachment_is_custom_header":null,"geo_longitude":null,"geo_public":null,"geo_latitude":null,"_publicize_done_external":null,"_wpas_done_3897181":null,"publicize_twitter_user":null,"_wpas_done_3897175":null,"_wpas_skip_3897181":null,"_wpas_skip_3897175":null,"_wpas_skip_3924723":null,"_wpas_mess":null,"_wpas_done_3924723":null,"wps_subtitle":"","_links":{"self":[{"href":"https:\/\/www.aarquiteta.com.br\/blog\/wp-json\/wp\/v2\/posts\/98437","targetHints":{"allow":["GET"]}}],"collection":[{"href":"https:\/\/www.aarquiteta.com.br\/blog\/wp-json\/wp\/v2\/posts"}],"about":[{"href":"https:\/\/www.aarquiteta.com.br\/blog\/wp-json\/wp\/v2\/types\/post"}],"author":[{"embeddable":true,"href":"https:\/\/www.aarquiteta.com.br\/blog\/wp-json\/wp\/v2\/users\/102"}],"replies":[{"embeddable":true,"href":"https:\/\/www.aarquiteta.com.br\/blog\/wp-json\/wp\/v2\/comments?post=98437"}],"version-history":[{"count":0,"href":"https:\/\/www.aarquiteta.com.br\/blog\/wp-json\/wp\/v2\/posts\/98437\/revisions"}],"wp:featuredmedia":[{"embeddable":true,"href":"https:\/\/www.aarquiteta.com.br\/blog\/wp-json\/wp\/v2\/media\/98433"}],"wp:attachment":[{"href":"https:\/\/www.aarquiteta.com.br\/blog\/wp-json\/wp\/v2\/media?parent=98437"}],"wp:term":[{"taxonomy":"category","embeddable":true,"href":"https:\/\/www.aarquiteta.com.br\/blog\/wp-json\/wp\/v2\/categories?post=98437"},{"taxonomy":"post_tag","embeddable":true,"href":"https:\/\/www.aarquiteta.com.br\/blog\/wp-json\/wp\/v2\/tags?post=98437"}],"curies":[{"name":"wp","href":"https:\/\/api.w.org\/{rel}","templated":true}]}}