{"id":98328,"date":"2024-01-05T12:05:49","date_gmt":"2024-01-05T15:05:49","guid":{"rendered":"http:\/\/aarquiteta.com.br\/?p=98328"},"modified":"2024-01-05T12:05:49","modified_gmt":"2024-01-05T15:05:49","slug":"tipos-de-cortina","status":"publish","type":"post","link":"https:\/\/www.aarquiteta.com.br\/blog\/tipos-de-cortina\/","title":{"rendered":"8 Tipos de Cortina: Uma Janela de Estilo para Sua Casa!"},"content":{"rendered":"<p>Quando se trata de decorar a sua casa, cada detalhe conta. E uma das maneiras mais eficazes de adicionar estilo e personalidade a um espa\u00e7o \u00e9 escolhendo as cortinas certas. As cortinas n\u00e3o s\u00e3o apenas funcionais, elas tamb\u00e9m desempenham um papel importante na est\u00e9tica de um ambiente.<\/p>\n<p>Neste guia abrangente, vamos explorar 8 tipos de cortina que podem ser a janela perfeita para o seu estilo. Vamos descobrir qual tipo de cortina se adapta melhor a diferentes ambientes, desde a sala de estar at\u00e9 o quarto, e como voc\u00ea pode us\u00e1-las para criar um ambiente acolhedor e elegante em sua casa.<\/p>\n<h2>Tipos de cortina: Uma Janela de Estilo para Sua Casa!<\/h2>\n<h3>1. Cortinas de tecido<\/h3>\n<figure id=\"attachment_90357\" aria-describedby=\"caption-attachment-90357\" style=\"width: 1024px\" class=\"wp-caption alignnone\"><img decoding=\"async\" class=\"size-full wp-image-90357\" src=\"https:\/\/www.aarquiteta.com.br\/blog\/wp-content\/uploads\/2023\/08\/Por-Que-a-Escolha-da-Cortina-Certa-Pode-Fazer-Toda-a-Diferenca-em-Sua-Casa-4.png\" alt=\"Por Que a Escolha da Cortina Certa Pode Fazer Toda a Diferen\u00e7a em Sua Casa\" width=\"1024\" height=\"1024\" title=\"\" srcset=\"https:\/\/www.aarquiteta.com.br\/blog\/wp-content\/uploads\/2023\/08\/Por-Que-a-Escolha-da-Cortina-Certa-Pode-Fazer-Toda-a-Diferenca-em-Sua-Casa-4.png 1024w, https:\/\/www.aarquiteta.com.br\/blog\/wp-content\/uploads\/2023\/08\/Por-Que-a-Escolha-da-Cortina-Certa-Pode-Fazer-Toda-a-Diferenca-em-Sua-Casa-4-696x696.png 696w, https:\/\/www.aarquiteta.com.br\/blog\/wp-content\/uploads\/2023\/08\/Por-Que-a-Escolha-da-Cortina-Certa-Pode-Fazer-Toda-a-Diferenca-em-Sua-Casa-4-96x96.png 96w, https:\/\/www.aarquiteta.com.br\/blog\/wp-content\/uploads\/2023\/08\/Por-Que-a-Escolha-da-Cortina-Certa-Pode-Fazer-Toda-a-Diferenca-em-Sua-Casa-4-150x150.png 150w\" sizes=\"(max-width: 1024px) 100vw, 1024px\" \/><figcaption id=\"caption-attachment-90357\" class=\"wp-caption-text\">Por Que a Escolha da Cortina Certa Pode Fazer Toda a Diferen\u00e7a em Sua Casa<\/figcaption><\/figure>\n<p>As cortinas de tecido s\u00e3o uma op\u00e7\u00e3o cl\u00e1ssica e vers\u00e1til para decorar as janelas. Elas est\u00e3o dispon\u00edveis em uma ampla variedade de cores, estampas e texturas, permitindo que voc\u00ea escolha aquela que melhor se adequa ao seu estilo e \u00e0 decora\u00e7\u00e3o do ambiente. Al\u00e9m disso, as cortinas de tecido oferecem diferentes n\u00edveis de privacidade e controle de luz, dependendo do tipo de tecido escolhido.<\/p>\n<h3>2. Cortinas de persiana<\/h3>\n<p><img decoding=\"async\" class=\"alignnone size-full wp-image-78780\" src=\"https:\/\/www.aarquiteta.com.br\/blog\/wp-content\/uploads\/2023\/04\/cropped-Decoracao-com-cortinas-e-persianas-Como-escolher-e-combinar-com-o-ambiente.jpg\" alt=\"Decora\u00e7\u00e3o com cortinas e persianas Como escolher e combinar com o ambiente\" width=\"640\" height=\"853\" title=\"\" srcset=\"https:\/\/www.aarquiteta.com.br\/blog\/wp-content\/uploads\/2023\/04\/cropped-Decoracao-com-cortinas-e-persianas-Como-escolher-e-combinar-com-o-ambiente.jpg 640w, https:\/\/www.aarquiteta.com.br\/blog\/wp-content\/uploads\/2023\/04\/cropped-Decoracao-com-cortinas-e-persianas-Como-escolher-e-combinar-com-o-ambiente-225x300.jpg 225w, https:\/\/www.aarquiteta.com.br\/blog\/wp-content\/uploads\/2023\/04\/cropped-Decoracao-com-cortinas-e-persianas-Como-escolher-e-combinar-com-o-ambiente-150x200.jpg 150w, https:\/\/www.aarquiteta.com.br\/blog\/wp-content\/uploads\/2023\/04\/cropped-Decoracao-com-cortinas-e-persianas-Como-escolher-e-combinar-com-o-ambiente-300x400.jpg 300w\" sizes=\"(max-width: 640px) 100vw, 640px\" \/><\/p>\n<p>As cortinas de persiana s\u00e3o uma op\u00e7\u00e3o pr\u00e1tica e funcional para controlar a entrada de luz e privacidade. Elas s\u00e3o compostas por l\u00e2minas horizontais ou verticais que podem ser ajustadas de acordo com suas prefer\u00eancias. As cortinas de persiana est\u00e3o dispon\u00edveis em diferentes materiais, como alum\u00ednio, PVC e madeira, oferecendo uma ampla variedade de estilos e acabamentos para combinar com a decora\u00e7\u00e3o do ambiente.<\/p>\n<h3>3. Cortinas romanas<\/h3>\n<figure id=\"attachment_98325\" aria-describedby=\"caption-attachment-98325\" style=\"width: 1024px\" class=\"wp-caption alignnone\"><img decoding=\"async\" class=\"size-full wp-image-98325\" src=\"https:\/\/www.aarquiteta.com.br\/blog\/wp-content\/uploads\/2023\/10\/tipos-de-cortina02.jpg\" alt=\"tipos de cortina\" width=\"1024\" height=\"1024\" title=\"\" srcset=\"https:\/\/www.aarquiteta.com.br\/blog\/wp-content\/uploads\/2023\/10\/tipos-de-cortina02.jpg 1024w, https:\/\/www.aarquiteta.com.br\/blog\/wp-content\/uploads\/2023\/10\/tipos-de-cortina02-696x696.jpg 696w, https:\/\/www.aarquiteta.com.br\/blog\/wp-content\/uploads\/2023\/10\/tipos-de-cortina02-96x96.jpg 96w, https:\/\/www.aarquiteta.com.br\/blog\/wp-content\/uploads\/2023\/10\/tipos-de-cortina02-150x150.jpg 150w\" sizes=\"(max-width: 1024px) 100vw, 1024px\" \/><figcaption id=\"caption-attachment-98325\" class=\"wp-caption-text\">tipos de cortina<\/figcaption><\/figure>\n<p>As cortinas romanas s\u00e3o uma op\u00e7\u00e3o elegante e sofisticada para decorar as janelas. Elas s\u00e3o compostas por pain\u00e9is de tecido que se dobram em camadas quando a cortina \u00e9 levantada.<\/p>\n<p>As cortinas romanas est\u00e3o dispon\u00edveis em uma variedade de tecidos, desde os mais leves e transl\u00facidos at\u00e9 os mais pesados e opacos, permitindo que voc\u00ea controle a entrada de luz e privacidade de acordo com suas necessidades.<\/p>\n<h3>4. Cortinas de rolo<\/h3>\n<p><img decoding=\"async\" class=\"alignnone size-full wp-image-71413\" src=\"https:\/\/www.aarquiteta.com.br\/blog\/wp-content\/uploads\/2022\/11\/trilhorolo.jpg\" alt=\"\" width=\"560\" height=\"560\" title=\"\" srcset=\"https:\/\/www.aarquiteta.com.br\/blog\/wp-content\/uploads\/2022\/11\/trilhorolo.jpg 560w, https:\/\/www.aarquiteta.com.br\/blog\/wp-content\/uploads\/2022\/11\/trilhorolo-96x96.jpg 96w, https:\/\/www.aarquiteta.com.br\/blog\/wp-content\/uploads\/2022\/11\/trilhorolo-150x150.jpg 150w\" sizes=\"(max-width: 560px) 100vw, 560px\" \/><\/p>\n<p>As cortinas de rolo s\u00e3o uma op\u00e7\u00e3o pr\u00e1tica e moderna para decorar as janelas. Elas s\u00e3o compostas por um tecido que \u00e9 enrolado em um tubo quando a cortina \u00e9 levantada. As cortinas de rolo est\u00e3o dispon\u00edveis em uma ampla variedade de tecidos, cores e estampas, permitindo que voc\u00ea adicione um toque de estilo ao ambiente. Al\u00e9m disso, as cortinas de rolo oferecem diferentes n\u00edveis de privacidade e controle de luz, dependendo do tipo de tecido escolhido.<\/p>\n<h3>5. Cortinas de blackout<\/h3>\n<figure id=\"attachment_90358\" aria-describedby=\"caption-attachment-90358\" style=\"width: 1024px\" class=\"wp-caption alignnone\"><img decoding=\"async\" class=\"size-full wp-image-90358\" src=\"https:\/\/www.aarquiteta.com.br\/blog\/wp-content\/uploads\/2023\/08\/Por-Que-a-Escolha-da-Cortina-Certa-Pode-Fazer-Toda-a-Diferenca-em-Sua-Casa-2.png\" alt=\"Por Que a Escolha da Cortina Certa Pode Fazer Toda a Diferen\u00e7a em Sua Casa\" width=\"1024\" height=\"1024\" title=\"\" srcset=\"https:\/\/www.aarquiteta.com.br\/blog\/wp-content\/uploads\/2023\/08\/Por-Que-a-Escolha-da-Cortina-Certa-Pode-Fazer-Toda-a-Diferenca-em-Sua-Casa-2.png 1024w, https:\/\/www.aarquiteta.com.br\/blog\/wp-content\/uploads\/2023\/08\/Por-Que-a-Escolha-da-Cortina-Certa-Pode-Fazer-Toda-a-Diferenca-em-Sua-Casa-2-696x696.png 696w, https:\/\/www.aarquiteta.com.br\/blog\/wp-content\/uploads\/2023\/08\/Por-Que-a-Escolha-da-Cortina-Certa-Pode-Fazer-Toda-a-Diferenca-em-Sua-Casa-2-96x96.png 96w, https:\/\/www.aarquiteta.com.br\/blog\/wp-content\/uploads\/2023\/08\/Por-Que-a-Escolha-da-Cortina-Certa-Pode-Fazer-Toda-a-Diferenca-em-Sua-Casa-2-150x150.png 150w\" sizes=\"(max-width: 1024px) 100vw, 1024px\" \/><figcaption id=\"caption-attachment-90358\" class=\"wp-caption-text\">Por Que a Escolha da Cortina Certa Pode Fazer Toda a Diferen\u00e7a em Sua Casa<\/figcaption><\/figure>\n<p>As cortinas de blackout s\u00e3o uma op\u00e7\u00e3o ideal para quem deseja bloquear completamente a entrada de luz em um ambiente. Elas s\u00e3o compostas por um tecido especial que impede a passagem de luz, proporcionando um ambiente escuro e aconchegante. As cortinas de blackout s\u00e3o especialmente recomendadas para quartos, salas de home theater e outros ambientes onde o controle de luz \u00e9 essencial.<\/p>\n<h3>6. Cortinas de voil<\/h3>\n<figure id=\"attachment_98016\" aria-describedby=\"caption-attachment-98016\" style=\"width: 1024px\" class=\"wp-caption alignnone\"><img decoding=\"async\" class=\"size-full wp-image-98016\" src=\"https:\/\/www.aarquiteta.com.br\/blog\/wp-content\/uploads\/2023\/10\/cortina-voil-branca03.jpg\" alt=\"cortina voil branca\" width=\"1024\" height=\"1024\" title=\"\" srcset=\"https:\/\/www.aarquiteta.com.br\/blog\/wp-content\/uploads\/2023\/10\/cortina-voil-branca03.jpg 1024w, https:\/\/www.aarquiteta.com.br\/blog\/wp-content\/uploads\/2023\/10\/cortina-voil-branca03-696x696.jpg 696w, https:\/\/www.aarquiteta.com.br\/blog\/wp-content\/uploads\/2023\/10\/cortina-voil-branca03-96x96.jpg 96w, https:\/\/www.aarquiteta.com.br\/blog\/wp-content\/uploads\/2023\/10\/cortina-voil-branca03-150x150.jpg 150w\" sizes=\"(max-width: 1024px) 100vw, 1024px\" \/><figcaption id=\"caption-attachment-98016\" class=\"wp-caption-text\">cortina voil branca<\/figcaption><\/figure>\n<p>As cortinas de voil s\u00e3o uma op\u00e7\u00e3o leve e delicada para decorar as janelas. Elas s\u00e3o compostas por um tecido transparente e leve, que permite a passagem de luz de forma suave e difusa. As cortinas de voil s\u00e3o ideais para ambientes onde voc\u00ea deseja manter a privacidade sem bloquear completamente a entrada de luz.<\/p>\n<h3>7. Cortinas de trilho<\/h3>\n<figure id=\"attachment_90356\" aria-describedby=\"caption-attachment-90356\" style=\"width: 1024px\" class=\"wp-caption alignnone\"><img decoding=\"async\" class=\"size-full wp-image-90356\" src=\"https:\/\/www.aarquiteta.com.br\/blog\/wp-content\/uploads\/2023\/08\/Por-Que-a-Escolha-da-Cortina-Certa-Pode-Fazer-Toda-a-Diferenca-em-Sua-Casa.png\" alt=\"Por Que a Escolha da Cortina Certa Pode Fazer Toda a Diferen\u00e7a em Sua Casa\" width=\"1024\" height=\"1024\" title=\"\" srcset=\"https:\/\/www.aarquiteta.com.br\/blog\/wp-content\/uploads\/2023\/08\/Por-Que-a-Escolha-da-Cortina-Certa-Pode-Fazer-Toda-a-Diferenca-em-Sua-Casa.png 1024w, https:\/\/www.aarquiteta.com.br\/blog\/wp-content\/uploads\/2023\/08\/Por-Que-a-Escolha-da-Cortina-Certa-Pode-Fazer-Toda-a-Diferenca-em-Sua-Casa-696x696.png 696w, https:\/\/www.aarquiteta.com.br\/blog\/wp-content\/uploads\/2023\/08\/Por-Que-a-Escolha-da-Cortina-Certa-Pode-Fazer-Toda-a-Diferenca-em-Sua-Casa-96x96.png 96w, https:\/\/www.aarquiteta.com.br\/blog\/wp-content\/uploads\/2023\/08\/Por-Que-a-Escolha-da-Cortina-Certa-Pode-Fazer-Toda-a-Diferenca-em-Sua-Casa-150x150.png 150w\" sizes=\"(max-width: 1024px) 100vw, 1024px\" \/><figcaption id=\"caption-attachment-90356\" class=\"wp-caption-text\">Por Que a Escolha da Cortina Certa Pode Fazer Toda a Diferen\u00e7a em Sua Casa<\/figcaption><\/figure>\n<p>As cortinas de trilho s\u00e3o uma op\u00e7\u00e3o pr\u00e1tica e vers\u00e1til para decorar as janelas. Elas s\u00e3o compostas por pain\u00e9is de tecido que deslizam horizontalmente em trilhos, permitindo que voc\u00ea controle a entrada de luz e privacidade de forma f\u00e1cil e precisa. As cortinas de trilho est\u00e3o dispon\u00edveis em uma variedade de tecidos, cores e estampas, permitindo que voc\u00ea crie um visual personalizado para o ambiente.<\/p>\n<h3>8. Cortinas de argolas \/ Ilh\u00f3s \/ var\u00e3o<\/h3>\n<figure id=\"attachment_90943\" aria-describedby=\"caption-attachment-90943\" style=\"width: 1024px\" class=\"wp-caption alignnone\"><img decoding=\"async\" class=\"size-full wp-image-90943\" src=\"https:\/\/www.aarquiteta.com.br\/blog\/wp-content\/uploads\/2023\/08\/como-escolher-cortina-para-o-quarto-2.png\" alt=\"Cortinas para o Quarto: Dicas de Especialistas para N\u00e3o Errar!\" width=\"1024\" height=\"1024\" title=\"\" srcset=\"https:\/\/www.aarquiteta.com.br\/blog\/wp-content\/uploads\/2023\/08\/como-escolher-cortina-para-o-quarto-2.png 1024w, https:\/\/www.aarquiteta.com.br\/blog\/wp-content\/uploads\/2023\/08\/como-escolher-cortina-para-o-quarto-2-696x696.png 696w, https:\/\/www.aarquiteta.com.br\/blog\/wp-content\/uploads\/2023\/08\/como-escolher-cortina-para-o-quarto-2-96x96.png 96w, https:\/\/www.aarquiteta.com.br\/blog\/wp-content\/uploads\/2023\/08\/como-escolher-cortina-para-o-quarto-2-150x150.png 150w\" sizes=\"(max-width: 1024px) 100vw, 1024px\" \/><figcaption id=\"caption-attachment-90943\" class=\"wp-caption-text\">Cortinas para o Quarto: Dicas de Especialistas para N\u00e3o Errar!<\/figcaption><\/figure>\n<p>As cortinas de argolas s\u00e3o uma op\u00e7\u00e3o moderna e vers\u00e1til para decorar as janelas. Elas s\u00e3o compostas por um tecido que \u00e9 preso a argolas, permitindo que voc\u00ea controle a entrada de luz e privacidade de forma f\u00e1cil e pr\u00e1tica. As cortinas de argolas est\u00e3o dispon\u00edveis em uma variedade de tecidos, cores e estampas, permitindo que voc\u00ea crie um visual personalizado para o ambiente.<\/p>\n<h2>Perguntas frequentes<\/h2>\n<h3>1. Qual \u00e9 o melhor tipo de cortina para bloquear a luz?<\/h3>\n<p>O melhor tipo de cortina para bloquear a luz depende das suas necessidades espec\u00edficas. Se voc\u00ea deseja bloquear completamente a entrada de luz, as cortinas de blackout s\u00e3o a melhor op\u00e7\u00e3o. Se voc\u00ea deseja manter a privacidade sem bloquear completamente a entrada de luz, as cortinas de voil s\u00e3o uma boa escolha. Avalie suas necessidades e escolha o tipo de cortina que melhor atenda aos seus requisitos.<\/p>\n<h3>2. Como escolher o tamanho certo?<\/h3>\n<p style=\"text-align: center;\">[amazon table=&#8221;90718&#8243;]\n<p>Para escolher o tamanho certo da cortina, me\u00e7a a largura e a altura da janela ou do espa\u00e7o onde a cortina ser\u00e1 instalada. Adicione algumas polegadas extras \u00e0 medida da largura para garantir que a cortina cubra toda a janela quando estiver fechada. Quanto \u00e0 altura, voc\u00ea pode optar por cortinas que v\u00e3o at\u00e9 o ch\u00e3o para um visual mais elegante ou cortinas que fiquem logo abaixo da janela para um visual mais pr\u00e1tico. Considere tamb\u00e9m a altura do trilho ou var\u00e3o onde a cortina ser\u00e1 instalada.<\/p>\n<p>Conclus\u00e3o:<\/p>\n<p>As cortinas s\u00e3o elementos essenciais na decora\u00e7\u00e3o de qualquer ambiente. Al\u00e9m de proporcionarem privacidade e controle de luz, elas tamb\u00e9m podem adicionar estilo e personalidade aos espa\u00e7os. Com tantos tipos diferentes de cortinas dispon\u00edveis, voc\u00ea certamente encontrar\u00e1 aquela que melhor se adequa ao seu estilo e \u00e0s suas necessidades. Seja uma cortina de tecido cl\u00e1ssica, uma cortina de persiana pr\u00e1tica ou uma cortina romana elegante, escolha aquela que ir\u00e1 transformar suas janelas em verdadeiras obras de arte.<\/p>\n<p>Perguntas frequentes:<\/p>\n<h3>1. Qual \u00e9 o melhor tipo de cortina para bloquear a luz?<\/h3>\n<p>O melhor tipo de cortina para bloquear a luz depende das suas necessidades espec\u00edficas. Se voc\u00ea deseja bloquear completamente a entrada de luz, as cortinas de blackout s\u00e3o a melhor op\u00e7\u00e3o. Se voc\u00ea deseja manter a privacidade sem bloquear completamente a entrada de luz, as cortinas de voil s\u00e3o uma boa escolha. Avalie suas necessidades e escolha o tipo de cortina que melhor atenda aos seus requisitos.<\/p>\n<h3>2. Como escolher o tamanho certo?<\/h3>\n<p>Para escolher o tamanho certo da cortina, me\u00e7a a largura e a altura da janela ou do espa\u00e7o onde a cortina ser\u00e1 instalada. Adicione algumas polegadas extras \u00e0 medida da largura para garantir que a cortina cubra toda a janela quando estiver fechada. Quanto \u00e0 altura, voc\u00ea pode optar por cortinas que v\u00e3o at\u00e9 o ch\u00e3o para um visual mais elegante ou cortinas que fiquem logo abaixo da janela para um visual mais pr\u00e1tico. Considere tamb\u00e9m a altura do trilho ou var\u00e3o onde a cortina ser\u00e1 instalada.<\/p>\n<h3>3. Quais s\u00e3o os benef\u00edcios das cortinas de rolo?<\/h3>\n<p>As cortinas de rolo oferecem diversos benef\u00edcios. Elas s\u00e3o pr\u00e1ticas e f\u00e1ceis de usar, permitindo que voc\u00ea controle a entrada de luz e privacidade com apenas um movimento. Al\u00e9m disso, as cortinas de rolo est\u00e3o dispon\u00edveis em uma ampla variedade de tecidos, cores e estampas, permitindo que voc\u00ea adicione um toque de estilo ao ambiente. Elas tamb\u00e9m ocupam menos espa\u00e7o em compara\u00e7\u00e3o com outros tipos de cortinas, o que \u00e9 ideal para ambientes com espa\u00e7o limitado.<\/p>\n<h3>4. Como limpar as cortinas de tecido?<\/h3>\n<p>Para limpar as cortinas de tecido, voc\u00ea pode seguir algumas dicas simples. Primeiro, verifique as instru\u00e7\u00f5es do fabricante para saber se as cortinas podem ser lavadas \u00e0 m\u00e1quina ou se precisam ser limpas a seco. Se for poss\u00edvel lavar \u00e0 m\u00e1quina, use um ciclo suave e \u00e1gua fria. Se as cortinas precisarem ser limpas a seco, leve-as a uma lavanderia especializada. Para remover poeira e sujeira do dia a dia, voc\u00ea pode usar um aspirador de p\u00f3 com um acess\u00f3rio de escova macia ou um pano \u00famido para limpar delicadamente a superf\u00edcie das cortinas.<\/p>\n<h3>5. Como instalar cortinas de persiana?<\/h3>\n<p>A instala\u00e7\u00e3o de cortinas de persiana pode variar dependendo do tipo de persiana e do sistema de instala\u00e7\u00e3o. Geralmente, voc\u00ea precisar\u00e1 de uma furadeira, parafusos e buchas para fixar os suportes da persiana na parede ou no batente da janela. Siga as instru\u00e7\u00f5es do fabricante para garantir uma instala\u00e7\u00e3o correta e segura. Se voc\u00ea n\u00e3o se sentir confort\u00e1vel em fazer a instala\u00e7\u00e3o por conta pr\u00f3pria, \u00e9 recomend\u00e1vel contratar um profissional para realizar o servi\u00e7o.<\/p>\n<p>Curiosidade:<\/p>\n<p>Voc\u00ea sabia que as cortinas existem desde a antiguidade? Na Gr\u00e9cia Antiga, por exemplo, as cortinas eram feitas de linho e eram usadas para decorar as janelas e controlar a entrada de luz. Ao longo dos s\u00e9culos, as cortinas evolu\u00edram em termos de materiais, estilos e funcionalidades, tornando-se um elemento essencial na decora\u00e7\u00e3o de interiores.<\/p>\n","protected":false},"excerpt":{"rendered":"<p>Descubra diferentes meios de cortina: uma janela para o seu estilo.<\/p>\n","protected":false},"author":102,"featured_media":98325,"comment_status":"closed","ping_status":"closed","sticky":false,"template":"","format":"standard","meta":{"footnotes":""},"categories":[1484],"tags":[33554,34419,34421,34422,34420],"class_list":["post-98328","post","type-post","status-publish","format-standard","has-post-thumbnail","category-decoracao","tag-descubra","tag-diferentes-tipos-de-cortina","tag-seu-estilo","tag-tipos-de-cortina","tag-uma-janela"],"_wp_attached_file":null,"_wp_attachment_metadata":null,"_wp_attachment_context":null,"_wp_attachment_is_custom_header":null,"geo_longitude":null,"geo_public":null,"geo_latitude":null,"_publicize_done_external":null,"_wpas_done_3897181":null,"publicize_twitter_user":null,"_wpas_done_3897175":null,"_wpas_skip_3897181":null,"_wpas_skip_3897175":null,"_wpas_skip_3924723":null,"_wpas_mess":null,"_wpas_done_3924723":null,"wps_subtitle":"","_links":{"self":[{"href":"https:\/\/www.aarquiteta.com.br\/blog\/wp-json\/wp\/v2\/posts\/98328","targetHints":{"allow":["GET"]}}],"collection":[{"href":"https:\/\/www.aarquiteta.com.br\/blog\/wp-json\/wp\/v2\/posts"}],"about":[{"href":"https:\/\/www.aarquiteta.com.br\/blog\/wp-json\/wp\/v2\/types\/post"}],"author":[{"embeddable":true,"href":"https:\/\/www.aarquiteta.com.br\/blog\/wp-json\/wp\/v2\/users\/102"}],"replies":[{"embeddable":true,"href":"https:\/\/www.aarquiteta.com.br\/blog\/wp-json\/wp\/v2\/comments?post=98328"}],"version-history":[{"count":0,"href":"https:\/\/www.aarquiteta.com.br\/blog\/wp-json\/wp\/v2\/posts\/98328\/revisions"}],"wp:featuredmedia":[{"embeddable":true,"href":"https:\/\/www.aarquiteta.com.br\/blog\/wp-json\/wp\/v2\/media\/98325"}],"wp:attachment":[{"href":"https:\/\/www.aarquiteta.com.br\/blog\/wp-json\/wp\/v2\/media?parent=98328"}],"wp:term":[{"taxonomy":"category","embeddable":true,"href":"https:\/\/www.aarquiteta.com.br\/blog\/wp-json\/wp\/v2\/categories?post=98328"},{"taxonomy":"post_tag","embeddable":true,"href":"https:\/\/www.aarquiteta.com.br\/blog\/wp-json\/wp\/v2\/tags?post=98328"}],"curies":[{"name":"wp","href":"https:\/\/api.w.org\/{rel}","templated":true}]}}