{"id":98155,"date":"2023-11-05T20:00:40","date_gmt":"2023-11-05T23:00:40","guid":{"rendered":"http:\/\/aarquiteta.com.br\/?p=98155"},"modified":"2023-10-23T13:31:28","modified_gmt":"2023-10-23T16:31:28","slug":"a-evolucao-dos-espacos-urbanos-as-pracas-mais-inovadoras-do-mundo","status":"publish","type":"post","link":"https:\/\/www.aarquiteta.com.br\/blog\/a-evolucao-dos-espacos-urbanos-as-pracas-mais-inovadoras-do-mundo\/","title":{"rendered":"A Evolu\u00e7\u00e3o dos Espa\u00e7os Urbanos: As Pra\u00e7as Mais Famosas do Mundo!"},"content":{"rendered":"<p>As cidades ao redor do mundo est\u00e3o constantemente em transforma\u00e7\u00e3o, moldando-se para atender \u00e0s necessidades de seus habitantes. Uma parte vital dessa evolu\u00e7\u00e3o s\u00e3o os espa\u00e7os urbanos, e entre eles, as pra\u00e7as t\u00eam desempenhado um papel fundamental.<\/p>\n<p>Neste artigo, exploraremos a fascinante evolu\u00e7\u00e3o dos espa\u00e7os urbanos e mergulharemos nas pra\u00e7as mais inovadoras do mundo, que servem como exemplos brilhantes de como o design urbano pode impactar positivamente a vida das pessoas.<\/p>\n<h2>A Import\u00e2ncia das Pra\u00e7as Urbanas<\/h2>\n<figure id=\"attachment_10845\" aria-describedby=\"caption-attachment-10845\" style=\"width: 576px\" class=\"wp-caption alignnone\"><img decoding=\"async\" class=\"size-full wp-image-10845\" src=\"https:\/\/www.aarquiteta.com.br\/blog\/wp-content\/uploads\/2017\/08\/jardim-casa-rosada.jpg\" alt=\"\" width=\"576\" height=\"660\" title=\"\" srcset=\"https:\/\/www.aarquiteta.com.br\/blog\/wp-content\/uploads\/2017\/08\/jardim-casa-rosada.jpg 576w, https:\/\/www.aarquiteta.com.br\/blog\/wp-content\/uploads\/2017\/08\/jardim-casa-rosada-150x172.jpg 150w\" sizes=\"(max-width: 576px) 100vw, 576px\" \/><figcaption id=\"caption-attachment-10845\" class=\"wp-caption-text\">Jardim Pra\u00e7a de Maio, Buenos Aires, Argentina<\/figcaption><\/figure>\n<p>Pra\u00e7as s\u00e3o mais do que apenas \u00e1reas p\u00fablicas; elas s\u00e3o o cora\u00e7\u00e3o pulsante das cidades, onde as comunidades se re\u00fanem para socializar, relaxar e celebrar a cultura local. Al\u00e9m disso, as pra\u00e7as desempenham um papel vital na sustentabilidade urbana, fornecendo espa\u00e7os verdes em meio ao concreto e contribuindo para a qualidade do ar e o equil\u00edbrio t\u00e9rmico das cidades.<\/p>\n<h2>Evolu\u00e7\u00e3o ao Longo do Tempo<\/h2>\n<p>As pra\u00e7as urbanas t\u00eam uma longa hist\u00f3ria que remonta \u00e0 Gr\u00e9cia Antiga e Roma, mas sua forma e fun\u00e7\u00e3o evolu\u00edram significativamente ao longo dos s\u00e9culos. De espa\u00e7os utilit\u00e1rios a lugares de express\u00e3o art\u00edstica, as pra\u00e7as t\u00eam sido testemunhas de mudan\u00e7as culturais e sociais.<\/p>\n<p>Hoje, as pra\u00e7as se transformaram em espa\u00e7os multifuncionais, muitas vezes combinando tecnologia, arte, ecol\u00f3gicas, e elementos de design para criar ambientes \u00fanicos.<\/p>\n<h3>Pra\u00e7as Inovadoras ao Redor do Mundo<\/h3>\n<h4>Pra\u00e7a da Revolu\u00e7\u00e3o, Havana, Cuba<\/h4>\n<figure id=\"attachment_98161\" aria-describedby=\"caption-attachment-98161\" style=\"width: 1200px\" class=\"wp-caption alignnone\"><img decoding=\"async\" class=\"size-full wp-image-98161\" src=\"https:\/\/www.aarquiteta.com.br\/blog\/wp-content\/uploads\/2023\/11\/Praca-da-Revolucao-Havana-Cuba-1.jpg\" alt=\"A Evolu\u00e7\u00e3o dos Espa\u00e7os Urbanos: As Pra\u00e7as Mais Inovadoras do Mundo!\" width=\"1200\" height=\"800\" title=\"\" srcset=\"https:\/\/www.aarquiteta.com.br\/blog\/wp-content\/uploads\/2023\/11\/Praca-da-Revolucao-Havana-Cuba-1.jpg 1200w, https:\/\/www.aarquiteta.com.br\/blog\/wp-content\/uploads\/2023\/11\/Praca-da-Revolucao-Havana-Cuba-1-1024x683.jpg 1024w, https:\/\/www.aarquiteta.com.br\/blog\/wp-content\/uploads\/2023\/11\/Praca-da-Revolucao-Havana-Cuba-1-696x464.jpg 696w, https:\/\/www.aarquiteta.com.br\/blog\/wp-content\/uploads\/2023\/11\/Praca-da-Revolucao-Havana-Cuba-1-150x100.jpg 150w\" sizes=\"(max-width: 1200px) 100vw, 1200px\" \/><figcaption id=\"caption-attachment-98161\" class=\"wp-caption-text\">A Evolu\u00e7\u00e3o dos Espa\u00e7os Urbanos: As Pra\u00e7as Mais Inovadoras do Mundo!<\/figcaption><\/figure>\n<h4><\/h4>\n<p>Localizada no cora\u00e7\u00e3o de Havana, a Pra\u00e7a da Revolu\u00e7\u00e3o \u00e9 uma das maiores pra\u00e7as do mundo e um s\u00edmbolo da hist\u00f3ria cubana. Al\u00e9m de abrigar o Memorial Jos\u00e9 Mart\u00ed, a pra\u00e7a tamb\u00e9m \u00e9 famosa por seus murais gigantes retratando l\u00edderes revolucion\u00e1rios.<\/p>\n<h4>Pra\u00e7a Tiananmen, Pequim, China\u00a0<img decoding=\"async\" class=\"size-full wp-image-98160\" style=\"text-align: center; color: #222222; font-family: Verdana, BlinkMacSystemFont, -apple-system, &#039;Segoe UI&#039;, Roboto, Oxygen, Ubuntu, Cantarell, &#039;Open Sans&#039;, &#039;Helvetica Neue&#039;, sans-serif; font-size: 15px;\" src=\"https:\/\/www.aarquiteta.com.br\/blog\/wp-content\/uploads\/2023\/11\/Praca-Tiananmen-Pequim-China.jpg\" alt=\"A Evolu\u00e7\u00e3o dos Espa\u00e7os Urbanos: As Pra\u00e7as Mais Inovadoras do Mundo!\" width=\"1200\" height=\"800\" title=\"\" srcset=\"https:\/\/www.aarquiteta.com.br\/blog\/wp-content\/uploads\/2023\/11\/Praca-Tiananmen-Pequim-China.jpg 1200w, https:\/\/www.aarquiteta.com.br\/blog\/wp-content\/uploads\/2023\/11\/Praca-Tiananmen-Pequim-China-1024x683.jpg 1024w, https:\/\/www.aarquiteta.com.br\/blog\/wp-content\/uploads\/2023\/11\/Praca-Tiananmen-Pequim-China-696x464.jpg 696w, https:\/\/www.aarquiteta.com.br\/blog\/wp-content\/uploads\/2023\/11\/Praca-Tiananmen-Pequim-China-150x100.jpg 150w\" sizes=\"(max-width: 1200px) 100vw, 1200px\" \/><\/h4>\n<p>A Evolu\u00e7\u00e3o dos Espa\u00e7os Urbanos: As Pra\u00e7as Mais Inovadoras do Mundo!A Pra\u00e7a Tiananmen \u00e9 um \u00edcone de Pequim e do mundo. \u00c9 um espa\u00e7o monumental com uma rica heran\u00e7a hist\u00f3rica, conhecida por eventos significativos como o protesto de 1989. Hoje, \u00e9 um lugar onde os visitantes podem aprender sobre a cultura chinesa e sua hist\u00f3ria.<\/p>\n<h4>Pra\u00e7a do Com\u00e9rcio, Lisboa, Portugal<\/h4>\n<figure id=\"attachment_98159\" aria-describedby=\"caption-attachment-98159\" style=\"width: 1200px\" class=\"wp-caption alignnone\"><img decoding=\"async\" class=\"size-full wp-image-98159\" src=\"https:\/\/www.aarquiteta.com.br\/blog\/wp-content\/uploads\/2023\/11\/Praca-do-Comercio-Lisboa-Portugal.jpg\" alt=\"A Evolu\u00e7\u00e3o dos Espa\u00e7os Urbanos: As Pra\u00e7as Mais Inovadoras do Mundo!\" width=\"1200\" height=\"800\" title=\"\" srcset=\"https:\/\/www.aarquiteta.com.br\/blog\/wp-content\/uploads\/2023\/11\/Praca-do-Comercio-Lisboa-Portugal.jpg 1200w, https:\/\/www.aarquiteta.com.br\/blog\/wp-content\/uploads\/2023\/11\/Praca-do-Comercio-Lisboa-Portugal-1024x683.jpg 1024w, https:\/\/www.aarquiteta.com.br\/blog\/wp-content\/uploads\/2023\/11\/Praca-do-Comercio-Lisboa-Portugal-696x464.jpg 696w, https:\/\/www.aarquiteta.com.br\/blog\/wp-content\/uploads\/2023\/11\/Praca-do-Comercio-Lisboa-Portugal-150x100.jpg 150w\" sizes=\"(max-width: 1200px) 100vw, 1200px\" \/><figcaption id=\"caption-attachment-98159\" class=\"wp-caption-text\">A Evolu\u00e7\u00e3o dos Espa\u00e7os Urbanos: As Pra\u00e7as Mais Inovadoras do Mundo!<\/figcaption><\/figure>\n<p>A Pra\u00e7a do Com\u00e9rcio, tamb\u00e9m conhecida como Terreiro do Pa\u00e7o, \u00e9 uma pra\u00e7a \u00e0 beira do rio Tejo que combina hist\u00f3ria, beleza arquitet\u00f4nica e cultura. \u00c9 um local popular para eventos e festivais, e suas arcadas e edif\u00edcios deslumbrantes s\u00e3o verdadeiros tesouros arquitet\u00f4nicos.<\/p>\n<ol>\n<li>\n<h4>Pra\u00e7a Times Square, Nova York, EUA<\/h4>\n<\/li>\n<\/ol>\n<figure id=\"attachment_98158\" aria-describedby=\"caption-attachment-98158\" style=\"width: 1200px\" class=\"wp-caption alignnone\"><img decoding=\"async\" class=\"size-full wp-image-98158\" src=\"https:\/\/www.aarquiteta.com.br\/blog\/wp-content\/uploads\/2023\/11\/Praca-Times-Square-Nova-York-EUA.jpg\" alt=\"A Evolu\u00e7\u00e3o dos Espa\u00e7os Urbanos: As Pra\u00e7as Mais Inovadoras do Mundo!\" width=\"1200\" height=\"800\" title=\"\" srcset=\"https:\/\/www.aarquiteta.com.br\/blog\/wp-content\/uploads\/2023\/11\/Praca-Times-Square-Nova-York-EUA.jpg 1200w, https:\/\/www.aarquiteta.com.br\/blog\/wp-content\/uploads\/2023\/11\/Praca-Times-Square-Nova-York-EUA-1024x683.jpg 1024w, https:\/\/www.aarquiteta.com.br\/blog\/wp-content\/uploads\/2023\/11\/Praca-Times-Square-Nova-York-EUA-696x464.jpg 696w, https:\/\/www.aarquiteta.com.br\/blog\/wp-content\/uploads\/2023\/11\/Praca-Times-Square-Nova-York-EUA-150x100.jpg 150w\" sizes=\"(max-width: 1200px) 100vw, 1200px\" \/><figcaption id=\"caption-attachment-98158\" class=\"wp-caption-text\">A Evolu\u00e7\u00e3o dos Espa\u00e7os Urbanos: As Pra\u00e7as Mais Inovadoras do Mundo!<\/figcaption><\/figure>\n<h4><\/h4>\n<p>A Pra\u00e7a Times Square \u00e9 um exemplo impressionante de como a inova\u00e7\u00e3o e a tecnologia podem transformar um espa\u00e7o urbano. Conhecida por seus letreiros luminosos e vibrante vida noturna, \u00e9 um destino tur\u00edstico imperd\u00edvel em Nova York.<\/p>\n<h4>Pra\u00e7a da Rep\u00fablica, Lyon, Fran\u00e7a<\/h4>\n<figure id=\"attachment_98157\" aria-describedby=\"caption-attachment-98157\" style=\"width: 1200px\" class=\"wp-caption alignnone\"><img decoding=\"async\" class=\"size-full wp-image-98157\" src=\"https:\/\/www.aarquiteta.com.br\/blog\/wp-content\/uploads\/2023\/11\/Praca-da-Republica-Lyon-Franca-1.jpg\" alt=\"A Evolu\u00e7\u00e3o dos Espa\u00e7os Urbanos: As Pra\u00e7as Mais Inovadoras do Mundo!\" width=\"1200\" height=\"800\" title=\"\" srcset=\"https:\/\/www.aarquiteta.com.br\/blog\/wp-content\/uploads\/2023\/11\/Praca-da-Republica-Lyon-Franca-1.jpg 1200w, https:\/\/www.aarquiteta.com.br\/blog\/wp-content\/uploads\/2023\/11\/Praca-da-Republica-Lyon-Franca-1-1024x683.jpg 1024w, https:\/\/www.aarquiteta.com.br\/blog\/wp-content\/uploads\/2023\/11\/Praca-da-Republica-Lyon-Franca-1-696x464.jpg 696w, https:\/\/www.aarquiteta.com.br\/blog\/wp-content\/uploads\/2023\/11\/Praca-da-Republica-Lyon-Franca-1-150x100.jpg 150w\" sizes=\"(max-width: 1200px) 100vw, 1200px\" \/><figcaption id=\"caption-attachment-98157\" class=\"wp-caption-text\">A Evolu\u00e7\u00e3o dos Espa\u00e7os Urbanos: As Pra\u00e7as Mais Inovadoras do Mundo!<\/figcaption><\/figure>\n<h4><\/h4>\n<p>A Pra\u00e7a da Rep\u00fablica em Lyon \u00e9 um exemplo de como o design urbano pode ser centrado nas pessoas. Com uma ampla \u00e1rea de pedestres, parques infantis e \u00e1reas verdes, \u00e9 um local perfeito para fam\u00edlias e comunidades locais se reunirem.<\/p>\n<h2>Perguntas Frequentes (FAQs)<\/h2>\n<h3><strong>O que torna uma pra\u00e7a inovadora?<\/strong><\/h3>\n<p>Pra\u00e7as inovadoras combinam elementos de design criativo, sustentabilidade e uma abordagem centrada nas pessoas para criar espa\u00e7os urbanos \u00fanicos e funcionais.<\/p>\n<h3><strong>Como as pra\u00e7as podem melhorar a qualidade de vida urbana?<\/strong><\/h3>\n<p>Pra\u00e7as oferecem \u00e1reas verdes, promovem a socializa\u00e7\u00e3o e contribuem para a sa\u00fade mental e bem-estar dos habitantes urbanos.<\/p>\n<h3><strong>Qual \u00e9 o papel da tecnologia nas pra\u00e7as inovadoras?<\/strong><\/h3>\n<p>A tecnologia pode ser usada para melhorar a ilumina\u00e7\u00e3o, a seguran\u00e7a e a acessibilidade das pra\u00e7as, tornando-as mais atraentes e funcionais.<\/p>\n<h3><strong>Quais s\u00e3o os desafios na cria\u00e7\u00e3o de pra\u00e7as inovadoras?<\/strong><\/h3>\n<p>Desafios incluem equilibrar as necessidades de mobilidade urbana, preservar o patrim\u00f4nio hist\u00f3rico e atender \u00e0s demandas das comunidades locais.<\/p>\n<h3><strong>Como as pra\u00e7as podem promover a cultura local?<\/strong><\/h3>\n<p>Pra\u00e7as frequentemente abrigam eventos culturais, performances e mercados, celebrando a diversidade e a cultura local.<\/p>\n<h2>Conclus\u00e3o<\/h2>\n<p>As pra\u00e7as inovadoras ao redor do mundo s\u00e3o testemunhos vivos da capacidade da humanidade de moldar seu ambiente urbano de maneiras criativas e funcionais. Elas n\u00e3o apenas melhoram a qualidade de vida nas cidades, mas tamb\u00e9m contam hist\u00f3rias ricas sobre a cultura e a hist\u00f3ria de uma regi\u00e3o. \u00c0 medida que as cidades continuam a evoluir, podemos esperar ver ainda mais inova\u00e7\u00f5es emocionantes nas pra\u00e7as urbanas.<\/p>\n<p>Curiosidade: Voc\u00ea sabia que a Pra\u00e7a da Paz Celestial, em Pequim, \u00e9 a maior pra\u00e7a p\u00fablica do mundo, com espa\u00e7o para mais de um milh\u00e3o de pessoas?<\/p>\n","protected":false},"excerpt":{"rendered":"<p>As cidades ao redor do mundo est\u00e3o constantemente em transforma\u00e7\u00e3o, moldando-se para atender \u00e0s necessidades de seus habitantes. Uma parte vital dessa evolu\u00e7\u00e3o s\u00e3o os espa\u00e7os urbanos, e entre eles, as pra\u00e7as t\u00eam desempenhado um papel fundamental. Neste artigo, exploraremos a fascinante evolu\u00e7\u00e3o dos espa\u00e7os urbanos e mergulharemos nas pra\u00e7as mais inovadoras do mundo, que [&hellip;]<\/p>\n","protected":false},"author":102,"featured_media":98159,"comment_status":"closed","ping_status":"closed","sticky":false,"template":"","format":"standard","meta":{"footnotes":""},"categories":[1507,31218],"tags":[1881,34361,34359,34358,34360],"class_list":["post-98155","post","type-post","status-publish","format-standard","has-post-thumbnail","category-arquitetura","category-cidades-e-curiosidades","tag-espacos-publicos","tag-evolucao-do-urbanismo","tag-inovacao-em-design","tag-pracas-urbanas","tag-qualidade-de-vida-urbana"],"_wp_attached_file":null,"_wp_attachment_metadata":null,"_wp_attachment_context":null,"_wp_attachment_is_custom_header":null,"geo_longitude":null,"geo_public":null,"geo_latitude":null,"_publicize_done_external":null,"_wpas_done_3897181":null,"publicize_twitter_user":null,"_wpas_done_3897175":null,"_wpas_skip_3897181":null,"_wpas_skip_3897175":null,"_wpas_skip_3924723":null,"_wpas_mess":null,"_wpas_done_3924723":null,"wps_subtitle":"","_links":{"self":[{"href":"https:\/\/www.aarquiteta.com.br\/blog\/wp-json\/wp\/v2\/posts\/98155","targetHints":{"allow":["GET"]}}],"collection":[{"href":"https:\/\/www.aarquiteta.com.br\/blog\/wp-json\/wp\/v2\/posts"}],"about":[{"href":"https:\/\/www.aarquiteta.com.br\/blog\/wp-json\/wp\/v2\/types\/post"}],"author":[{"embeddable":true,"href":"https:\/\/www.aarquiteta.com.br\/blog\/wp-json\/wp\/v2\/users\/102"}],"replies":[{"embeddable":true,"href":"https:\/\/www.aarquiteta.com.br\/blog\/wp-json\/wp\/v2\/comments?post=98155"}],"version-history":[{"count":0,"href":"https:\/\/www.aarquiteta.com.br\/blog\/wp-json\/wp\/v2\/posts\/98155\/revisions"}],"wp:featuredmedia":[{"embeddable":true,"href":"https:\/\/www.aarquiteta.com.br\/blog\/wp-json\/wp\/v2\/media\/98159"}],"wp:attachment":[{"href":"https:\/\/www.aarquiteta.com.br\/blog\/wp-json\/wp\/v2\/media?parent=98155"}],"wp:term":[{"taxonomy":"category","embeddable":true,"href":"https:\/\/www.aarquiteta.com.br\/blog\/wp-json\/wp\/v2\/categories?post=98155"},{"taxonomy":"post_tag","embeddable":true,"href":"https:\/\/www.aarquiteta.com.br\/blog\/wp-json\/wp\/v2\/tags?post=98155"}],"curies":[{"name":"wp","href":"https:\/\/api.w.org\/{rel}","templated":true}]}}