{"id":98147,"date":"2023-11-02T20:00:23","date_gmt":"2023-11-02T23:00:23","guid":{"rendered":"http:\/\/aarquiteta.com.br\/?p=98147"},"modified":"2023-10-23T13:03:15","modified_gmt":"2023-10-23T16:03:15","slug":"tendencias-de-design-de-interiores-para-2024-o-que-estara-em-alta","status":"publish","type":"post","link":"https:\/\/www.aarquiteta.com.br\/blog\/tendencias-de-design-de-interiores-para-2024-o-que-estara-em-alta\/","title":{"rendered":"Tend\u00eancias de Design de Interiores para 2024: O que Estar\u00e1 em Alta?"},"content":{"rendered":"<p>O design de interiores \u00e9 uma disciplina em constante transforma\u00e7\u00e3o, impulsionada por mudan\u00e7as culturais, tecnol\u00f3gicas e est\u00e9ticas. \u00c0 medida que nos aproximamos de 2024, as tend\u00eancias emergentes prometem revolucionar a forma como vivemos e decoramos nossas casas.<\/p>\n<p>Neste artigo, mergulharemos fundo nas tend\u00eancias de design de interiores que est\u00e3o prestes a dominar o cen\u00e1rio em 2024. De materiais inovadores a paletas de cores surpreendentes, estamos prestes a desvendar as mudan\u00e7as mais emocionantes que voc\u00ea pode esperar ver nos lares do futuro.<\/p>\n<h2>Tend\u00eancias de Design de Interiores para 2024<\/h2>\n<h3>1. Minimalismo Reinventado<\/h3>\n<figure id=\"attachment_97337\" aria-describedby=\"caption-attachment-97337\" style=\"width: 1200px\" class=\"wp-caption alignnone\"><img decoding=\"async\" class=\"size-full wp-image-97337\" src=\"https:\/\/www.aarquiteta.com.br\/blog\/wp-content\/uploads\/2023\/10\/Design-de-Moveis-Escandinavos.jpg\" alt=\"Conhe\u00e7a a Hist\u00f3ria do Design de M\u00f3veis Escandinavos!\" width=\"1200\" height=\"800\" title=\"\" srcset=\"https:\/\/www.aarquiteta.com.br\/blog\/wp-content\/uploads\/2023\/10\/Design-de-Moveis-Escandinavos.jpg 1200w, https:\/\/www.aarquiteta.com.br\/blog\/wp-content\/uploads\/2023\/10\/Design-de-Moveis-Escandinavos-1024x683.jpg 1024w, https:\/\/www.aarquiteta.com.br\/blog\/wp-content\/uploads\/2023\/10\/Design-de-Moveis-Escandinavos-696x464.jpg 696w, https:\/\/www.aarquiteta.com.br\/blog\/wp-content\/uploads\/2023\/10\/Design-de-Moveis-Escandinavos-150x100.jpg 150w\" sizes=\"(max-width: 1200px) 100vw, 1200px\" \/><figcaption id=\"caption-attachment-97337\" class=\"wp-caption-text\">Conhe\u00e7a a Hist\u00f3ria do Design de M\u00f3veis Escandinavos!<\/figcaption><\/figure>\n<p>O minimalismo sempre esteve em voga, mas em 2024, ele ser\u00e1 reinventado. Os espa\u00e7os minimalistas continuar\u00e3o a ser populares, mas agora incorporando elementos mais quentes e acolhedores. Imagine m\u00f3veis de linhas limpas combinados com tecidos macios e cores terrosas. A ideia \u00e9 criar um ambiente minimalista, mas sem perder o aconchego.<\/p>\n<h3>2. Sustentabilidade em Foco<\/h3>\n<figure id=\"attachment_97335\" aria-describedby=\"caption-attachment-97335\" style=\"width: 1200px\" class=\"wp-caption alignnone\"><img decoding=\"async\" class=\"size-full wp-image-97335\" src=\"https:\/\/www.aarquiteta.com.br\/blog\/wp-content\/uploads\/2023\/10\/Design-de-Moveis-Escandinavos-2.jpg\" alt=\"Conhe\u00e7a a Hist\u00f3ria do Design de M\u00f3veis Escandinavos!\" width=\"1200\" height=\"800\" title=\"\" srcset=\"https:\/\/www.aarquiteta.com.br\/blog\/wp-content\/uploads\/2023\/10\/Design-de-Moveis-Escandinavos-2.jpg 1200w, https:\/\/www.aarquiteta.com.br\/blog\/wp-content\/uploads\/2023\/10\/Design-de-Moveis-Escandinavos-2-1024x683.jpg 1024w, https:\/\/www.aarquiteta.com.br\/blog\/wp-content\/uploads\/2023\/10\/Design-de-Moveis-Escandinavos-2-696x464.jpg 696w, https:\/\/www.aarquiteta.com.br\/blog\/wp-content\/uploads\/2023\/10\/Design-de-Moveis-Escandinavos-2-150x100.jpg 150w\" sizes=\"(max-width: 1200px) 100vw, 1200px\" \/><figcaption id=\"caption-attachment-97335\" class=\"wp-caption-text\">Conhe\u00e7a a Hist\u00f3ria do Design de M\u00f3veis Escandinavos!<\/figcaption><\/figure>\n<p>Com a crescente conscientiza\u00e7\u00e3o ambiental, a sustentabilidade ser\u00e1 uma tend\u00eancia importante em 2024. Materiais ecol\u00f3gicos, como madeira de origem sustent\u00e1vel e tecidos reciclados, ser\u00e3o amplamente utilizados. Al\u00e9m disso, veremos um aumento nas casas com sistemas de energia renov\u00e1vel e tecnologias que economizam \u00e1gua.<\/p>\n<h3>3. Cores Vibrantes<\/h3>\n<figure id=\"attachment_95807\" aria-describedby=\"caption-attachment-95807\" style=\"width: 1024px\" class=\"wp-caption alignnone\"><img decoding=\"async\" class=\"size-full wp-image-95807\" src=\"https:\/\/www.aarquiteta.com.br\/blog\/wp-content\/uploads\/2023\/10\/ideias-para-decorar-sala-02.jpg\" alt=\"Ideias para decorar sala: Sugest\u00f5es criativas para transformar o ambiente\" width=\"1024\" height=\"1024\" title=\"\" srcset=\"https:\/\/www.aarquiteta.com.br\/blog\/wp-content\/uploads\/2023\/10\/ideias-para-decorar-sala-02.jpg 1024w, https:\/\/www.aarquiteta.com.br\/blog\/wp-content\/uploads\/2023\/10\/ideias-para-decorar-sala-02-150x150.jpg 150w, https:\/\/www.aarquiteta.com.br\/blog\/wp-content\/uploads\/2023\/10\/ideias-para-decorar-sala-02-696x696.jpg 696w, https:\/\/www.aarquiteta.com.br\/blog\/wp-content\/uploads\/2023\/10\/ideias-para-decorar-sala-02-96x96.jpg 96w\" sizes=\"(max-width: 1024px) 100vw, 1024px\" \/><figcaption id=\"caption-attachment-95807\" class=\"wp-caption-text\">Ideias para decorar sala: Sugest\u00f5es criativas para transformar o ambiente<\/figcaption><\/figure>\n<p>Depois de anos de tons neutros, as cores vibrantes est\u00e3o fazendo um retorno triunfante. Em 2024, espere ver salas decoradas com cores ousadas, como azul profundo, verde esmeralda e amarelo mostarda. Essas cores adicionam energia e personalidade aos espa\u00e7os.<\/p>\n<h3>4. Tecnologia Integrada<\/h3>\n<figure id=\"attachment_82543\" aria-describedby=\"caption-attachment-82543\" style=\"width: 1200px\" class=\"wp-caption alignnone\"><img decoding=\"async\" class=\"size-full wp-image-82543\" src=\"https:\/\/www.aarquiteta.com.br\/blog\/wp-content\/uploads\/2023\/07\/Automacao-Residencial-1.jpg\" alt=\"Casa Inteligente com Automa\u00e7\u00e3o Residencial: Simplificando sua Vida com dispositivos smarts durante a Prime Day 2023!\" width=\"1200\" height=\"800\" title=\"\" srcset=\"https:\/\/www.aarquiteta.com.br\/blog\/wp-content\/uploads\/2023\/07\/Automacao-Residencial-1.jpg 1200w, https:\/\/www.aarquiteta.com.br\/blog\/wp-content\/uploads\/2023\/07\/Automacao-Residencial-1-1024x683.jpg 1024w, https:\/\/www.aarquiteta.com.br\/blog\/wp-content\/uploads\/2023\/07\/Automacao-Residencial-1-696x464.jpg 696w, https:\/\/www.aarquiteta.com.br\/blog\/wp-content\/uploads\/2023\/07\/Automacao-Residencial-1-150x100.jpg 150w\" sizes=\"(max-width: 1200px) 100vw, 1200px\" \/><figcaption id=\"caption-attachment-82543\" class=\"wp-caption-text\">Foto: Canva.com<\/figcaption><\/figure>\n<p>A integra\u00e7\u00e3o de tecnologia inteligente em nossas casas continuar\u00e1 a crescer. Controle de voz, automa\u00e7\u00e3o residencial e sistemas de seguran\u00e7a avan\u00e7ados ser\u00e3o comuns. Os designers ir\u00e3o incorporar essas tecnologias de forma discreta, tornando-as parte integrante do design de interiores.<\/p>\n<h3>5. Natureza Interior<\/h3>\n<figure id=\"attachment_90422\" aria-describedby=\"caption-attachment-90422\" style=\"width: 1024px\" class=\"wp-caption alignnone\"><img decoding=\"async\" class=\"size-full wp-image-90422\" src=\"https:\/\/www.aarquiteta.com.br\/blog\/wp-content\/uploads\/2023\/08\/Voce-Realmente-Sabe-Decorar-e-Cuidar-de-Seu-Jardim-ou-Apenas-Pensa-Que-Sabe.png\" alt=\"Voc\u00ea Realmente Sabe Decorar e Cuidar de Seu Jardim ou Apenas Pensa Que Sabe\" width=\"1024\" height=\"1024\" title=\"\" srcset=\"https:\/\/www.aarquiteta.com.br\/blog\/wp-content\/uploads\/2023\/08\/Voce-Realmente-Sabe-Decorar-e-Cuidar-de-Seu-Jardim-ou-Apenas-Pensa-Que-Sabe.png 1024w, https:\/\/www.aarquiteta.com.br\/blog\/wp-content\/uploads\/2023\/08\/Voce-Realmente-Sabe-Decorar-e-Cuidar-de-Seu-Jardim-ou-Apenas-Pensa-Que-Sabe-696x696.png 696w, https:\/\/www.aarquiteta.com.br\/blog\/wp-content\/uploads\/2023\/08\/Voce-Realmente-Sabe-Decorar-e-Cuidar-de-Seu-Jardim-ou-Apenas-Pensa-Que-Sabe-96x96.png 96w, https:\/\/www.aarquiteta.com.br\/blog\/wp-content\/uploads\/2023\/08\/Voce-Realmente-Sabe-Decorar-e-Cuidar-de-Seu-Jardim-ou-Apenas-Pensa-Que-Sabe-150x150.png 150w\" sizes=\"(max-width: 1024px) 100vw, 1024px\" \/><figcaption id=\"caption-attachment-90422\" class=\"wp-caption-text\">Voc\u00ea Realmente Sabe Decorar e Cuidar de Seu Jardim ou Apenas Pensa Que Sabe<\/figcaption><\/figure>\n<p>Traga a beleza da natureza para dentro de casa. Plantas de interior ser\u00e3o uma tend\u00eancia forte em 2024. Elas n\u00e3o apenas purificam o ar, mas tamb\u00e9m adicionam um toque de frescor e tranquilidade aos espa\u00e7os. A combina\u00e7\u00e3o de elementos naturais, como madeira e pedra, tamb\u00e9m ser\u00e1 popular.<\/p>\n<h2>Perguntas Frequentes<\/h2>\n<h3>1. O que \u00e9 o minimalismo reinventado?<\/h3>\n<p>O minimalismo reinventado \u00e9 uma tend\u00eancia de design de interiores que combina a simplicidade do minimalismo com elementos mais acolhedores, como m\u00f3veis confort\u00e1veis e cores suaves.<\/p>\n<h3>2. Como posso tornar minha casa mais sustent\u00e1vel?<\/h3>\n<p>Para tornar sua casa mais sustent\u00e1vel, considere a utiliza\u00e7\u00e3o de materiais ecol\u00f3gicos, a instala\u00e7\u00e3o de sistemas de energia renov\u00e1vel e a redu\u00e7\u00e3o do consumo de \u00e1gua.<\/p>\n<h3>3. Quais s\u00e3o as cores em alta para 2024?<\/h3>\n<p>Em 2024, as cores em alta incluem azul profundo, verde esmeralda e amarelo mostarda, que adicionam energia e personalidade aos espa\u00e7os.<\/p>\n<h3>4. Como a tecnologia ser\u00e1 integrada ao design de interiores?<\/h3>\n<p>A tecnologia ser\u00e1 integrada ao design de interiores por meio de sistemas de automa\u00e7\u00e3o residencial, controle de voz e dispositivos inteligentes que se tornar\u00e3o parte integrante do ambiente.<\/p>\n<h3>5. Por que as plantas de interior s\u00e3o populares em 2024?<\/h3>\n<p>As plantas de interior s\u00e3o populares em 2024 devido \u00e0 sua capacidade de purificar o ar e adicionar um toque de frescor e tranquilidade aos espa\u00e7os.<\/p>\n<h2>Conclus\u00e3o<\/h2>\n<p>\u00c0 medida que nos aproximamos de 2024, o mundo do design de interiores est\u00e1 prestes a passar por uma transforma\u00e7\u00e3o emocionante. Desde o minimalismo reinventado at\u00e9 a crescente \u00eanfase na sustentabilidade e na tecnologia inteligente, h\u00e1 muito a esperar. Ao incorporar essas tend\u00eancias em sua decora\u00e7\u00e3o, voc\u00ea pode criar um espa\u00e7o moderno e convidativo que esteja alinhado com as mudan\u00e7as do futuro.<\/p>\n<p>Portanto, esteja preparado para abra\u00e7ar essas tend\u00eancias e dar vida a sua casa de maneira inovadora. O design de interiores de 2024 promete ser emocionante, emocional e inspirador. N\u00e3o perca a oportunidade de transformar seu espa\u00e7o em algo verdadeiramente extraordin\u00e1rio.<\/p>\n","protected":false},"excerpt":{"rendered":"<p>O design de interiores \u00e9 uma disciplina em constante transforma\u00e7\u00e3o, impulsionada por mudan\u00e7as culturais, tecnol\u00f3gicas e est\u00e9ticas. \u00c0 medida que nos aproximamos de 2024, as tend\u00eancias emergentes prometem revolucionar a forma como vivemos e decoramos nossas casas. Neste artigo, mergulharemos fundo nas tend\u00eancias de design de interiores que est\u00e3o prestes a dominar o cen\u00e1rio em [&hellip;]<\/p>\n","protected":false},"author":102,"featured_media":97337,"comment_status":"closed","ping_status":"closed","sticky":false,"template":"","format":"standard","meta":{"footnotes":""},"categories":[971,18803],"tags":[27599,1028,34353,28841,34354,4001,11345],"class_list":["post-98147","post","type-post","status-publish","format-standard","has-post-thumbnail","category-design-de-interiores","category-estilo-minimalista-na-decoracao","tag-cores-vibrantes","tag-design-de-interiores","tag-design-de-interiores-2024","tag-plantas-de-interior","tag-sustentabilidade-em-casa","tag-tecnologia-inteligente","tag-tendencias-de-decoracao"],"_wp_attached_file":null,"_wp_attachment_metadata":null,"_wp_attachment_context":null,"_wp_attachment_is_custom_header":null,"geo_longitude":null,"geo_public":null,"geo_latitude":null,"_publicize_done_external":null,"_wpas_done_3897181":null,"publicize_twitter_user":null,"_wpas_done_3897175":null,"_wpas_skip_3897181":null,"_wpas_skip_3897175":null,"_wpas_skip_3924723":null,"_wpas_mess":null,"_wpas_done_3924723":null,"wps_subtitle":"","_links":{"self":[{"href":"https:\/\/www.aarquiteta.com.br\/blog\/wp-json\/wp\/v2\/posts\/98147","targetHints":{"allow":["GET"]}}],"collection":[{"href":"https:\/\/www.aarquiteta.com.br\/blog\/wp-json\/wp\/v2\/posts"}],"about":[{"href":"https:\/\/www.aarquiteta.com.br\/blog\/wp-json\/wp\/v2\/types\/post"}],"author":[{"embeddable":true,"href":"https:\/\/www.aarquiteta.com.br\/blog\/wp-json\/wp\/v2\/users\/102"}],"replies":[{"embeddable":true,"href":"https:\/\/www.aarquiteta.com.br\/blog\/wp-json\/wp\/v2\/comments?post=98147"}],"version-history":[{"count":0,"href":"https:\/\/www.aarquiteta.com.br\/blog\/wp-json\/wp\/v2\/posts\/98147\/revisions"}],"wp:featuredmedia":[{"embeddable":true,"href":"https:\/\/www.aarquiteta.com.br\/blog\/wp-json\/wp\/v2\/media\/97337"}],"wp:attachment":[{"href":"https:\/\/www.aarquiteta.com.br\/blog\/wp-json\/wp\/v2\/media?parent=98147"}],"wp:term":[{"taxonomy":"category","embeddable":true,"href":"https:\/\/www.aarquiteta.com.br\/blog\/wp-json\/wp\/v2\/categories?post=98147"},{"taxonomy":"post_tag","embeddable":true,"href":"https:\/\/www.aarquiteta.com.br\/blog\/wp-json\/wp\/v2\/tags?post=98147"}],"curies":[{"name":"wp","href":"https:\/\/api.w.org\/{rel}","templated":true}]}}