{"id":97588,"date":"2023-10-21T20:00:35","date_gmt":"2023-10-21T23:00:35","guid":{"rendered":"http:\/\/aarquiteta.com.br\/?p=97588"},"modified":"2023-10-19T15:47:20","modified_gmt":"2023-10-19T18:47:20","slug":"descubra-as-maravilhas-arquitetonicas-de-salvador-um-guia-completo","status":"publish","type":"post","link":"https:\/\/www.aarquiteta.com.br\/blog\/descubra-as-maravilhas-arquitetonicas-de-salvador-um-guia-completo\/","title":{"rendered":"Descubra 6 Maravilhas Arquitet\u00f4nicas de Salvador-BA!"},"content":{"rendered":"<p>Salvador, a bela cidade situada na costa nordeste do Brasil, \u00e9 um verdadeiro tesouro arquitet\u00f4nico que cativa seus visitantes com sua rica heran\u00e7a cultural e hist\u00f3rica. Neste guia completo, vamos explorar as maravilhas arquitet\u00f4nicas de Salvador, mergulhando em sua fascinante hist\u00f3ria e destacando as j\u00f3ias arquitet\u00f4nicas que fazem desta cidade um destino imperd\u00edvel.<\/p>\n<p>Prepare-se para uma viagem atrav\u00e9s do tempo e da arquitetura que ir\u00e1 enriquecer sua compreens\u00e3o da rica cultura baiana.<\/p>\n<h2>Introdu\u00e7\u00e3o<\/h2>\n<figure id=\"attachment_82619\" aria-describedby=\"caption-attachment-82619\" style=\"width: 1200px\" class=\"wp-caption alignnone\"><img decoding=\"async\" class=\"size-full wp-image-82619\" src=\"https:\/\/www.aarquiteta.com.br\/blog\/wp-content\/uploads\/2023\/07\/SALVADOR-BAHIA.jpg\" alt=\"Conhe\u00e7a a Influ\u00eancia Colonial na Arquitetura do Pelourinho, Salvador\" width=\"1200\" height=\"800\" title=\"\" srcset=\"https:\/\/www.aarquiteta.com.br\/blog\/wp-content\/uploads\/2023\/07\/SALVADOR-BAHIA.jpg 1200w, https:\/\/www.aarquiteta.com.br\/blog\/wp-content\/uploads\/2023\/07\/SALVADOR-BAHIA-1024x683.jpg 1024w, https:\/\/www.aarquiteta.com.br\/blog\/wp-content\/uploads\/2023\/07\/SALVADOR-BAHIA-696x464.jpg 696w, https:\/\/www.aarquiteta.com.br\/blog\/wp-content\/uploads\/2023\/07\/SALVADOR-BAHIA-150x100.jpg 150w\" sizes=\"(max-width: 1200px) 100vw, 1200px\" \/><figcaption id=\"caption-attachment-82619\" class=\"wp-caption-text\">Foto: Canva.com<\/figcaption><\/figure>\n<p>A arquitetura de uma cidade \u00e9 como uma janela para sua alma, refletindo sua hist\u00f3ria, cultura e identidade. Em Salvador, essa janela se abre para um cen\u00e1rio espetacular que mistura influ\u00eancias africanas, europeias e ind\u00edgenas, criando uma tape\u00e7aria \u00fanica de estilos arquitet\u00f4nicos.<\/p>\n<p>Neste guia, vamos desvendar os segredos das constru\u00e7\u00f5es ic\u00f4nicas de Salvador e aprender sobre a incr\u00edvel fus\u00e3o de culturas que as tornam verdadeiras maravilhas arquitet\u00f4nicas.<\/p>\n<p>Salvador \u00e9 muito mais do que apenas praias deslumbrantes e carnavais animados. \u00c9 uma cidade que respira hist\u00f3ria e arte atrav\u00e9s de suas constru\u00e7\u00f5es, ruas de paralelep\u00edpedos e pra\u00e7as encantadoras.<\/p>\n<p>Vamos explorar as influ\u00eancias arquitet\u00f4nicas que moldaram Salvador ao longo dos s\u00e9culos e descobrir por que essa cidade \u00e9 um local de tanta import\u00e2ncia cultural.<\/p>\n<h2>O Encanto do Pelourinho<\/h2>\n<p>O Pelourinho, tamb\u00e9m conhecido como Centro Hist\u00f3rico de Salvador, \u00e9 o cora\u00e7\u00e3o pulsante da arquitetura colonial da cidade. Este bairro pitoresco \u00e9 um Patrim\u00f4nio Mundial da UNESCO e apresenta casar\u00f5es coloridos, igrejas hist\u00f3ricas e vielas de paralelep\u00edpedos que o transportar\u00e3o de volta no tempo.<\/p>\n<p>Ao explorar o Pelourinho, voc\u00ea ficar\u00e1 impressionado com a arquitetura barroca e renascentista que remonta aos s\u00e9culos XVI e XVII.<\/p>\n<h3>Igreja de S\u00e3o Francisco<\/h3>\n<figure id=\"attachment_97592\" aria-describedby=\"caption-attachment-97592\" style=\"width: 1200px\" class=\"wp-caption alignnone\"><img decoding=\"async\" class=\"size-full wp-image-97592\" src=\"https:\/\/www.aarquiteta.com.br\/blog\/wp-content\/uploads\/2023\/10\/salvador-bahia.jpg\" alt=\"Descubra 6 Maravilhas Arquitet\u00f4nicas de Salvador-BA!\" width=\"1200\" height=\"800\" title=\"\" srcset=\"https:\/\/www.aarquiteta.com.br\/blog\/wp-content\/uploads\/2023\/10\/salvador-bahia.jpg 1200w, https:\/\/www.aarquiteta.com.br\/blog\/wp-content\/uploads\/2023\/10\/salvador-bahia-1024x683.jpg 1024w, https:\/\/www.aarquiteta.com.br\/blog\/wp-content\/uploads\/2023\/10\/salvador-bahia-696x464.jpg 696w, https:\/\/www.aarquiteta.com.br\/blog\/wp-content\/uploads\/2023\/10\/salvador-bahia-150x100.jpg 150w\" sizes=\"(max-width: 1200px) 100vw, 1200px\" \/><figcaption id=\"caption-attachment-97592\" class=\"wp-caption-text\">Descubra 6 Maravilhas Arquitet\u00f4nicas de Salvador-BA!<\/figcaption><\/figure>\n<p>A Igreja de S\u00e3o Francisco \u00e9 uma j\u00f3ia da arquitetura barroca em Salvador. Seu interior \u00e9 um verdadeiro espet\u00e1culo, adornado com talha dourada, azulejos portugueses e obras de arte sacra.<\/p>\n<p>Os detalhes arquitet\u00f4nicos exuberantes desta igreja deixam qualquer visitante maravilhado com a maestria dos artes\u00e3os da \u00e9poca.<\/p>\n<h3>Solar do Unh\u00e3o<\/h3>\n<figure id=\"attachment_97594\" aria-describedby=\"caption-attachment-97594\" style=\"width: 1200px\" class=\"wp-caption alignnone\"><img decoding=\"async\" class=\"size-full wp-image-97594\" src=\"https:\/\/www.aarquiteta.com.br\/blog\/wp-content\/uploads\/2023\/10\/cidaade-Solar-do-Unhao-salvador.jpg\" alt=\"Descubra 6 Maravilhas Arquitet\u00f4nicas de Salvador-BA!\" width=\"1200\" height=\"800\" title=\"\" srcset=\"https:\/\/www.aarquiteta.com.br\/blog\/wp-content\/uploads\/2023\/10\/cidaade-Solar-do-Unhao-salvador.jpg 1200w, https:\/\/www.aarquiteta.com.br\/blog\/wp-content\/uploads\/2023\/10\/cidaade-Solar-do-Unhao-salvador-1024x683.jpg 1024w, https:\/\/www.aarquiteta.com.br\/blog\/wp-content\/uploads\/2023\/10\/cidaade-Solar-do-Unhao-salvador-696x464.jpg 696w, https:\/\/www.aarquiteta.com.br\/blog\/wp-content\/uploads\/2023\/10\/cidaade-Solar-do-Unhao-salvador-150x100.jpg 150w\" sizes=\"(max-width: 1200px) 100vw, 1200px\" \/><figcaption id=\"caption-attachment-97594\" class=\"wp-caption-text\">Descubra 6 Maravilhas Arquitet\u00f4nicas de Salvador-BA!<\/figcaption><\/figure>\n<p>O Solar do Unh\u00e3o \u00e9 um exemplo not\u00e1vel de arquitetura colonial brasileira. Esta mans\u00e3o do s\u00e9culo XVIII, com vista para a Ba\u00eda de Todos os Santos, \u00e9 um local onde a hist\u00f3ria se encontra com a beleza natural.<\/p>\n<p>Suas caracter\u00edsticas arquitet\u00f4nicas \u00fanicas, como os azulejos azuis e brancos, proporcionam um cen\u00e1rio pitoresco para exposi\u00e7\u00f5es de arte contempor\u00e2nea.<\/p>\n<h2>O Esplendor da Arquitetura Religiosa<\/h2>\n<p>Salvador \u00e9 famosa por suas igrejas hist\u00f3ricas e a cidade abriga algumas das mais impressionantes do Brasil. Cada uma dessas estruturas arquitet\u00f4nicas conta uma hist\u00f3ria rica e oferece uma vis\u00e3o \u00fanica da devo\u00e7\u00e3o religiosa e do talento art\u00edstico da \u00e9poca.<\/p>\n<h3>Catedral Bas\u00edlica<\/h3>\n<figure id=\"attachment_97591\" aria-describedby=\"caption-attachment-97591\" style=\"width: 1200px\" class=\"wp-caption alignnone\"><img decoding=\"async\" class=\"size-full wp-image-97591\" src=\"https:\/\/www.aarquiteta.com.br\/blog\/wp-content\/uploads\/2023\/10\/Catedral-Basilica-salvador.jpg\" alt=\"Descubra 6 Maravilhas Arquitet\u00f4nicas de Salvador-BA!\" width=\"1200\" height=\"800\" title=\"\" srcset=\"https:\/\/www.aarquiteta.com.br\/blog\/wp-content\/uploads\/2023\/10\/Catedral-Basilica-salvador.jpg 1200w, https:\/\/www.aarquiteta.com.br\/blog\/wp-content\/uploads\/2023\/10\/Catedral-Basilica-salvador-1024x683.jpg 1024w, https:\/\/www.aarquiteta.com.br\/blog\/wp-content\/uploads\/2023\/10\/Catedral-Basilica-salvador-696x464.jpg 696w, https:\/\/www.aarquiteta.com.br\/blog\/wp-content\/uploads\/2023\/10\/Catedral-Basilica-salvador-150x100.jpg 150w\" sizes=\"(max-width: 1200px) 100vw, 1200px\" \/><figcaption id=\"caption-attachment-97591\" class=\"wp-caption-text\">Descubra 6 Maravilhas Arquitet\u00f4nicas de Salvador-BA!<\/figcaption><\/figure>\n<p>A Catedral Bas\u00edlica \u00e9 uma obra-prima da arquitetura neog\u00f3tica e uma das maiores catedrais do Brasil. Sua impon\u00eancia e detalhes arquitet\u00f4nicos impressionam os visitantes, enquanto seu interior sacro convida \u00e0 reflex\u00e3o espiritual.<\/p>\n<h3>Igreja do Bonfim<\/h3>\n<figure id=\"attachment_97590\" aria-describedby=\"caption-attachment-97590\" style=\"width: 1200px\" class=\"wp-caption alignnone\"><img decoding=\"async\" class=\"size-full wp-image-97590\" src=\"https:\/\/www.aarquiteta.com.br\/blog\/wp-content\/uploads\/2023\/10\/escadarias-Igreja-do-Senhor-do-Bonfim-salvador.jpg\" alt=\"Descubra 6 Maravilhas Arquitet\u00f4nicas de Salvador-BA!\" width=\"1200\" height=\"800\" title=\"\" srcset=\"https:\/\/www.aarquiteta.com.br\/blog\/wp-content\/uploads\/2023\/10\/escadarias-Igreja-do-Senhor-do-Bonfim-salvador.jpg 1200w, https:\/\/www.aarquiteta.com.br\/blog\/wp-content\/uploads\/2023\/10\/escadarias-Igreja-do-Senhor-do-Bonfim-salvador-1024x683.jpg 1024w, https:\/\/www.aarquiteta.com.br\/blog\/wp-content\/uploads\/2023\/10\/escadarias-Igreja-do-Senhor-do-Bonfim-salvador-696x464.jpg 696w, https:\/\/www.aarquiteta.com.br\/blog\/wp-content\/uploads\/2023\/10\/escadarias-Igreja-do-Senhor-do-Bonfim-salvador-150x100.jpg 150w\" sizes=\"(max-width: 1200px) 100vw, 1200px\" \/><figcaption id=\"caption-attachment-97590\" class=\"wp-caption-text\">Escadarias Igreja do Senhor do Bonfim &#8211; Foto: Freepik<\/figcaption><\/figure>\n<p>A Igreja do Bonfim \u00e9 um local de peregrina\u00e7\u00e3o importante em Salvador. Sua fachada branca e azul \u00e9 ic\u00f4nica, e a arquitetura de influ\u00eancia neocl\u00e1ssica cria uma atmosfera solene e reverente. Este local \u00e9 um s\u00edmbolo de devo\u00e7\u00e3o e espiritualidade na cidade.<\/p>\n<h2>Arquitetura Modernista<\/h2>\n<p><img decoding=\"async\" class=\"alignnone size-full wp-image-10694\" src=\"https:\/\/www.aarquiteta.com.br\/blog\/wp-content\/uploads\/2017\/07\/museu-arte-bahia-lina.jpg\" alt=\"\" width=\"2048\" height=\"1365\" title=\"\" srcset=\"https:\/\/www.aarquiteta.com.br\/blog\/wp-content\/uploads\/2017\/07\/museu-arte-bahia-lina.jpg 2048w, https:\/\/www.aarquiteta.com.br\/blog\/wp-content\/uploads\/2017\/07\/museu-arte-bahia-lina-1024x683.jpg 1024w, https:\/\/www.aarquiteta.com.br\/blog\/wp-content\/uploads\/2017\/07\/museu-arte-bahia-lina-696x464.jpg 696w, https:\/\/www.aarquiteta.com.br\/blog\/wp-content\/uploads\/2017\/07\/museu-arte-bahia-lina-150x100.jpg 150w\" sizes=\"(max-width: 2048px) 100vw, 2048px\" \/><\/p>\n<p>Al\u00e9m de sua rica heran\u00e7a colonial, Salvador tamb\u00e9m abriga exemplos impressionantes de arquitetura modernista. Essas estruturas mais recentes adicionam uma dimens\u00e3o contempor\u00e2nea \u00e0 paisagem arquitet\u00f4nica da cidade.<\/p>\n<h3>Museu de Arte Moderna<\/h3>\n<p>O Museu de Arte Moderna de Salvador \u00e9 uma p\u00e9rola do modernismo. Projetado pelo arquiteto Lina Bo Bardi, este museu combina elementos modernistas com o cen\u00e1rio natural deslumbrante da Ba\u00eda de Todos os Santos. \u00c9 um local que une arte e arquitetura de forma harmoniosa.<\/p>\n<h2>Frequentemente Perguntado<\/h2>\n<figure id=\"attachment_97593\" aria-describedby=\"caption-attachment-97593\" style=\"width: 1200px\" class=\"wp-caption alignnone\"><img decoding=\"async\" class=\"size-full wp-image-97593\" src=\"https:\/\/www.aarquiteta.com.br\/blog\/wp-content\/uploads\/2023\/10\/museu-bahia-salvador.jpg\" alt=\"Descubra 6 Maravilhas Arquitet\u00f4nicas de Salvador-BA!\" width=\"1200\" height=\"800\" title=\"\" srcset=\"https:\/\/www.aarquiteta.com.br\/blog\/wp-content\/uploads\/2023\/10\/museu-bahia-salvador.jpg 1200w, https:\/\/www.aarquiteta.com.br\/blog\/wp-content\/uploads\/2023\/10\/museu-bahia-salvador-1024x683.jpg 1024w, https:\/\/www.aarquiteta.com.br\/blog\/wp-content\/uploads\/2023\/10\/museu-bahia-salvador-696x464.jpg 696w, https:\/\/www.aarquiteta.com.br\/blog\/wp-content\/uploads\/2023\/10\/museu-bahia-salvador-150x100.jpg 150w\" sizes=\"(max-width: 1200px) 100vw, 1200px\" \/><figcaption id=\"caption-attachment-97593\" class=\"wp-caption-text\">Descubra 6 Maravilhas Arquitet\u00f4nicas de Salvador-BA!<\/figcaption><\/figure>\n<h3>O que torna a arquitetura de Salvador \u00fanica?<\/h3>\n<p>A arquitetura de Salvador \u00e9 \u00fanica devido \u00e0 sua fus\u00e3o de influ\u00eancias africanas, europeias e ind\u00edgenas, criando um estilo arquitet\u00f4nico diversificado e fascinante.<\/p>\n<h3>Quais s\u00e3o as igrejas mais not\u00e1veis em Salvador?<\/h3>\n<p>Algumas das igrejas mais not\u00e1veis em Salvador incluem a Igreja de S\u00e3o Francisco, a Catedral Bas\u00edlica e a Igreja do Bonfim, cada uma com sua pr\u00f3pria arquitetura e hist\u00f3ria impressionantes.<\/p>\n<h3>Qual \u00e9 a import\u00e2ncia hist\u00f3rica do Pelourinho?<\/h3>\n<p>O Pelourinho desempenhou um papel crucial na hist\u00f3ria de Salvador, sendo o centro da vida colonial e agora um Patrim\u00f4nio Mundial da UNESCO devido \u00e0 sua arquitetura hist\u00f3rica.<\/p>\n<h3>Como a arquitetura modernista se encaixa na paisagem de Salvador?<\/h3>\n<p>A arquitetura modernista em Salvador adiciona uma dimens\u00e3o contempor\u00e2nea \u00e0 cidade, combinando elementos modernos com a beleza natural da regi\u00e3o.<\/p>\n<h3>O que os visitantes podem aprender sobre a cultura baiana atrav\u00e9s da arquitetura?<\/h3>\n<p>Atrav\u00e9s da arquitetura de Salvador, os visitantes podem aprender sobre a rica cultura baiana, suas influ\u00eancias hist\u00f3ricas e sua devo\u00e7\u00e3o religiosa.<\/p>\n<h2>Conclus\u00e3o<\/h2>\n<p>A arquitetura de Salvador \u00e9 verdadeiramente cativante, um testemunho da rica heran\u00e7a cultural e hist\u00f3rica desta cidade encantadora. Ao explorar as maravilhas arquitet\u00f4nicas de Salvador, voc\u00ea mergulha em um mundo onde o passado se encontra com o presente, criando uma experi\u00eancia \u00fanica e enriquecedora.<\/p>\n<p>N\u00e3o deixe de incluir essas maravilhas em sua visita a Salvador, pois elas s\u00e3o uma parte essencial da hist\u00f3ria e da alma desta cidade vibrante.<\/p>\n<p>E, ao final da sua jornada pelas maravilhas arquitet\u00f4nicas de Salvador, voc\u00ea pode se perguntar: &#8220;Que outras hist\u00f3rias e segredos essa cidade incr\u00edvel ainda guarda?&#8221;<\/p>\n","protected":false},"excerpt":{"rendered":"<p>Salvador, a bela cidade situada na costa nordeste do Brasil, \u00e9 um verdadeiro tesouro arquitet\u00f4nico que cativa seus visitantes com sua rica heran\u00e7a cultural e hist\u00f3rica. Neste guia completo, vamos explorar as maravilhas arquitet\u00f4nicas de Salvador, mergulhando em sua fascinante hist\u00f3ria e destacando as j\u00f3ias arquitet\u00f4nicas que fazem desta cidade um destino imperd\u00edvel. Prepare-se para [&hellip;]<\/p>\n","protected":false},"author":102,"featured_media":10694,"comment_status":"closed","ping_status":"closed","sticky":false,"template":"","format":"standard","meta":{"footnotes":""},"categories":[1507,31218],"tags":[34154],"class_list":["post-97588","post","type-post","status-publish","format-standard","has-post-thumbnail","category-arquitetura","category-cidades-e-curiosidades","tag-maravilhas-arquitetonicas-de-salvador"],"_wp_attached_file":null,"_wp_attachment_metadata":null,"_wp_attachment_context":null,"_wp_attachment_is_custom_header":null,"geo_longitude":null,"geo_public":null,"geo_latitude":null,"_publicize_done_external":null,"_wpas_done_3897181":null,"publicize_twitter_user":null,"_wpas_done_3897175":null,"_wpas_skip_3897181":null,"_wpas_skip_3897175":null,"_wpas_skip_3924723":null,"_wpas_mess":null,"_wpas_done_3924723":null,"wps_subtitle":"","_links":{"self":[{"href":"https:\/\/www.aarquiteta.com.br\/blog\/wp-json\/wp\/v2\/posts\/97588","targetHints":{"allow":["GET"]}}],"collection":[{"href":"https:\/\/www.aarquiteta.com.br\/blog\/wp-json\/wp\/v2\/posts"}],"about":[{"href":"https:\/\/www.aarquiteta.com.br\/blog\/wp-json\/wp\/v2\/types\/post"}],"author":[{"embeddable":true,"href":"https:\/\/www.aarquiteta.com.br\/blog\/wp-json\/wp\/v2\/users\/102"}],"replies":[{"embeddable":true,"href":"https:\/\/www.aarquiteta.com.br\/blog\/wp-json\/wp\/v2\/comments?post=97588"}],"version-history":[{"count":0,"href":"https:\/\/www.aarquiteta.com.br\/blog\/wp-json\/wp\/v2\/posts\/97588\/revisions"}],"wp:featuredmedia":[{"embeddable":true,"href":"https:\/\/www.aarquiteta.com.br\/blog\/wp-json\/wp\/v2\/media\/10694"}],"wp:attachment":[{"href":"https:\/\/www.aarquiteta.com.br\/blog\/wp-json\/wp\/v2\/media?parent=97588"}],"wp:term":[{"taxonomy":"category","embeddable":true,"href":"https:\/\/www.aarquiteta.com.br\/blog\/wp-json\/wp\/v2\/categories?post=97588"},{"taxonomy":"post_tag","embeddable":true,"href":"https:\/\/www.aarquiteta.com.br\/blog\/wp-json\/wp\/v2\/tags?post=97588"}],"curies":[{"name":"wp","href":"https:\/\/api.w.org\/{rel}","templated":true}]}}