{"id":97489,"date":"2023-10-29T08:35:26","date_gmt":"2023-10-29T11:35:26","guid":{"rendered":"http:\/\/aarquiteta.com.br\/?p=97489"},"modified":"2023-10-29T08:35:26","modified_gmt":"2023-10-29T11:35:26","slug":"arvores-para-jardim","status":"publish","type":"post","link":"https:\/\/www.aarquiteta.com.br\/blog\/arvores-para-jardim\/","title":{"rendered":"\u00c1rvores para Jardim: 3 Lindas Esp\u00e9cies que V\u00e3o Embelezar seu Espa\u00e7o Exterior!"},"content":{"rendered":"<p>Bem-vindo ao nosso guia completo sobre \u00e1rvores para jardim. Se voc\u00ea est\u00e1 procurando maneiras de embelezar seu espa\u00e7o exterior com \u00e1rvores deslumbrantes, voc\u00ea veio ao lugar certo.<\/p>\n<p>Neste artigo, vamos apresentar as melhores esp\u00e9cies de \u00e1rvores para jardins, destacando suas caracter\u00edsticas, cuidados e benef\u00edcios. Vamos come\u00e7ar!<\/p>\n<h2>\u00c1rvores para Jardim: Descubra as Melhores Esp\u00e9cies<\/h2>\n<p>Ter \u00e1rvores no jardim n\u00e3o s\u00f3 traz beleza est\u00e9tica, mas tamb\u00e9m oferece sombra, privacidade e benef\u00edcios ambientais.<\/p>\n<p>Vamos explorar algumas das melhores esp\u00e9cies de \u00e1rvores recomendadas para embelezar seu espa\u00e7o exterior:<\/p>\n<h3>1. Ip\u00ea Amarelo<\/h3>\n<figure id=\"attachment_97535\" aria-describedby=\"caption-attachment-97535\" style=\"width: 1200px\" class=\"wp-caption alignnone\"><img decoding=\"async\" class=\"size-full wp-image-97535\" src=\"https:\/\/www.aarquiteta.com.br\/blog\/wp-content\/uploads\/2023\/10\/planta-ipe-amarelo.jpg\" alt=\"\u00c1rvores para Jardim: 3 Lindas Esp\u00e9cies que V\u00e3o Embelezar seu Espa\u00e7o Exterior!\" width=\"1200\" height=\"800\" title=\"\" srcset=\"https:\/\/www.aarquiteta.com.br\/blog\/wp-content\/uploads\/2023\/10\/planta-ipe-amarelo.jpg 1200w, https:\/\/www.aarquiteta.com.br\/blog\/wp-content\/uploads\/2023\/10\/planta-ipe-amarelo-1024x683.jpg 1024w, https:\/\/www.aarquiteta.com.br\/blog\/wp-content\/uploads\/2023\/10\/planta-ipe-amarelo-696x464.jpg 696w, https:\/\/www.aarquiteta.com.br\/blog\/wp-content\/uploads\/2023\/10\/planta-ipe-amarelo-150x100.jpg 150w\" sizes=\"(max-width: 1200px) 100vw, 1200px\" \/><figcaption id=\"caption-attachment-97535\" class=\"wp-caption-text\">\u00c1rvores para Jardim: 3 Lindas Esp\u00e9cies que V\u00e3o Embelezar seu Espa\u00e7o Exterior!<\/figcaption><\/figure>\n<p>O ip\u00ea amarelo \u00e9 uma \u00e1rvore nativa do Brasil e \u00e9 conhecido por suas lindas flores amarelas que se destacam no jardim. Al\u00e9m de sua beleza, o ip\u00ea amarelo \u00e9 resistente e f\u00e1cil de cuidar. Ele requer bastante luz solar e solo bem drenado para prosperar.<\/p>\n<h3>2. Flamboyant<\/h3>\n<figure id=\"attachment_97534\" aria-describedby=\"caption-attachment-97534\" style=\"width: 1200px\" class=\"wp-caption alignnone\"><img decoding=\"async\" class=\"size-full wp-image-97534\" src=\"https:\/\/www.aarquiteta.com.br\/blog\/wp-content\/uploads\/2023\/10\/planta-Flamboyant.jpg\" alt=\"\u00c1rvores para Jardim: 3 Lindas Esp\u00e9cies que V\u00e3o Embelezar seu Espa\u00e7o Exterior!\" width=\"1200\" height=\"800\" title=\"\" srcset=\"https:\/\/www.aarquiteta.com.br\/blog\/wp-content\/uploads\/2023\/10\/planta-Flamboyant.jpg 1200w, https:\/\/www.aarquiteta.com.br\/blog\/wp-content\/uploads\/2023\/10\/planta-Flamboyant-1024x683.jpg 1024w, https:\/\/www.aarquiteta.com.br\/blog\/wp-content\/uploads\/2023\/10\/planta-Flamboyant-696x464.jpg 696w, https:\/\/www.aarquiteta.com.br\/blog\/wp-content\/uploads\/2023\/10\/planta-Flamboyant-150x100.jpg 150w\" sizes=\"(max-width: 1200px) 100vw, 1200px\" \/><figcaption id=\"caption-attachment-97534\" class=\"wp-caption-text\">\u00c1rvores para Jardim: 3 Lindas Esp\u00e9cies que V\u00e3o Embelezar seu Espa\u00e7o Exterior!<\/figcaption><\/figure>\n<p>O flamboyant \u00e9 uma \u00e1rvore tropical que se destaca por suas flores vermelhas e folhagem exuberante. Al\u00e9m de sua beleza, o flamboyant tamb\u00e9m oferece uma sombra refrescante e \u00e9 uma \u00f3tima escolha para \u00e1reas espa\u00e7osas no jardim.<\/p>\n<h3>3. Jacarand\u00e1<\/h3>\n<figure id=\"attachment_97533\" aria-describedby=\"caption-attachment-97533\" style=\"width: 1200px\" class=\"wp-caption alignnone\"><img decoding=\"async\" class=\"size-full wp-image-97533\" src=\"https:\/\/www.aarquiteta.com.br\/blog\/wp-content\/uploads\/2023\/10\/planta-pe-de-Jacaranda.jpg\" alt=\"\u00c1rvores para Jardim: 3 Lindas Esp\u00e9cies que V\u00e3o Embelezar seu Espa\u00e7o Exterior!\" width=\"1200\" height=\"800\" title=\"\" srcset=\"https:\/\/www.aarquiteta.com.br\/blog\/wp-content\/uploads\/2023\/10\/planta-pe-de-Jacaranda.jpg 1200w, https:\/\/www.aarquiteta.com.br\/blog\/wp-content\/uploads\/2023\/10\/planta-pe-de-Jacaranda-1024x683.jpg 1024w, https:\/\/www.aarquiteta.com.br\/blog\/wp-content\/uploads\/2023\/10\/planta-pe-de-Jacaranda-696x464.jpg 696w, https:\/\/www.aarquiteta.com.br\/blog\/wp-content\/uploads\/2023\/10\/planta-pe-de-Jacaranda-150x100.jpg 150w\" sizes=\"(max-width: 1200px) 100vw, 1200px\" \/><figcaption id=\"caption-attachment-97533\" class=\"wp-caption-text\">\u00c1rvores para Jardim: 3 Lindas Esp\u00e9cies que V\u00e3o Embelezar seu Espa\u00e7o Exterior!<\/figcaption><\/figure>\n<p>O jacarand\u00e1 \u00e9 uma \u00e1rvore de m\u00e9dio porte com folhagem verde exuberante e flores roxas vibrantes. \u00c9 uma excelente escolha para adicionar cor ao jardim. O jacarand\u00e1 tamb\u00e9m \u00e9 resistente e se adapta a diferentes tipos de solo.<\/p>\n<h2>Perguntas Mais Frequentes<\/h2>\n<h3>Quais s\u00e3o os cuidados necess\u00e1rios para as \u00e1rvores de jardim?<\/h3>\n<p>As \u00e1rvores de jardim requerem alguns cuidados b\u00e1sicos, como rega regular, aduba\u00e7\u00e3o adequada e poda quando necess\u00e1rio. Certifique-se de fornecer \u00e1gua suficiente, especialmente durante per\u00edodos de seca, e use fertilizantes adequados para promover o crescimento saud\u00e1vel das \u00e1rvores.<\/p>\n<h3>Qual \u00e9 a melhor \u00e9poca para plantar \u00e1rvores no jardim?<\/h3>\n<p>Normalmente, a melhor \u00e9poca para plantar \u00e1rvores no jardim \u00e9 durante a primavera ou o outono, quando as temperaturas s\u00e3o amenas. Isso proporciona \u00e0s \u00e1rvores tempo suficiente para se estabelecerem antes das condi\u00e7\u00f5es extremas do ver\u00e3o ou inverno.<\/p>\n<h3>Como posso prevenir doen\u00e7as em \u00e1rvores de jardim?<\/h3>\n<p>Uma boa pr\u00e1tica \u00e9 garantir que as \u00e1rvores estejam recebendo luz solar adequada e estejam plantadas em solo bem drenado. Al\u00e9m disso, monitore regularmente as \u00e1rvores em busca de sinais de doen\u00e7as, como folhas amareladas ou manchas incomuns. Se notar algum problema, consulte um profissional especializado em cuidados arb\u00f3reos.<\/p>\n<h3>Posso plantar \u00e1rvores perto de estruturas ou cabos el\u00e9tricos?<\/h3>\n<p>\u00c9 importante considerar a localiza\u00e7\u00e3o antes de plantar \u00e1rvores perto de estruturas ou cabos el\u00e9tricos. Certifique-se de escolher esp\u00e9cies de \u00e1rvores que n\u00e3o tenham ra\u00edzes invasivas ou crescimento excessivo, para evitar danos \u00e0s estruturas ou interrup\u00e7\u00f5es no fornecimento de eletricidade.<\/p>\n<h3>Quais s\u00e3o os benef\u00edcios ambientais das \u00e1rvores?<\/h3>\n<p>As \u00e1rvores desempenham um papel vital no meio ambiente, fornecendo sombra, melhorando a qualidade do ar, reduzindo a polui\u00e7\u00e3o sonora, absorvendo di\u00f3xido de carbono e fornecendo habitat para a fauna local. Ao plantar \u00e1rvores no seu jardim, voc\u00ea est\u00e1 contribuindo para a sa\u00fade e sustentabilidade do planeta.<\/p>\n[amazon table=&#8221;88350&#8243;]\n<h3>Conclus\u00e3o<\/h3>\n<p>Esperamos que este guia sobre \u00e1rvores para jardim tenha sido \u00fatil e inspirador para voc\u00ea.<\/p>\n<p>Lembre-se de escolher as esp\u00e9cies adequadas para o seu espa\u00e7o e seguir os cuidados necess\u00e1rios para garantir o crescimento saud\u00e1vel das \u00e1rvores. Com \u00e1rvores deslumbrantes, seu jardim se transformar\u00e1 em um verdadeiro para\u00edso natural. Aproveite!<\/p>\n<h3>Curiosidade<\/h3>\n<p><strong>Voc\u00ea sabia que algumas esp\u00e9cies de \u00e1rvores podem viver por centenas e at\u00e9 milhares de anos?<\/strong><\/p>\n<p>Uma das \u00e1rvores mais antigas do mundo, chamada de Methuselah, tem mais de 4.800 anos de idade. \u00c9 impressionante como a natureza pode nos surpreender!<\/p>\n<p>Obrigado por ler nosso artigo. Esperamos que voc\u00ea tenha gostado e encontrado informa\u00e7\u00f5es valiosas. Se voc\u00ea gostou deste post, n\u00e3o deixe de rolar a p\u00e1gina para ler o pr\u00f3ximo acima. At\u00e9 breve!<\/p>\n<p>&nbsp;<\/p>\n","protected":false},"excerpt":{"rendered":"<p>Descubra as melhores esp\u00e9cies de \u00e1rvores para embelezar seu espa\u00e7o exterior com nossas indica\u00e7\u00f5es e aprendizados.<\/p>\n","protected":false},"author":102,"featured_media":0,"comment_status":"closed","ping_status":"closed","sticky":false,"template":"","format":"standard","meta":{"footnotes":""},"categories":[10005,9612],"tags":[2341,33554,33985,29136,2049,34131],"class_list":["post-97489","post","type-post","status-publish","format-standard","category-casa-e-jardim","category-jardinagem","tag-arvores","tag-descubra","tag-embelezar","tag-espaco-exterior","tag-jardim","tag-melhores-especies"],"_wp_attached_file":null,"_wp_attachment_metadata":null,"_wp_attachment_context":null,"_wp_attachment_is_custom_header":null,"geo_longitude":null,"geo_public":null,"geo_latitude":null,"_publicize_done_external":null,"_wpas_done_3897181":null,"publicize_twitter_user":null,"_wpas_done_3897175":null,"_wpas_skip_3897181":null,"_wpas_skip_3897175":null,"_wpas_skip_3924723":null,"_wpas_mess":null,"_wpas_done_3924723":null,"wps_subtitle":"","_links":{"self":[{"href":"https:\/\/www.aarquiteta.com.br\/blog\/wp-json\/wp\/v2\/posts\/97489","targetHints":{"allow":["GET"]}}],"collection":[{"href":"https:\/\/www.aarquiteta.com.br\/blog\/wp-json\/wp\/v2\/posts"}],"about":[{"href":"https:\/\/www.aarquiteta.com.br\/blog\/wp-json\/wp\/v2\/types\/post"}],"author":[{"embeddable":true,"href":"https:\/\/www.aarquiteta.com.br\/blog\/wp-json\/wp\/v2\/users\/102"}],"replies":[{"embeddable":true,"href":"https:\/\/www.aarquiteta.com.br\/blog\/wp-json\/wp\/v2\/comments?post=97489"}],"version-history":[{"count":0,"href":"https:\/\/www.aarquiteta.com.br\/blog\/wp-json\/wp\/v2\/posts\/97489\/revisions"}],"wp:attachment":[{"href":"https:\/\/www.aarquiteta.com.br\/blog\/wp-json\/wp\/v2\/media?parent=97489"}],"wp:term":[{"taxonomy":"category","embeddable":true,"href":"https:\/\/www.aarquiteta.com.br\/blog\/wp-json\/wp\/v2\/categories?post=97489"},{"taxonomy":"post_tag","embeddable":true,"href":"https:\/\/www.aarquiteta.com.br\/blog\/wp-json\/wp\/v2\/tags?post=97489"}],"curies":[{"name":"wp","href":"https:\/\/api.w.org\/{rel}","templated":true}]}}