{"id":97385,"date":"2023-10-22T13:15:47","date_gmt":"2023-10-22T16:15:47","guid":{"rendered":"http:\/\/aarquiteta.com.br\/?p=97385"},"modified":"2023-10-22T13:15:47","modified_gmt":"2023-10-22T16:15:47","slug":"pedra-miracema","status":"publish","type":"post","link":"https:\/\/www.aarquiteta.com.br\/blog\/pedra-miracema\/","title":{"rendered":"Pedra Miracema: o segredo para uma decora\u00e7\u00e3o \u00fanica e duradoura**"},"content":{"rendered":"<p>A pedra miracema \u00e9 um material \u00fanico e duradouro que tem sido amplamente utilizado na decora\u00e7\u00e3o de espa\u00e7os internos e externos. Sua beleza natural, resist\u00eancia e versatilidade a tornam uma escolha popular entre arquitetos e designers de interiores.<\/p>\n<p>Neste artigo, vamos explorar as maravilhas da pedra miracema e descobrir como ela pode transformar qualquer ambiente em algo \u00fanico e especial. Continue lendo para aprender mais sobre esse segredo para uma decora\u00e7\u00e3o duradoura.<\/p>\n<h2>A beleza da pedra miracema<\/h2>\n<figure id=\"attachment_97384\" aria-describedby=\"caption-attachment-97384\" style=\"width: 1024px\" class=\"wp-caption alignnone\"><img decoding=\"async\" class=\"size-full wp-image-97384\" src=\"https:\/\/www.aarquiteta.com.br\/blog\/wp-content\/uploads\/2023\/10\/pedra-miracema04.jpg\" alt=\"pedra miracema\" width=\"1024\" height=\"1024\" title=\"\" srcset=\"https:\/\/www.aarquiteta.com.br\/blog\/wp-content\/uploads\/2023\/10\/pedra-miracema04.jpg 1024w, https:\/\/www.aarquiteta.com.br\/blog\/wp-content\/uploads\/2023\/10\/pedra-miracema04-696x696.jpg 696w, https:\/\/www.aarquiteta.com.br\/blog\/wp-content\/uploads\/2023\/10\/pedra-miracema04-96x96.jpg 96w, https:\/\/www.aarquiteta.com.br\/blog\/wp-content\/uploads\/2023\/10\/pedra-miracema04-150x150.jpg 150w\" sizes=\"(max-width: 1024px) 100vw, 1024px\" \/><figcaption id=\"caption-attachment-97384\" class=\"wp-caption-text\">pedra miracema<\/figcaption><\/figure>\n<p>A pedra miracema \u00e9 conhecida por sua beleza natural e \u00fanica. Ela possui uma textura r\u00fastica e irregular que confere charme e autenticidade a qualquer espa\u00e7o.<\/p>\n<p>Suas cores variam entre tons claros, como o bege e o cinza, e tons mais escuros, como o marrom e o preto. Essa variedade de cores permite que a pedra miracema seja facilmente incorporada a diferentes estilos de decora\u00e7\u00e3o.<\/p>\n<p>Al\u00e9m de sua est\u00e9tica atraente, a pedra miracema tamb\u00e9m \u00e9 altamente dur\u00e1vel. Ela \u00e9 resistente a rachaduras, desbotamento e abras\u00e3o, o que a torna ideal para \u00e1reas externas sujeitas a condi\u00e7\u00f5es clim\u00e1ticas adversas.<\/p>\n<p>Sua durabilidade permite que ela mantenha sua apar\u00eancia por muitos anos sem a necessidade de manuten\u00e7\u00e3o constante.<\/p>\n<h2>Aplica\u00e7\u00f5es da pedra miracema<\/h2>\n<figure id=\"attachment_97381\" aria-describedby=\"caption-attachment-97381\" style=\"width: 1024px\" class=\"wp-caption alignnone\"><img decoding=\"async\" class=\"size-full wp-image-97381\" src=\"https:\/\/www.aarquiteta.com.br\/blog\/wp-content\/uploads\/2023\/10\/pedra-miracema01.jpg\" alt=\"**Descubra as maravilhas da pedra miracema: o segredo para uma decora\u00e7\u00e3o \u00fanica e duradoura**\" width=\"1024\" height=\"1024\" title=\"\" srcset=\"https:\/\/www.aarquiteta.com.br\/blog\/wp-content\/uploads\/2023\/10\/pedra-miracema01.jpg 1024w, https:\/\/www.aarquiteta.com.br\/blog\/wp-content\/uploads\/2023\/10\/pedra-miracema01-696x696.jpg 696w, https:\/\/www.aarquiteta.com.br\/blog\/wp-content\/uploads\/2023\/10\/pedra-miracema01-96x96.jpg 96w, https:\/\/www.aarquiteta.com.br\/blog\/wp-content\/uploads\/2023\/10\/pedra-miracema01-150x150.jpg 150w\" sizes=\"(max-width: 1024px) 100vw, 1024px\" \/><figcaption id=\"caption-attachment-97381\" class=\"wp-caption-text\">**Descubra as maravilhas da pedra miracema: o segredo para uma decora\u00e7\u00e3o \u00fanica e duradoura**<\/figcaption><\/figure>\n<p>A pedra miracema pode ser utilizada de diversas maneiras na decora\u00e7\u00e3o de ambientes. Ela \u00e9 comumente empregada na pavimenta\u00e7\u00e3o de cal\u00e7adas, p\u00e1tios e \u00e1reas de lazer. Sua superf\u00edcie antiderrapante e resistente ao desgaste a torna uma escolha segura e pr\u00e1tica para esses espa\u00e7os.<\/p>\n<p>Al\u00e9m disso, a pedra miracema tamb\u00e9m pode ser utilizada na parede, como revestimento ou detalhe decorativo. Sua textura r\u00fastica confere uma sensa\u00e7\u00e3o de aconchego e rusticidade aos ambientes internos, tornando-os mais acolhedores e charmosos.<\/p>\n<p>Outra aplica\u00e7\u00e3o interessante da pedra miracema \u00e9 na constru\u00e7\u00e3o de piscinas e \u00e1reas de lazer aqu\u00e1ticas. Sua resist\u00eancia ao contato constante com a \u00e1gua e sua baixa absor\u00e7\u00e3o de l\u00edquidos a tornam uma escolha ideal para esses espa\u00e7os.<\/p>\n[amazon table=&#8221;90698&#8243;]\n<h2>Perguntas Mais Frequentes<\/h2>\n<figure id=\"attachment_97384-2\" aria-describedby=\"caption-attachment-97384-2\" style=\"width: 1024px\" class=\"wp-caption alignnone\"><img decoding=\"async\" class=\"size-full wp-image-97384\" src=\"https:\/\/www.aarquiteta.com.br\/blog\/wp-content\/uploads\/2023\/10\/pedra-miracema04.jpg\" alt=\"pedra miracema\" width=\"1024\" height=\"1024\" title=\"\" srcset=\"https:\/\/www.aarquiteta.com.br\/blog\/wp-content\/uploads\/2023\/10\/pedra-miracema04.jpg 1024w, https:\/\/www.aarquiteta.com.br\/blog\/wp-content\/uploads\/2023\/10\/pedra-miracema04-696x696.jpg 696w, https:\/\/www.aarquiteta.com.br\/blog\/wp-content\/uploads\/2023\/10\/pedra-miracema04-96x96.jpg 96w, https:\/\/www.aarquiteta.com.br\/blog\/wp-content\/uploads\/2023\/10\/pedra-miracema04-150x150.jpg 150w\" sizes=\"(max-width: 1024px) 100vw, 1024px\" \/><figcaption id=\"caption-attachment-97384-2\" class=\"wp-caption-text\">pedra miracema<\/figcaption><\/figure>\n<h3>Qual \u00e9 a durabilidade da pedra miracema?<\/h3>\n<p>A pedra miracema \u00e9 altamente dur\u00e1vel e pode manter sua apar\u00eancia por muitos anos sem a necessidade de manuten\u00e7\u00e3o constante.<\/p>\n<h3>Como fazer a limpeza da pedra miracema?<\/h3>\n<p>A limpeza da pedra miracema \u00e9 simples e f\u00e1cil. Basta utilizar uma escova de cerdas macias e \u00e1gua com detergente neutro para remover sujeiras e manchas.<\/p>\n<h3>Posso utilizar a pedra miracema em \u00e1reas internas?<\/h3>\n<p>Sim, a pedra miracema pode ser utilizada em \u00e1reas internas como revestimento ou detalhe decorativo. Sua textura r\u00fastica confere uma sensa\u00e7\u00e3o de aconchego aos ambientes.<\/p>\n<h3>A pedra miracema \u00e9 resistente ao desgaste?<\/h3>\n<p>Sim, a pedra miracema \u00e9 altamente resistente ao desgaste, o que a torna uma escolha ideal para \u00e1reas externas sujeitas a condi\u00e7\u00f5es clim\u00e1ticas adversas.<\/p>\n<h3>Quais s\u00e3o as cores dispon\u00edveis de pedra miracema?<\/h3>\n<p>A pedra miracema est\u00e1 dispon\u00edvel em uma ampla variedade de cores, incluindo tons claros como bege e cinza, e tons mais escuros como marrom e preto.<\/p>\n<h3>Conclus\u00e3o<\/h3>\n<p>A pedra miracema \u00e9 uma escolha perfeita para quem busca uma decora\u00e7\u00e3o \u00fanica e duradoura. Sua beleza natural, resist\u00eancia e variedade de aplica\u00e7\u00f5es a tornam um material vers\u00e1til e atraente.<\/p>\n<p>Ao utilizar a pedra miracema em seus projetos, voc\u00ea estar\u00e1 garantindo um ambiente charmoso e acolhedor por muitos anos. Esperamos que este artigo tenha sido \u00fatil e que voc\u00ea possa explorar todas as maravilhas da pedra miracema na decora\u00e7\u00e3o de seus espa\u00e7os.<\/p>\n<p>Continue acompanhando nossos pr\u00f3ximo posts para mais dicas e inspira\u00e7\u00f5es.<\/p>\n<h3>Curiosidade<\/h3>\n<p><strong>Voc\u00ea sabia que a pedra miracema \u00e9 conhecida como &#8220;a pedra que dura para sempre&#8221;?<\/strong><\/p>\n<p>Isso se deve \u00e0 sua durabilidade e resist\u00eancia, que a tornam uma escolha popular para projetos de longo prazo.<\/p>\n<p>Obrigado por ler nosso artigo. Esperamos que tenha sido \u00fatil e que tenha gostado de descobrir mais sobre as maravilhas da pedra miracema. Arraste para cima para ler o pr\u00f3ximo post acima. At\u00e9 a pr\u00f3xima!<\/p>\n<div class=\"mceTemp\"><\/div>\n","protected":false},"excerpt":{"rendered":"<p>Descubra as maravilhas da pedra miracema: o segredo para uma decora\u00e7\u00e3o \u00fanica e duradoura &#8211; Aprenda as t\u00e9cnicas, caminhos e instru\u00e7\u00f5es para utilizar a pedra miracema e criar uma decora\u00e7\u00e3o original e resistente.<\/p>\n","protected":false},"author":102,"featured_media":97382,"comment_status":"closed","ping_status":"closed","sticky":false,"template":"","format":"standard","meta":{"footnotes":""},"categories":[1484],"tags":[34110,33554,34111,34008,34108,34109],"class_list":["post-97385","post","type-post","status-publish","format-standard","has-post-thumbnail","category-decoracao","tag-decoracao-unica","tag-descubra","tag-duradoura","tag-maravilhas","tag-pedra-miracema","tag-segredo"],"_wp_attached_file":null,"_wp_attachment_metadata":null,"_wp_attachment_context":null,"_wp_attachment_is_custom_header":null,"geo_longitude":null,"geo_public":null,"geo_latitude":null,"_publicize_done_external":null,"_wpas_done_3897181":null,"publicize_twitter_user":null,"_wpas_done_3897175":null,"_wpas_skip_3897181":null,"_wpas_skip_3897175":null,"_wpas_skip_3924723":null,"_wpas_mess":null,"_wpas_done_3924723":null,"wps_subtitle":"","_links":{"self":[{"href":"https:\/\/www.aarquiteta.com.br\/blog\/wp-json\/wp\/v2\/posts\/97385","targetHints":{"allow":["GET"]}}],"collection":[{"href":"https:\/\/www.aarquiteta.com.br\/blog\/wp-json\/wp\/v2\/posts"}],"about":[{"href":"https:\/\/www.aarquiteta.com.br\/blog\/wp-json\/wp\/v2\/types\/post"}],"author":[{"embeddable":true,"href":"https:\/\/www.aarquiteta.com.br\/blog\/wp-json\/wp\/v2\/users\/102"}],"replies":[{"embeddable":true,"href":"https:\/\/www.aarquiteta.com.br\/blog\/wp-json\/wp\/v2\/comments?post=97385"}],"version-history":[{"count":0,"href":"https:\/\/www.aarquiteta.com.br\/blog\/wp-json\/wp\/v2\/posts\/97385\/revisions"}],"wp:featuredmedia":[{"embeddable":true,"href":"https:\/\/www.aarquiteta.com.br\/blog\/wp-json\/wp\/v2\/media\/97382"}],"wp:attachment":[{"href":"https:\/\/www.aarquiteta.com.br\/blog\/wp-json\/wp\/v2\/media?parent=97385"}],"wp:term":[{"taxonomy":"category","embeddable":true,"href":"https:\/\/www.aarquiteta.com.br\/blog\/wp-json\/wp\/v2\/categories?post=97385"},{"taxonomy":"post_tag","embeddable":true,"href":"https:\/\/www.aarquiteta.com.br\/blog\/wp-json\/wp\/v2\/tags?post=97385"}],"curies":[{"name":"wp","href":"https:\/\/api.w.org\/{rel}","templated":true}]}}