{"id":97350,"date":"2023-12-21T17:15:53","date_gmt":"2023-12-21T20:15:53","guid":{"rendered":"http:\/\/aarquiteta.com.br\/?p=97350"},"modified":"2024-07-03T14:53:56","modified_gmt":"2024-07-03T17:53:56","slug":"mesa-varanda","status":"publish","type":"post","link":"https:\/\/www.aarquiteta.com.br\/blog\/mesa-varanda\/","title":{"rendered":"Mesa Para Varanda: Transforme seu Espa\u00e7o em um Ref\u00fagio Aconchegante e Funcional!"},"content":{"rendered":"<p>Ao decorar uma varanda, \u00e9 importante considerar tanto a est\u00e9tica quanto a funcionalidade do espa\u00e7o. Uma pe\u00e7a de mobili\u00e1rio que pode fazer toda a diferen\u00e7a \u00e9 a mesa varanda. Com seu design vers\u00e1til e caracter\u00edsticas \u00fanicas, ela pode transformar sua varanda em um ref\u00fagio aconchegante e funcional.<\/p>\n<p>Uma mesa varanda oferece v\u00e1rias vantagens. Ela n\u00e3o apenas proporciona um espa\u00e7o para apoiar bebidas e petiscos, mas tamb\u00e9m serve como um ponto focal para a decora\u00e7\u00e3o da varanda. Al\u00e9m disso, \u00e9 uma op\u00e7\u00e3o pr\u00e1tica para refei\u00e7\u00f5es ao ar livre ou momentos de relaxamento.<\/p>\n<h3>Design e Estilo<\/h3>\n<figure style=\"width: 1024px\" class=\"wp-caption aligncenter\"><img decoding=\"async\" src=\"https:\/\/www.aarquiteta.com.br\/blog\/wp-content\/uploads\/2023\/10\/mesa-varanda04.jpg\" alt=\"mesa varanda\" width=\"1024\" height=\"1024\" title=\"\"><figcaption class=\"wp-caption-text\">mesa varanda<\/figcaption><\/figure>\n<p>Quando se trata de escolher uma mesa varanda, \u00e9 importante considerar o design e o estilo que se adequam a voc\u00ea e ao ambiente. Existem diversos estilos dispon\u00edveis, desde mesas de madeira r\u00fastica at\u00e9 mesas de vidro modernas.<\/p>\n<p>Voc\u00ea pode optar por uma mesa dobr\u00e1vel para economizar espa\u00e7o ou uma mesa com gavetas para armazenamento extra.<\/p>\n<p>A mesa varanda pode ser encontrada em uma variedade de tamanhos e formatos, incluindo retangular, redonda e quadrada. Certifique-se de escolher uma que se encaixe perfeitamente no seu espa\u00e7o e atenda \u00e0s suas necessidades.<\/p>\n<p>Considere tamb\u00e9m os materiais utilizados na constru\u00e7\u00e3o da mesa, como madeira, metal ou pl\u00e1stico, para garantir durabilidade e resist\u00eancia \u00e0s condi\u00e7\u00f5es clim\u00e1ticas.<\/p>\n<h3>Funcionalidade<\/h3>\n<figure id=\"attachment_97348\" aria-describedby=\"caption-attachment-97348\" style=\"width: 1024px\" class=\"wp-caption alignnone\"><img decoding=\"async\" class=\"size-full wp-image-97348\" src=\"https:\/\/www.aarquiteta.com.br\/blog\/wp-content\/uploads\/2023\/10\/mesa-varanda03.jpg\" alt=\"mesa varanda\" width=\"1024\" height=\"1024\" title=\"\" srcset=\"https:\/\/www.aarquiteta.com.br\/blog\/wp-content\/uploads\/2023\/10\/mesa-varanda03.jpg 1024w, https:\/\/www.aarquiteta.com.br\/blog\/wp-content\/uploads\/2023\/10\/mesa-varanda03-696x696.jpg 696w, https:\/\/www.aarquiteta.com.br\/blog\/wp-content\/uploads\/2023\/10\/mesa-varanda03-96x96.jpg 96w, https:\/\/www.aarquiteta.com.br\/blog\/wp-content\/uploads\/2023\/10\/mesa-varanda03-150x150.jpg 150w\" sizes=\"(max-width: 1024px) 100vw, 1024px\" \/><figcaption id=\"caption-attachment-97348\" class=\"wp-caption-text\">mesa varanda<\/figcaption><\/figure>\n<p>Al\u00e9m de adicionar estilo \u00e0 sua varanda, a mesa varanda tamb\u00e9m deve ser funcional. Opte por uma mesa que ofere\u00e7a espa\u00e7o suficiente para acomodar suas necessidades. Se voc\u00ea gosta de receber amigos e familiares, uma mesa maior pode ser ideal para acomodar mais pessoas. Se voc\u00ea tem um espa\u00e7o limitado, uma mesa dobr\u00e1vel ou extens\u00edvel pode ser a melhor op\u00e7\u00e3o.<\/p>\n<p>Considere tamb\u00e9m a altura da mesa. Se voc\u00ea deseja utiliz\u00e1-la para refei\u00e7\u00f5es, certifique-se de que a altura seja adequada para acomodar cadeiras ou banquetas.<\/p>\n<p>Caso a mesa seja usada principalmente como um ponto de apoio, uma altura mais baixa pode ser mais confort\u00e1vel.<\/p>\n<h3>Manuten\u00e7\u00e3o e Durabilidade<\/h3>\n<figure id=\"attachment_97347\" aria-describedby=\"caption-attachment-97347\" style=\"width: 1024px\" class=\"wp-caption alignnone\"><img decoding=\"async\" class=\"size-full wp-image-97347\" src=\"https:\/\/www.aarquiteta.com.br\/blog\/wp-content\/uploads\/2023\/10\/mesa-varanda02.jpg\" alt=\"mesa varanda\" width=\"1024\" height=\"1024\" title=\"\" srcset=\"https:\/\/www.aarquiteta.com.br\/blog\/wp-content\/uploads\/2023\/10\/mesa-varanda02.jpg 1024w, https:\/\/www.aarquiteta.com.br\/blog\/wp-content\/uploads\/2023\/10\/mesa-varanda02-696x696.jpg 696w, https:\/\/www.aarquiteta.com.br\/blog\/wp-content\/uploads\/2023\/10\/mesa-varanda02-96x96.jpg 96w, https:\/\/www.aarquiteta.com.br\/blog\/wp-content\/uploads\/2023\/10\/mesa-varanda02-150x150.jpg 150w\" sizes=\"(max-width: 1024px) 100vw, 1024px\" \/><figcaption id=\"caption-attachment-97347\" class=\"wp-caption-text\">mesa varanda<\/figcaption><\/figure>\n<p>\u00c9 importante escolher uma mesa varanda que seja f\u00e1cil de limpar e manter. Mesas de materiais como alum\u00ednio ou pl\u00e1stico s\u00e3o mais resistentes \u00e0s intemp\u00e9ries e requerem menos manuten\u00e7\u00e3o. Se voc\u00ea optar por uma mesa de madeira, procure por uma com tratamento especial que a torne resistente \u00e0 umidade e aos raios UV.<\/p>\n<p>Al\u00e9m disso, verifique se a mesa tem garantia de durabilidade. Certas mesas v\u00eam com prote\u00e7\u00f5es contra corros\u00e3o ou desgaste prematuro, o que pode prolongar sua vida \u00fatil. Ao cuidar adequadamente da sua mesa varanda, voc\u00ea garantir\u00e1 que ela permane\u00e7a bonita e funcional por muitos anos.<\/p>\n[amazon table=&#8221;95737&#8243;]\n<h2>Perguntas Mais Frequentes<\/h2>\n<h3>Como escolher o tamanho ideal para minha mesa varanda?<\/h3>\n<p>O tamanho ideal da mesa varanda depende do espa\u00e7o dispon\u00edvel e de suas necessidades. Me\u00e7a o tamanho da sua varanda e leve em considera\u00e7\u00e3o o n\u00famero de pessoas que voc\u00ea pretende acomodar. Assim, voc\u00ea poder\u00e1 escolher uma mesa com dimens\u00f5es adequadas para seu espa\u00e7o.<\/p>\n<h3>Quais materiais s\u00e3o mais indicados para uma mesa varanda?<\/h3>\n<p>Os materiais mais indicados para uma mesa varanda s\u00e3o aqueles que apresentam resist\u00eancia \u00e0s condi\u00e7\u00f5es clim\u00e1ticas. Madeira tratada, alum\u00ednio e pl\u00e1stico s\u00e3o boas op\u00e7\u00f5es. Lembre-se de escolher um material dur\u00e1vel e de f\u00e1cil manuten\u00e7\u00e3o.<\/p>\n<h3>Posso utilizar a mesa varanda em \u00e1reas internas?<\/h3>\n<p>Sim, a mesa varanda pode ser utilizada em \u00e1reas internas tamb\u00e9m, desde que seu estilo e tamanho se adequem \u00e0 decora\u00e7\u00e3o do ambiente. Ela pode funcionar como uma mesa de jantar em espa\u00e7os menores, por exemplo.<\/p>\n<h3>Como limpar e manter minha mesa varanda?<\/h3>\n<p>A limpeza e manuten\u00e7\u00e3o da mesa varanda dependem do material utilizado. Em geral, \u00e9 recomendado limp\u00e1-la regularmente com \u00e1gua e sab\u00e3o neutro. Evite o uso de produtos qu\u00edmicos agressivos que possam danificar a superf\u00edcie da mesa.<\/p>\n<h3>Posso deixar minha mesa varanda exposta \u00e0s intemp\u00e9ries?<\/h3>\n<p>A maioria das mesas varanda \u00e9 projetada para resistir \u00e0s intemp\u00e9ries. No entanto, \u00e9 recomendado cobri-la ou guard\u00e1-la em um local protegido quando n\u00e3o estiver em uso por longos per\u00edodos. Isso ajudar\u00e1 a proteger a mesa e prolongar sua vida \u00fatil.<\/p>\n<h3>Conclus\u00e3o<\/h3>\n<p>Uma mesa varanda \u00e9 um item essencial para transformar seu espa\u00e7o ao ar livre em um ref\u00fagio aconchegante e funcional. Ao considerar o design, funcionalidade, manuten\u00e7\u00e3o e durabilidade, voc\u00ea poder\u00e1 escolher a mesa perfeita para atender \u00e0s suas necessidades.<\/p>\n<p>Lembre-se de medir seu espa\u00e7o, escolher materiais resistentes e cuidar adequadamente de sua mesa para garantir sua longevidade. Desfrute de momentos agrad\u00e1veis \u200b\u200bem sua varanda com uma mesa varanda que combine estilo e praticidade.<\/p>\n<h3>Curiosidade<\/h3>\n<p><strong>Voc\u00ea sabia que a palavra &#8220;varanda&#8221; tem origem no italiano &#8220;veranda&#8221;, que significa &#8220;galeria&#8221;?<\/strong><\/p>\n<p>Essa \u00e1rea aberta da casa tem sido usada h\u00e1 s\u00e9culos para desfrutar do ar livre e apreciar a paisagem ao redor. A mesa varanda \u00e9 uma adi\u00e7\u00e3o moderna que torna esse espa\u00e7o ainda mais aconchegante e convidativo.<\/p>\n<p>Agradecemos por ler nosso artigo e esperamos que ele tenha sido \u00fatil para voc\u00ea. N\u00e3o deixe de conferir nossos outros posts acima e continue explorando novas ideias para transformar sua varanda em um espa\u00e7o incr\u00edvel!<\/p>\n<p>&nbsp;<\/p>\n","protected":false},"excerpt":{"rendered":"<p>Transforme sua varanda em um espa\u00e7o aconchegante e funcional com nossas indica\u00e7\u00f5es e instru\u00e7\u00f5es. Aprenda as melhores formas de criar um ref\u00fagio acolhedor e pr\u00e1tico com a mesa varanda adequada.<\/p>\n","protected":false},"author":102,"featured_media":97346,"comment_status":"closed","ping_status":"closed","sticky":false,"template":"","format":"standard","meta":{"footnotes":""},"categories":[1484,35383],"tags":[2022,26916,34098,34096,34097,33903],"class_list":["post-97350","post","type-post","status-publish","format-standard","has-post-thumbnail","category-decoracao","category-mesas-e-cadeiras","tag-espaco","tag-funcional","tag-mesa-para-varanda","tag-mesa-varanda","tag-refugio-aconchegante","tag-transforme"],"_wp_attached_file":null,"_wp_attachment_metadata":null,"_wp_attachment_context":null,"_wp_attachment_is_custom_header":null,"geo_longitude":null,"geo_public":null,"geo_latitude":null,"_publicize_done_external":null,"_wpas_done_3897181":null,"publicize_twitter_user":null,"_wpas_done_3897175":null,"_wpas_skip_3897181":null,"_wpas_skip_3897175":null,"_wpas_skip_3924723":null,"_wpas_mess":null,"_wpas_done_3924723":null,"wps_subtitle":"","_links":{"self":[{"href":"https:\/\/www.aarquiteta.com.br\/blog\/wp-json\/wp\/v2\/posts\/97350","targetHints":{"allow":["GET"]}}],"collection":[{"href":"https:\/\/www.aarquiteta.com.br\/blog\/wp-json\/wp\/v2\/posts"}],"about":[{"href":"https:\/\/www.aarquiteta.com.br\/blog\/wp-json\/wp\/v2\/types\/post"}],"author":[{"embeddable":true,"href":"https:\/\/www.aarquiteta.com.br\/blog\/wp-json\/wp\/v2\/users\/102"}],"replies":[{"embeddable":true,"href":"https:\/\/www.aarquiteta.com.br\/blog\/wp-json\/wp\/v2\/comments?post=97350"}],"version-history":[{"count":0,"href":"https:\/\/www.aarquiteta.com.br\/blog\/wp-json\/wp\/v2\/posts\/97350\/revisions"}],"wp:featuredmedia":[{"embeddable":true,"href":"https:\/\/www.aarquiteta.com.br\/blog\/wp-json\/wp\/v2\/media\/97346"}],"wp:attachment":[{"href":"https:\/\/www.aarquiteta.com.br\/blog\/wp-json\/wp\/v2\/media?parent=97350"}],"wp:term":[{"taxonomy":"category","embeddable":true,"href":"https:\/\/www.aarquiteta.com.br\/blog\/wp-json\/wp\/v2\/categories?post=97350"},{"taxonomy":"post_tag","embeddable":true,"href":"https:\/\/www.aarquiteta.com.br\/blog\/wp-json\/wp\/v2\/tags?post=97350"}],"curies":[{"name":"wp","href":"https:\/\/api.w.org\/{rel}","templated":true}]}}