{"id":97286,"date":"2024-01-16T20:19:51","date_gmt":"2024-01-16T23:19:51","guid":{"rendered":"http:\/\/aarquiteta.com.br\/?p=97286"},"modified":"2024-01-16T20:19:51","modified_gmt":"2024-01-16T23:19:51","slug":"orquidea-vanda","status":"publish","type":"post","link":"https:\/\/www.aarquiteta.com.br\/blog\/orquidea-vanda\/","title":{"rendered":"Descubra como cuidar da sua Orqu\u00eddea Vanda e mant\u00ea-la saud\u00e1vel e exuberante com dicas especializadas!"},"content":{"rendered":"<p>A orqu\u00eddea vanda \u00e9 uma planta conhecida por sua beleza e exuber\u00e2ncia. Origin\u00e1ria das regi\u00f5es tropicais da \u00c1sia, essa variedade de orqu\u00eddea \u00e9 apreciada por suas flores coloridas e seu formato \u00fanico. No entanto, cuidar adequadamente de uma orqu\u00eddea vanda pode ser um desafio para muitos cultivadores.<\/p>\n<p>Neste artigo, vamos oferecer dicas especializadas sobre como cuidar da sua orqu\u00eddea vanda e mant\u00ea-la saud\u00e1vel.<\/p>\n<p>Muitas pessoas t\u00eam dificuldade em cuidar de orqu\u00eddeas vandas devido \u00e0s suas necessidades espec\u00edficas de cultivo. Essas plantas s\u00e3o ep\u00edfitas, o que significa que elas crescem em \u00e1rvores e n\u00e3o precisam de solo para sobreviver.<\/p>\n<p>Al\u00e9m disso, as orqu\u00eddeas vandas requerem altos n\u00edveis de umidade e luz para florescerem adequadamente. Portanto, \u00e9 essencial garantir as condi\u00e7\u00f5es corretas para o crescimento saud\u00e1vel dessa planta incr\u00edvel.<\/p>\n<h2>Cuidados com a orqu\u00eddea vanda<\/h2>\n<h3>Localiza\u00e7\u00e3o e ilumina\u00e7\u00e3o<\/h3>\n<figure style=\"width: 1024px\" class=\"wp-caption aligncenter\"><img decoding=\"async\" src=\"https:\/\/www.aarquiteta.com.br\/blog\/wp-content\/uploads\/2023\/10\/orquidea-vanda02.jpg\" alt=\"orqu\u00eddea vanda\" width=\"1024\" height=\"1024\" title=\"\"><figcaption class=\"wp-caption-text\">orqu\u00eddea vanda<\/figcaption><\/figure>\n<p>A orqu\u00eddea vanda precisa de luz solar indireta para prosperar, mas n\u00e3o deve ser exposta \u00e0 luz solar direta. Portanto, \u00e9 recomend\u00e1vel colocar sua orqu\u00eddea em um local onde ela possa receber luz suficiente, mas sem ser exposta diretamente aos raios solares.<\/p>\n<p>Uma janela voltada para o leste ou oeste \u00e9 geralmente ideal para isso. Certifique-se de que a planta receba pelo menos 6 horas de luz por dia.<\/p>\n<p>Se a ilumina\u00e7\u00e3o natural n\u00e3o for suficiente, voc\u00ea pode complementar com luz artificial. As l\u00e2mpadas LED de espectro total s\u00e3o uma \u00f3tima op\u00e7\u00e3o para fornecer luz adequada para o crescimento da orqu\u00eddea vanda.<\/p>\n<p>Certifique-se de manter a planta a uma dist\u00e2ncia segura da fonte de luz para evitar queimaduras nas folhas.<\/p>\n<h3>Rega e umidade<\/h3>\n<p>A rega adequada \u00e9 essencial para o cuidado da orqu\u00eddea vanda. Essas plantas requerem umidade constante, mas n\u00e3o devem ficar encharcadas.<\/p>\n<p>O ideal \u00e9 regar a orqu\u00eddea vanda cerca de duas vezes por semana, ou quando o substrato estiver seco ao toque. Evite regar em excesso, pois o ac\u00famulo de \u00e1gua nas ra\u00edzes pode levar ao apodrecimento.<\/p>\n<p>Manter um n\u00edvel adequado de umidade tamb\u00e9m \u00e9 importante para o crescimento saud\u00e1vel da orqu\u00eddea vanda. Voc\u00ea pode aumentar a umidade ao redor da planta colocando-a sobre uma bandeja com pedras e \u00e1gua.<\/p>\n<p>Certifique-se de que a planta n\u00e3o esteja diretamente em contato com a \u00e1gua para evitar o apodrecimento das ra\u00edzes.<\/p>\n<h3>Aduba\u00e7\u00e3o e fertiliza\u00e7\u00e3o<\/h3>\n<figure style=\"width: 1024px\" class=\"wp-caption aligncenter\"><img decoding=\"async\" src=\"https:\/\/www.aarquiteta.com.br\/blog\/wp-content\/uploads\/2023\/10\/orquidea-vanda03.jpg\" alt=\"orqu\u00eddea vanda\" width=\"1024\" height=\"1024\" title=\"\"><figcaption class=\"wp-caption-text\">orqu\u00eddea vanda<\/figcaption><\/figure>\n<p>Para garantir que sua orqu\u00eddea vanda receba os nutrientes necess\u00e1rios, \u00e9 importante adub\u00e1-la regularmente. Utilize um adubo espec\u00edfico para orqu\u00eddeas, seguindo as instru\u00e7\u00f5es de dosagem recomendadas pelo fabricante. A aduba\u00e7\u00e3o mensal costuma ser suficiente para manter a planta saud\u00e1vel e em crescimento.<\/p>\n<p>Al\u00e9m da aduba\u00e7\u00e3o, tamb\u00e9m \u00e9 poss\u00edvel fertilizar a orqu\u00eddea vanda. Os fertilizantes cont\u00eam nutrientes adicionais que auxiliam no desenvolvimento da planta. Lembre-se de utilizar um fertilizante espec\u00edfico para orqu\u00eddeas e seguir as instru\u00e7\u00f5es recomendadas.<\/p>\n<h2>Perguntas mais frequentes<\/h2>\n<h3>Qual a melhor \u00e9poca para replantar minha orqu\u00eddea vanda?<\/h3>\n<p>A melhor \u00e9poca para replantar sua orqu\u00eddea vanda \u00e9 no in\u00edcio da primavera, quando a planta est\u00e1 entrando em seu per\u00edodo de crescimento ativo. Certifique-se de escolher um vaso adequado e um substrato pr\u00f3prio para orqu\u00eddeas. Evite replantar durante a esta\u00e7\u00e3o de dorm\u00eancia da planta.<\/p>\n<h3>Como identificar se minha orqu\u00eddea vanda est\u00e1 saud\u00e1vel?<\/h3>\n<figure style=\"width: 1024px\" class=\"wp-caption aligncenter\"><img decoding=\"async\" src=\"https:\/\/www.aarquiteta.com.br\/blog\/wp-content\/uploads\/2023\/10\/orquidea-vanda04.jpg\" alt=\"orqu\u00eddea vanda\" width=\"1024\" height=\"1024\" title=\"\"><figcaption class=\"wp-caption-text\">orqu\u00eddea vanda<\/figcaption><\/figure>\n<p>Uma orqu\u00eddea vanda saud\u00e1vel apresenta folhas verdes e ra\u00edzes firmes e brancas. As flores devem ser vibrantes e sem sinais de murchamento. Verifique tamb\u00e9m se n\u00e3o h\u00e1 sinais de pragas ou doen\u00e7as, como manchas nas folhas ou presen\u00e7a de insetos.<\/p>\n<h3>Qual a frequ\u00eancia ideal para aplicar fertilizante?<\/h3>\n<p>A frequ\u00eancia ideal para aplicar fertilizante na orqu\u00eddea vanda varia de acordo com o tipo de fertilizante utilizado. Geralmente, a cada 2 ou 3 semanas \u00e9 suficiente. No entanto, lembre-se de seguir as instru\u00e7\u00f5es do fabricante para obter melhores resultados.<\/p>\n<h3>\u00c9 poss\u00edvel cultivar orqu\u00eddeas vandas em apartamentos?<\/h3>\n<p>Sim, \u00e9 poss\u00edvel cultivar orqu\u00eddeas vandas em apartamentos desde que as condi\u00e7\u00f5es adequadas sejam fornecidas. Certifique-se de que a planta receba luz suficiente e umidade adequada. Voc\u00ea tamb\u00e9m pode utilizar t\u00e9cnicas de cultivo em vasos pequenos ou mesmo pendurar a planta em suportes especiais.<\/p>\n<h3>Como prevenir o surgimento de pragas e doen\u00e7as nas orqu\u00eddeas vandas?<\/h3>\n<p>Para prevenir o surgimento de pragas e doen\u00e7as nas orqu\u00eddeas vandas, \u00e9 importante manter a planta saud\u00e1vel, com as condi\u00e7\u00f5es corretas de luz, umidade e aduba\u00e7\u00e3o. Al\u00e9m disso, monitore regularmente a planta em busca de sinais de infesta\u00e7\u00e3o ou doen\u00e7as. Caso identifique algum problema, trate-o imediatamente com produtos espec\u00edficos para orqu\u00eddeas.<\/p>\n[amazon table=&#8221;90132&#8243;]\n<h2>Conclus\u00e3o<\/h2>\n<p>Cuidar de uma orqu\u00eddea vanda pode parecer desafiador no in\u00edcio, mas com as dicas certas, \u00e9 poss\u00edvel manter essa planta deslumbrante saud\u00e1vel e exuberante.<\/p>\n<p>Lembre-se de fornecer a quantidade adequada de luz, umidade e nutrientes, al\u00e9m de estar atento a sinais de problemas. Com o devido cuidado, voc\u00ea poder\u00e1 desfrutar das lindas flores da orqu\u00eddea vanda durante muitos anos.<\/p>\n<h3>Curiosidade<\/h3>\n<p><strong>Voc\u00ea sabia que a orqu\u00eddea vanda \u00e9 conhecida como &#8220;rainha das orqu\u00eddeas&#8221;?<\/strong> Isso porque suas flores extravagantes e cores vibrantes realmente destacam essa variedade entre as demais. Ela \u00e9 uma planta majestosa e capaz de encantar a todos que a contemplam.<\/p>\n<p>Obrigado por ler nosso artigo! Esperamos que as informa\u00e7\u00f5es tenham sido \u00fateis para voc\u00ea cuidar da sua orqu\u00eddea vanda. N\u00e3o deixe de compartilhar este conte\u00fado e continue acompanhando nossos pr\u00f3ximos posts.<\/p>\n<p>&nbsp;<\/p>\n","protected":false},"excerpt":{"rendered":"<p>Descubra os caminhos para cuidar da sua orqu\u00eddea vanda e mant\u00ea-la saud\u00e1vel e exuberante mediante indica\u00e7\u00f5es especializadas!<\/p>\n","protected":false},"author":102,"featured_media":97283,"comment_status":"closed","ping_status":"closed","sticky":false,"template":"","format":"standard","meta":{"footnotes":""},"categories":[10005,9612],"tags":[34070,34067,34069,34071,34068],"class_list":["post-97286","post","type-post","status-publish","format-standard","has-post-thumbnail","category-casa-e-jardim","category-jardinagem","tag-cuidadosespecializados","tag-cuidadosorquideavanda","tag-dicasorquideavanda","tag-exuberanciaorquideavanda","tag-saudeorquideavanda"],"_wp_attached_file":null,"_wp_attachment_metadata":null,"_wp_attachment_context":null,"_wp_attachment_is_custom_header":null,"geo_longitude":null,"geo_public":null,"geo_latitude":null,"_publicize_done_external":null,"_wpas_done_3897181":null,"publicize_twitter_user":null,"_wpas_done_3897175":null,"_wpas_skip_3897181":null,"_wpas_skip_3897175":null,"_wpas_skip_3924723":null,"_wpas_mess":null,"_wpas_done_3924723":null,"wps_subtitle":"","_links":{"self":[{"href":"https:\/\/www.aarquiteta.com.br\/blog\/wp-json\/wp\/v2\/posts\/97286","targetHints":{"allow":["GET"]}}],"collection":[{"href":"https:\/\/www.aarquiteta.com.br\/blog\/wp-json\/wp\/v2\/posts"}],"about":[{"href":"https:\/\/www.aarquiteta.com.br\/blog\/wp-json\/wp\/v2\/types\/post"}],"author":[{"embeddable":true,"href":"https:\/\/www.aarquiteta.com.br\/blog\/wp-json\/wp\/v2\/users\/102"}],"replies":[{"embeddable":true,"href":"https:\/\/www.aarquiteta.com.br\/blog\/wp-json\/wp\/v2\/comments?post=97286"}],"version-history":[{"count":0,"href":"https:\/\/www.aarquiteta.com.br\/blog\/wp-json\/wp\/v2\/posts\/97286\/revisions"}],"wp:featuredmedia":[{"embeddable":true,"href":"https:\/\/www.aarquiteta.com.br\/blog\/wp-json\/wp\/v2\/media\/97283"}],"wp:attachment":[{"href":"https:\/\/www.aarquiteta.com.br\/blog\/wp-json\/wp\/v2\/media?parent=97286"}],"wp:term":[{"taxonomy":"category","embeddable":true,"href":"https:\/\/www.aarquiteta.com.br\/blog\/wp-json\/wp\/v2\/categories?post=97286"},{"taxonomy":"post_tag","embeddable":true,"href":"https:\/\/www.aarquiteta.com.br\/blog\/wp-json\/wp\/v2\/tags?post=97286"}],"curies":[{"name":"wp","href":"https:\/\/api.w.org\/{rel}","templated":true}]}}