{"id":96970,"date":"2023-11-22T09:21:54","date_gmt":"2023-11-22T12:21:54","guid":{"rendered":"http:\/\/aarquiteta.com.br\/?p=96970"},"modified":"2023-11-22T09:21:54","modified_gmt":"2023-11-22T12:21:54","slug":"a-relacao-entre-arquitetura-e-paisagismo-em-projetos-urbanos","status":"publish","type":"post","link":"https:\/\/www.aarquiteta.com.br\/blog\/a-relacao-entre-arquitetura-e-paisagismo-em-projetos-urbanos\/","title":{"rendered":"A Sinergia entre Arquitetura e Paisagismo em Projetos Urbanos: A Harmoniosa Alian\u00e7a entre Cores, Formas e Natureza!"},"content":{"rendered":"<p>A sinergia entre arquitetura e paisagismo \u00e9 um elemento fundamental em projetos urbanos que busca criar uma alian\u00e7a harmoniosa entre cores, formas e natureza. Quando essas duas disciplinas se unem, \u00e9 poss\u00edvel criar espa\u00e7os urbanos esteticamente agrad\u00e1veis, funcionais e que promovam o bem-estar da comunidade.<\/p>\n<p>Neste artigo, exploraremos a import\u00e2ncia dessa sinergia, como ela pode ser alcan\u00e7ada e os benef\u00edcios que traz para o ambiente urbano.<\/p>\n<h2>A import\u00e2ncia da sinergia entre arquitetura e paisagismo<\/h2>\n<p><img decoding=\"async\" class=\"alignnone size-full wp-image-96967\" src=\"https:\/\/www.aarquiteta.com.br\/blog\/wp-content\/uploads\/2023\/10\/A-relacao-entre-arquitetura-e-paisagismo-em-projetos-urbanos.03.jpg\" alt=\"\" width=\"1024\" height=\"1024\" title=\"\" srcset=\"https:\/\/www.aarquiteta.com.br\/blog\/wp-content\/uploads\/2023\/10\/A-relacao-entre-arquitetura-e-paisagismo-em-projetos-urbanos.03.jpg 1024w, https:\/\/www.aarquiteta.com.br\/blog\/wp-content\/uploads\/2023\/10\/A-relacao-entre-arquitetura-e-paisagismo-em-projetos-urbanos.03-696x696.jpg 696w, https:\/\/www.aarquiteta.com.br\/blog\/wp-content\/uploads\/2023\/10\/A-relacao-entre-arquitetura-e-paisagismo-em-projetos-urbanos.03-96x96.jpg 96w, https:\/\/www.aarquiteta.com.br\/blog\/wp-content\/uploads\/2023\/10\/A-relacao-entre-arquitetura-e-paisagismo-em-projetos-urbanos.03-150x150.jpg 150w\" sizes=\"(max-width: 1024px) 100vw, 1024px\" \/><\/p>\n<p>A sinergia entre arquitetura e paisagismo \u00e9 crucial para o desenvolvimento de projetos urbanos de qualidade. Quando essas duas disciplinas trabalham em conjunto, \u00e9 poss\u00edvel criar espa\u00e7os que se integrem perfeitamente ao ambiente natural, proporcionando uma atmosfera agrad\u00e1vel e acolhedora aos habitantes.<\/p>\n<p>Ao considerar a paisagem no planejamento arquitet\u00f4nico, \u00e9 poss\u00edvel criar uma harmonia visual entre as constru\u00e7\u00f5es e o ambiente natural ao redor.<\/p>\n<p>A escolha de materiais, cores e formas arquitet\u00f4nicas pode complementar a paisagem envolvente, criando uma conex\u00e3o entre o espa\u00e7o constru\u00eddo e a natureza. Al\u00e9m disso, a inclus\u00e3o de elementos naturais, como \u00e1rvores e jardins, trazem benef\u00edcios ambientais, como a redu\u00e7\u00e3o do calor urbano e a melhoria da qualidade do ar.<\/p>\n<h2>A busca pela harmonia de cores e formas<\/h2>\n<p><img decoding=\"async\" class=\"alignnone size-full wp-image-96966\" src=\"https:\/\/www.aarquiteta.com.br\/blog\/wp-content\/uploads\/2023\/10\/A-relacao-entre-arquitetura-e-paisagismo-em-projetos-urbanos.04.jpg\" alt=\"\" width=\"1024\" height=\"1024\" title=\"\" srcset=\"https:\/\/www.aarquiteta.com.br\/blog\/wp-content\/uploads\/2023\/10\/A-relacao-entre-arquitetura-e-paisagismo-em-projetos-urbanos.04.jpg 1024w, https:\/\/www.aarquiteta.com.br\/blog\/wp-content\/uploads\/2023\/10\/A-relacao-entre-arquitetura-e-paisagismo-em-projetos-urbanos.04-696x696.jpg 696w, https:\/\/www.aarquiteta.com.br\/blog\/wp-content\/uploads\/2023\/10\/A-relacao-entre-arquitetura-e-paisagismo-em-projetos-urbanos.04-96x96.jpg 96w, https:\/\/www.aarquiteta.com.br\/blog\/wp-content\/uploads\/2023\/10\/A-relacao-entre-arquitetura-e-paisagismo-em-projetos-urbanos.04-150x150.jpg 150w\" sizes=\"(max-width: 1024px) 100vw, 1024px\" \/><\/p>\n<p>Na sinergia entre arquitetura e paisagismo, a harmonia de cores e formas \u00e9 um aspecto essencial. A escolha das cores e das formas arquitet\u00f4nicas deve levar em considera\u00e7\u00e3o o contexto natural do entorno, de forma a criar uma integra\u00e7\u00e3o visual entre a constru\u00e7\u00e3o e a paisagem ao redor.<\/p>\n<p>As cores podem ser utilizadas para criar contrastes ou para se fundirem \u00e0 tonalidade da paisagem. Por exemplo, em uma \u00e1rea com predomin\u00e2ncia de vegeta\u00e7\u00e3o verde, \u00e9 poss\u00edvel utilizar tons de verde na constru\u00e7\u00e3o para que ela se misture ao ambiente.<\/p>\n<p>Da mesma forma, formas arquitet\u00f4nicas que sigam as linhas naturais da paisagem podem criar uma integra\u00e7\u00e3o visual ainda maior.<\/p>\n<h3>A escolha das cores no projeto arquitet\u00f4nico<\/h3>\n<p>Quando se trata de escolher as cores para o projeto arquitet\u00f4nico, \u00e9 importante considerar a cultura e o contexto local. Cores que s\u00e3o simb\u00f3licas ou representativas da regi\u00e3o podem ser utilizadas para criar uma identidade visual \u00fanica.<\/p>\n<p>Al\u00e9m disso, as cores devem ser escolhidas levando em considera\u00e7\u00e3o a fun\u00e7\u00e3o do espa\u00e7o e o sentimento que se deseja transmitir.<\/p>\n<h3>A import\u00e2ncia das formas arquitet\u00f4nicas<\/h3>\n<p>As formas arquitet\u00f4nicas s\u00e3o elementos essenciais na cria\u00e7\u00e3o de uma harmonia entre a arquitetura e a paisagem. Ao escolher as formas, \u00e9 poss\u00edvel criar uma intera\u00e7\u00e3o visual interessante e complementar com o ambiente ao redor.<\/p>\n<p>Formas curvas podem ser utilizadas para suavizar a transi\u00e7\u00e3o entre a constru\u00e7\u00e3o e a paisagem, enquanto formas geom\u00e9tricas mais angulares podem criar um contraste visual interessante.<\/p>\n<h2>Benef\u00edcios da sinergia entre arquitetura e paisagismo<\/h2>\n<p><img decoding=\"async\" class=\"alignnone size-full wp-image-96969\" src=\"https:\/\/www.aarquiteta.com.br\/blog\/wp-content\/uploads\/2023\/10\/A-relacao-entre-arquitetura-e-paisagismo-em-projetos-urbanos.01.jpg\" alt=\"\" width=\"1024\" height=\"1024\" title=\"\" srcset=\"https:\/\/www.aarquiteta.com.br\/blog\/wp-content\/uploads\/2023\/10\/A-relacao-entre-arquitetura-e-paisagismo-em-projetos-urbanos.01.jpg 1024w, https:\/\/www.aarquiteta.com.br\/blog\/wp-content\/uploads\/2023\/10\/A-relacao-entre-arquitetura-e-paisagismo-em-projetos-urbanos.01-696x696.jpg 696w, https:\/\/www.aarquiteta.com.br\/blog\/wp-content\/uploads\/2023\/10\/A-relacao-entre-arquitetura-e-paisagismo-em-projetos-urbanos.01-96x96.jpg 96w, https:\/\/www.aarquiteta.com.br\/blog\/wp-content\/uploads\/2023\/10\/A-relacao-entre-arquitetura-e-paisagismo-em-projetos-urbanos.01-150x150.jpg 150w\" sizes=\"(max-width: 1024px) 100vw, 1024px\" \/><\/p>\n<p>A sinergia entre arquitetura e paisagismo traz uma s\u00e9rie de benef\u00edcios para o ambiente urbano. Al\u00e9m de criar espa\u00e7os visualmente agrad\u00e1veis, essa harmonia contribui para o bem-estar da comunidade e para a qualidade de vida dos habitantes.<\/p>\n<p><strong>Alguns dos benef\u00edcios incluem:<\/strong><\/p>\n<ul>\n<li><strong>Melhoria da qualidade do ar<\/strong>: A presen\u00e7a de \u00e1reas verdes, como jardins e parques, contribuem para a purifica\u00e7\u00e3o do ar, absorvendo poluentes e liberando oxig\u00eanio;<\/li>\n<li><strong>Redu\u00e7\u00e3o do calor urbano:<\/strong> A vegeta\u00e7\u00e3o ajuda a diminuir a temperatura local, criando \u00e1reas mais frescas e agrad\u00e1veis para os moradores;<\/li>\n<li><strong>Promo\u00e7\u00e3o da biodiversidade:<\/strong> Os espa\u00e7os verdes proporcionam habitat para diversas esp\u00e9cies de plantas e animais, ajudando a preservar a biodiversidade urbana;<\/li>\n<li><strong>Est\u00edmulo \u00e0 intera\u00e7\u00e3o social:<\/strong> Espa\u00e7os bem planejados, que integram a arquitetura e a paisagem, incentivam a intera\u00e7\u00e3o social e o conv\u00edvio entre os habitantes;<\/li>\n<li><strong>Aumento da valoriza\u00e7\u00e3o imobili\u00e1ria:<\/strong> Projetos urbanos que priorizam a sinergia entre arquitetura e paisagismo tendem a ter uma maior valoriza\u00e7\u00e3o imobili\u00e1ria, tornando-se mais atrativos para investidores e moradores.<\/li>\n<\/ul>\n<h2>Perguntas mais frequentes<\/h2>\n<h3>Qual \u00e9 a diferen\u00e7a entre arquitetura e paisagismo?<\/h3>\n<p>A arquitetura envolve o planejamento e a constru\u00e7\u00e3o de edif\u00edcios e espa\u00e7os urbanos, enquanto o paisagismo se refere ao planejamento e design de \u00e1reas externas, como jardins, parques e pra\u00e7as.<\/p>\n<h3>Como a sinergia entre arquitetura e paisagismo pode ser alcan\u00e7ada?<\/h3>\n<p>A sinergia entre arquitetura e paisagismo pode ser alcan\u00e7ada por meio de um planejamento integrado, no qual arquitetos e paisagistas trabalham juntos desde o in\u00edcio do projeto. A comunica\u00e7\u00e3o e colabora\u00e7\u00e3o entre as equipes \u00e9 essencial para criar espa\u00e7os que se complementem e se integrem harmoniosamente.<\/p>\n<h3>Quais s\u00e3o os benef\u00edcios da inclus\u00e3o de \u00e1reas verdes nos projetos urbanos?<\/h3>\n<p>A inclus\u00e3o de \u00e1reas verdes nos projetos urbanos traz uma s\u00e9rie de benef\u00edcios, como a melhoria da qualidade do ar, a redu\u00e7\u00e3o do calor urbano, a promo\u00e7\u00e3o da biodiversidade e o est\u00edmulo \u00e0 intera\u00e7\u00e3o social.<\/p>\n<h3>Como a escolha das cores pode influenciar a integra\u00e7\u00e3o entre arquitetura e paisagismo?<\/h3>\n<p>A escolha das cores pode influenciar a integra\u00e7\u00e3o entre arquitetura e paisagismo ao criar contrastes ou se fundir \u00e0 tonalidade da paisagem. Cores que se complementam e seguem a identidade visual do local podem contribuir para uma integra\u00e7\u00e3o visual harmoniosa.<\/p>\n<h3>Quais s\u00e3o as principais tend\u00eancias em projetos urbanos que buscam a sinergia entre arquitetura e paisagismo?<\/h3>\n<p>Algumas das principais tend\u00eancias s\u00e3o a utiliza\u00e7\u00e3o de materiais sustent\u00e1veis, como madeira de reflorestamento, a cria\u00e7\u00e3o de telhados verdes e o uso de \u00e1gua de reuso em \u00e1reas externas.<\/p>\n<h2>Conclus\u00e3o<\/h2>\n<p>A sinergia entre arquitetura e paisagismo \u00e9 uma alian\u00e7a harmoniosa de cores, formas e natureza que traz uma s\u00e9rie de benef\u00edcios para os projetos urbanos. Quando essas disciplinas trabalham em conjunto, \u00e9 poss\u00edvel criar espa\u00e7os esteticamente agrad\u00e1veis, funcionais e que promovam o bem-estar da comunidade.<\/p>\n<p>Ao considerar a paisagem no planejamento arquitet\u00f4nico e utilizar elementos naturais de forma estrat\u00e9gica, \u00e9 poss\u00edvel criar espa\u00e7os urbanos que se integrem perfeitamente ao ambiente e proporcionem uma melhor qualidade de vida para os habitantes.<\/p>\n<h3>Curiosidade<\/h3>\n<p><strong>Voc\u00ea sabia que o paisagismo urbano surgiu na Gr\u00e9cia Antiga? <\/strong><\/p>\n<p>Os primeiros jardins urbanos foram criados pelos gregos, que utilizavam elementos naturais em seus projetos arquitet\u00f4nicos para criar espa\u00e7os agrad\u00e1veis e acolhedores.<\/p>\n<p>Agradecemos por ler este artigo e esperamos que tenha sido \u00fatil. Se voc\u00ea gostou deste conte\u00fado, n\u00e3o deixe de compartilh\u00e1-lo e continue acompanhando nossos pr\u00f3ximos posts.<\/p>\n","protected":false},"excerpt":{"rendered":"<p>Encontre ensinamentos e orienta\u00e7\u00f5es sobre a sinergia entre arquitetura e paisagismo em projetos urbanos. Descubra as sugest\u00f5es e indica\u00e7\u00f5es para uma alian\u00e7a harmoniosa de cores, formas e natureza.<\/p>\n","protected":false},"author":102,"featured_media":96967,"comment_status":"closed","ping_status":"closed","sticky":false,"template":"","format":"standard","meta":{"footnotes":""},"categories":[1507,1484],"tags":[],"class_list":["post-96970","post","type-post","status-publish","format-standard","has-post-thumbnail","category-arquitetura","category-decoracao"],"_wp_attached_file":null,"_wp_attachment_metadata":null,"_wp_attachment_context":null,"_wp_attachment_is_custom_header":null,"geo_longitude":null,"geo_public":null,"geo_latitude":null,"_publicize_done_external":null,"_wpas_done_3897181":null,"publicize_twitter_user":null,"_wpas_done_3897175":null,"_wpas_skip_3897181":null,"_wpas_skip_3897175":null,"_wpas_skip_3924723":null,"_wpas_mess":null,"_wpas_done_3924723":null,"wps_subtitle":"","_links":{"self":[{"href":"https:\/\/www.aarquiteta.com.br\/blog\/wp-json\/wp\/v2\/posts\/96970","targetHints":{"allow":["GET"]}}],"collection":[{"href":"https:\/\/www.aarquiteta.com.br\/blog\/wp-json\/wp\/v2\/posts"}],"about":[{"href":"https:\/\/www.aarquiteta.com.br\/blog\/wp-json\/wp\/v2\/types\/post"}],"author":[{"embeddable":true,"href":"https:\/\/www.aarquiteta.com.br\/blog\/wp-json\/wp\/v2\/users\/102"}],"replies":[{"embeddable":true,"href":"https:\/\/www.aarquiteta.com.br\/blog\/wp-json\/wp\/v2\/comments?post=96970"}],"version-history":[{"count":0,"href":"https:\/\/www.aarquiteta.com.br\/blog\/wp-json\/wp\/v2\/posts\/96970\/revisions"}],"wp:featuredmedia":[{"embeddable":true,"href":"https:\/\/www.aarquiteta.com.br\/blog\/wp-json\/wp\/v2\/media\/96967"}],"wp:attachment":[{"href":"https:\/\/www.aarquiteta.com.br\/blog\/wp-json\/wp\/v2\/media?parent=96970"}],"wp:term":[{"taxonomy":"category","embeddable":true,"href":"https:\/\/www.aarquiteta.com.br\/blog\/wp-json\/wp\/v2\/categories?post=96970"},{"taxonomy":"post_tag","embeddable":true,"href":"https:\/\/www.aarquiteta.com.br\/blog\/wp-json\/wp\/v2\/tags?post=96970"}],"curies":[{"name":"wp","href":"https:\/\/api.w.org\/{rel}","templated":true}]}}