{"id":9691,"date":"2022-08-05T17:00:59","date_gmt":"2022-08-05T20:00:59","guid":{"rendered":"http:\/\/aarquiteta.com.br\/?p=9691"},"modified":"2024-10-13T14:27:34","modified_gmt":"2024-10-13T17:27:34","slug":"mezanino","status":"publish","type":"post","link":"https:\/\/www.aarquiteta.com.br\/blog\/mezanino\/","title":{"rendered":"Mezanino &#8211; O que \u00e9 e qual sua fun\u00e7\u00e3o? Veja exemplos!"},"content":{"rendered":"<p>&nbsp;<\/p><p>O mesanino, uma estrutura intermedi\u00e1ria entre dois andares de um edif\u00edcio, tem sido uma solu\u00e7\u00e3o arquitet\u00f4nica admirada por sua capacidade de maximizar o espa\u00e7o e adicionar um toque est\u00e9tico \u00fanico.<\/p><p>Este artigo explora a funcionalidade, os benef\u00edcios e as considera\u00e7\u00f5es de design ao incorporar um mesanino em ambientes residenciais ou comerciais.<\/p><figure id=\"attachment_42151\" aria-describedby=\"caption-attachment-42151\" style=\"width: 700px\" class=\"wp-caption alignnone\"><img decoding=\"async\" class=\"wp-image-42151 size-full\" title=\"Mezanino - O que \u00e9 e qual sua fun\u00e7\u00e3o? Veja exemplos!\" src=\"https:\/\/www.aarquiteta.com.br\/blog\/wp-content\/uploads\/2022\/02\/loft-o-que-e-e-como-decorar.jpg\" alt=\"Mezanino - O que \u00e9 e qual sua fun\u00e7\u00e3o? Veja exemplos!\" width=\"700\" height=\"400\" srcset=\"https:\/\/www.aarquiteta.com.br\/blog\/wp-content\/uploads\/2022\/02\/loft-o-que-e-e-como-decorar.jpg 700w, https:\/\/www.aarquiteta.com.br\/blog\/wp-content\/uploads\/2022\/02\/loft-o-que-e-e-como-decorar-696x398.jpg 696w, https:\/\/www.aarquiteta.com.br\/blog\/wp-content\/uploads\/2022\/02\/loft-o-que-e-e-como-decorar-150x86.jpg 150w\" sizes=\"(max-width: 700px) 100vw, 700px\" \/><figcaption id=\"caption-attachment-42151\" class=\"wp-caption-text\">Foto: Reprodu\u00e7\u00e3o Internet. Imagens e Projetos n\u00e3o autorais, sendo todos os direitos reservados aos seus respectivos produtores e criadores.<\/figcaption><\/figure><p>Muitas vezes temos a oportunidade de usarmos um mezanino em um projeto de arquitetura, mas nem sempre, sabemos como projet\u00e1-los com gra\u00e7a e beleza.Mezanino, um &#8220;artif\u00edcio&#8221; arquitet\u00f4nico onde podemos criar belos efeitos visuais com fun\u00e7\u00f5es pr\u00e1ticas e de muita utilidade dentro de uma constru\u00e7\u00e3o.<\/p><p>Se voc\u00ea est\u00e1 pensando em projetar um mezanino em sua casa, leia antes as dicas que preparamos para que o projeto do seu mezanino seja um sucesso!<\/p><h2>O que \u00e9 um Mezanino?<\/h2><figure id=\"attachment_34673\" aria-describedby=\"caption-attachment-34673\" style=\"width: 1200px\" class=\"wp-caption alignnone\"><img decoding=\"async\" class=\"wp-image-34673 size-full\" title=\"Mezanino - O que \u00e9 e qual sua fun\u00e7\u00e3o? Veja exemplos!\" src=\"https:\/\/www.aarquiteta.com.br\/blog\/wp-content\/uploads\/2021\/09\/loft-mezanino.jpg\" alt=\"Mezanino - O que \u00e9 e qual sua fun\u00e7\u00e3o? Veja exemplos!\" width=\"1200\" height=\"607\" srcset=\"https:\/\/www.aarquiteta.com.br\/blog\/wp-content\/uploads\/2021\/09\/loft-mezanino.jpg 1200w, https:\/\/www.aarquiteta.com.br\/blog\/wp-content\/uploads\/2021\/09\/loft-mezanino-1024x518.jpg 1024w, https:\/\/www.aarquiteta.com.br\/blog\/wp-content\/uploads\/2021\/09\/loft-mezanino-696x352.jpg 696w, https:\/\/www.aarquiteta.com.br\/blog\/wp-content\/uploads\/2021\/09\/loft-mezanino-150x76.jpg 150w\" sizes=\"(max-width: 1200px) 100vw, 1200px\" \/><figcaption id=\"caption-attachment-34673\" class=\"wp-caption-text\">Foto: Reprodu\u00e7\u00e3o Internet. Imagens e Projetos n\u00e3o autorais, sendo todos os direitos reservados aos seus respectivos produtores e criadores.<\/figcaption><\/figure><p>Mesanino \u00e9 um termo derivado do italiano &#8216;mezzanino&#8217;, que significa &#8216;meio&#8217; ou &#8216;intermedi\u00e1rio&#8217;. Na arquitetura, refere-se a um n\u00edvel intermedi\u00e1rio que est\u00e1 parcialmente aberto para o andar inferior ou superior. Geralmente n\u00e3o se estende por toda a \u00e1rea do edif\u00edcio, criando um efeito de espa\u00e7o aberto e arejado.<\/p><p>Um mezanino pode ser facilmente identificado atrav\u00e9s de uma laje intermedi\u00e1ria entre dois n\u00edveis de <a href=\"https:\/\/www.aarquiteta.com.br\/blog\/?s=PISO\">pisos<\/a> principais e sempre vem acompanhado de um guarda-corpo para a prote\u00e7\u00e3o das pessoas que usam o espa\u00e7o.<\/p><p>\u00c9 frequentemente projetado para adicionar mais \u00e1rea a constru\u00e7\u00e3o.<\/p><p>O acesso a um mezanino se faz por uma escada exclusiva a ele, ou por uma escada comum aos demais andares, ou seja, uma escada que segue para o pr\u00f3ximo andar passando tamb\u00e9m pelo mezanino.<\/p><p>Um mezanino pode ser projetado para servir de um quarto, \u00e1rea de trabalho, ou biblioteca, por exemplo.<\/p><p>Ele possui um efeito visual parecido com o de uma sacada, contudo constru\u00edda internamente ao ambiente.<\/p><p>Geralmente encontramos muito essa express\u00e3o: mezanino, quando vamos ao teatro, pois s\u00e3o chamados mezaninos os primeiros balc\u00f5es situados logo acima da plateia.<\/p><h2>Mezanino: Quais as categorias de uso de um Mezanino?<\/h2><h3>No \u00e2mbito Residencial:<\/h3><figure id=\"attachment_9715\" aria-describedby=\"caption-attachment-9715\" style=\"width: 1100px\" class=\"wp-caption aligncenter\"><img decoding=\"async\" class=\"wp-image-9715\" title=\"O que \u00e9 um mezanino? Descubra j\u00e1!\" src=\"https:\/\/www.aarquiteta.com.br\/blog\/wp-content\/uploads\/2017\/02\/exemplo-mezanino-passagem.png\" alt=\"O que \u00e9 um mezanino? Descubra j\u00e1!\" width=\"1100\" height=\"813\" srcset=\"https:\/\/www.aarquiteta.com.br\/blog\/wp-content\/uploads\/2017\/02\/exemplo-mezanino-passagem.png 957w, https:\/\/www.aarquiteta.com.br\/blog\/wp-content\/uploads\/2017\/02\/exemplo-mezanino-passagem-696x514.png 696w, https:\/\/www.aarquiteta.com.br\/blog\/wp-content\/uploads\/2017\/02\/exemplo-mezanino-passagem-150x111.png 150w\" sizes=\"(max-width: 1100px) 100vw, 1100px\" \/><figcaption id=\"caption-attachment-9715\" class=\"wp-caption-text\">Foto: Reprodu\u00e7\u00e3o Internet. Imagens e Projetos n\u00e3o autorais, sendo todos os direitos reservados aos seus respectivos produtores e criadores.<\/figcaption><\/figure><p>Pode-se se criar um mezanino, para servir de um ambiente de transi\u00e7\u00e3o, ou seja, um <a href=\"https:\/\/www.aarquiteta.com.br\/blog\/?s=CORREDOR\">corredor<\/a> de passagem que leva a outros ambientes.<\/p><p>O mezanino pode ser tamb\u00e9m, um espa\u00e7o projetado para um uso determinado, como uma <a href=\"https:\/\/www.aarquiteta.com.br\/blog\/?s=SALA+DE+ESTAR\">sala de estar<\/a>, de TV, de jogos ou de leitura, entre outras fun\u00e7\u00f5es.<\/p><p>A comunica\u00e7\u00e3o visual que os mezaninos causam \u00e9 sempre agrad\u00e1vel, pois dele vem acompanhado o p\u00e9 direito duplo, ou seja, a soma de dois p\u00e9s direitos destinados a um \u00fanico ambiente.<\/p><h3>No \u00e2mbito Comercial<\/h3><figure id=\"attachment_9716\" aria-describedby=\"caption-attachment-9716\" style=\"width: 1100px\" class=\"wp-caption alignnone\"><img decoding=\"async\" class=\"wp-image-9716\" style=\"font-weight: bold; background-color: transparent; color: #767676;\" src=\"https:\/\/www.aarquiteta.com.br\/blog\/wp-content\/uploads\/2017\/02\/exemplo-mezanino-bar.png\" alt=\"\" width=\"1100\" height=\"595\" title=\"\" srcset=\"https:\/\/www.aarquiteta.com.br\/blog\/wp-content\/uploads\/2017\/02\/exemplo-mezanino-bar.png 649w, https:\/\/www.aarquiteta.com.br\/blog\/wp-content\/uploads\/2017\/02\/exemplo-mezanino-bar-150x81.png 150w\" sizes=\"(max-width: 1100px) 100vw, 1100px\" \/><figcaption id=\"caption-attachment-9716\" class=\"wp-caption-text\">Foto: Reprodu\u00e7\u00e3o Internet. Imagens e Projetos n\u00e3o autorais, sendo todos os direitos reservados aos seus respectivos produtores e criadores.<\/figcaption><\/figure><p>Tamb\u00e9m conhecidos como sobreloja, o mezanino comercial pode ser utilizado como uma esp\u00e9cie de dep\u00f3sito para estoque de material.<\/p><p>Pode ser tamb\u00e9m uma sala de <a href=\"https:\/\/www.aarquiteta.com.br\/blog\/?s=ESCRITORIO\">escrit\u00f3rios<\/a> de supervis\u00e3o com vista privilegiada para todo o neg\u00f3cio, situado abaixo do n\u00edvel onde ele se localiza.<\/p><p>Em alguns casos ele pode conter at\u00e9 pain\u00e9is movedi\u00e7os para ser fechado e se transformar em uma sala de reuni\u00e3o privativa.<\/p><p>\u00c9 muito comum serem constru\u00eddos mezaninos em ambientes com p\u00e9 direito bem altos, como galp\u00f5es comerciais, lojas, bares e restaurantes.<\/p><figure id=\"attachment_34677\" aria-describedby=\"caption-attachment-34677\" style=\"width: 730px\" class=\"wp-caption alignnone\"><img decoding=\"async\" class=\"wp-image-34677 size-full\" title=\"Mezanino - O que \u00e9 e qual sua fun\u00e7\u00e3o? Veja exemplos!\" src=\"https:\/\/www.aarquiteta.com.br\/blog\/wp-content\/uploads\/2021\/09\/Modern_Loft.jpg\" alt=\"Mezanino - O que \u00e9 e qual sua fun\u00e7\u00e3o? Veja exemplos!\" width=\"730\" height=\"515\" srcset=\"https:\/\/www.aarquiteta.com.br\/blog\/wp-content\/uploads\/2021\/09\/Modern_Loft.jpg 730w, https:\/\/www.aarquiteta.com.br\/blog\/wp-content\/uploads\/2021\/09\/Modern_Loft-696x491.jpg 696w, https:\/\/www.aarquiteta.com.br\/blog\/wp-content\/uploads\/2021\/09\/Modern_Loft-150x106.jpg 150w\" sizes=\"(max-width: 730px) 100vw, 730px\" \/><figcaption id=\"caption-attachment-34677\" class=\"wp-caption-text\">Foto: Reprodu\u00e7\u00e3o Internet. Imagens e Projetos n\u00e3o autorais, sendo todos os direitos reservados aos seus respectivos produtores e criadores.<\/figcaption><\/figure><p>Exemplo de utiliza\u00e7\u00e3o em um barUm p\u00e9 direito comum, mais utilizado nos c\u00f3digos de <a href=\"https:\/\/www.aarquiteta.com.br\/blog\/cursos-de-arquitetura-e-decoracao\/curso-de-gerenciamento-de-obras\">obra<\/a> das cidades possui 2,70 m livre, considerando 10 a 15 cm de laje.<\/p><p>Um galp\u00e3o com 5,50 m de altura, por exemplo, pode se valer perfeitamente da constru\u00e7\u00e3o de um mezanino.<\/p><p>Dependendo do que diz o c\u00f3digo de obra de algumas cidades, alguns mezaninos podem ter at\u00e9 2,50 m de altura.<\/p><h3>No \u00e2mbito Industrial:<\/h3><figure id=\"attachment_9717\" aria-describedby=\"caption-attachment-9717\" style=\"width: 1100px\" class=\"wp-caption aligncenter\"><img decoding=\"async\" class=\"wp-image-9717\" src=\"https:\/\/www.aarquiteta.com.br\/blog\/wp-content\/uploads\/2017\/02\/exemplo-mezanino.png\" alt=\"\" width=\"1100\" height=\"751\" title=\"\" srcset=\"https:\/\/www.aarquiteta.com.br\/blog\/wp-content\/uploads\/2017\/02\/exemplo-mezanino.png 719w, https:\/\/www.aarquiteta.com.br\/blog\/wp-content\/uploads\/2017\/02\/exemplo-mezanino-696x475.png 696w, https:\/\/www.aarquiteta.com.br\/blog\/wp-content\/uploads\/2017\/02\/exemplo-mezanino-150x102.png 150w\" sizes=\"(max-width: 1100px) 100vw, 1100px\" \/><figcaption id=\"caption-attachment-9717\" class=\"wp-caption-text\">Foto: Reprodu\u00e7\u00e3o Internet. Imagens e Projetos n\u00e3o autorais, sendo todos os direitos reservados aos seus respectivos produtores e criadores.<\/figcaption><\/figure><p>\u00c9 muito importante prestar aten\u00e7\u00e3o a categoria de uso que o mezanino poder\u00e1 ter, principalmente no \u00e2mbito industrial.<\/p><p>\u00c9 essencial avaliar a estrutura a qual ser\u00e1 utilizada na constru\u00e7\u00e3o do mesmo, de modo a evitar sobrecargas de peso durante a sua utiliza\u00e7\u00e3o.<\/p><p>No caso de uso como dep\u00f3sitos de materiais ou maquin\u00e1rios muito pesados, \u00e9 necess\u00e1rio ter cuidado de modo a evitar acidentes com desabamentos.<\/p><p>N\u00e3o tenha medo de criar mezaninos em seus projetos, pois os mezaninos proporcionam um efeito de modernidade e sofistica\u00e7\u00e3o singular, super agrad\u00e1vel.<\/p><p>Ainda mais quando associado ao efeito visual ocasionado pelo p\u00e9-direito duplo formado entre os dois n\u00edveis entre lajes.<\/p><p>Existem outras vantagens funcionais de um Mesanino como:<\/p><p><strong>Maximiza\u00e7\u00e3o de Espa\u00e7o:<\/strong> O mesanino \u00e9 uma excelente maneira de aproveitar o espa\u00e7o vertical em locais com p\u00e9 direito alto. Ele permite a cria\u00e7\u00e3o de uma \u00e1rea adicional sem as complica\u00e7\u00f5es e o custo de uma constru\u00e7\u00e3o tradicional de um novo andar.<\/p><p><strong>Versatilidade:<\/strong> Os mesaninos podem ser usados para diversos fins, como espa\u00e7o adicional para escrit\u00f3rios, \u00e1reas de descanso, bibliotecas, ou at\u00e9 mesmo pequenas salas de estar. Em lojas e showrooms, eles oferecem um excelente ponto de vista para a exposi\u00e7\u00e3o de produtos.<\/p><p><strong>Ilumina\u00e7\u00e3o Natural:<\/strong> Ao estar aberto para o ambiente abaixo, o mesanino pode beneficiar-se da ilumina\u00e7\u00e3o natural, reduzindo a necessidade de luz artificial e criando um espa\u00e7o mais acolhedor.<\/p><h2>Dicas de como projetar um Mezanino:<\/h2><h3>1 \u2014 Planej\u00e1-lo corretamente:<\/h3><figure id=\"attachment_35589\" aria-describedby=\"caption-attachment-35589\" style=\"width: 1080px\" class=\"wp-caption alignnone\"><img decoding=\"async\" class=\"wp-image-35589 size-full\" title=\"Mezanino - O que \u00e9 e qual sua fun\u00e7\u00e3o? Veja exemplos!\" src=\"https:\/\/www.aarquiteta.com.br\/blog\/wp-content\/uploads\/2021\/10\/248311251_398556011818103_2576337507182676007_n.jpg\" alt=\"Mezanino - O que \u00e9 e qual sua fun\u00e7\u00e3o? Veja exemplos!\" width=\"1080\" height=\"1080\" srcset=\"https:\/\/www.aarquiteta.com.br\/blog\/wp-content\/uploads\/2021\/10\/248311251_398556011818103_2576337507182676007_n.jpg 1080w, https:\/\/www.aarquiteta.com.br\/blog\/wp-content\/uploads\/2021\/10\/248311251_398556011818103_2576337507182676007_n-1024x1024.jpg 1024w, https:\/\/www.aarquiteta.com.br\/blog\/wp-content\/uploads\/2021\/10\/248311251_398556011818103_2576337507182676007_n-696x696.jpg 696w, https:\/\/www.aarquiteta.com.br\/blog\/wp-content\/uploads\/2021\/10\/248311251_398556011818103_2576337507182676007_n-96x96.jpg 96w, https:\/\/www.aarquiteta.com.br\/blog\/wp-content\/uploads\/2021\/10\/248311251_398556011818103_2576337507182676007_n-150x150.jpg 150w\" sizes=\"(max-width: 1080px) 100vw, 1080px\" \/><figcaption id=\"caption-attachment-35589\" class=\"wp-caption-text\">Foto: Reprodu\u00e7\u00e3o Internet. Imagens e Projetos n\u00e3o autorais, sendo todos os direitos reservados aos seus respectivos produtores e criadores.<\/figcaption><\/figure><p>Antes de come\u00e7ar a construir o mezanino, deve-se planejar tudo com cuidado para n\u00e3o resultar em problemas s\u00e9rios, especialmente com a estrutura.<\/p><p>Se o projeto n\u00e3o for bem calculado, o seu mezanino pode ocupar muito espa\u00e7o e fazer a sua casa parecer menor, mais baixa ou ainda mais achatada do que ela \u00e9 de fato.<\/p><p>Ent\u00e3o, avalie bem se sua casa pode realmente acomodar um mezanino tomando sempre cuidado com as quest\u00f5es t\u00e9cnicas.<\/p><p>Antes de come\u00e7ar a projetar, voc\u00ea precisa se certificar de que seu quarto pode acomodar um mezanino, o que significa que tem p\u00e9-direito alto e espa\u00e7o suficiente para uma pessoa.<\/p><p>\u00c9 aconselh\u00e1vel sempre consultar um profissional e apresentar-lhe as suas ideias.<\/p><h3>2 \u2014 Determine o espa\u00e7o dispon\u00edvel:<\/h3><figure id=\"attachment_34846\" aria-describedby=\"caption-attachment-34846\" style=\"width: 1100px\" class=\"wp-caption aligncenter\"><img decoding=\"async\" class=\"wp-image-34846\" title=\"Mezanino espa\u00e7o disponivel\" src=\"https:\/\/www.aarquiteta.com.br\/blog\/wp-content\/uploads\/2017\/02\/2-available-space.jpg\" alt=\"\" width=\"1100\" height=\"550\" srcset=\"https:\/\/www.aarquiteta.com.br\/blog\/wp-content\/uploads\/2017\/02\/2-available-space.jpg 600w, https:\/\/www.aarquiteta.com.br\/blog\/wp-content\/uploads\/2017\/02\/2-available-space-150x75.jpg 150w\" sizes=\"(max-width: 1100px) 100vw, 1100px\" \/><figcaption id=\"caption-attachment-34846\" class=\"wp-caption-text\">Foto: Reprodu\u00e7\u00e3o Internet. Imagens e Projetos n\u00e3o autorais, sendo todos os direitos reservados aos seus respectivos produtores e criadores.<\/figcaption><\/figure><p>A fun\u00e7\u00e3o do mezanino determinar\u00e1 o espa\u00e7o destinado a ele.<\/p><p>Se sua \u00e1rea \u00e9 pequena e mesmo assim voc\u00ea quer ter um mezanino em casa, ent\u00e3o este deve ser pensado em um tamanho menor.<\/p><p>Estabelecendo um uso restrito a ele, por exemplo, apenas a uma biblioteca ou pequena \u00e1rea de trabalho.<\/p><p>Se sua casa n\u00e3o pode acomodar um mezanino amplo, n\u00e3o insista em projet\u00e1-lo, mesmo que este seja o seu sonho.<\/p><p>A seguran\u00e7a de todos \u00e9 essencial.<\/p><h3>3 \u2014 Determine e conhe\u00e7a a sua funcionalidade:<\/h3><figure id=\"attachment_34847\" aria-describedby=\"caption-attachment-34847\" style=\"width: 1100px\" class=\"wp-caption aligncenter\"><img decoding=\"async\" class=\"wp-image-34847\" title=\"fun\u00e7\u00e3o do mezanino\" src=\"https:\/\/www.aarquiteta.com.br\/blog\/wp-content\/uploads\/2017\/02\/3-function-mez.jpg\" alt=\"\" width=\"1100\" height=\"550\" srcset=\"https:\/\/www.aarquiteta.com.br\/blog\/wp-content\/uploads\/2017\/02\/3-function-mez.jpg 600w, https:\/\/www.aarquiteta.com.br\/blog\/wp-content\/uploads\/2017\/02\/3-function-mez-150x75.jpg 150w\" sizes=\"(max-width: 1100px) 100vw, 1100px\" \/><figcaption id=\"caption-attachment-34847\" class=\"wp-caption-text\">Foto: Reprodu\u00e7\u00e3o Internet. Imagens e Projetos n\u00e3o autorais, sendo todos os direitos reservados aos seus respectivos produtores e criadores. Artistic Designs for Living<\/figcaption><\/figure><p>Verifique a finalidade no uso do mezanino e veja se o espa\u00e7o destinado a este uso \u00e9 suficiente para acomodar os m\u00f3veis e objetos.<\/p><p>Um mezanino pode ser um quarto, uma biblioteca, uma \u00e1rea de trabalho ou um ambiente de qualquer outra fun\u00e7\u00e3o.<\/p><p>No entanto, voc\u00ea deve garantir que o espa\u00e7o reservado ao mezanino seja adequado para a fun\u00e7\u00e3o escolhida.<\/p><p>Se o espa\u00e7o destinado ao mezanino for menor para aquilo que voc\u00ea precisa, \u00e9 melhor voc\u00ea considerar outras fun\u00e7\u00f5es para ele.<\/p><p>Dessa forma, voc\u00ea ainda ter\u00e1 o seu mezanino, mesmo que n\u00e3o seja com o uso planejado inicialmente.<\/p><h3>4 \u2014 Construa-o com materiais apropriados o seu mezanino:<\/h3><figure id=\"attachment_34848\" aria-describedby=\"caption-attachment-34848\" style=\"width: 1100px\" class=\"wp-caption aligncenter\"><img decoding=\"async\" class=\"wp-image-34848\" title=\"Mezanino materiais apropriados\" src=\"https:\/\/www.aarquiteta.com.br\/blog\/wp-content\/uploads\/2017\/02\/4-apt-materials.jpg\" alt=\"\" width=\"1100\" height=\"550\" srcset=\"https:\/\/www.aarquiteta.com.br\/blog\/wp-content\/uploads\/2017\/02\/4-apt-materials.jpg 600w, https:\/\/www.aarquiteta.com.br\/blog\/wp-content\/uploads\/2017\/02\/4-apt-materials-150x75.jpg 150w\" sizes=\"(max-width: 1100px) 100vw, 1100px\" \/><figcaption id=\"caption-attachment-34848\" class=\"wp-caption-text\">Foto: Reprodu\u00e7\u00e3o Internet. Imagens e Projetos n\u00e3o autorais, sendo todos os direitos reservados aos seus respectivos produtores e criadores. Dawid Ochryniak<\/figcaption><\/figure><p>Lembre-se, o importante n\u00e3o \u00e9 apenas a est\u00e9tica do mezanino mas tamb\u00e9m a seguran\u00e7a atrav\u00e9s da resist\u00eancia dos materiais utilizados na sua constru\u00e7\u00e3o.<\/p><p>Certifique-se de que sua estrutura seja resistente o suficiente para manter o peso pr\u00f3prio da estrutura com os m\u00f3veis inseridos.<\/p><p>Voc\u00ea pode utilizar madeira, metal leve, a\u00e7o macio ou concreto.<\/p><p>Voc\u00ea tamb\u00e9m pode usar materiais transparentes como vidro transl\u00facido, grades de metal e grades de madeira para criar uma sensa\u00e7\u00e3o de abertura e leveza.<\/p><h3><span style=\"font-size: 22px; color: #2b2b2b;\">5 \u2014 Cuidado com a altura:<\/span><\/h3><figure id=\"attachment_34676\" aria-describedby=\"caption-attachment-34676\" style=\"width: 739px\" class=\"wp-caption alignnone\"><img decoding=\"async\" class=\"wp-image-34676 size-full\" title=\"Mezanino - O que \u00e9 e qual sua fun\u00e7\u00e3o? Veja exemplos!\" src=\"https:\/\/www.aarquiteta.com.br\/blog\/wp-content\/uploads\/2021\/09\/Loft-com-vista-exterior.jpg\" alt=\"Mezanino - O que \u00e9 e qual sua fun\u00e7\u00e3o? Veja exemplos!\" width=\"739\" height=\"741\" srcset=\"https:\/\/www.aarquiteta.com.br\/blog\/wp-content\/uploads\/2021\/09\/Loft-com-vista-exterior.jpg 739w, https:\/\/www.aarquiteta.com.br\/blog\/wp-content\/uploads\/2021\/09\/Loft-com-vista-exterior-696x698.jpg 696w, https:\/\/www.aarquiteta.com.br\/blog\/wp-content\/uploads\/2021\/09\/Loft-com-vista-exterior-96x96.jpg 96w, https:\/\/www.aarquiteta.com.br\/blog\/wp-content\/uploads\/2021\/09\/Loft-com-vista-exterior-150x150.jpg 150w\" sizes=\"(max-width: 739px) 100vw, 739px\" \/><figcaption id=\"caption-attachment-34676\" class=\"wp-caption-text\">Foto: Reprodu\u00e7\u00e3o Internet. Imagens e Projetos n\u00e3o autorais, sendo todos os direitos reservados aos seus respectivos produtores e criadores.<\/figcaption><\/figure><p>Cuidado com a altura do seu mezanino, um mezanino n\u00e3o deve ficar muito alto.<\/p><p>Claro, se voc\u00ea aumentar sua altura, do p\u00e9 direito, certamente haver\u00e1 mais investimento financeiro.<\/p><p>No entanto, um mezanino de 2,70 a 3,0 metros, j\u00e1 \u00e9 o suficiente e ser\u00e1 melhor e mais seguro para todos.<\/p><h3>6 \u2014 Considere o espa\u00e7o acima e abaixo do Mezanino:<\/h3><figure id=\"attachment_34850\" aria-describedby=\"caption-attachment-34850\" style=\"width: 1100px\" class=\"wp-caption aligncenter\"><img decoding=\"async\" class=\"wp-image-34850\" title=\"Espa\u00e7o para o mezanino\" src=\"https:\/\/www.aarquiteta.com.br\/blog\/wp-content\/uploads\/2017\/02\/6-above-below.jpg\" alt=\"\" width=\"1100\" height=\"550\" srcset=\"https:\/\/www.aarquiteta.com.br\/blog\/wp-content\/uploads\/2017\/02\/6-above-below.jpg 600w, https:\/\/www.aarquiteta.com.br\/blog\/wp-content\/uploads\/2017\/02\/6-above-below-150x75.jpg 150w\" sizes=\"(max-width: 1100px) 100vw, 1100px\" \/><figcaption id=\"caption-attachment-34850\" class=\"wp-caption-text\">Foto: Reprodu\u00e7\u00e3o Internet. Imagens e Projetos n\u00e3o autorais, sendo todos os direitos reservados aos seus respectivos produtores e criadores. Olga Akulova<\/figcaption><\/figure><p>Verifique se o espa\u00e7o acima e abaixo do mezanino \u00e9 adequado, principalmente para o p\u00e9-direito.<\/p><p>Deve haver altura suficiente acima do piso para voc\u00ea ficar de p\u00e9 sem tocar a cabe\u00e7a no teto.<\/p><p>N\u00e3o importa o qu\u00e3o pequeno seja o sem mezanino, nele deve haver espa\u00e7o suficiente para se mover na \u00e1rea com conforto.<\/p><p>Lembre-se sempre de seguir as medidas m\u00ednimas de circula\u00e7\u00e3o e de uso do espa\u00e7o.<\/p><p>No entanto, se o espa\u00e7o for pequeno, ele pode ser usado como espa\u00e7o de armazenamento, como dep\u00f3sitos, por exemplo:<\/p><h3>7 \u2014 Posicione as escadas de maneira acess\u00edvel:<\/h3><p>&nbsp;<\/p><figure id=\"attachment_34851\" aria-describedby=\"caption-attachment-34851\" style=\"width: 1100px\" class=\"wp-caption alignnone\"><img decoding=\"async\" class=\"wp-image-34851\" title=\"O que \u00e9 um mezanino? Descubra j\u00e1!\" src=\"https:\/\/www.aarquiteta.com.br\/blog\/wp-content\/uploads\/2017\/02\/7-accesible-stairs.jpg\" alt=\"O que \u00e9 um mezanino? Descubra j\u00e1!\" width=\"1100\" height=\"550\" srcset=\"https:\/\/www.aarquiteta.com.br\/blog\/wp-content\/uploads\/2017\/02\/7-accesible-stairs.jpg 600w, https:\/\/www.aarquiteta.com.br\/blog\/wp-content\/uploads\/2017\/02\/7-accesible-stairs-150x75.jpg 150w\" sizes=\"(max-width: 1100px) 100vw, 1100px\" \/><figcaption id=\"caption-attachment-34851\" class=\"wp-caption-text\">Foto: Reprodu\u00e7\u00e3o Internet. Imagens e Projetos n\u00e3o autorais, sendo todos os direitos reservados aos seus respectivos produtores e criadores.<\/figcaption><\/figure><p>Ao projetar o mezanino, \u00e9 preciso se atentar a acessibilidade das escadas.<\/p><p>Uma escada fora do padr\u00e3o t\u00e9cnico al\u00e9m de ser perigoso \u00e9 terrivelmente feio esteticamente.<\/p><p>Al\u00e9m disso, certifique-se de que a escada \u00e9 segura, adicione corre-m\u00e3os ou guarda-corpos para evitar quedas durante o deslocamento entre n\u00edveis.<\/p><p>Utilize sua criatividade ao elaborar o projeto das escadas.<\/p><p>Certifique-se principalmente de que ela n\u00e3o ocupa muito espa\u00e7o, podendo pesar no ambiente.<\/p><p>Alguns Arquitetos usam escadas em espiral para economizar espa\u00e7o.<\/p><h3>8 \u2014 Resolva os problemas de aquecimento e circula\u00e7\u00e3o de ar:<\/h3><figure id=\"attachment_34852\" aria-describedby=\"caption-attachment-34852\" style=\"width: 1100px\" class=\"wp-caption alignnone\"><img decoding=\"async\" class=\"wp-image-34852\" title=\"O que \u00e9 um mezanino? Descubra j\u00e1!\" src=\"https:\/\/www.aarquiteta.com.br\/blog\/wp-content\/uploads\/2017\/02\/8-heat-air.jpg\" alt=\"O que \u00e9 um mezanino? Descubra j\u00e1!\" width=\"1100\" height=\"550\" srcset=\"https:\/\/www.aarquiteta.com.br\/blog\/wp-content\/uploads\/2017\/02\/8-heat-air.jpg 600w, https:\/\/www.aarquiteta.com.br\/blog\/wp-content\/uploads\/2017\/02\/8-heat-air-150x75.jpg 150w\" sizes=\"(max-width: 1100px) 100vw, 1100px\" \/><figcaption id=\"caption-attachment-34852\" class=\"wp-caption-text\">Foto: Reprodu\u00e7\u00e3o Internet. Imagens e Projetos n\u00e3o autorais, sendo todos os direitos reservados aos seus respectivos produtores e criadores.<\/figcaption><\/figure><p>Observe que, ao projetar o mezanino, voc\u00ea deve considerar duas coisas: aquecimento e circula\u00e7\u00e3o de ar.<\/p><p>Quando o calor aumenta, o ambiente intermedi\u00e1rio pode ficar muito quente.<\/p><p>Portanto, coloque um isolante de calor de forma que n\u00e3o absorva altas temperaturas.<\/p><p>Mant\u00ea-lo aberto tamb\u00e9m ajudar\u00e1 na circula\u00e7\u00e3o de ar.<\/p><h3>9 \u2014 Use a ilumina\u00e7\u00e3o apropriada:<\/h3><figure id=\"attachment_34853\" aria-describedby=\"caption-attachment-34853\" style=\"width: 1100px\" class=\"wp-caption alignnone\"><img decoding=\"async\" class=\"wp-image-34853\" title=\"O que \u00e9 um mezanino? Descubra j\u00e1!\" src=\"https:\/\/www.aarquiteta.com.br\/blog\/wp-content\/uploads\/2017\/02\/9-lights.jpg\" alt=\"O que \u00e9 um mezanino? Descubra j\u00e1!\" width=\"1100\" height=\"550\" srcset=\"https:\/\/www.aarquiteta.com.br\/blog\/wp-content\/uploads\/2017\/02\/9-lights.jpg 600w, https:\/\/www.aarquiteta.com.br\/blog\/wp-content\/uploads\/2017\/02\/9-lights-150x75.jpg 150w\" sizes=\"(max-width: 1100px) 100vw, 1100px\" \/><figcaption id=\"caption-attachment-34853\" class=\"wp-caption-text\">Foto: Reprodu\u00e7\u00e3o Internet. Imagens e Projetos n\u00e3o autorais, sendo todos os direitos reservados aos seus respectivos produtores e criadores.<\/figcaption><\/figure><p>Escolha uma l\u00e2mpada certa conforme o uso destinado ao mezanino.<\/p><p>Certifique-se tamb\u00e9m de que a ilumina\u00e7\u00e3o pode ser controlada a partir da \u00e1rea do acima e abaixo dele.<\/p><p>Mesmo se voc\u00ea n\u00e3o estiver em cima, isso permitir\u00e1 que voc\u00ea acenda e apague as luzes.<\/p><h3>10 \u2014 Escolha m\u00f3veis confort\u00e1veis:<\/h3><figure id=\"attachment_34854\" aria-describedby=\"caption-attachment-34854\" style=\"width: 1100px\" class=\"wp-caption alignnone\"><a style=\"font-weight: bold; background-color: initial;\" href=\"https:\/\/www.aarquiteta.com.br\/blog\/wp-content\/uploads\/2017\/02\/10-comfy-furniture.jpg\"><img decoding=\"async\" class=\"wp-image-34854\" title=\"O que \u00e9 um mezanino? Descubra j\u00e1!\" src=\"https:\/\/www.aarquiteta.com.br\/blog\/wp-content\/uploads\/2017\/02\/10-comfy-furniture.jpg\" alt=\"Mezanino - O que \u00e9 e qual sua fun\u00e7\u00e3o? Veja exemplos!\" width=\"1100\" height=\"550\" srcset=\"https:\/\/www.aarquiteta.com.br\/blog\/wp-content\/uploads\/2017\/02\/10-comfy-furniture.jpg 600w, https:\/\/www.aarquiteta.com.br\/blog\/wp-content\/uploads\/2017\/02\/10-comfy-furniture-150x75.jpg 150w\" sizes=\"(max-width: 1100px) 100vw, 1100px\" \/><\/a><figcaption id=\"caption-attachment-34854\" class=\"wp-caption-text\">Foto: Reprodu\u00e7\u00e3o Internet. Imagens e Projetos n\u00e3o autorais, sendo todos os direitos reservados aos seus respectivos produtores e criadores.<\/figcaption><\/figure><p>Seus m\u00f3veis podem variar conforme a fun\u00e7\u00e3o e a finalidade do uso do mezanino, no entanto, eles devem ser confort\u00e1veis como de costume.<\/p><p>Recomenda-se a utiliza\u00e7\u00e3o de m\u00f3veis mais leves sem perder o conforto e a beleza durante o seu uso.<\/p><h3>Outras considera\u00e7\u00f5es para a contru\u00e7\u00e3o:<\/h3><p><strong>Material de Constru\u00e7\u00e3o:<\/strong> A escolha do material pode influenciar tanto a est\u00e9tica quanto a funcionalidade do mesanino. Vidro e a\u00e7o s\u00e3o populares para um visual moderno e industrial, enquanto madeira pode conferir um toque mais cl\u00e1ssico e acolhedor.<\/p><p><strong>Seguran\u00e7a:<\/strong> Aspectos de seguran\u00e7a s\u00e3o cruciais, principalmente em rela\u00e7\u00e3o \u00e0s guardas ou corrim\u00e3os. \u00c9 essencial que sejam projetados para prevenir acidentes, sem comprometer a visibilidade e a abertura que caracterizam o mesanino.<\/p><p><strong>Integra\u00e7\u00e3o Est\u00e9tica:<\/strong> O mesanino deve harmonizar-se com o estilo arquitet\u00f4nico do edif\u00edcio. Isso inclui o alinhamento visual com o design interior, escolhendo cores e materiais que complementem o ambiente existente.<\/p><h2>O Mesanino no Impacto no Design Interior<\/h2><figure id=\"attachment_123993\" aria-describedby=\"caption-attachment-123993\" style=\"width: 1018px\" class=\"wp-caption alignnone\"><img decoding=\"async\" class=\"size-full wp-image-123993\" src=\"https:\/\/www.aarquiteta.com.br\/blog\/wp-content\/uploads\/2022\/08\/mesanino-residencial.jpg\" alt=\"Mesanino residencial\" width=\"1018\" height=\"909\" title=\"\"><figcaption id=\"caption-attachment-123993\" class=\"wp-caption-text\">Mesanino residencial<\/figcaption><\/figure><p>Um mesanino bem projetado n\u00e3o apenas adiciona espa\u00e7o \u00fatil, mas tamb\u00e9m serve como um ponto focal est\u00e9tico que pode elevar o design interior de um edif\u00edcio. Ele oferece uma oportunidade para os designers criarem um contraponto visual interessante no espa\u00e7o, seja atrav\u00e9s de uma biblioteca elegante que se destaca em uma sala de estar ou uma \u00e1rea de trabalho tranquila com vistas para o ambiente abaixo.<\/p><h4>Desafios e Solu\u00e7\u00f5es<\/h4><p>Apesar de suas muitas vantagens, a instala\u00e7\u00e3o de um mesanino vem com desafios, principalmente estruturais. O peso adicional e a distribui\u00e7\u00e3o da carga devem ser cuidadosamente calculados por engenheiros para garantir a seguran\u00e7a. Al\u00e9m disso, a ac\u00fastica pode ser uma preocupa\u00e7\u00e3o, especialmente em resid\u00eancias ou escrit\u00f3rios abertos, exigindo solu\u00e7\u00f5es como materiais absorventes de som para reduzir o eco e o ru\u00eddo.<\/p><h3><strong>E a\u00ed, gostou do artigo sobre o\u00a0que \u00e9 um mezanino<\/strong><strong>?<\/strong><\/h3><p>Ent\u00e3o, deslize, a tela para baixo e<a href=\"https:\/\/br.pinterest.com\/aarquitetapinterest\/_created\/\" target=\"_blank\" rel=\"noopener\"> <strong>confira<\/strong> <strong>mais dicas<\/strong><\/a> como estas e n\u00e3o se esque\u00e7a de compartilhar com os amigos!<\/p><p>Buscando por <strong>itens ou artigos para casa, decora\u00e7\u00e3o e reforma<\/strong>? Confira nosso grup\u00e3o de descontos no <strong><a href=\"https:\/\/t.me\/ofertasAArquiteta\" target=\"_blank\" rel=\"noopener\">Telegram<\/a><\/strong> ou no\u00a0<a href=\"http:\/\/bit.ly\/ofertasAArquiteta\" target=\"_blank\" rel=\"noopener\"><strong>Whatsapp<\/strong>!<\/a><\/p><p>Contudo, se voc\u00ea deseja receber <strong>ofertas de treinamentos e cursos para as \u00e1reas da Arquitetura, Design de Interiores,<\/strong> convido voc\u00ea a participar tamb\u00e9m deste grupo no <a href=\"https:\/\/t.me\/aarquitetablog\" target=\"_blank\" rel=\"noopener\"><strong>Telegram<\/strong><\/a> ou no\u00a0 <strong><a href=\"https:\/\/t.me\/aarquiteta\" target=\"_blank\" rel=\"noopener\">WhatsApp.<\/a><\/strong><\/p>","protected":false},"excerpt":{"rendered":"<p>&nbsp;O mesanino, uma estrutura intermedi\u00e1ria entre dois andares de um edif\u00edcio, tem sido uma solu\u00e7\u00e3o arquitet\u00f4nica admirada por sua capacidade de maximizar o espa\u00e7o e adicionar um toque est\u00e9tico \u00fanico.Este artigo explora a funcionalidade, os benef\u00edcios e as considera\u00e7\u00f5es de design ao incorporar um mesanino em ambientes residenciais ou comerciais.Muitas vezes temos a oportunidade de [&hellip;]<\/p>\n","protected":false},"author":102,"featured_media":49936,"comment_status":"closed","ping_status":"closed","sticky":false,"template":"","format":"standard","meta":{"footnotes":""},"categories":[249,20346],"tags":[10156,9223,10159,10160,10158,10155,10157],"class_list":["post-9691","post","type-post","status-publish","format-standard","has-post-thumbnail","category-engenharia-e-construcao-civil","category-termos-de-arquitetura","tag-como-projetar-um-mezanino","tag-mezanino","tag-mezanino-comercial","tag-mezanino-industrial","tag-mezanino-residencial","tag-o-que-e-um-mezanino","tag-tipos-de-mezanino"],"_wp_attached_file":null,"_wp_attachment_metadata":null,"_wp_attachment_context":null,"_wp_attachment_is_custom_header":null,"geo_longitude":null,"geo_public":null,"geo_latitude":null,"_publicize_done_external":null,"_wpas_done_3897181":null,"publicize_twitter_user":null,"_wpas_done_3897175":null,"_wpas_skip_3897181":null,"_wpas_skip_3897175":null,"_wpas_skip_3924723":null,"_wpas_mess":null,"_wpas_done_3924723":null,"wps_subtitle":"Entenda o que \u00e9 um mesanino: uma estrutura intermedi\u00e1ria que amplia o espa\u00e7o verticalmente, ideal para adicionar uma \u00e1rea funcional sem comprometer a est\u00e9tica do ambiente. Saiba mais sobre sua defini\u00e7\u00e3o e aplicabilidade.","_links":{"self":[{"href":"https:\/\/www.aarquiteta.com.br\/blog\/wp-json\/wp\/v2\/posts\/9691","targetHints":{"allow":["GET"]}}],"collection":[{"href":"https:\/\/www.aarquiteta.com.br\/blog\/wp-json\/wp\/v2\/posts"}],"about":[{"href":"https:\/\/www.aarquiteta.com.br\/blog\/wp-json\/wp\/v2\/types\/post"}],"author":[{"embeddable":true,"href":"https:\/\/www.aarquiteta.com.br\/blog\/wp-json\/wp\/v2\/users\/102"}],"replies":[{"embeddable":true,"href":"https:\/\/www.aarquiteta.com.br\/blog\/wp-json\/wp\/v2\/comments?post=9691"}],"version-history":[{"count":0,"href":"https:\/\/www.aarquiteta.com.br\/blog\/wp-json\/wp\/v2\/posts\/9691\/revisions"}],"wp:featuredmedia":[{"embeddable":true,"href":"https:\/\/www.aarquiteta.com.br\/blog\/wp-json\/wp\/v2\/media\/49936"}],"wp:attachment":[{"href":"https:\/\/www.aarquiteta.com.br\/blog\/wp-json\/wp\/v2\/media?parent=9691"}],"wp:term":[{"taxonomy":"category","embeddable":true,"href":"https:\/\/www.aarquiteta.com.br\/blog\/wp-json\/wp\/v2\/categories?post=9691"},{"taxonomy":"post_tag","embeddable":true,"href":"https:\/\/www.aarquiteta.com.br\/blog\/wp-json\/wp\/v2\/tags?post=9691"}],"curies":[{"name":"wp","href":"https:\/\/api.w.org\/{rel}","templated":true}]}}