{"id":96877,"date":"2023-10-21T14:15:47","date_gmt":"2023-10-21T17:15:47","guid":{"rendered":"http:\/\/aarquiteta.com.br\/?p=96877"},"modified":"2023-10-21T14:15:47","modified_gmt":"2023-10-21T17:15:47","slug":"sala-de-estar-e-jantar-integradas","status":"publish","type":"post","link":"https:\/\/www.aarquiteta.com.br\/blog\/sala-de-estar-e-jantar-integradas\/","title":{"rendered":"Sala de Estar e Jantar Integradas: Transforme seu Espa\u00e7o em um Ambiente Moderno e Aconchegante."},"content":{"rendered":"<p>A sala de estar e jantar \u00e9 um dos espa\u00e7os mais importantes de uma casa, onde acontecem momentos especiais e compartilhamos refei\u00e7\u00f5es com familiares e amigos. Integrar esses ambientes pode trazer diversas vantagens, como otimiza\u00e7\u00e3o de espa\u00e7o, modernidade e aconchego. Neste artigo, vamos explorar dicas e ideias para transformar sua sala de estar e jantar em um ambiente moderno e aconchegante.<\/p>\n<h2>Integra\u00e7\u00e3o dos ambientes<\/h2>\n<p>A integra\u00e7\u00e3o dos ambientes de sala de estar e jantar \u00e9 uma tend\u00eancia atual, que cria um espa\u00e7o amplo e convidativo. Ao eliminar as paredes que separavam esses c\u00f4modos, \u00e9 poss\u00edvel aproveitar melhor o espa\u00e7o dispon\u00edvel e criar uma sensa\u00e7\u00e3o de amplitude. Al\u00e9m disso, a integra\u00e7\u00e3o facilita a circula\u00e7\u00e3o entre os ambientes e promove uma intera\u00e7\u00e3o maior entre os moradores e convidados.<\/p>\n<h2>Escolha dos m\u00f3veis<\/h2>\n<p>A escolha dos m\u00f3veis \u00e9 fundamental para criar uma sala de estar e jantar integradas com estilo e funcionalidade. Opte por m\u00f3veis vers\u00e1teis e pr\u00e1ticos, que se adaptem tanto \u00e0s necessidades de uma sala de estar quanto de uma sala de jantar. Se o espa\u00e7o for pequeno, escolha m\u00f3veis compactos e que possam ser utilizados de diferentes formas. Invista em um sof\u00e1 confort\u00e1vel, uma mesa de jantar elegante e cadeiras que combinem com o estilo do ambiente.<\/p>\n<h3>Perguntas Mais Frequentes<\/h3>\n<figure style=\"width: 1024px\" class=\"wp-caption aligncenter\"><img decoding=\"async\" src=\"https:\/\/www.aarquiteta.com.br\/blog\/wp-content\/uploads\/2023\/10\/sala-de-estar-e-jantar-integradas04.jpg\" alt=\"sala de estar e jantar integradas\" width=\"1024\" height=\"1024\" title=\"\"><figcaption class=\"wp-caption-text\">sala de estar e jantar integradas<\/figcaption><\/figure>\n<h3>1. Como escolher a ilumina\u00e7\u00e3o adequada para a sala de estar e jantar integradas?<\/h3>\n<p>\u00c9 importante criar uma ilumina\u00e7\u00e3o adequada para cada ambiente. Na sala de estar, aposte em uma ilumina\u00e7\u00e3o mais suave e aconchegante, com luzes indiretas e abajures. Na sala de jantar, opte por uma ilumina\u00e7\u00e3o mais direcionada, como pendentes ou lustres, que iluminem a mesa de jantar de forma adequada.<\/p>\n<h3>2. Quais cores s\u00e3o mais indicadas para uma sala de estar e jantar integradas?<\/h3>\n<figure style=\"width: 1024px\" class=\"wp-caption aligncenter\"><img decoding=\"async\" src=\"https:\/\/www.aarquiteta.com.br\/blog\/wp-content\/uploads\/2023\/10\/sala-de-estar-e-jantar-integradas03.jpg\" alt=\"sala de estar e jantar integradas\" width=\"1024\" height=\"1024\" title=\"\"><figcaption class=\"wp-caption-text\">sala de estar e jantar integradas<\/figcaption><\/figure>\n<p>As cores ideais para uma sala de estar e jantar integradas dependem do estilo que voc\u00ea deseja transmitir. Cores neutras, como branco, bege e cinza, s\u00e3o vers\u00e1teis e trazem uma sensa\u00e7\u00e3o de harmonia ao ambiente. Voc\u00ea tamb\u00e9m pode apostar em cores mais vibrantes em detalhes, como almofadas, quadros ou objetos decorativos, para adicionar personalidade ao espa\u00e7o.<\/p>\n<h3>3. Como organizar os m\u00f3veis em uma sala de estar e jantar integradas?<\/h3>\n<p>A organiza\u00e7\u00e3o dos m\u00f3veis em uma sala de estar e jantar integradas deve levar em considera\u00e7\u00e3o o fluxo de circula\u00e7\u00e3o e a funcionalidade de cada ambiente. Posicione o sof\u00e1 de forma a delimitar a \u00e1rea da sala de estar, e a mesa de jantar em um local de destaque na sala. Utilize tapetes e cortinas para demarcar visualmente os espa\u00e7os e criar uma sensa\u00e7\u00e3o de aconchego.<\/p>\n<h3>4. Quais elementos decorativos podem ser utilizados para tornar o ambiente mais aconchegante?<\/h3>\n<p>Alguns elementos decorativos que podem tornar a sala de estar e jantar integradas mais aconchegantes s\u00e3o: almofadas macias e confort\u00e1veis, cortinas que proporcionem privacidade e controle da luz, tapetes que tragam conforto ao ambiente, e quadros ou espelhos nas paredes para adicionar personalidade.<\/p>\n<h3>5. Como criar uma atmosfera acolhedora na sala de estar e jantar integradas?<\/h3>\n<figure style=\"width: 1024px\" class=\"wp-caption aligncenter\"><img decoding=\"async\" src=\"https:\/\/www.aarquiteta.com.br\/blog\/wp-content\/uploads\/2023\/10\/sala-de-estar-e-jantar-integradas02.jpg\" alt=\"sala de estar e jantar integradas\" width=\"1024\" height=\"1024\" title=\"\"><figcaption class=\"wp-caption-text\">sala de estar e jantar integradas<\/figcaption><\/figure>\n<p>Para criar uma atmosfera acolhedora na sala de estar e jantar integradas, aposte em uma ilumina\u00e7\u00e3o aconchegante, velas perfumadas, plantas que tragam vida ao ambiente, e utilize materiais naturais, como madeira e fibras naturais, nos m\u00f3veis e na decora\u00e7\u00e3o.<\/p>\n[amazon table=&#8221;82509&#8243;]\n<h3>Conclus\u00e3o<\/h3>\n<p>A integra\u00e7\u00e3o da sala de estar e jantar \u00e9 uma \u00f3tima op\u00e7\u00e3o para transformar seu espa\u00e7o em um ambiente moderno e aconchegante. Ao seguir as dicas de escolha dos m\u00f3veis, organiza\u00e7\u00e3o dos espa\u00e7os e elementos decorativos, voc\u00ea poder\u00e1 desfrutar de momentos especiais nesse ambiente \u00fanico e acolhedor. Aproveite para criar seu cantinho personalizado e desfrute de momentos memor\u00e1veis com seus entes queridos.<\/p>\n<h3>Curiosidade<\/h3>\n<figure style=\"width: 1024px\" class=\"wp-caption aligncenter\"><img decoding=\"async\" src=\"https:\/\/www.aarquiteta.com.br\/blog\/wp-content\/uploads\/2023\/10\/sala-de-estar-e-jantar-integradas01.jpg\" alt=\"sala de estar e jantar integradas\" width=\"1024\" height=\"1024\" title=\"\"><figcaption class=\"wp-caption-text\">sala de estar e jantar integradas<\/figcaption><\/figure>\n<p>Voc\u00ea sabia que a integra\u00e7\u00e3o da sala de estar e jantar pode aumentar o valor do seu im\u00f3vel? Al\u00e9m de proporcionar um ambiente mais moderno e funcional, essa tend\u00eancia pode tornar sua casa mais atrativa para poss\u00edveis compradores, caso voc\u00ea decida vend\u00ea-la no futuro.<\/p>\n<p>Agradecemos por ler nosso artigo e esperamos que tenha sido \u00fatil para voc\u00ea. N\u00e3o deixe de conferir nossos pr\u00f3ximos conte\u00fados!<\/p>\n<p>&nbsp;<\/p>\n","protected":false},"excerpt":{"rendered":"<p>Transforme seu ambiente integrando sala de estar e jantar. Aprenda maneiras de torn\u00e1-lo moderno e aconchegante com nossas instru\u00e7\u00f5es e sugest\u00f5es.<\/p>\n","protected":false},"author":102,"featured_media":96870,"comment_status":"closed","ping_status":"closed","sticky":false,"template":"","format":"standard","meta":{"footnotes":""},"categories":[10005,1484,19109],"tags":[26839,26903,33953,2173,10784],"class_list":["post-96877","post","type-post","status-publish","format-standard","has-post-thumbnail","category-casa-e-jardim","category-decoracao","category-pet","tag-ambiente-aconchegante","tag-ambiente-moderno","tag-integradas","tag-sala-de-estar","tag-sala-de-jantar"],"_wp_attached_file":null,"_wp_attachment_metadata":null,"_wp_attachment_context":null,"_wp_attachment_is_custom_header":null,"geo_longitude":null,"geo_public":null,"geo_latitude":null,"_publicize_done_external":null,"_wpas_done_3897181":null,"publicize_twitter_user":null,"_wpas_done_3897175":null,"_wpas_skip_3897181":null,"_wpas_skip_3897175":null,"_wpas_skip_3924723":null,"_wpas_mess":null,"_wpas_done_3924723":null,"wps_subtitle":"","_links":{"self":[{"href":"https:\/\/www.aarquiteta.com.br\/blog\/wp-json\/wp\/v2\/posts\/96877","targetHints":{"allow":["GET"]}}],"collection":[{"href":"https:\/\/www.aarquiteta.com.br\/blog\/wp-json\/wp\/v2\/posts"}],"about":[{"href":"https:\/\/www.aarquiteta.com.br\/blog\/wp-json\/wp\/v2\/types\/post"}],"author":[{"embeddable":true,"href":"https:\/\/www.aarquiteta.com.br\/blog\/wp-json\/wp\/v2\/users\/102"}],"replies":[{"embeddable":true,"href":"https:\/\/www.aarquiteta.com.br\/blog\/wp-json\/wp\/v2\/comments?post=96877"}],"version-history":[{"count":0,"href":"https:\/\/www.aarquiteta.com.br\/blog\/wp-json\/wp\/v2\/posts\/96877\/revisions"}],"wp:featuredmedia":[{"embeddable":true,"href":"https:\/\/www.aarquiteta.com.br\/blog\/wp-json\/wp\/v2\/media\/96870"}],"wp:attachment":[{"href":"https:\/\/www.aarquiteta.com.br\/blog\/wp-json\/wp\/v2\/media?parent=96877"}],"wp:term":[{"taxonomy":"category","embeddable":true,"href":"https:\/\/www.aarquiteta.com.br\/blog\/wp-json\/wp\/v2\/categories?post=96877"},{"taxonomy":"post_tag","embeddable":true,"href":"https:\/\/www.aarquiteta.com.br\/blog\/wp-json\/wp\/v2\/tags?post=96877"}],"curies":[{"name":"wp","href":"https:\/\/api.w.org\/{rel}","templated":true}]}}