{"id":96767,"date":"2023-10-18T09:49:50","date_gmt":"2023-10-18T12:49:50","guid":{"rendered":"http:\/\/aarquiteta.com.br\/?p=96767"},"modified":"2023-10-18T09:49:50","modified_gmt":"2023-10-18T12:49:50","slug":"espaco-zen","status":"publish","type":"post","link":"https:\/\/www.aarquiteta.com.br\/blog\/espaco-zen\/","title":{"rendered":"Espa\u00e7o Zen: Descubra a harmonia e tranquilidade que ele proporciona"},"content":{"rendered":"<p>Bem-vindo ao maravilhoso mundo do Espa\u00e7o Zen! Neste artigo, vamos explorar a harmonia e tranquilidade que este ambiente especial proporciona. Prepare-se para descobrir como criar um espa\u00e7o zen em sua pr\u00f3pria casa ou jardim, e experimentar os benef\u00edcios de uma mente calma e serena. Vamos iniciar nossa jornada rumo \u00e0 paz interior e equil\u00edbrio!<\/p>\n<p>O Espa\u00e7o Zen tem sido uma pr\u00e1tica milenar para conquistar a serenidade e o equil\u00edbrio mental. Ao trazer elementos da natureza e t\u00e9cnicas de medita\u00e7\u00e3o, ele nos ajuda a relaxar e encontrar a paz interior. Neste artigo, vamos explorar os princ\u00edpios b\u00e1sicos do Espa\u00e7o Zen, desde a escolha do local at\u00e9 a decora\u00e7\u00e3o e os rituais que podem ser realizados nesse ambiente. Vamos mergulhar nesse universo de tranquilidade e descobrir como podemos integr\u00e1-lo em nossa vida cotidiana.<\/p>\n<h2>1. Escolhendo o Local<\/h2>\n<p>A primeira etapa para criar um Espa\u00e7o Zen \u00e9 escolher o local ideal. \u00c9 importante encontrar um lugar em sua casa ou jardim que seja tranquilo e livre de distra\u00e7\u00f5es. Pode ser um canto especial em seu quarto, um cantinho no jardim ou at\u00e9 mesmo um espa\u00e7o vazio na sala de estar. Certifique-se de que o local escolhido seja calmo e livre de ru\u00eddos, para que voc\u00ea possa desfrutar de momentos de paz e tranquilidade.<\/p>\n<h3>1.1 Crie um Ambiente Confort\u00e1vel<\/h3>\n<p>Ao criar um Espa\u00e7o Zen, \u00e9 essencial priorizar o conforto. Adicione almofadas, futons ou cadeiras confort\u00e1veis para que voc\u00ea possa relaxar e meditar sem dificuldades. Al\u00e9m disso, opte por uma ilumina\u00e7\u00e3o suave e agrad\u00e1vel, que ajude a criar uma atmosfera de tranquilidade. Lembre-se de que o objetivo \u00e9 criar um ambiente acolhedor e relaxante, onde voc\u00ea possa se reconectar consigo mesmo.<\/p>\n<h3>1.2 Conecte-se com a Natureza<\/h3>\n<figure style=\"width: 1024px\" class=\"wp-caption aligncenter\"><img decoding=\"async\" src=\"https:\/\/www.aarquiteta.com.br\/blog\/wp-content\/uploads\/2023\/10\/espaco-zen04.jpg\" alt=\"espaco zen\" width=\"1024\" height=\"1024\" title=\"\"><figcaption class=\"wp-caption-text\">espaco zen<\/figcaption><\/figure>\n<p>A natureza desempenha um papel fundamental no Espa\u00e7o Zen. Tente escolher um local pr\u00f3ximo \u00e0 janela, onde voc\u00ea possa sentir a brisa e observar a beleza do mundo natural. Se poss\u00edvel, adicione plantas ao seu espa\u00e7o, pois elas trazem uma sensa\u00e7\u00e3o de frescor e vitalidade. A conex\u00e3o com a natureza \u00e9 essencial para alcan\u00e7ar a harmonia e a tranquilidade que buscamos no Espa\u00e7o Zen.<\/p>\n<h2>2. Decora\u00e7\u00e3o do Espa\u00e7o Zen<\/h2>\n<p>A decora\u00e7\u00e3o do Espa\u00e7o Zen deve ser simples e minimalista, mantendo-se fiel aos princ\u00edpios de harmonia e equil\u00edbrio. Opte por cores suaves, como branco, bege e tons past\u00e9is, que transmitem calma e serenidade. Al\u00e9m disso, escolha elementos naturais, como pedras, bambus e \u00e1gua, para criar uma atmosfera de paz.<\/p>\n<h3>2.1 Utilize pedras e areia<\/h3>\n<p>As pedras e a areia s\u00e3o elementos tradicionais no Espa\u00e7o Zen. Voc\u00ea pode usar pedras lisas e arredondadas para criar um jardim de pedras ou coloc\u00e1-las em uma bandeja com areia para praticar a arte da medita\u00e7\u00e3o com desenhos zen. Esses elementos naturais ajudam a trazer a sensa\u00e7\u00e3o de estabilidade e serenidade para o seu espa\u00e7o.<\/p>\n<h3>2.2 Adicione elementos de \u00e1gua<\/h3>\n<figure style=\"width: 1024px\" class=\"wp-caption aligncenter\"><img decoding=\"async\" src=\"https:\/\/www.aarquiteta.com.br\/blog\/wp-content\/uploads\/2023\/10\/espaco-zen03.jpg\" alt=\"espaco zen\" width=\"1024\" height=\"1024\" title=\"\"><figcaption class=\"wp-caption-text\">espaco zen<\/figcaption><\/figure>\n<p>A \u00e1gua \u00e9 um elemento fundamental no Espa\u00e7o Zen, pois simboliza a fluidez e o movimento. Voc\u00ea pode adicionar uma pequena fonte de \u00e1gua ou uma bacia com \u00e1gua para criar um ambiente tranquilo e sereno. O som da \u00e1gua fluindo ajuda a acalmar a mente e relaxar o corpo, tornando-se um aliado para a pr\u00e1tica da medita\u00e7\u00e3o.<\/p>\n<h2>Perguntas Mais Frequentes<\/h2>\n<h3>Como posso criar um Espa\u00e7o Zen em um ambiente pequeno?<\/h3>\n<p>Criar um Espa\u00e7o Zen em um ambiente pequeno pode ser um desafio, mas n\u00e3o \u00e9 imposs\u00edvel. Opte por m\u00f3veis compactos e utilize t\u00e9cnicas de organiza\u00e7\u00e3o para maximizar o espa\u00e7o dispon\u00edvel. Lembre-se de que o mais importante \u00e9 criar um ambiente calmo e tranquilo, independentemente do tamanho.<\/p>\n<h3>Qual \u00e9 a import\u00e2ncia da medita\u00e7\u00e3o no Espa\u00e7o Zen?<\/h3>\n<figure style=\"width: 1024px\" class=\"wp-caption aligncenter\"><img decoding=\"async\" src=\"https:\/\/www.aarquiteta.com.br\/blog\/wp-content\/uploads\/2023\/10\/espaco-zen02.jpg\" alt=\"espaco zen\" width=\"1024\" height=\"1024\" title=\"\"><figcaption class=\"wp-caption-text\">espaco zen<\/figcaption><\/figure>\n<p>A medita\u00e7\u00e3o desempenha um papel fundamental no Espa\u00e7o Zen, pois nos ajuda a acalmar a mente e encontrar a paz interior. Ela nos permite liberar o estresse e a ansiedade, e nos conecta com o momento presente. A pr\u00e1tica regular da medita\u00e7\u00e3o no Espa\u00e7o Zen pode trazer in\u00fameros benef\u00edcios para nossa sa\u00fade mental e emocional.<\/p>\n<h3>\u00c9 poss\u00edvel criar um Espa\u00e7o Zen em um ambiente urbano movimentado?<\/h3>\n<p>Sim, \u00e9 poss\u00edvel criar um Espa\u00e7o Zen mesmo em um ambiente urbano movimentado. Opte por um local tranquilo em sua casa, onde voc\u00ea possa se desligar do barulho e do caos da cidade. Utilize t\u00e9cnicas de isolamento ac\u00fastico, como cortinas pesadas ou tapetes felpudos, para minimizar o ru\u00eddo externo. Lembre-se de que a paz interior n\u00e3o depende do ambiente externo, mas sim da nossa capacidade de encontrar a tranquilidade dentro de n\u00f3s mesmos.<\/p>\n<h3>Posso utilizar objetos pessoais no Espa\u00e7o Zen?<\/h3>\n<figure style=\"width: 1024px\" class=\"wp-caption aligncenter\"><img decoding=\"async\" src=\"https:\/\/www.aarquiteta.com.br\/blog\/wp-content\/uploads\/2023\/10\/espaco-zen01.jpg\" alt=\"espaco zen\" width=\"1024\" height=\"1024\" title=\"\"><figcaption class=\"wp-caption-text\">espaco zen<\/figcaption><\/figure>\n<p>Sim, voc\u00ea pode utilizar objetos pessoais no Espa\u00e7o Zen. No entanto, \u00e9 importante escolher itens que transmitam calma e serenidade, evitando objetos muito agitados ou estimulantes. Lembre-se de que o objetivo \u00e9 criar um ambiente de paz e tranquilidade, onde voc\u00ea possa relaxar e se reconectar consigo mesmo.<\/p>\n<h3>Qual \u00e9 a diferen\u00e7a entre um Espa\u00e7o Zen e um espa\u00e7o de medita\u00e7\u00e3o comum?<\/h3>\n<p>A diferen\u00e7a entre um Espa\u00e7o Zen e um espa\u00e7o de medita\u00e7\u00e3o comum est\u00e1 na atmosfera e na inten\u00e7\u00e3o por tr\u00e1s de cada um. O Espa\u00e7o Zen busca integrar elementos da natureza e t\u00e9cnicas de medita\u00e7\u00e3o para criar um ambiente de paz e harmonia. J\u00e1 um espa\u00e7o de medita\u00e7\u00e3o comum pode ser mais simples e objetivo, sem a necessidade de elementos espec\u00edficos de decora\u00e7\u00e3o. Ambos s\u00e3o v\u00e1lidos, e a escolha vai depender das suas prefer\u00eancias e objetivos pessoais.<\/p>\n[amazon table=&#8221;88355&#8243;]\n<h3>Conclus\u00e3o<\/h3>\n<p>Chegamos ao fim de nossa jornada pelo Espa\u00e7o Zen. Esperamos que este artigo tenha sido \u00fatil para voc\u00ea compreender os princ\u00edpios b\u00e1sicos de cria\u00e7\u00e3o desse ambiente de harmonia e tranquilidade. Lembre-se de que a paz interior est\u00e1 ao seu alcance, e o Espa\u00e7o Zen pode ser uma ferramenta poderosa para alcan\u00e7\u00e1-la. Experimente criar o seu pr\u00f3prio Espa\u00e7o Zen e desfrute dos benef\u00edcios que ele pode trazer para sua vida. Abrace a serenidade e a calma, e descubra um novo mundo de equil\u00edbrio e harmonia.<\/p>\n<h3>Curiosidade<\/h3>\n<p>Voc\u00ea sabia que o Espa\u00e7o Zen tamb\u00e9m pode ser criado em espa\u00e7os comerciais, como escrit\u00f3rios? Muitas empresas t\u00eam aderido a essa pr\u00e1tica para proporcionar um ambiente mais tranquilo e produtivo para seus funcion\u00e1rios. Acredita-se que um ambiente calmo e harmonioso pode aumentar a criatividade e a concentra\u00e7\u00e3o, melhorando assim o desempenho no trabalho. Que tal sugerir essa ideia para seu chefe?<\/p>\n<p>Obrigado por ler nosso artigo, esperamos que tenha sido \u00fatil! Se gostou, n\u00e3o deixe de compartilhar com seus amigos e familiares. E n\u00e3o se esque\u00e7a de nos acompanhar para ler mais conte\u00fados interessantes sobre bem-estar e qualidade de vida. At\u00e9 a pr\u00f3xima!<\/p>\n<p>&nbsp;<\/p>\n","protected":false},"excerpt":{"rendered":"<p>Descubra as instru\u00e7\u00f5es e ensinamentos do Espa\u00e7o Zen, que proporcionam harmonia e tranquilidade.<\/p>\n","protected":false},"author":102,"featured_media":96762,"comment_status":"closed","ping_status":"closed","sticky":false,"template":"","format":"standard","meta":{"footnotes":""},"categories":[10005,1484,19109],"tags":[33554,33922,27604,33923,6905],"class_list":["post-96767","post","type-post","status-publish","format-standard","has-post-thumbnail","category-casa-e-jardim","category-decoracao","category-pet","tag-descubra","tag-espaco-zen","tag-harmonia","tag-proporciona","tag-tranquilidade"],"_wp_attached_file":null,"_wp_attachment_metadata":null,"_wp_attachment_context":null,"_wp_attachment_is_custom_header":null,"geo_longitude":null,"geo_public":null,"geo_latitude":null,"_publicize_done_external":null,"_wpas_done_3897181":null,"publicize_twitter_user":null,"_wpas_done_3897175":null,"_wpas_skip_3897181":null,"_wpas_skip_3897175":null,"_wpas_skip_3924723":null,"_wpas_mess":null,"_wpas_done_3924723":null,"wps_subtitle":"","_links":{"self":[{"href":"https:\/\/www.aarquiteta.com.br\/blog\/wp-json\/wp\/v2\/posts\/96767","targetHints":{"allow":["GET"]}}],"collection":[{"href":"https:\/\/www.aarquiteta.com.br\/blog\/wp-json\/wp\/v2\/posts"}],"about":[{"href":"https:\/\/www.aarquiteta.com.br\/blog\/wp-json\/wp\/v2\/types\/post"}],"author":[{"embeddable":true,"href":"https:\/\/www.aarquiteta.com.br\/blog\/wp-json\/wp\/v2\/users\/102"}],"replies":[{"embeddable":true,"href":"https:\/\/www.aarquiteta.com.br\/blog\/wp-json\/wp\/v2\/comments?post=96767"}],"version-history":[{"count":0,"href":"https:\/\/www.aarquiteta.com.br\/blog\/wp-json\/wp\/v2\/posts\/96767\/revisions"}],"wp:featuredmedia":[{"embeddable":true,"href":"https:\/\/www.aarquiteta.com.br\/blog\/wp-json\/wp\/v2\/media\/96762"}],"wp:attachment":[{"href":"https:\/\/www.aarquiteta.com.br\/blog\/wp-json\/wp\/v2\/media?parent=96767"}],"wp:term":[{"taxonomy":"category","embeddable":true,"href":"https:\/\/www.aarquiteta.com.br\/blog\/wp-json\/wp\/v2\/categories?post=96767"},{"taxonomy":"post_tag","embeddable":true,"href":"https:\/\/www.aarquiteta.com.br\/blog\/wp-json\/wp\/v2\/tags?post=96767"}],"curies":[{"name":"wp","href":"https:\/\/api.w.org\/{rel}","templated":true}]}}