{"id":96644,"date":"2023-10-23T14:15:47","date_gmt":"2023-10-23T17:15:47","guid":{"rendered":"http:\/\/aarquiteta.com.br\/?p=96644"},"modified":"2023-10-23T14:15:47","modified_gmt":"2023-10-23T17:15:47","slug":"vitoria-regia","status":"publish","type":"post","link":"https:\/\/www.aarquiteta.com.br\/blog\/vitoria-regia\/","title":{"rendered":"Descubra os Segredos da Vit\u00f3ria R\u00e9gia: Beleza e Mist\u00e9rio da Natureza!"},"content":{"rendered":"<p><!-- Introduction --><\/p>\n<p>A vit\u00f3ria-r\u00e9gia, tamb\u00e9m conhecida como Vit\u00f3ria-amaz\u00f4nica, \u00e9 uma planta aqu\u00e1tica que encanta pela sua beleza e mist\u00e9rio. Origin\u00e1ria da regi\u00e3o amaz\u00f4nica, a vit\u00f3ria-r\u00e9gia \u00e9 um dos s\u00edmbolos da flora brasileira e um verdadeiro tesouro nacional. Neste artigo, vamos revelar os segredos dessa planta fascinante, explorando sua not\u00e1vel adapta\u00e7\u00e3o ao ambiente aqu\u00e1tico e seu papel ecol\u00f3gico na Fortaleza do Maraj\u00f3, localizada na Vila de Soure, no Par\u00e1.<\/p>\n<p>A vit\u00f3ria-r\u00e9gia tem folhas enormes que flutuam na \u00e1gua e podem atingir at\u00e9 2,5 metros de di\u00e2metro. Suas flores s\u00e3o igualmente impressionantes, com p\u00e9talas brancas que abrem durante a noite e exalam um perfume adocicado e envolvente. Essas caracter\u00edsticas \u00fanicas tornam a vit\u00f3ria-r\u00e9gia um verdadeiro espet\u00e1culo da natureza.<\/p>\n<p><!-- Image 1 --><\/p>\n<figure style=\"width: 1024px\" class=\"wp-caption aligncenter\"><img decoding=\"async\" src=\"https:\/\/www.aarquiteta.com.br\/blog\/wp-content\/uploads\/2023\/10\/vitoria-regia04.jpg\" alt=\"vit\u00f3ria r\u00e9gia\" width=\"1024\" height=\"1024\" title=\"\"><figcaption class=\"wp-caption-text\">vit\u00f3ria r\u00e9gia<\/figcaption><\/figure>\n<p><!-- Heading 1 --><\/p>\n<h2>Adapta\u00e7\u00e3o ao Ambiente Aqu\u00e1tico<\/h2>\n<p><!-- Content 1 --><\/p>\n<p>A vit\u00f3ria-r\u00e9gia \u00e9 uma planta adaptada para viver em ambientes aqu\u00e1ticos, como rios, lagos e igarap\u00e9s. Suas folhas flutuam na superf\u00edcie da \u00e1gua, formando uma esp\u00e9cie de ninho que abriga pequenos animais, como insetos e at\u00e9 mesmo filhotes de jacar\u00e9s. Essa planta possui uma estrutura \u00fanica, com nervuras que suportam seu peso e permitem a dispers\u00e3o dos nutrientes.<\/p>\n<p>Al\u00e9m disso, as folhas da vit\u00f3ria-r\u00e9gia possuem uma caracter\u00edstica especial: s\u00e3o imperme\u00e1veis. Essa adapta\u00e7\u00e3o permite que as folhas flutuem e evitem que a \u00e1gua penetre em seu interior. Dessa forma, a planta consegue captar a luz solar necess\u00e1ria para realizar a fotoss\u00edntese e se desenvolver plenamente.<\/p>\n<p><!-- Image 2 --><\/p>\n<figure style=\"width: 1024px\" class=\"wp-caption aligncenter\"><img decoding=\"async\" src=\"https:\/\/www.aarquiteta.com.br\/blog\/wp-content\/uploads\/2023\/10\/vitoria-regia03.jpg\" alt=\"vit\u00f3ria r\u00e9gia\" width=\"1024\" height=\"1024\" title=\"\"><figcaption class=\"wp-caption-text\">vit\u00f3ria r\u00e9gia<\/figcaption><\/figure>\n<p><!-- Heading 2 --><\/p>\n<h2>A Fortaleza do Maraj\u00f3 e sua Import\u00e2ncia Ecol\u00f3gica<\/h2>\n<p><!-- Content 2 --><\/p>\n<p>A Fortaleza do Maraj\u00f3, localizada na Vila de Soure, no Par\u00e1, \u00e9 um dos lugares onde a vit\u00f3ria-r\u00e9gia pode ser encontrada em abund\u00e2ncia. Essa regi\u00e3o \u00e9 conhecida por abrigar um ecossistema rico e diversificado, onde diversas esp\u00e9cies de animais e plantas coexistem harmoniosamente.<\/p>\n<p>A presen\u00e7a da vit\u00f3ria-r\u00e9gia na Fortaleza do Maraj\u00f3 \u00e9 essencial para a manuten\u00e7\u00e3o do equil\u00edbrio ecol\u00f3gico. Suas folhas servem de abrigo e alimenta\u00e7\u00e3o para diversas esp\u00e9cies, como peixes, tartarugas e aves aqu\u00e1ticas. Al\u00e9m disso, as flores da vit\u00f3ria-r\u00e9gia atraem insetos polinizadores, contribuindo para a reprodu\u00e7\u00e3o de outras plantas da regi\u00e3o.<\/p>\n<p><!-- Image 3 --><\/p>\n<figure style=\"width: 1024px\" class=\"wp-caption aligncenter\"><img decoding=\"async\" src=\"https:\/\/www.aarquiteta.com.br\/blog\/wp-content\/uploads\/2023\/10\/vitoria-regia02.jpg\" alt=\"vit\u00f3ria r\u00e9gia\" width=\"1024\" height=\"1024\" title=\"\"><figcaption class=\"wp-caption-text\">vit\u00f3ria r\u00e9gia<\/figcaption><\/figure>\n<p><!-- Heading 3 --><\/p>\n<h2>Perguntas Mais Frequentes<\/h2>\n<p><!-- FAQ 1 --><\/p>\n<h3>Como a vit\u00f3ria-r\u00e9gia se reproduz?<\/h3>\n<p>A vit\u00f3ria-r\u00e9gia se reproduz por meio de sementes que s\u00e3o dispersadas pela \u00e1gua. Ap\u00f3s a poliniza\u00e7\u00e3o das flores, as sementes se desenvolvem dentro de frutos que, quando maduros, caem na \u00e1gua e garantem a perpetua\u00e7\u00e3o da esp\u00e9cie.<\/p>\n<p><!-- FAQ 2 --><\/p>\n<h3>Qual \u00e9 o tamanho m\u00e1ximo que uma vit\u00f3ria-r\u00e9gia pode atingir?<\/h3>\n<p>A vit\u00f3ria-r\u00e9gia pode atingir um tamanho impressionante, com folhas que chegam a at\u00e9 2,5 metros de di\u00e2metro e flores que podem ultrapassar 30 cent\u00edmetros de di\u00e2metro. Essa grandiosidade faz com que a planta seja uma verdadeira atra\u00e7\u00e3o para os visitantes da Fortaleza do Maraj\u00f3.<\/p>\n<p><!-- FAQ 3 --><\/p>\n<h3>As folhas da vit\u00f3ria-r\u00e9gia podem suportar o peso de um humano?<\/h3>\n<p>Embora as folhas da vit\u00f3ria-r\u00e9gia sejam grandes e aparentemente fortes, elas n\u00e3o s\u00e3o capazes de sustentar o peso de um humano. \u00c9 importante preservar a integridade da planta e n\u00e3o caminhar sobre suas folhas para evitar danos.<\/p>\n<p><!-- FAQ 4 --><\/p>\n<h3>Quais s\u00e3o os benef\u00edcios ambientais da vit\u00f3ria-r\u00e9gia?<\/h3>\n<p>A vit\u00f3ria-r\u00e9gia desempenha um papel fundamental no equil\u00edbrio ecol\u00f3gico dos ecossistemas aqu\u00e1ticos. Suas folhas oferecem abrigo e alimento para diversas esp\u00e9cies de animais, contribuindo para a preserva\u00e7\u00e3o da biodiversidade. Al\u00e9m disso, suas flores atraem insetos polinizadores, promovendo a reprodu\u00e7\u00e3o de outras plantas da regi\u00e3o.<\/p>\n<p><!-- FAQ 5 --><\/p>\n<h3>Posso cultivar vit\u00f3ria-r\u00e9gia em casa?<\/h3>\n<p>A vit\u00f3ria-r\u00e9gia \u00e9 uma planta de grande porte e que necessita de condi\u00e7\u00f5es espec\u00edficas para se desenvolver adequadamente. Por isso, \u00e9 mais indicado apreciar sua beleza e mist\u00e9rio em seu habitat natural, como a Fortaleza do Maraj\u00f3, ao inv\u00e9s de tentar cultiv\u00e1-la em casa.<\/p>\n<p><!-- Image 4 --><\/p>\n<figure style=\"width: 1024px\" class=\"wp-caption aligncenter\"><img decoding=\"async\" src=\"https:\/\/www.aarquiteta.com.br\/blog\/wp-content\/uploads\/2023\/10\/vitoria-regia01.jpg\" alt=\"vit\u00f3ria r\u00e9gia\" width=\"1024\" height=\"1024\" title=\"\"><figcaption class=\"wp-caption-text\">vit\u00f3ria r\u00e9gia<\/figcaption><\/figure>\n<p><!-- Conclusion --><\/p>\n<h2>Conclus\u00e3o<\/h2>\n<p>A vit\u00f3ria-r\u00e9gia \u00e9 um verdadeiro tesouro da natureza brasileira, encantando a todos com sua beleza e mist\u00e9rio. Sua adapta\u00e7\u00e3o ao ambiente aqu\u00e1tico e seu papel ecol\u00f3gico na Fortaleza do Maraj\u00f3 s\u00e3o fascinantes e demonstram a import\u00e2ncia da preserva\u00e7\u00e3o dos ecossistemas naturais. Ao visitar a Vila de Soure, no Par\u00e1, n\u00e3o deixe de contemplar essa maravilha da flora brasileira.<\/p>\n[amazon table=&#8221;88827&#8243;]\n<p><!-- Curiosity --><\/p>\n<h3>Curiosidade<\/h3>\n<p>Voc\u00ea sabia que a vit\u00f3ria-r\u00e9gia \u00e9 considerada a flor s\u00edmbolo do estado do Amazonas? Sua impon\u00eancia e delicadeza conquistaram o cora\u00e7\u00e3o dos amazonenses, tornando-a um verdadeiro \u00edcone da regi\u00e3o.<\/p>\n<p>Obrigado por ler nosso artigo! Esperamos que as informa\u00e7\u00f5es tenham sido \u00fateis e que voc\u00ea tenha se encantado com os segredos da vit\u00f3ria-r\u00e9gia. Arraste a p\u00e1gina para cima e confira nossos outros artigos incr\u00edveis sobre as maravilhas do Brasil.<\/p>\n","protected":false},"excerpt":{"rendered":"<p>Teachings and instructions for discovering the beauty and mystery of the Victoria Amazonica: Fortaleza do Maraj\u00f3 and Vila de Soure in Par\u00e1. Explore the wonders of Brazil with our guidance and indications.<\/p>\n","protected":false},"author":102,"featured_media":96641,"comment_status":"closed","ping_status":"closed","sticky":false,"template":"","format":"standard","meta":{"footnotes":""},"categories":[10005,9612,19109],"tags":[33907,33906,33908,33909,33910],"class_list":["post-96644","post","type-post","status-publish","format-standard","has-post-thumbnail","category-casa-e-jardim","category-jardinagem","category-pet","tag-beleza-e-misterio-da-natureza","tag-descubra-os-segredos-da-vitoria-regia","tag-fortaleza-do-marajo","tag-vila-de-soure-no-para","tag-wonders-of-brasil"],"_wp_attached_file":null,"_wp_attachment_metadata":null,"_wp_attachment_context":null,"_wp_attachment_is_custom_header":null,"geo_longitude":null,"geo_public":null,"geo_latitude":null,"_publicize_done_external":null,"_wpas_done_3897181":null,"publicize_twitter_user":null,"_wpas_done_3897175":null,"_wpas_skip_3897181":null,"_wpas_skip_3897175":null,"_wpas_skip_3924723":null,"_wpas_mess":null,"_wpas_done_3924723":null,"wps_subtitle":"","_links":{"self":[{"href":"https:\/\/www.aarquiteta.com.br\/blog\/wp-json\/wp\/v2\/posts\/96644","targetHints":{"allow":["GET"]}}],"collection":[{"href":"https:\/\/www.aarquiteta.com.br\/blog\/wp-json\/wp\/v2\/posts"}],"about":[{"href":"https:\/\/www.aarquiteta.com.br\/blog\/wp-json\/wp\/v2\/types\/post"}],"author":[{"embeddable":true,"href":"https:\/\/www.aarquiteta.com.br\/blog\/wp-json\/wp\/v2\/users\/102"}],"replies":[{"embeddable":true,"href":"https:\/\/www.aarquiteta.com.br\/blog\/wp-json\/wp\/v2\/comments?post=96644"}],"version-history":[{"count":0,"href":"https:\/\/www.aarquiteta.com.br\/blog\/wp-json\/wp\/v2\/posts\/96644\/revisions"}],"wp:featuredmedia":[{"embeddable":true,"href":"https:\/\/www.aarquiteta.com.br\/blog\/wp-json\/wp\/v2\/media\/96641"}],"wp:attachment":[{"href":"https:\/\/www.aarquiteta.com.br\/blog\/wp-json\/wp\/v2\/media?parent=96644"}],"wp:term":[{"taxonomy":"category","embeddable":true,"href":"https:\/\/www.aarquiteta.com.br\/blog\/wp-json\/wp\/v2\/categories?post=96644"},{"taxonomy":"post_tag","embeddable":true,"href":"https:\/\/www.aarquiteta.com.br\/blog\/wp-json\/wp\/v2\/tags?post=96644"}],"curies":[{"name":"wp","href":"https:\/\/api.w.org\/{rel}","templated":true}]}}