{"id":96567,"date":"2023-10-17T13:49:52","date_gmt":"2023-10-17T16:49:52","guid":{"rendered":"http:\/\/aarquiteta.com.br\/?p=96567"},"modified":"2023-10-17T14:20:01","modified_gmt":"2023-10-17T17:20:01","slug":"flores-negras","status":"publish","type":"post","link":"https:\/\/www.aarquiteta.com.br\/blog\/flores-negras\/","title":{"rendered":"Descubra os mist\u00e9rios das flores negras: informa\u00e7\u00f5es, significado e muito mais."},"content":{"rendered":"<article>As flores negras s\u00e3o verdadeiros mist\u00e9rios da natureza. Elas despertam curiosidade e fasc\u00ednio em todos que as veem. Neste artigo, vamos explorar todas as informa\u00e7\u00f5es sobre as flores negras, desde o seu significado at\u00e9 as esp\u00e9cies mais conhecidas. Prepare-se para desvendar os segredos dessas belas e enigm\u00e1ticas flores.<\/p>\n<figure style=\"width: 1024px\" class=\"wp-caption aligncenter\"><img decoding=\"async\" src=\"https:\/\/www.aarquiteta.com.br\/blog\/wp-content\/uploads\/2023\/10\/flores-negras04.jpg\" alt=\"flores negras\" width=\"1024\" height=\"1024\" title=\"\"><figcaption class=\"wp-caption-text\">flores negras<\/figcaption><\/figure>\n<h2>O significado das flores negras<\/h2>\n<p>As flores negras simbolizam mist\u00e9rio, eleg\u00e2ncia e poder. Elas s\u00e3o associadas a sentimentos profundos e intensos, como o luto, a rebeldia e a transforma\u00e7\u00e3o. Apesar da sua apar\u00eancia sombria, as flores negras podem transmitir uma beleza \u00fanica e intrigante.<\/p>\n<h3>Imagem de uma flor negra<\/h3>\n<figure style=\"width: 1024px\" class=\"wp-caption aligncenter\"><img decoding=\"async\" src=\"https:\/\/www.aarquiteta.com.br\/blog\/wp-content\/uploads\/2023\/10\/flores-negras03.jpg\" alt=\"flores negras\" width=\"1024\" height=\"1024\" title=\"\"><figcaption class=\"wp-caption-text\">flores negras<\/figcaption><\/figure>\n<h3>As diferentes esp\u00e9cies de flores negras<\/h3>\n<p>Existem diversas esp\u00e9cies de flores negras, cada uma com suas caracter\u00edsticas \u00fanicas. Alguns exemplos s\u00e3o:<\/p>\n<ul>\n<li>Rosa negra: A rosa negra \u00e9 uma das flores mais famosas e cobi\u00e7adas. Ela representa o amor proibido e \u00e9 muito utilizada em arranjos florais sofisticados.<\/li>\n<li>Tulipa negra: A tulipa negra \u00e9 uma flor rara e extremamente valorizada. Ela simboliza o poder e a nobreza.<\/li>\n<li>L\u00edrio negro: O l\u00edrio negro \u00e9 associado \u00e0 morte e ao luto. Ele \u00e9 utilizado em cerim\u00f4nias f\u00fanebres e representa a supera\u00e7\u00e3o e a renova\u00e7\u00e3o.<\/li>\n<\/ul>\n<h2>Imagem de uma tulipa negra<\/h2>\n<figure style=\"width: 1024px\" class=\"wp-caption aligncenter\"><img decoding=\"async\" src=\"https:\/\/www.aarquiteta.com.br\/blog\/wp-content\/uploads\/2023\/10\/flores-negras02.jpg\" alt=\"flores negras\" width=\"1024\" height=\"1024\" title=\"\"><figcaption class=\"wp-caption-text\">flores negras<\/figcaption><\/figure>\n<h2>Perguntas mais frequentes sobre flores negras<\/h2>\n<h3>Por que as flores negras s\u00e3o t\u00e3o raras?<\/h3>\n<p>As flores negras s\u00e3o raras devido \u00e0 sua gen\u00e9tica. A pigmenta\u00e7\u00e3o escura das p\u00e9talas \u00e9 causada por uma concentra\u00e7\u00e3o elevada de antocianina, que \u00e9 respons\u00e1vel pela colora\u00e7\u00e3o das flores. Essa caracter\u00edstica \u00e9 pouco comum na natureza, tornando as flores negras t\u00e3o especiais.<\/p>\n<h3>As flores negras s\u00e3o reais?<\/h3>\n<p>Sim, as flores negras s\u00e3o reais. Apesar de sua apar\u00eancia incomum, elas existem e s\u00e3o cultivadas em diferentes partes do mundo. No entanto, elas s\u00e3o bastante raras, o que as torna ainda mais valiosas e desejadas.<\/p>\n<h3>As flores negras t\u00eam algum significado espiritual?<\/h3>\n<p>Em algumas culturas e cren\u00e7as espirituais, as flores negras s\u00e3o associadas \u00e0 magia, ao ocultismo e \u00e0 espiritualidade. Elas podem representar uma conex\u00e3o com o mundo espiritual e serem usadas em rituais e cerim\u00f4nias m\u00edsticas.<\/p>\n<h3>Existem flores completamente negras?<\/h3>\n<p>N\u00e3o existem flores completamente negras na natureza. As flores que consideramos negras na verdade possuem tonalidades muito escuras, que podem variar do roxo ao marrom. Essa ilus\u00e3o de cor intensamente escura cria o efeito de flores negras.<\/p>\n<h3>Como cuidar de flores negras?<\/h3>\n<p>O cuidado com as flores negras n\u00e3o difere muito do cuidado com outras esp\u00e9cies de flores. \u00c9 importante fornecer as condi\u00e7\u00f5es adequadas de luz, \u00e1gua e nutrientes para que elas se desenvolvam saud\u00e1veis. Al\u00e9m disso, \u00e9 fundamental podar as flores murchas e remover eventuais pragas.<\/p>\n[amazon table=&#8221;82760&#8243;]\n<h2>Conclus\u00e3o<\/h2>\n<p>As flores negras s\u00e3o verdadeiramente cativantes e misteriosas. Elas trazem consigo um simbolismo \u00fanico e despertam emo\u00e7\u00f5es profundas. Seja pela sua raridade, pelo seu significado ou pela sua beleza enigm\u00e1tica, as flores negras continuam a intrigar e encantar todas as pessoas. Agora que voc\u00ea conhece um pouco mais sobre elas, aproveite para apreciar a sua singularidade e deixe-se envolver por esse mist\u00e9rio da natureza.<\/p>\n<h3>Curiosidade: A flor mais negra do mundo<\/h3>\n<p>Voc\u00ea sabia que existe uma esp\u00e9cie de flor conhecida como &#8220;Vantablack&#8221;? Ela \u00e9 considerada a flor mais negra do mundo devido \u00e0 sua capacidade de absorver at\u00e9 99,96% da luz. Essa caracter\u00edstica peculiar faz com que a Vantablack pare\u00e7a uma &#8220;flor vazia&#8221;, sem contorno ou forma vis\u00edvel. \u00c9 realmente impressionante!<\/p>\n<p>Obrigado por ler este artigo! Esperamos que tenha sido \u00fatil para voc\u00ea. Continue explorando nosso blog para mais conte\u00fados interessantes.<\/p>\n<\/article>\n","protected":false},"excerpt":{"rendered":"<p>Descubra os mist\u00e9rios das flores negras: informa\u00e7\u00f5es, significado e muito mais. Encontre aqui ensinamentos, instru\u00e7\u00f5es, sugest\u00f5es, caminhos, maneiras, aprendizado, li\u00e7\u00f5es, orienta\u00e7\u00f5es e indica\u00e7\u00f5es.<\/p>\n","protected":false},"author":102,"featured_media":96564,"comment_status":"closed","ping_status":"closed","sticky":false,"template":"","format":"standard","meta":{"footnotes":""},"categories":[10005,9612],"tags":[33843,33845,33847,33844,33846],"class_list":["post-96567","post","type-post","status-publish","format-standard","has-post-thumbnail","category-casa-e-jardim","category-jardinagem","tag-floresnegras","tag-informacoes","tag-mais","tag-misterios","tag-significado"],"_wp_attached_file":null,"_wp_attachment_metadata":null,"_wp_attachment_context":null,"_wp_attachment_is_custom_header":null,"geo_longitude":null,"geo_public":null,"geo_latitude":null,"_publicize_done_external":null,"_wpas_done_3897181":null,"publicize_twitter_user":null,"_wpas_done_3897175":null,"_wpas_skip_3897181":null,"_wpas_skip_3897175":null,"_wpas_skip_3924723":null,"_wpas_mess":null,"_wpas_done_3924723":null,"wps_subtitle":"","_links":{"self":[{"href":"https:\/\/www.aarquiteta.com.br\/blog\/wp-json\/wp\/v2\/posts\/96567","targetHints":{"allow":["GET"]}}],"collection":[{"href":"https:\/\/www.aarquiteta.com.br\/blog\/wp-json\/wp\/v2\/posts"}],"about":[{"href":"https:\/\/www.aarquiteta.com.br\/blog\/wp-json\/wp\/v2\/types\/post"}],"author":[{"embeddable":true,"href":"https:\/\/www.aarquiteta.com.br\/blog\/wp-json\/wp\/v2\/users\/102"}],"replies":[{"embeddable":true,"href":"https:\/\/www.aarquiteta.com.br\/blog\/wp-json\/wp\/v2\/comments?post=96567"}],"version-history":[{"count":0,"href":"https:\/\/www.aarquiteta.com.br\/blog\/wp-json\/wp\/v2\/posts\/96567\/revisions"}],"wp:featuredmedia":[{"embeddable":true,"href":"https:\/\/www.aarquiteta.com.br\/blog\/wp-json\/wp\/v2\/media\/96564"}],"wp:attachment":[{"href":"https:\/\/www.aarquiteta.com.br\/blog\/wp-json\/wp\/v2\/media?parent=96567"}],"wp:term":[{"taxonomy":"category","embeddable":true,"href":"https:\/\/www.aarquiteta.com.br\/blog\/wp-json\/wp\/v2\/categories?post=96567"},{"taxonomy":"post_tag","embeddable":true,"href":"https:\/\/www.aarquiteta.com.br\/blog\/wp-json\/wp\/v2\/tags?post=96567"}],"curies":[{"name":"wp","href":"https:\/\/api.w.org\/{rel}","templated":true}]}}