{"id":96501,"date":"2023-10-11T23:15:49","date_gmt":"2023-10-12T02:15:49","guid":{"rendered":"http:\/\/aarquiteta.com.br\/?p=96501"},"modified":"2023-10-12T09:47:01","modified_gmt":"2023-10-12T12:47:01","slug":"arquitetura-basilica-de-aparecida-e-a-basilica-de-sao-pedro","status":"publish","type":"post","link":"https:\/\/www.aarquiteta.com.br\/blog\/arquitetura-basilica-de-aparecida-e-a-basilica-de-sao-pedro\/","title":{"rendered":"De Aparecida a Roma: A Arquitetura da Bas\u00edlica de Aparecida e a Bas\u00edlica de S\u00e3o Pedro!"},"content":{"rendered":"<p>Quando pensamos em arquitetura religiosa, \u00e9 imposs\u00edvel n\u00e3o lembrar de duas das mais ic\u00f4nicas constru\u00e7\u00f5es do mundo: a Bas\u00edlica de Aparecida, no Brasil, e a Bas\u00edlica de S\u00e3o Pedro, em Roma.<\/p>\n<p>Ambas s\u00e3o marcos n\u00e3o apenas em seus respectivos pa\u00edses, mas tamb\u00e9m para o mundo crist\u00e3o. Mas o que essas duas magn\u00edficas constru\u00e7\u00f5es t\u00eam em comum e o que as diferenciam? Vamos embarcar juntos nessa jornada arquitet\u00f4nica e espiritual, explorando cada detalhe e curiosidade desses dois templos sagrados.<\/p>\n<p>A arquitetura, em sua ess\u00eancia, \u00e9 uma representa\u00e7\u00e3o tang\u00edvel da f\u00e9 e da devo\u00e7\u00e3o das pessoas. E, ao longo dos s\u00e9culos, tem sido uma forma de expressar nossa conex\u00e3o com o divino. As bas\u00edlicas de Aparecida e S\u00e3o Pedro s\u00e3o exemplos perfeitos dessa express\u00e3o.<\/p>\n<h2>A Bas\u00edlica de Aparecida<\/h2>\n<figure id=\"attachment_87104\" aria-describedby=\"caption-attachment-87104\" style=\"width: 1200px\" class=\"wp-caption alignnone\"><img decoding=\"async\" class=\"size-full wp-image-87104\" src=\"https:\/\/www.aarquiteta.com.br\/blog\/wp-content\/uploads\/2023\/07\/Santuario-Nacional-de-Aparecida-2.jpg\" alt=\"O Fasc\u00ednio da Arquitetura do Santu\u00e1rio Nacional de Aparecida\" width=\"1200\" height=\"800\" title=\"\" srcset=\"https:\/\/www.aarquiteta.com.br\/blog\/wp-content\/uploads\/2023\/07\/Santuario-Nacional-de-Aparecida-2.jpg 1200w, https:\/\/www.aarquiteta.com.br\/blog\/wp-content\/uploads\/2023\/07\/Santuario-Nacional-de-Aparecida-2-1024x683.jpg 1024w, https:\/\/www.aarquiteta.com.br\/blog\/wp-content\/uploads\/2023\/07\/Santuario-Nacional-de-Aparecida-2-696x464.jpg 696w, https:\/\/www.aarquiteta.com.br\/blog\/wp-content\/uploads\/2023\/07\/Santuario-Nacional-de-Aparecida-2-150x100.jpg 150w\" sizes=\"(max-width: 1200px) 100vw, 1200px\" \/><figcaption id=\"caption-attachment-87104\" class=\"wp-caption-text\">Foto: Canva.com<\/figcaption><\/figure>\n<h3>Hist\u00f3ria e Significado<\/h3>\n<p>A Bas\u00edlica de Aparecida, tamb\u00e9m conhecida como Santu\u00e1rio Nacional de Nossa Senhora Aparecida, n\u00e3o \u00e9 apenas um marco religioso, mas tamb\u00e9m um s\u00edmbolo da f\u00e9 e da identidade brasileira. Sua hist\u00f3ria e significado est\u00e3o profundamente enraizados no cora\u00e7\u00e3o e na alma do povo brasileiro.<\/p>\n<h3>Origens e Descoberta<\/h3>\n<p>A hist\u00f3ria da Bas\u00edlica de Aparecida come\u00e7a em 1717, nas \u00e1guas do Rio Para\u00edba do Sul. Durante uma tentativa de pesca, tr\u00eas pescadores, Domingos Garcia, Jo\u00e3o Alves e Filipe Pedroso, encontraram no rio uma pequena imagem de terracota quebrada.<\/p>\n<p>Primeiro, pescaram o corpo e, em seguida, a cabe\u00e7a da imagem de Nossa Senhora da Concei\u00e7\u00e3o. Ap\u00f3s a descoberta da imagem, a rede dos pescadores, anteriormente vazia, encheu-se de peixes. Este foi considerado o primeiro milagre atribu\u00eddo \u00e0 santa.<\/p>\n<p>A imagem encontrada, com cerca de 40 cent\u00edmetros de altura, era de Nossa Senhora da Concei\u00e7\u00e3o, mas devido \u00e0 sua descoberta nas \u00e1guas e \u00e0 cor escura da terracota, ficou popularmente conhecida como Nossa Senhora Aparecida.<\/p>\n<h3>Crescimento da Devo\u00e7\u00e3o<\/h3>\n<p>A imagem foi inicialmente levada para a casa de Filipe Pedroso, onde os moradores locais se reuniam para rezar. Os relatos de milagres atribu\u00eddos \u00e0 santa come\u00e7aram a se espalhar, e a devo\u00e7\u00e3o a Nossa Senhora Aparecida cresceu rapidamente. Em resposta \u00e0 crescente devo\u00e7\u00e3o, foi constru\u00edda uma capela em 1745. Com o tempo, a necessidade de um espa\u00e7o maior para acomodar os fi\u00e9is tornou-se evidente, levando \u00e0 constru\u00e7\u00e3o de uma igreja maior em 1844, conhecida como Bas\u00edlica Velha.<\/p>\n<p>O n\u00famero de devotos continuou a crescer exponencialmente, e em 1955 iniciou-se a constru\u00e7\u00e3o do Santu\u00e1rio Nacional, que foi consagrado em 1980. Hoje, \u00e9 o maior santu\u00e1rio mariano do mundo e recebe milh\u00f5es de peregrinos anualmente.<\/p>\n<h3>Significado Espiritual e Cultural<\/h3>\n<figure id=\"attachment_87089\" aria-describedby=\"caption-attachment-87089\" style=\"width: 1200px\" class=\"wp-caption alignnone\"><img decoding=\"async\" class=\"size-full wp-image-87089\" src=\"https:\/\/www.aarquiteta.com.br\/blog\/wp-content\/uploads\/2023\/07\/Santuario-Nacional-de-Aparecida-11.jpg\" alt=\"O Fasc\u00ednio da Arquitetura do Santu\u00e1rio Nacional de Aparecida\" width=\"1200\" height=\"800\" title=\"\" srcset=\"https:\/\/www.aarquiteta.com.br\/blog\/wp-content\/uploads\/2023\/07\/Santuario-Nacional-de-Aparecida-11.jpg 1200w, https:\/\/www.aarquiteta.com.br\/blog\/wp-content\/uploads\/2023\/07\/Santuario-Nacional-de-Aparecida-11-1024x683.jpg 1024w, https:\/\/www.aarquiteta.com.br\/blog\/wp-content\/uploads\/2023\/07\/Santuario-Nacional-de-Aparecida-11-696x464.jpg 696w, https:\/\/www.aarquiteta.com.br\/blog\/wp-content\/uploads\/2023\/07\/Santuario-Nacional-de-Aparecida-11-150x100.jpg 150w\" sizes=\"(max-width: 1200px) 100vw, 1200px\" \/><figcaption id=\"caption-attachment-87089\" class=\"wp-caption-text\">Foto: Canva.com<\/figcaption><\/figure>\n<p>A Bas\u00edlica de Aparecida \u00e9 mais do que um local de peregrina\u00e7\u00e3o; \u00e9 um s\u00edmbolo da f\u00e9 inabal\u00e1vel do povo brasileiro. Nossa Senhora Aparecida \u00e9 considerada a padroeira do Brasil, e sua imagem \u00e9 um lembrete constante da prote\u00e7\u00e3o e do amor da Virgem Maria pelo povo brasileiro.<\/p>\n<p>O santu\u00e1rio \u00e9 tamb\u00e9m um local de uni\u00e3o e celebra\u00e7\u00e3o da diversidade cultural e regional do Brasil. Durante festividades e celebra\u00e7\u00f5es, \u00e9 comum ver grupos de diferentes partes do pa\u00eds trazendo suas tradi\u00e7\u00f5es, m\u00fasicas e dan\u00e7as em homenagem \u00e0 santa.<\/p>\n<h3>Arquitetura<\/h3>\n<p><img decoding=\"async\" class=\"alignnone size-full wp-image-86117\" src=\"https:\/\/www.aarquiteta.com.br\/blog\/wp-content\/uploads\/2023\/07\/o-fascinio-da-arquitetura-do-santuario-nacional-de-aparecidaodsj.jpg-KKDR.jpg\" alt=\"\" width=\"900\" height=\"620\" title=\"\" srcset=\"https:\/\/www.aarquiteta.com.br\/blog\/wp-content\/uploads\/2023\/07\/o-fascinio-da-arquitetura-do-santuario-nacional-de-aparecidaodsj.jpg-KKDR.jpg 900w, https:\/\/www.aarquiteta.com.br\/blog\/wp-content\/uploads\/2023\/07\/o-fascinio-da-arquitetura-do-santuario-nacional-de-aparecidaodsj.jpg-KKDR-696x479.jpg 696w, https:\/\/www.aarquiteta.com.br\/blog\/wp-content\/uploads\/2023\/07\/o-fascinio-da-arquitetura-do-santuario-nacional-de-aparecidaodsj.jpg-KKDR-150x103.jpg 150w\" sizes=\"(max-width: 900px) 100vw, 900px\" \/><\/p>\n<p>A Bas\u00edlica de Aparecida, tamb\u00e9m conhecida como Santu\u00e1rio Nacional de Nossa Senhora Aparecida, \u00e9 uma verdadeira joia da arquitetura religiosa brasileira. Sua estrutura grandiosa e os detalhes arquitet\u00f4nicos refletem a magnitude da devo\u00e7\u00e3o que o povo brasileiro tem por sua padroeira.<\/p>\n<h3>Estrutura e Design<\/h3>\n<figure id=\"attachment_87099\" aria-describedby=\"caption-attachment-87099\" style=\"width: 1200px\" class=\"wp-caption alignnone\"><img decoding=\"async\" class=\"size-full wp-image-87099\" src=\"https:\/\/www.aarquiteta.com.br\/blog\/wp-content\/uploads\/2023\/07\/Santuario-Nacional-de-Aparecida-4.jpg\" alt=\"O Fasc\u00ednio da Arquitetura do Santu\u00e1rio Nacional de Aparecida\" width=\"1200\" height=\"800\" title=\"\" srcset=\"https:\/\/www.aarquiteta.com.br\/blog\/wp-content\/uploads\/2023\/07\/Santuario-Nacional-de-Aparecida-4.jpg 1200w, https:\/\/www.aarquiteta.com.br\/blog\/wp-content\/uploads\/2023\/07\/Santuario-Nacional-de-Aparecida-4-1024x683.jpg 1024w, https:\/\/www.aarquiteta.com.br\/blog\/wp-content\/uploads\/2023\/07\/Santuario-Nacional-de-Aparecida-4-696x464.jpg 696w, https:\/\/www.aarquiteta.com.br\/blog\/wp-content\/uploads\/2023\/07\/Santuario-Nacional-de-Aparecida-4-150x100.jpg 150w\" sizes=\"(max-width: 1200px) 100vw, 1200px\" \/><figcaption id=\"caption-attachment-87099\" class=\"wp-caption-text\">Foto: Canva.com<\/figcaption><\/figure>\n<p>O Santu\u00e1rio Nacional de Aparecida \u00e9 a segunda maior bas\u00edlica do mundo em termos de capacidade, podendo acolher at\u00e9 45.000 fi\u00e9is. A bas\u00edlica tem uma forma cruciforme, com uma nave central imponente e transeptos que se estendem em ambas as dire\u00e7\u00f5es.<\/p>\n<p>A c\u00fapula central, com seu design distintivo, \u00e9 um dos pontos focais da bas\u00edlica. Ela se eleva majestosamente sobre o altar principal, permitindo que a luz natural ilumine o interior do santu\u00e1rio. As torres, por sua vez, se elevam ao c\u00e9u, servindo como um s\u00edmbolo vis\u00edvel da f\u00e9 que eleva os cora\u00e7\u00f5es dos devotos.<\/p>\n<h3>Interior<\/h3>\n<figure id=\"attachment_87088\" aria-describedby=\"caption-attachment-87088\" style=\"width: 1200px\" class=\"wp-caption alignnone\"><img decoding=\"async\" class=\"size-full wp-image-87088\" src=\"https:\/\/www.aarquiteta.com.br\/blog\/wp-content\/uploads\/2023\/07\/Santuario-Nacional-de-Aparecida-13.jpg\" alt=\"O Fasc\u00ednio da Arquitetura do Santu\u00e1rio Nacional de Aparecida\" width=\"1200\" height=\"800\" title=\"\" srcset=\"https:\/\/www.aarquiteta.com.br\/blog\/wp-content\/uploads\/2023\/07\/Santuario-Nacional-de-Aparecida-13.jpg 1200w, https:\/\/www.aarquiteta.com.br\/blog\/wp-content\/uploads\/2023\/07\/Santuario-Nacional-de-Aparecida-13-1024x683.jpg 1024w, https:\/\/www.aarquiteta.com.br\/blog\/wp-content\/uploads\/2023\/07\/Santuario-Nacional-de-Aparecida-13-696x464.jpg 696w, https:\/\/www.aarquiteta.com.br\/blog\/wp-content\/uploads\/2023\/07\/Santuario-Nacional-de-Aparecida-13-150x100.jpg 150w\" sizes=\"(max-width: 1200px) 100vw, 1200px\" \/><figcaption id=\"caption-attachment-87088\" class=\"wp-caption-text\">Foto: Canva.com<\/figcaption><\/figure>\n<p>O interior da Bas\u00edlica de Aparecida \u00e9 t\u00e3o grandioso quanto seu exterior. A vastid\u00e3o do espa\u00e7o \u00e9 acentuada por colunas robustas e arcos altos que conduzem o olhar dos visitantes ao altar principal. O uso extensivo de m\u00e1rmore, juntamente com detalhes em ouro e prata, d\u00e1 ao espa\u00e7o uma sensa\u00e7\u00e3o de rever\u00eancia e sacralidade.<\/p>\n<p>Um dos destaques do interior \u00e9 a Capela das Velas, onde os devotos acendem velas em agradecimento pelas b\u00ean\u00e7\u00e3os recebidas. Outro ponto de destaque \u00e9 o Nicho da Imagem de Nossa Senhora Aparecida, onde a imagem original da santa \u00e9 exibida em uma redoma de vidro, cercada por um manto ricamente bordado.<\/p>\n<h3>Influ\u00eancias e Estilo<\/h3>\n<p>A arquitetura da Bas\u00edlica de Aparecida \u00e9 predominantemente neocl\u00e1ssica, com influ\u00eancias do barroco em alguns dos detalhes ornamentais. A escolha do estilo neocl\u00e1ssico reflete a busca por uma est\u00e9tica que combine grandiosidade com simplicidade, evocando sentimentos de rever\u00eancia e devo\u00e7\u00e3o.<\/p>\n<p>Os vitrais coloridos que adornam a bas\u00edlica s\u00e3o particularmente not\u00e1veis. Eles n\u00e3o apenas embelezam o espa\u00e7o, mas tamb\u00e9m contam a hist\u00f3ria da Virgem Maria e sua rela\u00e7\u00e3o especial com o povo brasileiro.<\/p>\n<h2>A Bas\u00edlica de S\u00e3o Pedro<\/h2>\n<p><img decoding=\"async\" class=\"alignnone size-full wp-image-94547\" src=\"https:\/\/www.aarquiteta.com.br\/blog\/wp-content\/uploads\/2023\/07\/Arquiteturas-Maravilhosas-Basilica-de-Sao-Pedro.jpg\" alt=\"\" width=\"1200\" height=\"800\" title=\"\" srcset=\"https:\/\/www.aarquiteta.com.br\/blog\/wp-content\/uploads\/2023\/07\/Arquiteturas-Maravilhosas-Basilica-de-Sao-Pedro.jpg 1200w, https:\/\/www.aarquiteta.com.br\/blog\/wp-content\/uploads\/2023\/07\/Arquiteturas-Maravilhosas-Basilica-de-Sao-Pedro-1024x683.jpg 1024w, https:\/\/www.aarquiteta.com.br\/blog\/wp-content\/uploads\/2023\/07\/Arquiteturas-Maravilhosas-Basilica-de-Sao-Pedro-696x464.jpg 696w, https:\/\/www.aarquiteta.com.br\/blog\/wp-content\/uploads\/2023\/07\/Arquiteturas-Maravilhosas-Basilica-de-Sao-Pedro-150x100.jpg 150w\" sizes=\"(max-width: 1200px) 100vw, 1200px\" \/><\/p>\n<h3>Hist\u00f3ria e Significado<\/h3>\n<p>A Bas\u00edlica de S\u00e3o Pedro, situada na Cidade do Vaticano, \u00e9 indiscutivelmente um dos locais mais sagrados e emblem\u00e1ticos do catolicismo. Sua impon\u00eancia e beleza arquitet\u00f4nica s\u00e3o apenas a superf\u00edcie de uma hist\u00f3ria rica e profunda que se entrela\u00e7a com os principais eventos e figuras da Igreja Cat\u00f3lica.<\/p>\n<h3>Origens e Funda\u00e7\u00f5es<\/h3>\n<p>A hist\u00f3ria da Bas\u00edlica de S\u00e3o Pedro remonta ao Imp\u00e9rio Romano. Segundo a tradi\u00e7\u00e3o, foi neste local que S\u00e3o Pedro, o primeiro Papa e um dos doze ap\u00f3stolos de Jesus Cristo, foi crucificado e posteriormente sepultado, por volta do ano 64 d.C. Em reconhecimento \u00e0 sua import\u00e2ncia e ao seu mart\u00edrio, o imperador Constantino, o primeiro imperador romano crist\u00e3o, ordenou a constru\u00e7\u00e3o de uma bas\u00edlica no local no s\u00e9culo IV.<\/p>\n<p>Essa primeira bas\u00edlica permaneceu por mais de mil anos, servindo como um importante centro de peregrina\u00e7\u00e3o e venera\u00e7\u00e3o. No entanto, com o passar do tempo e devido a diversos fatores, incluindo a deteriora\u00e7\u00e3o e a necessidade de representar a crescente influ\u00eancia e poder da Igreja, decidiu-se construir uma nova bas\u00edlica no Renascimento.<\/p>\n<h3>Constru\u00e7\u00e3o e Arquitetura<\/h3>\n<figure id=\"attachment_96547\" aria-describedby=\"caption-attachment-96547\" style=\"width: 1200px\" class=\"wp-caption alignnone\"><img decoding=\"async\" class=\"size-full wp-image-96547\" src=\"https:\/\/www.aarquiteta.com.br\/blog\/wp-content\/uploads\/2023\/10\/curiosidades-sobre-cidades-Basilica-de-Sao-Pedro-Vaticano-3.jpg\" alt=\"De Aparecida a Roma: A Arquitetura da Bas\u00edlica de Aparecida e a Bas\u00edlica de S\u00e3o Pedro!\" width=\"1200\" height=\"800\" title=\"\" srcset=\"https:\/\/www.aarquiteta.com.br\/blog\/wp-content\/uploads\/2023\/10\/curiosidades-sobre-cidades-Basilica-de-Sao-Pedro-Vaticano-3.jpg 1200w, https:\/\/www.aarquiteta.com.br\/blog\/wp-content\/uploads\/2023\/10\/curiosidades-sobre-cidades-Basilica-de-Sao-Pedro-Vaticano-3-1024x683.jpg 1024w, https:\/\/www.aarquiteta.com.br\/blog\/wp-content\/uploads\/2023\/10\/curiosidades-sobre-cidades-Basilica-de-Sao-Pedro-Vaticano-3-696x464.jpg 696w, https:\/\/www.aarquiteta.com.br\/blog\/wp-content\/uploads\/2023\/10\/curiosidades-sobre-cidades-Basilica-de-Sao-Pedro-Vaticano-3-150x100.jpg 150w\" sizes=\"(max-width: 1200px) 100vw, 1200px\" \/><figcaption id=\"caption-attachment-96547\" class=\"wp-caption-text\">De Aparecida a Roma: A Arquitetura da Bas\u00edlica de Aparecida e a Bas\u00edlica de S\u00e3o Pedro!<\/figcaption><\/figure>\n<p>A constru\u00e7\u00e3o da atual Bas\u00edlica de S\u00e3o Pedro come\u00e7ou em 1506 e levou mais de um s\u00e9culo para ser conclu\u00edda. O projeto envolveu alguns dos artistas e arquitetos mais renomados da \u00e9poca, incluindo Bramante, Rafael, Michelangelo e Bernini. Michelangelo, em particular, desempenhou um papel crucial ao projetar a c\u00fapula ic\u00f4nica da bas\u00edlica, que hoje domina o horizonte da Cidade do Vaticano.<\/p>\n<p>A Bas\u00edlica de S\u00e3o Pedro \u00e9 uma obra-prima da arquitetura renascentista e barroca. Sua fachada colossal, adornada com colunas e est\u00e1tuas, e seu interior vasto e ricamente decorado, s\u00e3o testemunhos da grandiosidade da Igreja Cat\u00f3lica durante os per\u00edodos Renascentista e Barroco.<\/p>\n<h3>Significado Espiritual e Cultural<\/h3>\n<p>Mais do que sua arquitetura e arte, a Bas\u00edlica de S\u00e3o Pedro \u00e9 um s\u00edmbolo do cora\u00e7\u00e3o espiritual da Igreja Cat\u00f3lica. Ela representa a continuidade da f\u00e9, a tradi\u00e7\u00e3o apost\u00f3lica e a centralidade do papado. Dentro de suas paredes, eventos significativos, como a elei\u00e7\u00e3o de novos papas e importantes cerim\u00f4nias lit\u00fargicas, t\u00eam lugar.<\/p>\n<p>Al\u00e9m disso, a bas\u00edlica abriga in\u00fameras rel\u00edquias, artefatos e obras de arte que contam a hist\u00f3ria da Igreja e de seus santos. O t\u00famulo de S\u00e3o Pedro, localizado abaixo do altar principal, \u00e9 um dos locais mais sagrados e \u00e9 um lembrete constante da miss\u00e3o e do sacrif\u00edcio dos primeiros crist\u00e3os.<\/p>\n<h3>Arquitetura<\/h3>\n<p><img decoding=\"async\" class=\"alignnone size-full wp-image-69426\" src=\"https:\/\/www.aarquiteta.com.br\/blog\/wp-content\/uploads\/2022\/09\/cupula-basilica-sao-pedro-michelangelo.jpg\" alt=\"\" width=\"1024\" height=\"722\" title=\"\" srcset=\"https:\/\/www.aarquiteta.com.br\/blog\/wp-content\/uploads\/2022\/09\/cupula-basilica-sao-pedro-michelangelo.jpg 1024w, https:\/\/www.aarquiteta.com.br\/blog\/wp-content\/uploads\/2022\/09\/cupula-basilica-sao-pedro-michelangelo-696x491.jpg 696w, https:\/\/www.aarquiteta.com.br\/blog\/wp-content\/uploads\/2022\/09\/cupula-basilica-sao-pedro-michelangelo-150x106.jpg 150w\" sizes=\"(max-width: 1024px) 100vw, 1024px\" \/><\/p>\n<p>A Bas\u00edlica de S\u00e3o Pedro, com sua grandiosidade e detalhes arquitet\u00f4nicos impressionantes, \u00e9 uma das maiores realiza\u00e7\u00f5es da arquitetura renascentista e barroca. Sua constru\u00e7\u00e3o e design envolveram alguns dos maiores artistas e arquitetos da \u00e9poca, resultando em uma obra-prima que continua a inspirar e maravilhar visitantes de todo o mundo.<\/p>\n<h3>Estrutura e Design<\/h3>\n<figure id=\"attachment_96549\" aria-describedby=\"caption-attachment-96549\" style=\"width: 1200px\" class=\"wp-caption alignnone\"><img decoding=\"async\" class=\"size-full wp-image-96549\" src=\"https:\/\/www.aarquiteta.com.br\/blog\/wp-content\/uploads\/2023\/10\/curiosidades-sobre-cidades-Basilica-de-Sao-Pedro-Vaticano-1.jpg\" alt=\"De Aparecida a Roma: A Arquitetura da Bas\u00edlica de Aparecida e a Bas\u00edlica de S\u00e3o Pedro!\" width=\"1200\" height=\"800\" title=\"\" srcset=\"https:\/\/www.aarquiteta.com.br\/blog\/wp-content\/uploads\/2023\/10\/curiosidades-sobre-cidades-Basilica-de-Sao-Pedro-Vaticano-1.jpg 1200w, https:\/\/www.aarquiteta.com.br\/blog\/wp-content\/uploads\/2023\/10\/curiosidades-sobre-cidades-Basilica-de-Sao-Pedro-Vaticano-1-1024x683.jpg 1024w, https:\/\/www.aarquiteta.com.br\/blog\/wp-content\/uploads\/2023\/10\/curiosidades-sobre-cidades-Basilica-de-Sao-Pedro-Vaticano-1-696x464.jpg 696w, https:\/\/www.aarquiteta.com.br\/blog\/wp-content\/uploads\/2023\/10\/curiosidades-sobre-cidades-Basilica-de-Sao-Pedro-Vaticano-1-150x100.jpg 150w\" sizes=\"(max-width: 1200px) 100vw, 1200px\" \/><figcaption id=\"caption-attachment-96549\" class=\"wp-caption-text\">De Aparecida a Roma: A Arquitetura da Bas\u00edlica de Aparecida e a Bas\u00edlica de S\u00e3o Pedro!<\/figcaption><\/figure>\n<p>A bas\u00edlica se estende por uma \u00e1rea de mais de 23.000 metros quadrados, com uma capacidade para mais de 60.000 pessoas. A fachada principal, projetada por Maderno, \u00e9 uma vasta extens\u00e3o de colunas e pilares, coroada por 13 est\u00e1tuas representando Cristo, S\u00e3o Jo\u00e3o Batista e os 11 ap\u00f3stolos.<\/p>\n<p>A caracter\u00edstica mais ic\u00f4nica da bas\u00edlica \u00e9, sem d\u00favida, sua c\u00fapula. Projetada por Michelangelo, a c\u00fapula tem um di\u00e2metro de 42 metros e se eleva a uma altura total de 136 metros acima do solo. \u00c9 uma das maiores c\u00fapulas do mundo e oferece uma vista panor\u00e2mica da Cidade do Vaticano e de Roma para aqueles que se aventuram a subir seus degraus.<\/p>\n<h3>Interior<\/h3>\n<figure id=\"attachment_96545\" aria-describedby=\"caption-attachment-96545\" style=\"width: 1200px\" class=\"wp-caption alignnone\"><img decoding=\"async\" class=\"size-full wp-image-96545\" src=\"https:\/\/www.aarquiteta.com.br\/blog\/wp-content\/uploads\/2023\/10\/curiosidades-sobre-cidades-Basilica-de-Sao-Pedro-Vaticano-5.jpg\" alt=\"De Aparecida a Roma: A Arquitetura da Bas\u00edlica de Aparecida e a Bas\u00edlica de S\u00e3o Pedro!\" width=\"1200\" height=\"800\" title=\"\" srcset=\"https:\/\/www.aarquiteta.com.br\/blog\/wp-content\/uploads\/2023\/10\/curiosidades-sobre-cidades-Basilica-de-Sao-Pedro-Vaticano-5.jpg 1200w, https:\/\/www.aarquiteta.com.br\/blog\/wp-content\/uploads\/2023\/10\/curiosidades-sobre-cidades-Basilica-de-Sao-Pedro-Vaticano-5-1024x683.jpg 1024w, https:\/\/www.aarquiteta.com.br\/blog\/wp-content\/uploads\/2023\/10\/curiosidades-sobre-cidades-Basilica-de-Sao-Pedro-Vaticano-5-696x464.jpg 696w, https:\/\/www.aarquiteta.com.br\/blog\/wp-content\/uploads\/2023\/10\/curiosidades-sobre-cidades-Basilica-de-Sao-Pedro-Vaticano-5-150x100.jpg 150w\" sizes=\"(max-width: 1200px) 100vw, 1200px\" \/><figcaption id=\"caption-attachment-96545\" class=\"wp-caption-text\">De Aparecida a Roma: A Arquitetura da Bas\u00edlica de Aparecida e a Bas\u00edlica de S\u00e3o Pedro!<\/figcaption><\/figure>\n<p>O interior da Bas\u00edlica de S\u00e3o Pedro \u00e9 t\u00e3o impressionante quanto o exterior. O vasto espa\u00e7o \u00e9 adornado com m\u00e1rmore, rel\u00edquias douradas, mosaicos e esculturas. Uma das pe\u00e7as mais famosas \u00e9 o &#8220;Piet\u00e0&#8221; de Michelangelo, uma escultura em m\u00e1rmore da Virgem Maria segurando o corpo de Jesus ap\u00f3s a crucifica\u00e7\u00e3o.<\/p>\n<p>O baldaquino de bronze de Bernini, situado diretamente acima do altar principal, \u00e9 outra caracter\u00edstica not\u00e1vel. Com 29 metros de altura, foi criado para marcar o local do t\u00famulo de S\u00e3o Pedro e serve como um ponto focal para toda a bas\u00edlica.<\/p>\n<h3>Significado Arquitet\u00f4nico<\/h3>\n<figure id=\"attachment_96548\" aria-describedby=\"caption-attachment-96548\" style=\"width: 1200px\" class=\"wp-caption alignnone\"><img decoding=\"async\" class=\"size-full wp-image-96548\" src=\"https:\/\/www.aarquiteta.com.br\/blog\/wp-content\/uploads\/2023\/10\/curiosidades-sobre-cidades-Basilica-de-Sao-Pedro-Vaticano-2.jpg\" alt=\"De Aparecida a Roma: A Arquitetura da Bas\u00edlica de Aparecida e a Bas\u00edlica de S\u00e3o Pedro!\" width=\"1200\" height=\"800\" title=\"\" srcset=\"https:\/\/www.aarquiteta.com.br\/blog\/wp-content\/uploads\/2023\/10\/curiosidades-sobre-cidades-Basilica-de-Sao-Pedro-Vaticano-2.jpg 1200w, https:\/\/www.aarquiteta.com.br\/blog\/wp-content\/uploads\/2023\/10\/curiosidades-sobre-cidades-Basilica-de-Sao-Pedro-Vaticano-2-1024x683.jpg 1024w, https:\/\/www.aarquiteta.com.br\/blog\/wp-content\/uploads\/2023\/10\/curiosidades-sobre-cidades-Basilica-de-Sao-Pedro-Vaticano-2-696x464.jpg 696w, https:\/\/www.aarquiteta.com.br\/blog\/wp-content\/uploads\/2023\/10\/curiosidades-sobre-cidades-Basilica-de-Sao-Pedro-Vaticano-2-150x100.jpg 150w\" sizes=\"(max-width: 1200px) 100vw, 1200px\" \/><figcaption id=\"caption-attachment-96548\" class=\"wp-caption-text\">De Aparecida a Roma: A Arquitetura da Bas\u00edlica de Aparecida e a Bas\u00edlica de S\u00e3o Pedro!<\/figcaption><\/figure>\n<p>A Bas\u00edlica de S\u00e3o Pedro n\u00e3o \u00e9 apenas um local de import\u00e2ncia religiosa, mas tamb\u00e9m um marco na hist\u00f3ria da arquitetura. Representa o auge da arquitetura renascentista, com influ\u00eancias do barroco em seus detalhes ornamentais. A combina\u00e7\u00e3o de formas sim\u00e9tricas, propor\u00e7\u00f5es harmoniosas e ornamenta\u00e7\u00e3o rica reflete a busca renascentista pela perfei\u00e7\u00e3o e pela beleza.<\/p>\n<p>Al\u00e9m disso, a bas\u00edlica \u00e9 um testemunho da habilidade e da vis\u00e3o dos arquitetos e artistas que trabalharam nela. Cada elemento, desde os vastos pilares que sustentam a c\u00fapula at\u00e9 os intrincados mosaicos que adornam as capelas, foi projetado com precis\u00e3o e cuidado.<\/p>\n<h2>Compara\u00e7\u00e3o e Contraste entre as Bas\u00edlicas: A Arquitetura Como Espelho da Espiritualidade<\/h2>\n<figure id=\"attachment_87102\" aria-describedby=\"caption-attachment-87102\" style=\"width: 1200px\" class=\"wp-caption alignnone\"><img decoding=\"async\" class=\"size-full wp-image-87102\" src=\"https:\/\/www.aarquiteta.com.br\/blog\/wp-content\/uploads\/2023\/07\/Santuario-Nacional-de-Aparecida-3.jpg\" alt=\"O Fasc\u00ednio da Arquitetura do Santu\u00e1rio Nacional de Aparecida\" width=\"1200\" height=\"800\" title=\"\" srcset=\"https:\/\/www.aarquiteta.com.br\/blog\/wp-content\/uploads\/2023\/07\/Santuario-Nacional-de-Aparecida-3.jpg 1200w, https:\/\/www.aarquiteta.com.br\/blog\/wp-content\/uploads\/2023\/07\/Santuario-Nacional-de-Aparecida-3-1024x683.jpg 1024w, https:\/\/www.aarquiteta.com.br\/blog\/wp-content\/uploads\/2023\/07\/Santuario-Nacional-de-Aparecida-3-696x464.jpg 696w, https:\/\/www.aarquiteta.com.br\/blog\/wp-content\/uploads\/2023\/07\/Santuario-Nacional-de-Aparecida-3-150x100.jpg 150w\" sizes=\"(max-width: 1200px) 100vw, 1200px\" \/><figcaption id=\"caption-attachment-87102\" class=\"wp-caption-text\">Foto: Canva.com<\/figcaption><\/figure>\n<p>As bas\u00edlicas, em sua ess\u00eancia, s\u00e3o muito mais do que meras constru\u00e7\u00f5es. Elas s\u00e3o manifesta\u00e7\u00f5es tang\u00edveis da f\u00e9 e da espiritualidade de um povo. Quando observamos a Bas\u00edlica de Aparecida e a Bas\u00edlica de S\u00e3o Pedro, percebemos que, apesar das dist\u00e2ncias geogr\u00e1ficas e das diferen\u00e7as culturais, ambas carregam em sua arquitetura mensagens profundas sobre a rela\u00e7\u00e3o do homem com o divino.<\/p>\n<h3>A Bas\u00edlica de Aparecida: Devo\u00e7\u00e3o e Identidade Nacional<\/h3>\n<figure id=\"attachment_87087\" aria-describedby=\"caption-attachment-87087\" style=\"width: 1200px\" class=\"wp-caption alignnone\"><img decoding=\"async\" class=\"size-full wp-image-87087\" src=\"https:\/\/www.aarquiteta.com.br\/blog\/wp-content\/uploads\/2023\/07\/Santuario-Nacional-de-Aparecida-12.jpg\" alt=\"O Fasc\u00ednio da Arquitetura do Santu\u00e1rio Nacional de Aparecida\" width=\"1200\" height=\"800\" title=\"\" srcset=\"https:\/\/www.aarquiteta.com.br\/blog\/wp-content\/uploads\/2023\/07\/Santuario-Nacional-de-Aparecida-12.jpg 1200w, https:\/\/www.aarquiteta.com.br\/blog\/wp-content\/uploads\/2023\/07\/Santuario-Nacional-de-Aparecida-12-1024x683.jpg 1024w, https:\/\/www.aarquiteta.com.br\/blog\/wp-content\/uploads\/2023\/07\/Santuario-Nacional-de-Aparecida-12-696x464.jpg 696w, https:\/\/www.aarquiteta.com.br\/blog\/wp-content\/uploads\/2023\/07\/Santuario-Nacional-de-Aparecida-12-150x100.jpg 150w\" sizes=\"(max-width: 1200px) 100vw, 1200px\" \/><figcaption id=\"caption-attachment-87087\" class=\"wp-caption-text\">Foto: Canva.com<\/figcaption><\/figure>\n<p>A Bas\u00edlica de Aparecida, com sua grandiosa arquitetura neocl\u00e1ssica, reflete a devo\u00e7\u00e3o fervorosa do povo brasileiro \u00e0 Virgem Maria. Cada detalhe, desde os vitrais at\u00e9 os mosaicos, n\u00e3o s\u00f3 conta a hist\u00f3ria da padroeira do Brasil, mas tamb\u00e9m refor\u00e7a a identidade nacional.<\/p>\n<p>A escolha do estilo neocl\u00e1ssico, com suas linhas s\u00f3brias e imponentes, busca inspirar respeito e rever\u00eancia, conduzindo os fi\u00e9is a um estado de introspec\u00e7\u00e3o e conex\u00e3o espiritual. A grandiosidade da bas\u00edlica serve como um lembrete constante da magnitude da f\u00e9 brasileira e da prote\u00e7\u00e3o da Virgem sobre a na\u00e7\u00e3o.<\/p>\n<h3>A Bas\u00edlica de S\u00e3o Pedro: Tradi\u00e7\u00e3o e Renova\u00e7\u00e3o<\/h3>\n<p><img decoding=\"async\" class=\"alignnone size-full wp-image-69425\" src=\"https:\/\/www.aarquiteta.com.br\/blog\/wp-content\/uploads\/2022\/09\/cupula-da-basilica-de-sao-pedro.jpg\" alt=\"c\u00fapula\" width=\"2048\" height=\"1365\" title=\"\" srcset=\"https:\/\/www.aarquiteta.com.br\/blog\/wp-content\/uploads\/2022\/09\/cupula-da-basilica-de-sao-pedro.jpg 2048w, https:\/\/www.aarquiteta.com.br\/blog\/wp-content\/uploads\/2022\/09\/cupula-da-basilica-de-sao-pedro-1024x683.jpg 1024w, https:\/\/www.aarquiteta.com.br\/blog\/wp-content\/uploads\/2022\/09\/cupula-da-basilica-de-sao-pedro-696x464.jpg 696w, https:\/\/www.aarquiteta.com.br\/blog\/wp-content\/uploads\/2022\/09\/cupula-da-basilica-de-sao-pedro-150x100.jpg 150w\" sizes=\"(max-width: 2048px) 100vw, 2048px\" \/><\/p>\n<p>Por outro lado, a Bas\u00edlica de S\u00e3o Pedro, situada no cora\u00e7\u00e3o do Vaticano, \u00e9 uma representa\u00e7\u00e3o majestosa do renascimento. Este estilo arquitet\u00f4nico, que marcou um per\u00edodo de renova\u00e7\u00e3o art\u00edstica e cultural na Europa, reflete a constante busca da Igreja Cat\u00f3lica por renovar sua conex\u00e3o com os fi\u00e9is.<\/p>\n<p>A grandiosidade de S\u00e3o Pedro, com sua c\u00fapula imponente e colunas majestosas, n\u00e3o s\u00f3 representa a tradi\u00e7\u00e3o e a hist\u00f3ria da Igreja, mas tamb\u00e9m serve como um convite \u00e0 reflex\u00e3o e \u00e0 renova\u00e7\u00e3o espiritual.<\/p>\n<h3>Arquitetura e Espiritualidade: Um Di\u00e1logo Eterno<\/h3>\n<figure id=\"attachment_96543\" aria-describedby=\"caption-attachment-96543\" style=\"width: 1200px\" class=\"wp-caption alignnone\"><img decoding=\"async\" class=\"size-full wp-image-96543\" src=\"https:\/\/www.aarquiteta.com.br\/blog\/wp-content\/uploads\/2023\/10\/curiosidades-sobre-cidades-Basilica-de-Sao-Pedro-Vaticano-7.jpg\" alt=\"De Aparecida a Roma: A Arquitetura da Bas\u00edlica de Aparecida e a Bas\u00edlica de S\u00e3o Pedro!\" width=\"1200\" height=\"800\" title=\"\" srcset=\"https:\/\/www.aarquiteta.com.br\/blog\/wp-content\/uploads\/2023\/10\/curiosidades-sobre-cidades-Basilica-de-Sao-Pedro-Vaticano-7.jpg 1200w, https:\/\/www.aarquiteta.com.br\/blog\/wp-content\/uploads\/2023\/10\/curiosidades-sobre-cidades-Basilica-de-Sao-Pedro-Vaticano-7-1024x683.jpg 1024w, https:\/\/www.aarquiteta.com.br\/blog\/wp-content\/uploads\/2023\/10\/curiosidades-sobre-cidades-Basilica-de-Sao-Pedro-Vaticano-7-696x464.jpg 696w, https:\/\/www.aarquiteta.com.br\/blog\/wp-content\/uploads\/2023\/10\/curiosidades-sobre-cidades-Basilica-de-Sao-Pedro-Vaticano-7-150x100.jpg 150w\" sizes=\"(max-width: 1200px) 100vw, 1200px\" \/><figcaption id=\"caption-attachment-96543\" class=\"wp-caption-text\">De Aparecida a Roma: A Arquitetura da Bas\u00edlica de Aparecida e a Bas\u00edlica de S\u00e3o Pedro!<\/figcaption><\/figure>\n<p>Ambas as bas\u00edlicas, em sua arquitetura, dialogam com a espiritualidade de maneiras distintas. Enquanto Aparecida busca refor\u00e7ar a identidade e a devo\u00e7\u00e3o do povo brasileiro, S\u00e3o Pedro busca inspirar renova\u00e7\u00e3o e reflex\u00e3o. No entanto, ambas compartilham o objetivo comum de utilizar a arte e a arquitetura como meios de contar hist\u00f3rias, inspirar f\u00e9 e conectar o homem ao divino.<\/p>\n<p>A escolha de estilos arquitet\u00f4nicos, materiais e detalhes art\u00edsticos n\u00e3o \u00e9 aleat\u00f3ria, mas sim uma tentativa deliberada de evocar emo\u00e7\u00f5es e sentimentos espirituais nos fi\u00e9is.<\/p>\n<p>Em conclus\u00e3o, a arquitetura desses templos sagrados n\u00e3o \u00e9 apenas uma quest\u00e3o est\u00e9tica, mas tamb\u00e9m uma manifesta\u00e7\u00e3o profunda da espiritualidade e da rela\u00e7\u00e3o do homem com o divino. Cada pedra, cada coluna, cada vitral \u00e9 uma express\u00e3o da f\u00e9 e da busca constante por conex\u00e3o e transcend\u00eancia.<\/p>\n<figure id=\"attachment_96546\" aria-describedby=\"caption-attachment-96546\" style=\"width: 1200px\" class=\"wp-caption alignnone\"><img decoding=\"async\" class=\"size-full wp-image-96546\" src=\"https:\/\/www.aarquiteta.com.br\/blog\/wp-content\/uploads\/2023\/10\/curiosidades-sobre-cidades-Basilica-de-Sao-Pedro-Vaticano-4.jpg\" alt=\"De Aparecida a Roma: A Arquitetura da Bas\u00edlica de Aparecida e a Bas\u00edlica de S\u00e3o Pedro!\" width=\"1200\" height=\"800\" title=\"\" srcset=\"https:\/\/www.aarquiteta.com.br\/blog\/wp-content\/uploads\/2023\/10\/curiosidades-sobre-cidades-Basilica-de-Sao-Pedro-Vaticano-4.jpg 1200w, https:\/\/www.aarquiteta.com.br\/blog\/wp-content\/uploads\/2023\/10\/curiosidades-sobre-cidades-Basilica-de-Sao-Pedro-Vaticano-4-1024x683.jpg 1024w, https:\/\/www.aarquiteta.com.br\/blog\/wp-content\/uploads\/2023\/10\/curiosidades-sobre-cidades-Basilica-de-Sao-Pedro-Vaticano-4-696x464.jpg 696w, https:\/\/www.aarquiteta.com.br\/blog\/wp-content\/uploads\/2023\/10\/curiosidades-sobre-cidades-Basilica-de-Sao-Pedro-Vaticano-4-150x100.jpg 150w\" sizes=\"(max-width: 1200px) 100vw, 1200px\" \/><figcaption id=\"caption-attachment-96546\" class=\"wp-caption-text\">De Aparecida a Roma: A Arquitetura da Bas\u00edlica de Aparecida e a Bas\u00edlica de S\u00e3o Pedro!<\/figcaption><\/figure>\n[amazon table=&#8221;83162&#8243;]\n<h3>Perguntas Frequentes<\/h3>\n<h4>O que \u00e9 uma bas\u00edlica?<\/h4>\n<p>Uma bas\u00edlica \u00e9 uma igreja de especial import\u00e2ncia, muitas vezes associada a um local sagrado ou a um santo particular.<\/p>\n<h4>Por que a Bas\u00edlica de Aparecida \u00e9 t\u00e3o importante para os brasileiros?<\/h4>\n<p>A Bas\u00edlica de Aparecida \u00e9 o maior santu\u00e1rio mariano do mundo e representa a devo\u00e7\u00e3o do povo brasileiro \u00e0 Nossa Senhora Aparecida, a padroeira do Brasil.<\/p>\n<h4>Quem projetou a Bas\u00edlica de S\u00e3o Pedro?<\/h4>\n<p>A Bas\u00edlica de S\u00e3o Pedro foi projetada por v\u00e1rios arquitetos, incluindo Michelangelo e Bernini.<\/p>\n<h4>Qual \u00e9 o tamanho da Bas\u00edlica de S\u00e3o Pedro?<\/h4>\n<p>A Bas\u00edlica de S\u00e3o Pedro \u00e9 uma das maiores igrejas do mundo, com uma \u00e1rea de 23.000 metros quadrados.<\/p>\n<h4>As duas bas\u00edlicas t\u00eam alguma rela\u00e7\u00e3o entre si?<\/h4>\n<p>Embora n\u00e3o haja uma rela\u00e7\u00e3o direta entre as duas bas\u00edlicas, ambas s\u00e3o importantes centros de peregrina\u00e7\u00e3o e devo\u00e7\u00e3o para os cat\u00f3licos de todo o mundo.<\/p>\n<h3>Conclus\u00e3o<\/h3>\n<p>A Bas\u00edlica de Aparecida e a Bas\u00edlica de S\u00e3o Pedro s\u00e3o mais do que meras constru\u00e7\u00f5es. S\u00e3o s\u00edmbolos de f\u00e9, devo\u00e7\u00e3o e tradi\u00e7\u00e3o. Cada uma, \u00e0 sua maneira, conta uma hist\u00f3ria de amor, sacrif\u00edcio e devo\u00e7\u00e3o. E, embora separadas por milhares de quil\u00f4metros, ambas conectam os fi\u00e9is em uma jornada espiritual \u00fanica.<\/p>\n<p><strong>Curiosidade:<\/strong> Voc\u00ea sabia que a Bas\u00edlica de S\u00e3o Pedro tem capacidade para mais de 60.000 pessoas, enquanto a Bas\u00edlica de Aparecida pode acomodar cerca de 45.000 fi\u00e9is?<\/p>\n","protected":false},"excerpt":{"rendered":"<p>Quando pensamos em arquitetura religiosa, \u00e9 imposs\u00edvel n\u00e3o lembrar de duas das mais ic\u00f4nicas constru\u00e7\u00f5es do mundo: a Bas\u00edlica de Aparecida, no Brasil, e a Bas\u00edlica de S\u00e3o Pedro, em Roma. Ambas s\u00e3o marcos n\u00e3o apenas em seus respectivos pa\u00edses, mas tamb\u00e9m para o mundo crist\u00e3o. Mas o que essas duas magn\u00edficas constru\u00e7\u00f5es t\u00eam em [&hellip;]<\/p>\n","protected":false},"author":102,"featured_media":87091,"comment_status":"closed","ping_status":"closed","sticky":false,"template":"","format":"standard","meta":{"footnotes":""},"categories":[1507,31218],"tags":[],"class_list":["post-96501","post","type-post","status-publish","format-standard","has-post-thumbnail","category-arquitetura","category-cidades-e-curiosidades"],"_wp_attached_file":null,"_wp_attachment_metadata":null,"_wp_attachment_context":null,"_wp_attachment_is_custom_header":null,"geo_longitude":null,"geo_public":null,"geo_latitude":null,"_publicize_done_external":null,"_wpas_done_3897181":null,"publicize_twitter_user":null,"_wpas_done_3897175":null,"_wpas_skip_3897181":null,"_wpas_skip_3897175":null,"_wpas_skip_3924723":null,"_wpas_mess":null,"_wpas_done_3924723":null,"wps_subtitle":"","_links":{"self":[{"href":"https:\/\/www.aarquiteta.com.br\/blog\/wp-json\/wp\/v2\/posts\/96501","targetHints":{"allow":["GET"]}}],"collection":[{"href":"https:\/\/www.aarquiteta.com.br\/blog\/wp-json\/wp\/v2\/posts"}],"about":[{"href":"https:\/\/www.aarquiteta.com.br\/blog\/wp-json\/wp\/v2\/types\/post"}],"author":[{"embeddable":true,"href":"https:\/\/www.aarquiteta.com.br\/blog\/wp-json\/wp\/v2\/users\/102"}],"replies":[{"embeddable":true,"href":"https:\/\/www.aarquiteta.com.br\/blog\/wp-json\/wp\/v2\/comments?post=96501"}],"version-history":[{"count":0,"href":"https:\/\/www.aarquiteta.com.br\/blog\/wp-json\/wp\/v2\/posts\/96501\/revisions"}],"wp:featuredmedia":[{"embeddable":true,"href":"https:\/\/www.aarquiteta.com.br\/blog\/wp-json\/wp\/v2\/media\/87091"}],"wp:attachment":[{"href":"https:\/\/www.aarquiteta.com.br\/blog\/wp-json\/wp\/v2\/media?parent=96501"}],"wp:term":[{"taxonomy":"category","embeddable":true,"href":"https:\/\/www.aarquiteta.com.br\/blog\/wp-json\/wp\/v2\/categories?post=96501"},{"taxonomy":"post_tag","embeddable":true,"href":"https:\/\/www.aarquiteta.com.br\/blog\/wp-json\/wp\/v2\/tags?post=96501"}],"curies":[{"name":"wp","href":"https:\/\/api.w.org\/{rel}","templated":true}]}}