{"id":96408,"date":"2023-10-11T16:08:00","date_gmt":"2023-10-11T19:08:00","guid":{"rendered":"http:\/\/aarquiteta.com.br\/?p=96408"},"modified":"2023-10-16T14:58:38","modified_gmt":"2023-10-16T17:58:38","slug":"de-templos-a-palacios-5-edificios-que-revelam-a-grandeza-das-civilizacoes-passadas","status":"publish","type":"post","link":"https:\/\/www.aarquiteta.com.br\/blog\/de-templos-a-palacios-5-edificios-que-revelam-a-grandeza-das-civilizacoes-passadas\/","title":{"rendered":"De Templos a Pal\u00e1cios: 5 Edif\u00edcios que Revelam a Grandeza das Civiliza\u00e7\u00f5es Passadas!"},"content":{"rendered":"<p>Ao longo da hist\u00f3ria, a humanidade sempre buscou expressar sua grandeza, f\u00e9 e poder atrav\u00e9s da constru\u00e7\u00e3o de monumentais edif\u00edcios. Estas estruturas, muitas vezes erguidas com t\u00e9cnicas que ainda nos deixam perplexos, s\u00e3o testemunhas do engenho humano e da capacidade de criar maravilhas que resistem ao tempo. Mas o que esses edif\u00edcios nos dizem sobre as civiliza\u00e7\u00f5es que os constru\u00edram?<\/p>\n<p>Neste artigo, embarcaremos em uma viagem no tempo, explorando cinco edif\u00edcios ic\u00f4nicos que n\u00e3o s\u00f3 revelam a grandiosidade das civiliza\u00e7\u00f5es passadas, mas tamb\u00e9m nos contam hist\u00f3rias de f\u00e9, poder, conflitos e conquistas. Preparado para essa aventura?<\/p>\n<h3>1. O Templo de Luxor: A Esplendorosa Joia do Antigo Egito<\/h3>\n<figure id=\"attachment_96419\" aria-describedby=\"caption-attachment-96419\" style=\"width: 1200px\" class=\"wp-caption alignnone\"><img decoding=\"async\" class=\"size-full wp-image-96419\" src=\"https:\/\/www.aarquiteta.com.br\/blog\/wp-content\/uploads\/2023\/10\/curiosidades-sobre-cidades-O-Templo-de-Luxor.jpg\" alt=\"De Templos a Pal\u00e1cios: 5 Edif\u00edcios que Revelam a Grandeza das Civiliza\u00e7\u00f5es Passadas!\" width=\"1200\" height=\"800\" title=\"\" srcset=\"https:\/\/www.aarquiteta.com.br\/blog\/wp-content\/uploads\/2023\/10\/curiosidades-sobre-cidades-O-Templo-de-Luxor.jpg 1200w, https:\/\/www.aarquiteta.com.br\/blog\/wp-content\/uploads\/2023\/10\/curiosidades-sobre-cidades-O-Templo-de-Luxor-1024x683.jpg 1024w, https:\/\/www.aarquiteta.com.br\/blog\/wp-content\/uploads\/2023\/10\/curiosidades-sobre-cidades-O-Templo-de-Luxor-696x464.jpg 696w, https:\/\/www.aarquiteta.com.br\/blog\/wp-content\/uploads\/2023\/10\/curiosidades-sobre-cidades-O-Templo-de-Luxor-150x100.jpg 150w\" sizes=\"(max-width: 1200px) 100vw, 1200px\" \/><figcaption id=\"caption-attachment-96419\" class=\"wp-caption-text\">De Templos a Pal\u00e1cios: 5 Edif\u00edcios que Revelam a Grandeza das Civiliza\u00e7\u00f5es Passadas!<\/figcaption><\/figure>\n<h4>O In\u00edcio da Constru\u00e7\u00e3o<\/h4>\n<p>O Templo de Luxor, situado na margem leste do Rio Nilo, \u00e9 uma das maiores realiza\u00e7\u00f5es do Antigo Egito. Iniciado por Amen\u00f3fis III e conclu\u00eddo por Rams\u00e9s II, este templo era dedicado ao deus Amon-R\u00e1.<\/p>\n<h4>A Arquitetura e Seus Significados<\/h4>\n<p>Com colunas majestosas e inscri\u00e7\u00f5es detalhadas, cada pedra conta uma hist\u00f3ria. Mas voc\u00ea j\u00e1 se perguntou por que eles constru\u00edram t\u00e3o grande? Era uma demonstra\u00e7\u00e3o de poder e devo\u00e7\u00e3o.<\/p>\n<h3>2. O Parthenon: O S\u00edmbolo da Gr\u00e9cia Antiga<\/h3>\n<figure id=\"attachment_83148\" aria-describedby=\"caption-attachment-83148\" style=\"width: 1200px\" class=\"wp-caption alignnone\"><img decoding=\"async\" class=\"size-full wp-image-83148\" src=\"https:\/\/www.aarquiteta.com.br\/blog\/wp-content\/uploads\/2023\/07\/Arquiteturas-Maravilhosas-Acropole-de-Atenas-Grecia-2.jpg\" alt=\"5 Arquiteturas Maravilhosas para Conhecer!\" width=\"1200\" height=\"800\" title=\"\" srcset=\"https:\/\/www.aarquiteta.com.br\/blog\/wp-content\/uploads\/2023\/07\/Arquiteturas-Maravilhosas-Acropole-de-Atenas-Grecia-2.jpg 1200w, https:\/\/www.aarquiteta.com.br\/blog\/wp-content\/uploads\/2023\/07\/Arquiteturas-Maravilhosas-Acropole-de-Atenas-Grecia-2-1024x683.jpg 1024w, https:\/\/www.aarquiteta.com.br\/blog\/wp-content\/uploads\/2023\/07\/Arquiteturas-Maravilhosas-Acropole-de-Atenas-Grecia-2-696x464.jpg 696w, https:\/\/www.aarquiteta.com.br\/blog\/wp-content\/uploads\/2023\/07\/Arquiteturas-Maravilhosas-Acropole-de-Atenas-Grecia-2-150x100.jpg 150w\" sizes=\"(max-width: 1200px) 100vw, 1200px\" \/><figcaption id=\"caption-attachment-83148\" class=\"wp-caption-text\">Foto: Canva.com<\/figcaption><\/figure>\n<h4>A Cidade-Estado de Atenas<\/h4>\n<p>Erguido no topo da Acr\u00f3pole, o Parthenon \u00e9 um testemunho da grandiosidade da Gr\u00e9cia Antiga. Dedicado \u00e0 deusa Atena, representa a ascens\u00e3o de Atenas como uma pot\u00eancia.<\/p>\n<h4>A Beleza nas Propor\u00e7\u00f5es<\/h4>\n<p>Voc\u00ea sabia que o Parthenon \u00e9 considerado um exemplo perfeito de propor\u00e7\u00e3o e simetria? Isso n\u00e3o \u00e9 coincid\u00eancia, mas sim um reflexo da busca grega pela perfei\u00e7\u00e3o.<\/p>\n<h3>3. O Coliseu: O Poder e Entretenimento de Roma<\/h3>\n<p><img decoding=\"async\" class=\"alignnone size-full wp-image-10906\" src=\"https:\/\/www.aarquiteta.com.br\/blog\/wp-content\/uploads\/2017\/08\/fachada-lateral-coliseu-de-roma.jpg\" alt=\"\" width=\"2048\" height=\"1530\" title=\"\" srcset=\"https:\/\/www.aarquiteta.com.br\/blog\/wp-content\/uploads\/2017\/08\/fachada-lateral-coliseu-de-roma.jpg 2048w, https:\/\/www.aarquiteta.com.br\/blog\/wp-content\/uploads\/2017\/08\/fachada-lateral-coliseu-de-roma-1024x765.jpg 1024w, https:\/\/www.aarquiteta.com.br\/blog\/wp-content\/uploads\/2017\/08\/fachada-lateral-coliseu-de-roma-696x520.jpg 696w, https:\/\/www.aarquiteta.com.br\/blog\/wp-content\/uploads\/2017\/08\/fachada-lateral-coliseu-de-roma-150x112.jpg 150w\" sizes=\"(max-width: 2048px) 100vw, 2048px\" \/><\/p>\n<h4>Gladiadores e Espet\u00e1culos<\/h4>\n<p>Quem nunca ouviu falar dos gladiadores e das batalhas \u00e9picas no Coliseu? Mais do que entretenimento, era uma demonstra\u00e7\u00e3o do poder de Roma.<\/p>\n<h4>A Engenharia por Tr\u00e1s da Arena<\/h4>\n<p>J\u00e1 parou para pensar como uma estrutura t\u00e3o grande foi constru\u00edda naquela \u00e9poca? Roma n\u00e3o era apenas poderosa, mas tamb\u00e9m inovadora!<\/p>\n<h3>4. Machu Picchu: A Cidade Perdida dos Incas<\/h3>\n<figure id=\"attachment_96332\" aria-describedby=\"caption-attachment-96332\" style=\"width: 1200px\" class=\"wp-caption alignnone\"><img decoding=\"async\" class=\"size-full wp-image-96332\" src=\"https:\/\/www.aarquiteta.com.br\/blog\/wp-content\/uploads\/2023\/10\/curiosidades-sobre-cidades-Machu-Picchu-2.jpg\" alt=\"Mist\u00e9rios da Am\u00e9rica Latina: Desvendando os Segredos dos Maias, Astecas e Incas!\" width=\"1200\" height=\"800\" title=\"\" srcset=\"https:\/\/www.aarquiteta.com.br\/blog\/wp-content\/uploads\/2023\/10\/curiosidades-sobre-cidades-Machu-Picchu-2.jpg 1200w, https:\/\/www.aarquiteta.com.br\/blog\/wp-content\/uploads\/2023\/10\/curiosidades-sobre-cidades-Machu-Picchu-2-1024x683.jpg 1024w, https:\/\/www.aarquiteta.com.br\/blog\/wp-content\/uploads\/2023\/10\/curiosidades-sobre-cidades-Machu-Picchu-2-696x464.jpg 696w, https:\/\/www.aarquiteta.com.br\/blog\/wp-content\/uploads\/2023\/10\/curiosidades-sobre-cidades-Machu-Picchu-2-150x100.jpg 150w\" sizes=\"(max-width: 1200px) 100vw, 1200px\" \/><figcaption id=\"caption-attachment-96332\" class=\"wp-caption-text\">Mist\u00e9rios da Am\u00e9rica Latina: Desvendando os Segredos dos Maias, Astecas e Incas!<\/figcaption><\/figure>\n<h4>Um Ref\u00fagio nas Montanhas<\/h4>\n<p>Machu Picchu, situada no topo das montanhas dos Andes, \u00e9 um mist\u00e9rio at\u00e9 hoje. Por que os Incas constru\u00edram essa cidade t\u00e3o remota?<\/p>\n<h4>O Significado dos Templos<\/h4>\n<p>Cada templo em Machu Picchu tinha um prop\u00f3sito. Voc\u00ea sabia que eles adoravam o sol e a lua como deuses?<\/p>\n<h3>5. O Pal\u00e1cio de Versalhes: A Opul\u00eancia da Monarquia Francesa<\/h3>\n<p><img decoding=\"async\" class=\"alignnone size-full wp-image-94549\" src=\"https:\/\/www.aarquiteta.com.br\/blog\/wp-content\/uploads\/2023\/07\/Arquiteturas-Maravilhosas-Palacio-de-Versalhes-1.jpg\" alt=\"\" width=\"1200\" height=\"800\" title=\"\" srcset=\"https:\/\/www.aarquiteta.com.br\/blog\/wp-content\/uploads\/2023\/07\/Arquiteturas-Maravilhosas-Palacio-de-Versalhes-1.jpg 1200w, https:\/\/www.aarquiteta.com.br\/blog\/wp-content\/uploads\/2023\/07\/Arquiteturas-Maravilhosas-Palacio-de-Versalhes-1-1024x683.jpg 1024w, https:\/\/www.aarquiteta.com.br\/blog\/wp-content\/uploads\/2023\/07\/Arquiteturas-Maravilhosas-Palacio-de-Versalhes-1-696x464.jpg 696w, https:\/\/www.aarquiteta.com.br\/blog\/wp-content\/uploads\/2023\/07\/Arquiteturas-Maravilhosas-Palacio-de-Versalhes-1-150x100.jpg 150w\" sizes=\"(max-width: 1200px) 100vw, 1200px\" \/><\/p>\n<h4>O Rei Sol e Seu Pal\u00e1cio<\/h4>\n<p>Lu\u00eds XIV, conhecido como o Rei Sol, transformou um simples pavilh\u00e3o de ca\u00e7a no grandioso Pal\u00e1cio de Versalhes. Mas por qu\u00ea?<\/p>\n<h4>Jardins e Espelhos: Mais do que Decora\u00e7\u00e3o<\/h4>\n<p>Os jardins e os espelhos de Versalhes n\u00e3o s\u00e3o apenas belos, eles t\u00eam significados profundos. Voc\u00ea consegue adivinhar quais s\u00e3o?<\/p>\n<h2>PERGUNTAS FREQUENTES<\/h2>\n<ol>\n<li><strong>Por que o Templo de Luxor foi constru\u00eddo?<\/strong>\n<ul>\n<li>Foi constru\u00eddo como um local de adora\u00e7\u00e3o ao deus Amon-R\u00e1 e para demonstrar o poder dos fara\u00f3s.<\/li>\n<\/ul>\n<\/li>\n<li><strong>O Parthenon e o Templo de Luxor s\u00e3o semelhantes?<\/strong>\n<ul>\n<li>Embora ambos sejam templos, eles t\u00eam diferentes estilos arquitet\u00f4nicos e foram constru\u00eddos por civiliza\u00e7\u00f5es distintas.<\/li>\n<\/ul>\n<\/li>\n<li><strong>Quantas pessoas o Coliseu podia acomodar?<\/strong>\n<ul>\n<li>O Coliseu podia acomodar cerca de 50.000 espectadores.<\/li>\n<\/ul>\n<\/li>\n<li><strong>Machu Picchu foi realmente descoberta em 1911?<\/strong>\n<ul>\n<li>Sim, foi redescoberta pelo explorador Hiram Bingham em 1911, embora os locais j\u00e1 soubessem de sua exist\u00eancia.<\/li>\n<\/ul>\n<\/li>\n<li><strong>Por que o Pal\u00e1cio de Versalhes \u00e9 t\u00e3o famoso?<\/strong>\n<ul>\n<li>\u00c9 famoso por sua opul\u00eancia, jardins e como s\u00edmbolo do poder absoluto da monarquia francesa.<\/li>\n<\/ul>\n<\/li>\n<\/ol>\n<h2>Conclus\u00e3o<\/h2>\n<p>Desde templos majestosos a pal\u00e1cios opulentos, os edif\u00edcios que exploramos s\u00e3o testemunhas da grandeza das civiliza\u00e7\u00f5es passadas. Eles nos contam hist\u00f3rias de poder, f\u00e9, conflitos e conquistas. Ao visit\u00e1-los, n\u00e3o apenas admiramos sua beleza, mas tamb\u00e9m mergulhamos na rica tape\u00e7aria da hist\u00f3ria humana.<\/p>\n<p><strong>Curiosidade:<\/strong> Voc\u00ea sabia que o Pal\u00e1cio de Versalhes tem mais de 700 quartos? Imagine a quantidade de convidados que poderiam ser acomodados!<\/p>\n","protected":false},"excerpt":{"rendered":"<p>Ao longo da hist\u00f3ria, a humanidade sempre buscou expressar sua grandeza, f\u00e9 e poder atrav\u00e9s da constru\u00e7\u00e3o de monumentais edif\u00edcios. Estas estruturas, muitas vezes erguidas com t\u00e9cnicas que ainda nos deixam perplexos, s\u00e3o testemunhas do engenho humano e da capacidade de criar maravilhas que resistem ao tempo. Mas o que esses edif\u00edcios nos dizem sobre [&hellip;]<\/p>\n","protected":false},"author":102,"featured_media":96419,"comment_status":"closed","ping_status":"closed","sticky":false,"template":"","format":"standard","meta":{"footnotes":""},"categories":[1507,10005,31218,19109],"tags":[31414,1689,3671,33806,33805],"class_list":["post-96408","post","type-post","status-publish","format-standard","has-post-thumbnail","category-arquitetura","category-casa-e-jardim","category-cidades-e-curiosidades","category-pet","tag-coliseu","tag-machu-picchu","tag-palacio-de-versalhes","tag-parthenon","tag-templo-de-luxor"],"_wp_attached_file":null,"_wp_attachment_metadata":null,"_wp_attachment_context":null,"_wp_attachment_is_custom_header":null,"geo_longitude":null,"geo_public":null,"geo_latitude":null,"_publicize_done_external":null,"_wpas_done_3897181":null,"publicize_twitter_user":null,"_wpas_done_3897175":null,"_wpas_skip_3897181":null,"_wpas_skip_3897175":null,"_wpas_skip_3924723":null,"_wpas_mess":null,"_wpas_done_3924723":null,"wps_subtitle":"","_links":{"self":[{"href":"https:\/\/www.aarquiteta.com.br\/blog\/wp-json\/wp\/v2\/posts\/96408","targetHints":{"allow":["GET"]}}],"collection":[{"href":"https:\/\/www.aarquiteta.com.br\/blog\/wp-json\/wp\/v2\/posts"}],"about":[{"href":"https:\/\/www.aarquiteta.com.br\/blog\/wp-json\/wp\/v2\/types\/post"}],"author":[{"embeddable":true,"href":"https:\/\/www.aarquiteta.com.br\/blog\/wp-json\/wp\/v2\/users\/102"}],"replies":[{"embeddable":true,"href":"https:\/\/www.aarquiteta.com.br\/blog\/wp-json\/wp\/v2\/comments?post=96408"}],"version-history":[{"count":0,"href":"https:\/\/www.aarquiteta.com.br\/blog\/wp-json\/wp\/v2\/posts\/96408\/revisions"}],"wp:featuredmedia":[{"embeddable":true,"href":"https:\/\/www.aarquiteta.com.br\/blog\/wp-json\/wp\/v2\/media\/96419"}],"wp:attachment":[{"href":"https:\/\/www.aarquiteta.com.br\/blog\/wp-json\/wp\/v2\/media?parent=96408"}],"wp:term":[{"taxonomy":"category","embeddable":true,"href":"https:\/\/www.aarquiteta.com.br\/blog\/wp-json\/wp\/v2\/categories?post=96408"},{"taxonomy":"post_tag","embeddable":true,"href":"https:\/\/www.aarquiteta.com.br\/blog\/wp-json\/wp\/v2\/tags?post=96408"}],"curies":[{"name":"wp","href":"https:\/\/api.w.org\/{rel}","templated":true}]}}