{"id":96211,"date":"2023-11-01T11:56:38","date_gmt":"2023-11-01T14:56:38","guid":{"rendered":"http:\/\/aarquiteta.com.br\/?p=96211"},"modified":"2023-11-01T11:56:38","modified_gmt":"2023-11-01T14:56:38","slug":"cabeceira-de-pallet","status":"publish","type":"post","link":"https:\/\/www.aarquiteta.com.br\/blog\/cabeceira-de-pallet\/","title":{"rendered":"As melhores ideias para criar uma cabeceira de pallet"},"content":{"rendered":"<article>Encontre aqui diversas sugest\u00f5es para criar uma incr\u00edvel cabeceira usando pallets.\u00a0Descubra os caminhos, aprendizados e indica\u00e7\u00f5es para um projeto \u00fanico.\u00a0Passo a passo para criar uma cabeceira de pallet. Confira neste artigo!<img decoding=\"async\" src=\"https:\/\/www.aarquiteta.com.br\/blog\/wp-content\/uploads\/2023\/10\/cabeceira-de-pallet04.jpg\" alt=\"cabeceira de pallet\" width=\"1024\" height=\"1024\" title=\"\"><\/p>\n<p>Antes de come\u00e7ar o projeto, \u00e9 importante ter em mente o design que voc\u00ea deseja para a sua cabeceira de pallet. Pesquise por diferentes inspira\u00e7\u00f5es e escolha aquele que mais combina com o seu estilo e decora\u00e7\u00e3o do quarto.<\/p>\n<h3>Materiais necess\u00e1rios<\/h3>\n<p>Aqui est\u00e1 a lista dos materiais que voc\u00ea precisa para criar a sua cabeceira de pallet:<\/p>\n<ul>\n<li>Pallets de madeira<\/li>\n<li>Lixa<\/li>\n<li>Tinta ou verniz para madeira<\/li>\n<li>Pincel<\/li>\n<li>Parafusos<\/li>\n<li>Chave de fenda<\/li>\n<li>Furadeira<\/li>\n<\/ul>\n<h3>Preparando os pallets<\/h3>\n<p><img decoding=\"async\" src=\"https:\/\/www.aarquiteta.com.br\/blog\/wp-content\/uploads\/2023\/10\/cabeceira-de-pallet03.jpg\" alt=\"cabeceira de pallet\" width=\"1024\" height=\"1024\" title=\"\"><\/p>\n<p>Antes de come\u00e7ar a montar a cabeceira, \u00e9 importante preparar os pallets. Lixe bem a superf\u00edcie para remover qualquer imperfei\u00e7\u00e3o ou farpa de madeira. Em seguida, escolha a cor que deseja pintar ou aplique um verniz para real\u00e7ar a beleza da madeira. Deixe secar completamente antes de prosseguir.<\/p>\n<h3>Montando a cabeceira<\/h3>\n<p>Agora \u00e9 hora de montar a sua cabeceira de pallet. Posicione os pallets na posi\u00e7\u00e3o desejada e use parafusos e uma furadeira para fix\u00e1-los uns aos outros. Certifique-se de que est\u00e3o bem firmes e alinhados.<\/p>\n<h3>Finalizando a cabeceira<\/h3>\n<p><img decoding=\"async\" src=\"https:\/\/www.aarquiteta.com.br\/blog\/wp-content\/uploads\/2023\/10\/cabeceira-de-pallet02.jpg\" alt=\"cabeceira de pallet\" width=\"1024\" height=\"1024\" title=\"\"><\/p>\n<p>Ap\u00f3s montar a estrutura da cabeceira, voc\u00ea pode adicionar alguns detalhes extras para deix\u00e1-la ainda mais bonita. Use a sua criatividade e acrescente elementos como luzes, quadros ou plantas. Esses detalhes personalizados dar\u00e3o um toque \u00fanico ao seu projeto.<\/p>\n<h3>Cuidados e manuten\u00e7\u00e3o<\/h3>\n<p>Para manter a sua cabeceira de pallet em bom estado, \u00e9 importante fazer uma manuten\u00e7\u00e3o regular. Limpe a superf\u00edcie com um pano \u00famido e evite o ac\u00famulo de poeira. Caso necess\u00e1rio, reaplique verniz ou tinta para manter a beleza da madeira.<\/p>\n[amazon table=&#8221;82802&#8243;]\n<h2>Perguntas mais frequentes<\/h2>\n<h3>Posso pintar a cabeceira de pallet de outra cor?<\/h3>\n<p>Sim, voc\u00ea pode pintar a sua cabeceira de pallet da cor que preferir. Lembre-se de lixar e preparar a superf\u00edcie adequadamente antes de aplicar a tinta.<\/p>\n<h3>\u00c9 dif\u00edcil montar uma cabeceira de pallet?<\/h3>\n<p>A montagem da cabeceira de pallet pode exigir algum conhecimento b\u00e1sico de marcenaria, mas com as ferramentas corretas e um pouco de paci\u00eancia, \u00e9 um projeto vi\u00e1vel para a maioria das pessoas.<\/p>\n<h3>Posso utilizar pallets usados para fazer a cabeceira?<\/h3>\n<p>Sim, \u00e9 poss\u00edvel utilizar pallets usados para criar a sua cabeceira. Certifique-se de que os pallets est\u00e3o em boas condi\u00e7\u00f5es e fa\u00e7a uma limpeza adequada antes de iniciar o projeto.<\/p>\n<h3>A cabeceira de pallet \u00e9 resistente?<\/h3>\n<p>Quando montada corretamente, a cabeceira de pallet pode ser bastante resistente. Certifique-se de fixar bem os pallets e fazer uma manuten\u00e7\u00e3o regular para garantir a durabilidade.<\/p>\n<h3>Posso personalizar a minha cabeceira de pallet?<\/h3>\n<p>Sim, a cabeceira de pallet oferece muitas possibilidades de personaliza\u00e7\u00e3o. Voc\u00ea pode adicionar elementos decorativos, como fotos, letras ou objetos, para deix\u00e1-la ainda mais \u00fanica e especial.<\/p>\n<h3>Curiosidade sobre cabeceira de pallet<\/h3>\n<p>Voc\u00ea sabia que a reutiliza\u00e7\u00e3o de pallets na decora\u00e7\u00e3o \u00e9 uma tend\u00eancia sustent\u00e1vel e ecologicamente correta? Al\u00e9m de criar pe\u00e7as \u00fanicas, voc\u00ea estar\u00e1 contribuindo para a redu\u00e7\u00e3o do desperd\u00edcio e a preserva\u00e7\u00e3o do meio ambiente.<\/p>\n<p>Agradecemos por ler o nosso artigo e esperamos que ele tenha sido \u00fatil para voc\u00ea. Se tiver mais alguma d\u00favida, n\u00e3o hesite em entrar em contato conosco. N\u00e3o deixe de conferir outros posts relacionados para obter mais inspira\u00e7\u00f5es e dicas para a sua decora\u00e7\u00e3o.<\/p>\n<\/article>\n","protected":false},"excerpt":{"rendered":"<p>Encontre aqui diversas sugest\u00f5es para criar uma incr\u00edvel cabeceira usando pallets. Descubra os caminhos, aprendizados e indica\u00e7\u00f5es para um projeto \u00fanico.<\/p>\n","protected":false},"author":102,"featured_media":96208,"comment_status":"closed","ping_status":"closed","sticky":false,"template":"","format":"standard","meta":{"footnotes":""},"categories":[1484],"tags":[6924,2840,2223,33709,3798],"class_list":["post-96211","post","type-post","status-publish","format-standard","has-post-thumbnail","category-decoracao","tag-cabeceira","tag-criar","tag-ideias","tag-melhores","tag-pallet"],"_wp_attached_file":null,"_wp_attachment_metadata":null,"_wp_attachment_context":null,"_wp_attachment_is_custom_header":null,"geo_longitude":null,"geo_public":null,"geo_latitude":null,"_publicize_done_external":null,"_wpas_done_3897181":null,"publicize_twitter_user":null,"_wpas_done_3897175":null,"_wpas_skip_3897181":null,"_wpas_skip_3897175":null,"_wpas_skip_3924723":null,"_wpas_mess":null,"_wpas_done_3924723":null,"wps_subtitle":"","_links":{"self":[{"href":"https:\/\/www.aarquiteta.com.br\/blog\/wp-json\/wp\/v2\/posts\/96211","targetHints":{"allow":["GET"]}}],"collection":[{"href":"https:\/\/www.aarquiteta.com.br\/blog\/wp-json\/wp\/v2\/posts"}],"about":[{"href":"https:\/\/www.aarquiteta.com.br\/blog\/wp-json\/wp\/v2\/types\/post"}],"author":[{"embeddable":true,"href":"https:\/\/www.aarquiteta.com.br\/blog\/wp-json\/wp\/v2\/users\/102"}],"replies":[{"embeddable":true,"href":"https:\/\/www.aarquiteta.com.br\/blog\/wp-json\/wp\/v2\/comments?post=96211"}],"version-history":[{"count":0,"href":"https:\/\/www.aarquiteta.com.br\/blog\/wp-json\/wp\/v2\/posts\/96211\/revisions"}],"wp:featuredmedia":[{"embeddable":true,"href":"https:\/\/www.aarquiteta.com.br\/blog\/wp-json\/wp\/v2\/media\/96208"}],"wp:attachment":[{"href":"https:\/\/www.aarquiteta.com.br\/blog\/wp-json\/wp\/v2\/media?parent=96211"}],"wp:term":[{"taxonomy":"category","embeddable":true,"href":"https:\/\/www.aarquiteta.com.br\/blog\/wp-json\/wp\/v2\/categories?post=96211"},{"taxonomy":"post_tag","embeddable":true,"href":"https:\/\/www.aarquiteta.com.br\/blog\/wp-json\/wp\/v2\/tags?post=96211"}],"curies":[{"name":"wp","href":"https:\/\/api.w.org\/{rel}","templated":true}]}}