{"id":96132,"date":"2023-10-24T14:15:48","date_gmt":"2023-10-24T17:15:48","guid":{"rendered":"http:\/\/aarquiteta.com.br\/?p=96132"},"modified":"2023-10-24T14:15:48","modified_gmt":"2023-10-24T17:15:48","slug":"sanca-invertida-na-sala","status":"publish","type":"post","link":"https:\/\/www.aarquiteta.com.br\/blog\/sanca-invertida-na-sala\/","title":{"rendered":"Sala com Sanca Invertida: Aprenda tudo sobre esse incr\u00edvel detalhe arquitet\u00f4nico."},"content":{"rendered":"<p>A arquitetura \u00e9 uma forma de arte que transforma espa\u00e7os em ambientes encantadores e funcionais. Se voc\u00ea est\u00e1 buscando uma maneira de elevar o visual e o conforto da sua casa ou escrit\u00f3rio, a sala com sanca invertida pode ser a solu\u00e7\u00e3o que voc\u00ea procura. Neste artigo, vamos explorar todos os detalhes desse incr\u00edvel detalhe arquitet\u00f4nico, desde o que \u00e9 at\u00e9 como incorpor\u00e1-lo ao seu espa\u00e7o.<\/p>\n<h2>O Que \u00e9 uma Sala com Sanca Invertida?<\/h2>\n<p>Antes de mergulharmos nas maravilhas da sala com sanca invertida, \u00e9 importante entender o que exatamente esse elemento arquitet\u00f4nico representa. Em termos simples, a sanca invertida \u00e9 uma estrutura de gesso ou outro material similar que \u00e9 instalada no teto de um ambiente. No entanto, o que a torna especial \u00e9 sua forma invertida, criando uma esp\u00e9cie de rebaixamento no teto.<\/p>\n<p>A sanca invertida \u00e9 projetada para esconder ilumina\u00e7\u00e3o embutida, proporcionando uma ilumina\u00e7\u00e3o suave e difusa que cria uma atmosfera aconchegante e sofisticada. Ela pode ser encontrada em diferentes estilos, desde os mais minimalistas at\u00e9 os mais ornamentados, permitindo que voc\u00ea escolha o que melhor se adapta ao seu gosto pessoal e ao estilo da sua decora\u00e7\u00e3o.<\/p>\n<p>Prepare-se para descobrir como a sutil invers\u00e3o de uma sanca pode fazer uma diferen\u00e7a marcante na sua vida!<\/p>\n<p><img decoding=\"async\" src=\"https:\/\/www.aarquiteta.com.br\/blog\/wp-content\/uploads\/2023\/10\/sanca-invertida-na-sala04.jpg\" alt=\"sanca invertida na sala\" width=\"1024\" height=\"1024\" title=\"\"><\/p>\n<h3>Passo 1: Prepara\u00e7\u00e3o<\/h3>\n<p>Antes de iniciar a instala\u00e7\u00e3o da sanca invertida, \u00e9 importante preparar o ambiente. Certifique-se de que as paredes estejam limpas e sem imperfei\u00e7\u00f5es, pois qualquer irregularidade poder\u00e1 ser real\u00e7ada pelo efeito da sanca. Al\u00e9m disso, defina o tamanho e formato desejados para a sua sanca.<\/p>\n<h3>Passo 2: Instala\u00e7\u00e3o<\/h3>\n<p>A instala\u00e7\u00e3o da sanca invertida deve ser feita por um profissional capacitado, pois requer habilidades t\u00e9cnicas espec\u00edficas. O primeiro passo \u00e9 marcar as linhas guia na parede, utilizando um n\u00edvel a laser para garantir a precis\u00e3o. Em seguida, \u00e9 feita a fixa\u00e7\u00e3o das guias met\u00e1licas, que servir\u00e3o de base para a moldura da sanca.<\/p>\n<h4>Subpasso 2.1: Fixa\u00e7\u00e3o das guias<\/h4>\n<p>Para fixar as guias met\u00e1licas, utilize parafusos e buchas pr\u00f3prios para esse tipo de estrutura. Certifique-se de que elas estejam alinhadas corretamente e niveladas, para garantir a uniformidade da sanca invertida.<\/p>\n<p><img decoding=\"async\" src=\"https:\/\/www.aarquiteta.com.br\/blog\/wp-content\/uploads\/2023\/10\/sanca-invertida-na-sala03.jpg\" alt=\"sanca invertida na sala\" width=\"1024\" height=\"1024\" title=\"\"><\/p>\n<h4>Subpasso 2.2: Moldura da sanca<\/h4>\n<p>A moldura da sanca pode ser feita com diferentes materiais, como gesso, poliestireno ou poliuretano. Escolha o material que melhor se adapte ao seu projeto e siga as instru\u00e7\u00f5es do fabricante para a sua instala\u00e7\u00e3o. Lembre-se de usar luvas e \u00f3culos de prote\u00e7\u00e3o durante esse processo.<\/p>\n<h3>Passo 3: Detalhes finais<\/h3>\n<p>Ap\u00f3s a instala\u00e7\u00e3o da moldura da sanca, \u00e9 hora de realizar os acabamentos finais. Utilize massa corrida ou gesso para preencher as juntas e imperfei\u00e7\u00f5es, e depois lixe a superf\u00edcie para deix\u00e1-la lisa e uniforme. Por fim, pinte a sanca invertida com a cor desejada, lembrando-se de proteger o restante do ambiente.<\/p>\n<p><img decoding=\"async\" src=\"https:\/\/www.aarquiteta.com.br\/blog\/wp-content\/uploads\/2023\/10\/sanca-invertida-na-sala02.jpg\" alt=\"sanca invertida na sala\" width=\"1024\" height=\"1024\" title=\"\"><\/p>\n<h2>Perguntas mais frequentes:<\/h2>\n<h3>Como escolher o tamanho ideal para a sanca invertida?<\/h3>\n<p>O tamanho ideal da sanca invertida depende das dimens\u00f5es da sua sala e do efeito que voc\u00ea deseja criar. \u00c9 importante levar em considera\u00e7\u00e3o a altura do p\u00e9-direito, a largura da parede e o estilo decorativo do ambiente. Um profissional especializado pode te ajudar a fazer essa escolha de forma assertiva.<\/p>\n<h3>\u00c9 poss\u00edvel instalar a sanca invertida em qualquer tipo de teto?<\/h3>\n<p>Sim, \u00e9 poss\u00edvel instalar a sanca invertida em qualquer tipo de teto, seja ele de laje, gesso, madeira ou PVC. No entanto, \u00e9 importante verificar as condi\u00e7\u00f5es estruturais do teto e a viabilidade t\u00e9cnica da instala\u00e7\u00e3o antes de iniciar o projeto.<\/p>\n<h3>Quais s\u00e3o as vantagens da sanca invertida?<\/h3>\n<p>A sanca invertida oferece diversas vantagens para a decora\u00e7\u00e3o de uma sala. Al\u00e9m de adicionar um toque de sofistica\u00e7\u00e3o e eleg\u00e2ncia ao ambiente, ela tamb\u00e9m permite a cria\u00e7\u00e3o de uma ilumina\u00e7\u00e3o indireta, que traz aconchego e destaque para o espa\u00e7o. Al\u00e9m disso, a sanca invertida pode disfar\u00e7ar vigas, fia\u00e7\u00f5es e outros elementos indesejados do teto.<\/p>\n<p><img decoding=\"async\" src=\"https:\/\/www.aarquiteta.com.br\/blog\/wp-content\/uploads\/2023\/10\/sanca-invertida-na-sala01.jpg\" alt=\"sanca invertida na sala\" width=\"1024\" height=\"1024\" title=\"\"><\/p>\n<h2>Conclus\u00e3o<\/h2>\n<p>A sala com sanca invertida \u00e9 um detalhe arquitet\u00f4nico incr\u00edvel que pode transformar completamente o ambiente. Seguindo as instru\u00e7\u00f5es corretas e contando com a ajuda de um profissional especializado, voc\u00ea ser\u00e1 capaz de criar um espa\u00e7o \u00fanico e cheio de personalidade. N\u00e3o hesite em experimentar essa tend\u00eancia e deixe sua sala ainda mais encantadora. Esperamos que este artigo tenha sido \u00fatil e te inspire a transformar a sua casa.<\/p>\n<h3>Curiosidade:<\/h3>\n<p>Voc\u00ea sabia que a sanca invertida tamb\u00e9m pode ser utilizada em outros ambientes, como quartos, escrit\u00f3rios e salas de jantar? Seja criativo e aproveite todo o potencial desse detalhe arquitet\u00f4nico incr\u00edvel.<\/p>\n<p>Obrigado por ler nosso artigo! Esperamos que tenha sido \u00fatil e que voc\u00ea tenha encontrado as informa\u00e7\u00f5es necess\u00e1rias para criar a sala com sanca invertida dos seus sonhos. N\u00e3o se esque\u00e7a de conferir nossos outros posts e ficar por dentro das \u00faltimas tend\u00eancias em arquitetura e decora\u00e7\u00e3o. At\u00e9 a pr\u00f3xima!<\/p>\n<p>&nbsp;<\/p>\n","protected":false},"excerpt":{"rendered":"<p>Aprenda todas as instru\u00e7\u00f5es e indica\u00e7\u00f5es sobre a sala com sanca invertida, um detalhe arquitet\u00f4nico incr\u00edvel.<\/p>\n","protected":false},"author":102,"featured_media":96129,"comment_status":"closed","ping_status":"closed","sticky":false,"template":"","format":"standard","meta":{"footnotes":""},"categories":[1484],"tags":[33726,33724,33727,1595,33725],"class_list":["post-96132","post","type-post","status-publish","format-standard","has-post-thumbnail","category-decoracao","tag-aprenda-tudo","tag-com","tag-detalhe-arquitetonico","tag-sala","tag-sanca-invertida"],"_wp_attached_file":null,"_wp_attachment_metadata":null,"_wp_attachment_context":null,"_wp_attachment_is_custom_header":null,"geo_longitude":null,"geo_public":null,"geo_latitude":null,"_publicize_done_external":null,"_wpas_done_3897181":null,"publicize_twitter_user":null,"_wpas_done_3897175":null,"_wpas_skip_3897181":null,"_wpas_skip_3897175":null,"_wpas_skip_3924723":null,"_wpas_mess":null,"_wpas_done_3924723":null,"wps_subtitle":"","_links":{"self":[{"href":"https:\/\/www.aarquiteta.com.br\/blog\/wp-json\/wp\/v2\/posts\/96132","targetHints":{"allow":["GET"]}}],"collection":[{"href":"https:\/\/www.aarquiteta.com.br\/blog\/wp-json\/wp\/v2\/posts"}],"about":[{"href":"https:\/\/www.aarquiteta.com.br\/blog\/wp-json\/wp\/v2\/types\/post"}],"author":[{"embeddable":true,"href":"https:\/\/www.aarquiteta.com.br\/blog\/wp-json\/wp\/v2\/users\/102"}],"replies":[{"embeddable":true,"href":"https:\/\/www.aarquiteta.com.br\/blog\/wp-json\/wp\/v2\/comments?post=96132"}],"version-history":[{"count":0,"href":"https:\/\/www.aarquiteta.com.br\/blog\/wp-json\/wp\/v2\/posts\/96132\/revisions"}],"wp:featuredmedia":[{"embeddable":true,"href":"https:\/\/www.aarquiteta.com.br\/blog\/wp-json\/wp\/v2\/media\/96129"}],"wp:attachment":[{"href":"https:\/\/www.aarquiteta.com.br\/blog\/wp-json\/wp\/v2\/media?parent=96132"}],"wp:term":[{"taxonomy":"category","embeddable":true,"href":"https:\/\/www.aarquiteta.com.br\/blog\/wp-json\/wp\/v2\/categories?post=96132"},{"taxonomy":"post_tag","embeddable":true,"href":"https:\/\/www.aarquiteta.com.br\/blog\/wp-json\/wp\/v2\/tags?post=96132"}],"curies":[{"name":"wp","href":"https:\/\/api.w.org\/{rel}","templated":true}]}}