{"id":95781,"date":"2023-10-23T08:15:50","date_gmt":"2023-10-23T11:15:50","guid":{"rendered":"http:\/\/aarquiteta.com.br\/?p=95781"},"modified":"2023-10-23T08:15:50","modified_gmt":"2023-10-23T11:15:50","slug":"sugestoes-para-otimizar-espacos-em-uma-casa-pequena","status":"publish","type":"post","link":"https:\/\/www.aarquiteta.com.br\/blog\/sugestoes-para-otimizar-espacos-em-uma-casa-pequena\/","title":{"rendered":"10 Sugest\u00f5es para otimizar espa\u00e7os em uma casa pequena!"},"content":{"rendered":"<p>Ao morar em uma casa pequena, \u00e9 essencial encontrar maneiras de otimizar os espa\u00e7os dispon\u00edveis para tornar a conviv\u00eancia mais confort\u00e1vel e funcional. Com algumas sugest\u00f5es inteligentes, \u00e9 poss\u00edvel maximizar cada cantinho, aproveitando ao m\u00e1ximo cada metro quadrado.<\/p>\n<p>Neste artigo, apresentaremos dicas e ideias para otimizar espa\u00e7os em uma casa pequena, proporcionando um ambiente agrad\u00e1vel e organizado.<\/p>\n<h3>1. M\u00f3veis multifuncionais<\/h3>\n<p>Uma das melhores maneiras de otimizar espa\u00e7os em uma casa pequena \u00e9 investir em m\u00f3veis multifuncionais.<\/p>\n<p>Esses m\u00f3veis s\u00e3o projetados para desempenhar diferentes fun\u00e7\u00f5es, como uma cama que se transforma em sof\u00e1 durante o dia, uma mesa que vira prateleira, entre outras op\u00e7\u00f5es. Al\u00e9m de economizar espa\u00e7o, os m\u00f3veis multifuncionais tamb\u00e9m trazem praticidade e versatilidade para o ambiente.<\/p>\n<figure style=\"width: 1024px\" class=\"wp-caption alignnone\"><img decoding=\"async\" class=\"size-full\" src=\"https:\/\/www.aarquiteta.com.br\/blog\/wp-content\/uploads\/2023\/10\/ideias-para-casa-pequena-04.jpg\" alt=\"Sugest\u00f5es para otimizar espa\u00e7os em uma casa pequena\" width=\"1024\" height=\"1024\" title=\"\"><figcaption class=\"wp-caption-text\">&#8220;Sugest\u00f5es para otimizar espa\u00e7os em uma casa pequena&#8221;<\/figcaption><\/figure>\n<h3>2. Organiza\u00e7\u00e3o vertical<\/h3>\n<p>Outra estrat\u00e9gia eficiente para otimizar espa\u00e7os \u00e9 utilizar a organiza\u00e7\u00e3o vertical. Aproveite as paredes para instalar prateleiras, nichos e ganchos, permitindo armazenar objetos e decorar o ambiente de forma pr\u00e1tica. Al\u00e9m disso, utilize estantes altas para aproveitar o espa\u00e7o vertical e evitar ocupar muito espa\u00e7o no ch\u00e3o.<\/p>\n<h3>3. Cores claras e ilumina\u00e7\u00e3o adequada<\/h3>\n<p>Para criar a sensa\u00e7\u00e3o de amplitude em uma casa pequena, opte por cores claras nas paredes e m\u00f3veis. As cores claras refletem melhor a luz e d\u00e3o a sensa\u00e7\u00e3o de um ambiente mais amplo. Al\u00e9m disso, invista em uma ilumina\u00e7\u00e3o adequada, com luzes direcionadas e pontos de luz estrat\u00e9gicos, para valorizar os espa\u00e7os e criar uma atmosfera agrad\u00e1vel.<\/p>\n<h3>4. Espelhos<\/h3>\n<p>Os espelhos s\u00e3o grandes aliados na otimiza\u00e7\u00e3o de espa\u00e7os em uma casa pequena. Eles criam a ilus\u00e3o de um ambiente maior, refletindo a luz e os m\u00f3veis ao redor. Utilize espelhos estrategicamente posicionados para ampliar visualmente os c\u00f4modos e trazer mais luminosidade para o ambiente.<\/p>\n<figure style=\"width: 1024px\" class=\"wp-caption alignnone\"><img decoding=\"async\" class=\"size-full\" src=\"https:\/\/www.aarquiteta.com.br\/blog\/wp-content\/uploads\/2023\/10\/ideias-para-casa-pequena-03.jpg\" alt=\"Sugest\u00f5es para otimizar espa\u00e7os em uma casa pequena\" width=\"1024\" height=\"1024\" title=\"\"><figcaption class=\"wp-caption-text\">&#8220;Sugest\u00f5es para otimizar espa\u00e7os em uma casa pequena&#8221;<\/figcaption><\/figure>\n<h3>5. Divis\u00f3rias e portas de correr<\/h3>\n<p>Para otimizar espa\u00e7os em uma casa pequena, considere o uso de divis\u00f3rias e portas de correr. Essas solu\u00e7\u00f5es permitem separar ambientes quando necess\u00e1rio, mas tamb\u00e9m podem ser abertas quando n\u00e3o est\u00e3o em uso, economizando espa\u00e7o. Al\u00e9m disso, as portas de correr n\u00e3o ocupam espa\u00e7o na hora de abrir ou fechar, sendo ideais para ambientes compactos.<\/p>\n<h3>6. Prateleiras suspensas<\/h3>\n<p>Uma \u00f3tima forma de aproveitar espa\u00e7os verticais \u00e9 utilizar prateleiras suspensas. Elas podem ser instaladas em diferentes c\u00f4modos da casa, como cozinha, banheiro e sala, proporcionando espa\u00e7o extra para armazenar objetos e decorar o ambiente. As prateleiras suspensas s\u00e3o pr\u00e1ticas, funcionais e contribuem para a organiza\u00e7\u00e3o do espa\u00e7o.<\/p>\n<h3>7. Utiliza\u00e7\u00e3o de nichos<\/h3>\n<p>Os nichos s\u00e3o excelentes aliados na otimiza\u00e7\u00e3o de espa\u00e7os. Eles podem ser embutidos nas paredes, aproveitando espa\u00e7os que n\u00e3o s\u00e3o utilizados, como v\u00e3os entre pilares ou embaixo de escadas. Os nichos podem ser utilizados para armazenar livros, objetos decorativos, plantas, entre outros, tornando o ambiente mais funcional e aproveitando cada cantinho dispon\u00edvel.<\/p>\n<figure style=\"width: 1024px\" class=\"wp-caption alignnone\"><img decoding=\"async\" class=\"size-full\" src=\"https:\/\/www.aarquiteta.com.br\/blog\/wp-content\/uploads\/2023\/10\/ideias-para-casa-pequena01.jpg\" alt=\"Sugest\u00f5es para otimizar espa\u00e7os em uma casa pequena\" width=\"1024\" height=\"1024\" title=\"\"><figcaption class=\"wp-caption-text\">&#8220;Sugest\u00f5es para otimizar espa\u00e7os em uma casa pequena&#8221;<\/figcaption><\/figure>\n<h3>8. Utiliza\u00e7\u00e3o de m\u00f3veis suspensos<\/h3>\n<p>Para ganhar espa\u00e7o no ch\u00e3o, uma alternativa \u00e9 utilizar m\u00f3veis suspensos. Prateleiras, arm\u00e1rios e estantes suspensas economizam espa\u00e7o e deixam o ambiente mais organizado. Al\u00e9m disso, a utiliza\u00e7\u00e3o de m\u00f3veis suspensos cria uma sensa\u00e7\u00e3o de leveza e amplia visualmente o espa\u00e7o.<\/p>\n<h3>9. Portas com espelhos<\/h3>\n<p>Outra sugest\u00e3o para otimizar espa\u00e7os em uma casa pequena \u00e9 utilizar portas com espelhos. Al\u00e9m de serem funcionais, as portas com espelhos tamb\u00e9m contribuem para a sensa\u00e7\u00e3o de amplitude nos ambientes. Elas refletem a luz e criam a ilus\u00e3o de um espa\u00e7o maior, al\u00e9m de facilitarem a rotina di\u00e1ria.<\/p>\n<h3>10. Aproveite espa\u00e7os externos<\/h3>\n<p>Se a sua casa possui um espa\u00e7o externo, como um quintal ou varanda, aproveite-o ao m\u00e1ximo. Crie uma \u00e1rea de conviv\u00eancia, com m\u00f3veis confort\u00e1veis, plantas e elementos decorativos. Essa \u00e1rea externa pode se tornar um ref\u00fagio agrad\u00e1vel, ampliando os espa\u00e7os dispon\u00edveis para relaxar e receber amigos e familiares.<\/p>\n<h2>Perguntas mais frequentes<\/h2>\n<h3>Como escolher m\u00f3veis multifuncionais?<\/h3>\n<p>Para escolher m\u00f3veis multifuncionais, leve em considera\u00e7\u00e3o as necessidades do seu espa\u00e7o. Avalie quais fun\u00e7\u00f5es s\u00e3o mais importantes para voc\u00ea e busque por m\u00f3veis que atendam a essas necessidades. Al\u00e9m disso, verifique a qualidade e durabilidade dos m\u00f3veis antes de adquiri-los.<\/p>\n<h3>Quais s\u00e3o as vantagens da organiza\u00e7\u00e3o vertical?<\/h3>\n<p>A organiza\u00e7\u00e3o vertical permite aproveitar espa\u00e7os que geralmente n\u00e3o s\u00e3o utilizados, como as paredes. Ela ajuda a economizar espa\u00e7o no ch\u00e3o, deixando-o livre para circula\u00e7\u00e3o. Al\u00e9m disso, a organiza\u00e7\u00e3o vertical contribui para a decora\u00e7\u00e3o do ambiente, permitindo expor objetos e criar composi\u00e7\u00f5es interessantes.<\/p>\n<h3>Posso utilizar cores escuras em uma casa pequena?<\/h3>\n<p>Embora as cores claras sejam mais indicadas para criar a sensa\u00e7\u00e3o de amplitude, \u00e9 poss\u00edvel utilizar cores escuras em uma casa pequena. No entanto, \u00e9 importante equilibrar o uso das cores, optando por tons mais claros nas paredes e m\u00f3veis e utilizando cores escuras em detalhes e objetos decorativos.<\/p>\n<h3>Como escolher o tamanho ideal das prateleiras suspensas?<\/h3>\n<p>Para escolher o tamanho ideal das prateleiras suspensas, me\u00e7a o espa\u00e7o dispon\u00edvel na parede e leve em considera\u00e7\u00e3o o tamanho dos objetos que ser\u00e3o armazenados. As prateleiras devem ser proporcionais ao ambiente, evitando que fiquem desproporcionais ou sobrecarregadas.<\/p>\n<h3>Quais s\u00e3o os benef\u00edcios de utilizar espelhos em uma casa pequena?<\/h3>\n<p>Os espelhos trazem diversos benef\u00edcios para uma casa pequena. Al\u00e9m de criar a ilus\u00e3o de um ambiente maior, eles refletem a luz natural, aumentando a luminosidade do espa\u00e7o. Os espelhos tamb\u00e9m podem ser utilizados como elementos decorativos, trazendo mais estilo e eleg\u00e2ncia para o ambiente.<\/p>\n<h2>Conclus\u00e3o<\/h2>\n<p>Otimizar espa\u00e7os em uma casa pequena \u00e9 essencial para criar um ambiente funcional e agrad\u00e1vel. Com as sugest\u00f5es apresentadas neste artigo, \u00e9 poss\u00edvel aproveitar cada cantinho de forma inteligente, maximizando o espa\u00e7o dispon\u00edvel.<\/p>\n<p>Lembre-se de investir em m\u00f3veis multifuncionais, utilizar a organiza\u00e7\u00e3o vertical, escolher cores claras e investir em ilumina\u00e7\u00e3o adequada. Al\u00e9m disso, n\u00e3o se esque\u00e7a de utilizar espelhos, divis\u00f3rias e portas de correr, prateleiras suspensas e m\u00f3veis suspensos. Aproveite cada dica e transforme sua casa pequena em um espa\u00e7o confort\u00e1vel e acolhedor.<\/p>\n<h3>Curiosidade<\/h3>\n<p><strong>Voc\u00ea sabia que existem projetos de casas pequenas que s\u00e3o verdadeiras obras de arte da arquitetura? <\/strong><\/p>\n<p>Alguns arquitetos renomados s\u00e3o especialistas em criar espa\u00e7os funcionais e esteticamente incr\u00edveis, mesmo em \u00e1reas reduzidas. Pesquise sobre esses projetos e inspire-se para otimizar ainda mais o seu espa\u00e7o!<\/p>\n<p>Obrigado por ler nosso artigo! Esperamos que as sugest\u00f5es apresentadas sejam \u00fateis para voc\u00ea. Se gostou, n\u00e3o deixe de compartilhar e continue acompanhando nosso blog para mais dicas e inspira\u00e7\u00f5es para sua casa.<\/p>\n<p>&nbsp;<\/p>\n","protected":false},"excerpt":{"rendered":"<p>Aprenda a maximizar os espa\u00e7os em uma casa pequena com orienta\u00e7\u00f5es especializadas.<\/p>\n","protected":false},"author":102,"featured_media":95778,"comment_status":"closed","ping_status":"closed","sticky":false,"template":"","format":"standard","meta":{"footnotes":""},"categories":[10005],"tags":[27295,6261,33530,33513],"class_list":["post-95781","post","type-post","status-publish","format-standard","has-post-thumbnail","category-casa-e-jardim","tag-casa-pequena","tag-espacos","tag-otimizar","tag-sugestoes"],"_wp_attached_file":null,"_wp_attachment_metadata":null,"_wp_attachment_context":null,"_wp_attachment_is_custom_header":null,"geo_longitude":null,"geo_public":null,"geo_latitude":null,"_publicize_done_external":null,"_wpas_done_3897181":null,"publicize_twitter_user":null,"_wpas_done_3897175":null,"_wpas_skip_3897181":null,"_wpas_skip_3897175":null,"_wpas_skip_3924723":null,"_wpas_mess":null,"_wpas_done_3924723":null,"wps_subtitle":"","_links":{"self":[{"href":"https:\/\/www.aarquiteta.com.br\/blog\/wp-json\/wp\/v2\/posts\/95781","targetHints":{"allow":["GET"]}}],"collection":[{"href":"https:\/\/www.aarquiteta.com.br\/blog\/wp-json\/wp\/v2\/posts"}],"about":[{"href":"https:\/\/www.aarquiteta.com.br\/blog\/wp-json\/wp\/v2\/types\/post"}],"author":[{"embeddable":true,"href":"https:\/\/www.aarquiteta.com.br\/blog\/wp-json\/wp\/v2\/users\/102"}],"replies":[{"embeddable":true,"href":"https:\/\/www.aarquiteta.com.br\/blog\/wp-json\/wp\/v2\/comments?post=95781"}],"version-history":[{"count":0,"href":"https:\/\/www.aarquiteta.com.br\/blog\/wp-json\/wp\/v2\/posts\/95781\/revisions"}],"wp:featuredmedia":[{"embeddable":true,"href":"https:\/\/www.aarquiteta.com.br\/blog\/wp-json\/wp\/v2\/media\/95778"}],"wp:attachment":[{"href":"https:\/\/www.aarquiteta.com.br\/blog\/wp-json\/wp\/v2\/media?parent=95781"}],"wp:term":[{"taxonomy":"category","embeddable":true,"href":"https:\/\/www.aarquiteta.com.br\/blog\/wp-json\/wp\/v2\/categories?post=95781"},{"taxonomy":"post_tag","embeddable":true,"href":"https:\/\/www.aarquiteta.com.br\/blog\/wp-json\/wp\/v2\/tags?post=95781"}],"curies":[{"name":"wp","href":"https:\/\/api.w.org\/{rel}","templated":true}]}}