{"id":95352,"date":"2023-09-29T07:00:18","date_gmt":"2023-09-29T10:00:18","guid":{"rendered":"http:\/\/aarquiteta.com.br\/?p=95352"},"modified":"2023-09-28T12:38:52","modified_gmt":"2023-09-28T15:38:52","slug":"ideias-para-casa-pequena","status":"publish","type":"post","link":"https:\/\/www.aarquiteta.com.br\/blog\/ideias-para-casa-pequena\/","title":{"rendered":"3 segredos para Organizar e Expandir o Espa\u00e7o em Casas Pequenas."},"content":{"rendered":"<p>Viver em uma casa pequena pode ser um desafio, especialmente quando se trata de otimizar o espa\u00e7o dispon\u00edvel. No entanto, com algumas instru\u00e7\u00f5es \u00fateis, voc\u00ea pode transformar at\u00e9 mesmo a menor das casas em um ambiente organizado e funcional.<\/p>\n<p>Neste artigo, iremos explorar v\u00e1rias dicas e truques para otimizar o espa\u00e7o em uma casa pequena, desde o aproveitamento de espa\u00e7os verticais at\u00e9 a sele\u00e7\u00e3o de m\u00f3veis multifuncionais. Continue lendo para descobrir como transformar sua casa pequena em um lar acolhedor e eficiente.<\/p>\n<figure id=\"attachment_95355\" aria-describedby=\"caption-attachment-95355\" style=\"width: 1024px\" class=\"wp-caption alignnone\"><img decoding=\"async\" class=\"size-full wp-image-95355\" src=\"https:\/\/www.aarquiteta.com.br\/blog\/wp-content\/uploads\/2023\/09\/5-segredos-para-Organizar-e-Expandir-o-Espaco-em-Casas-Pequenas-1.jpg\" alt=\"3 segredos para Organizar e Expandir o Espa\u00e7o em Casas Pequenas\" width=\"1024\" height=\"1024\" title=\"\" srcset=\"https:\/\/www.aarquiteta.com.br\/blog\/wp-content\/uploads\/2023\/09\/5-segredos-para-Organizar-e-Expandir-o-Espaco-em-Casas-Pequenas-1.jpg 1024w, https:\/\/www.aarquiteta.com.br\/blog\/wp-content\/uploads\/2023\/09\/5-segredos-para-Organizar-e-Expandir-o-Espaco-em-Casas-Pequenas-1-696x696.jpg 696w, https:\/\/www.aarquiteta.com.br\/blog\/wp-content\/uploads\/2023\/09\/5-segredos-para-Organizar-e-Expandir-o-Espaco-em-Casas-Pequenas-1-96x96.jpg 96w, https:\/\/www.aarquiteta.com.br\/blog\/wp-content\/uploads\/2023\/09\/5-segredos-para-Organizar-e-Expandir-o-Espaco-em-Casas-Pequenas-1-150x150.jpg 150w\" sizes=\"(max-width: 1024px) 100vw, 1024px\" \/><figcaption id=\"caption-attachment-95355\" class=\"wp-caption-text\">3 segredos para Organizar e Expandir o Espa\u00e7o em Casas Pequenas<\/figcaption><\/figure>\n<h2>1. Aproveite os espa\u00e7os verticais<\/h2>\n<p>Uma das melhores maneiras de otimizar o espa\u00e7o em uma casa pequena \u00e9 aproveitar os espa\u00e7os verticais. Em vez de apenas utilizar as paredes para pendurar quadros, experimente instalar prateleiras flutuantes para armazenar livros, plantas e outros itens decorativos.<\/p>\n<p>Al\u00e9m disso, voc\u00ea tamb\u00e9m pode utilizar ganchos e suportes nas paredes para pendurar utens\u00edlios de cozinha, toalhas ou at\u00e9 mesmo bicicletas. Ao olhar para cima e aproveitar o espa\u00e7o vertical, voc\u00ea estar\u00e1 maximizando o potencial da sua casa pequena.<\/p>\n<h3>1.1. Prateleiras flutuantes<\/h3>\n<p>As prateleiras flutuantes s\u00e3o uma excelente op\u00e7\u00e3o para aproveitar os espa\u00e7os verticais. Elas n\u00e3o ocupam muito espa\u00e7o e podem ser instaladas em qualquer parede vazia. Use-as para armazenar livros, objetos decorativos e at\u00e9 mesmo como suporte para pequenas plantas. Al\u00e9m de funcionais, as prateleiras flutuantes tamb\u00e9m adicionam um toque est\u00e9tico ao ambiente.<\/p>\n<h4>Posso instalar prateleiras flutuantes em qualquer tipo de parede?<\/h4>\n<p>Sim, as prateleiras flutuantes podem ser instaladas em diferentes tipos de paredes, desde que sejam adequadamente fixadas. Certifique-se de seguir as instru\u00e7\u00f5es de instala\u00e7\u00e3o e utilizar os suportes corretos para garantir a seguran\u00e7a das prateleiras.<\/p>\n<h3>1.2. Ganchos e suportes<\/h3>\n<p>Os ganchos e suportes s\u00e3o \u00f3timos aliados na otimiza\u00e7\u00e3o do espa\u00e7o. Eles podem ser fixados nas paredes para pendurar utens\u00edlios de cozinha, toalhas, chaves e muitos outros objetos. Al\u00e9m de deixar tudo organizado e ao alcance das m\u00e3os, essa solu\u00e7\u00e3o tamb\u00e9m ajuda a liberar espa\u00e7o em arm\u00e1rios e gavetas.<\/p>\n<h4>Posso utilizar ganchos e suportes em paredes de alvenaria?<\/h4>\n<p>Sim, \u00e9 poss\u00edvel utilizar ganchos e suportes em paredes de alvenaria. No entanto, \u00e9 importante utilizar buchas e parafusos apropriados para garantir uma fixa\u00e7\u00e3o segura e evitar danos \u00e0 parede.<\/p>\n<figure id=\"attachment_95355-2\" aria-describedby=\"caption-attachment-95355-2\" style=\"width: 1024px\" class=\"wp-caption alignnone\"><img decoding=\"async\" class=\"size-full wp-image-95355\" src=\"https:\/\/www.aarquiteta.com.br\/blog\/wp-content\/uploads\/2023\/09\/5-segredos-para-Organizar-e-Expandir-o-Espaco-em-Casas-Pequenas-1.jpg\" alt=\"3 segredos para Organizar e Expandir o Espa\u00e7o em Casas Pequenas\" width=\"1024\" height=\"1024\" title=\"\" srcset=\"https:\/\/www.aarquiteta.com.br\/blog\/wp-content\/uploads\/2023\/09\/5-segredos-para-Organizar-e-Expandir-o-Espaco-em-Casas-Pequenas-1.jpg 1024w, https:\/\/www.aarquiteta.com.br\/blog\/wp-content\/uploads\/2023\/09\/5-segredos-para-Organizar-e-Expandir-o-Espaco-em-Casas-Pequenas-1-696x696.jpg 696w, https:\/\/www.aarquiteta.com.br\/blog\/wp-content\/uploads\/2023\/09\/5-segredos-para-Organizar-e-Expandir-o-Espaco-em-Casas-Pequenas-1-96x96.jpg 96w, https:\/\/www.aarquiteta.com.br\/blog\/wp-content\/uploads\/2023\/09\/5-segredos-para-Organizar-e-Expandir-o-Espaco-em-Casas-Pequenas-1-150x150.jpg 150w\" sizes=\"(max-width: 1024px) 100vw, 1024px\" \/><figcaption id=\"caption-attachment-95355-2\" class=\"wp-caption-text\">3 segredos para Organizar e Expandir o Espa\u00e7o em Casas Pequenas<\/figcaption><\/figure>\n<h2>2. M\u00f3veis multifuncionais<\/h2>\n<p>Outra maneira eficiente de otimizar o espa\u00e7o em uma casa pequena \u00e9 investir em m\u00f3veis multifuncionais. Esses m\u00f3veis s\u00e3o projetados para desempenhar mais de uma fun\u00e7\u00e3o, economizando espa\u00e7o e oferecendo praticidade.<\/p>\n<p>Por exemplo, uma cama com gavetas embutidas pode ser utilizada para armazenar roupas de cama, enquanto um sof\u00e1-cama pode ser facilmente transformado em uma cama extra para visitantes.<\/p>\n<h3>2.1. Cama com gavetas embutidas<\/h3>\n<p>Uma cama com gavetas embutidas \u00e9 uma excelente op\u00e7\u00e3o para otimizar o espa\u00e7o em quartos pequenos. As gavetas podem ser utilizadas para armazenar roupas de cama, roupas dobradas ou at\u00e9 mesmo objetos pessoais. Al\u00e9m disso, esse tipo de cama tamb\u00e9m pode oferecer um design moderno e elegante ao ambiente.<\/p>\n<h4>Qual \u00e9 o peso m\u00e1ximo que as gavetas suportam?<\/h4>\n<p>O peso m\u00e1ximo que as gavetas suportam pode variar de acordo com o modelo da cama. \u00c9 importante verificar as especifica\u00e7\u00f5es do fabricante para garantir que voc\u00ea n\u00e3o exceda a capacidade de peso recomendada.<\/p>\n<h3>2.2. Sof\u00e1-cama<\/h3>\n<p>O sof\u00e1-cama \u00e9 uma op\u00e7\u00e3o vers\u00e1til para quem precisa de espa\u00e7o adicional para acomodar visitantes. Durante o dia, ele pode ser utilizado como um sof\u00e1 confort\u00e1vel, e \u00e0 noite, pode ser facilmente transformado em uma cama. Al\u00e9m de ser pr\u00e1tico, o sof\u00e1-cama tamb\u00e9m pode adicionar um toque de estilo \u00e0 sua sala de estar.<\/p>\n<h4>\u00c9 f\u00e1cil converter o sof\u00e1 em uma cama?<\/h4>\n<p>Sim, a maioria dos sof\u00e1s-cama possui um mecanismo de convers\u00e3o simples, que pode ser facilmente realizado por uma \u00fanica pessoa. Basta seguir as instru\u00e7\u00f5es do fabricante e em poucos minutos voc\u00ea ter\u00e1 uma cama pronta para uso.<\/p>\n<figure id=\"attachment_95354\" aria-describedby=\"caption-attachment-95354\" style=\"width: 1024px\" class=\"wp-caption alignnone\"><img decoding=\"async\" class=\"size-full wp-image-95354\" src=\"https:\/\/www.aarquiteta.com.br\/blog\/wp-content\/uploads\/2023\/09\/5-segredos-para-Organizar-e-Expandir-o-Espaco-em-Casas-Pequenas-2.jpg\" alt=\"3 segredos para Organizar e Expandir o Espa\u00e7o em Casas Pequenas\" width=\"1024\" height=\"1024\" title=\"\" srcset=\"https:\/\/www.aarquiteta.com.br\/blog\/wp-content\/uploads\/2023\/09\/5-segredos-para-Organizar-e-Expandir-o-Espaco-em-Casas-Pequenas-2.jpg 1024w, https:\/\/www.aarquiteta.com.br\/blog\/wp-content\/uploads\/2023\/09\/5-segredos-para-Organizar-e-Expandir-o-Espaco-em-Casas-Pequenas-2-696x696.jpg 696w, https:\/\/www.aarquiteta.com.br\/blog\/wp-content\/uploads\/2023\/09\/5-segredos-para-Organizar-e-Expandir-o-Espaco-em-Casas-Pequenas-2-96x96.jpg 96w, https:\/\/www.aarquiteta.com.br\/blog\/wp-content\/uploads\/2023\/09\/5-segredos-para-Organizar-e-Expandir-o-Espaco-em-Casas-Pequenas-2-150x150.jpg 150w\" sizes=\"(max-width: 1024px) 100vw, 1024px\" \/><figcaption id=\"caption-attachment-95354\" class=\"wp-caption-text\">3 segredos para Organizar e Expandir o Espa\u00e7o em Casas Pequenas<\/figcaption><\/figure>\n<h2>3. Cores claras e espelhos<\/h2>\n<p>Quando se trata de fazer uma casa pequena parecer maior, as cores claras e os espelhos s\u00e3o seus melhores amigos. Pintar as paredes com tons claros, como branco, bege ou cinza claro, ajuda a criar uma sensa\u00e7\u00e3o de amplitude. Al\u00e9m disso, espelhos estrategicamente posicionados podem refletir a luz natural e criar a ilus\u00e3o de um espa\u00e7o maior.<\/p>\n<h3>3.1. Pintando as paredes<\/h3>\n<p>A escolha das cores certas para pintar as paredes pode fazer toda a diferen\u00e7a em uma casa pequena. Opte por tons claros, que refletem a luz e ajudam a ampliar visualmente o espa\u00e7o. Cores como branco, bege e cinza claro s\u00e3o excelentes op\u00e7\u00f5es. Se voc\u00ea deseja adicionar um toque de cor, experimente pintar uma parede em destaque para criar um ponto focal no ambiente.<\/p>\n<h4>Posso utilizar cores escuras em uma casa pequena?<\/h4>\n<p>Embora as cores escuras possam ser atraentes, \u00e9 recomendado evitar o uso delas em casas pequenas. Cores escuras tendem a absorver a luz e diminuir visualmente o espa\u00e7o, criando uma sensa\u00e7\u00e3o de ambiente mais apertado.<\/p>\n<h3>3.2. Espelhos estrategicamente posicionados<\/h3>\n<p>Os espelhos podem ser grandes aliados na amplia\u00e7\u00e3o visual de um espa\u00e7o pequeno. Posicione-os estrategicamente em paredes opostas \u00e0s janelas para refletir a luz natural e criar a sensa\u00e7\u00e3o de um ambiente mais iluminado e espa\u00e7oso.<\/p>\n<p>Al\u00e9m disso, os espelhos tamb\u00e9m podem ser utilizados como elementos decorativos, adicionando estilo ao ambiente.<\/p>\n<h4>Qual \u00e9 o tamanho ideal para os espelhos em uma casa pequena?<\/h4>\n<p>O tamanho ideal dos espelhos pode variar dependendo do espa\u00e7o dispon\u00edvel e do efeito visual desejado. Em geral, espelhos grandes tendem a ampliar mais o ambiente, mas voc\u00ea tamb\u00e9m pode utilizar v\u00e1rios espelhos menores para criar um layout personalizado.<\/p>\n<h2>Conclus\u00e3o<\/h2>\n<p>Com todas essas dicas e truques para otimizar o espa\u00e7o em uma casa pequena, voc\u00ea pode transformar seu lar em um ambiente funcional e acolhedor. Aproveite os espa\u00e7os verticais, invista em m\u00f3veis multifuncionais e utilize cores claras e espelhos para criar a ilus\u00e3o de um espa\u00e7o maior.<\/p>\n<p>Lembre-se de adaptar as sugest\u00f5es ao seu estilo pessoal e \u00e0s necessidades do seu dia a dia. Esperamos que este artigo tenha sido \u00fatil e que voc\u00ea consiga aproveitar ao m\u00e1ximo cada cantinho da sua casa pequena. E n\u00e3o se esque\u00e7a de conferir nosso pr\u00f3ximo post para mais dicas de decora\u00e7\u00e3o e organiza\u00e7\u00e3o!<\/p>\n<h2>Perguntas Mais Frequentes<\/h2>\n<h3>Posso instalar prateleiras flutuantes em qualquer tipo de parede?<\/h3>\n<p>Sim, as prateleiras flutuantes podem ser instaladas em diferentes tipos de paredes, desde que sejam adequadamente fixadas. Certifique-se de seguir as instru\u00e7\u00f5es de instala\u00e7\u00e3o e utilizar os suportes corretos para garantir a seguran\u00e7a das prateleiras.<\/p>\n<h3>Posso utilizar ganchos e suportes em paredes de alvenaria?<\/h3>\n<p>Sim, \u00e9 poss\u00edvel utilizar ganchos e suportes em paredes de alvenaria. No entanto, \u00e9 importante utilizar buchas e parafusos apropriados para garantir uma fixa\u00e7\u00e3o segura e evitar danos \u00e0 parede.<\/p>\n<h3>Qual \u00e9 o peso m\u00e1ximo que as gavetas suportam?<\/h3>\n<p>O peso m\u00e1ximo que as gavetas suportam pode variar de acordo com o modelo da cama. \u00c9 importante verificar as especifica\u00e7\u00f5es do fabricante para garantir que voc\u00ea n\u00e3o exceda a capacidade de peso recomendada.<\/p>\n<h3>\u00c9 f\u00e1cil converter o sof\u00e1 em uma cama?<\/h3>\n<p>Sim, a maioria dos sof\u00e1s-cama possui um mecanismo de convers\u00e3o simples, que pode ser facilmente realizado por uma \u00fanica pessoa. Basta seguir as instru\u00e7\u00f5es do fabricante e em poucos minutos voc\u00ea ter\u00e1 uma cama pronta para uso.<\/p>\n<h3>Posso utilizar cores escuras em uma casa pequena?<\/h3>\n<p>Embora as cores escuras possam ser atraentes, \u00e9 recomendado evitar o uso delas em casas pequenas. Cores escuras tendem a absorver a luz e diminuir visualmente o espa\u00e7o, criando uma sensa\u00e7\u00e3o de ambiente mais apertado.<\/p>\n<h3>Qual \u00e9 o tamanho ideal para os espelhos em uma casa pequena?<\/h3>\n<p>O tamanho ideal dos espelhos pode variar dependendo do espa\u00e7o dispon\u00edvel e do efeito visual desejado. Em geral, espelhos grandes tendem a ampliar mais o ambiente, mas voc\u00ea tamb\u00e9m pode utilizar v\u00e1rios espelhos menores para criar um layout personalizado.<\/p>\n<h3>Curiosidade<\/h3>\n<p>Voc\u00ea sabia que, de acordo com especialistas, a organiza\u00e7\u00e3o e a otimiza\u00e7\u00e3o do espa\u00e7o em uma casa pequena podem trazer benef\u00edcios para a sa\u00fade mental e emocional? Um ambiente organizado e funcional pode ajudar a reduzir o estresse e aumentar a sensa\u00e7\u00e3o de bem-estar. Portanto, vale a pena investir um tempo para deixar sua casa pequena ainda mais aconchegante e eficiente.<\/p>\n<p>Obrigado por ler, esperamos que este artigo tenha sido \u00fatil! N\u00e3o se esque\u00e7a de arrastar a p\u00e1gina para cima e conferir nosso pr\u00f3ximo post acima. At\u00e9 l\u00e1!<\/p>\n<p><strong>Espero que este artigo tenha ajudado voc\u00ea!<\/strong><\/p>\n<p>Ent\u00e3o deslize a tela para baixo e<a href=\"https:\/\/br.pinterest.com\/aarquitetapinterest\/_created\/\" target=\"_blank\" rel=\"noopener\">\u00a0confira mais dicas<\/a>\u00a0como esta e n\u00e3o se esque\u00e7a de compartilhar com os amigos!<\/p>\n<p>Quer mais dicas sobre o mundo da\u00a0<a href=\"https:\/\/www.aarquiteta.com.br\/blog\/o-que-e-arquitetura\/\">arquitetura<\/a>\u00a0e\u00a0<a href=\"https:\/\/www.aarquiteta.com.br\/blog\/decoracao\/\">Decora\u00e7\u00e3o<\/a>, ent\u00e3o confira alguns dos nossos artigos em:<\/p>\n<ul>\n<li><a href=\"https:\/\/www.aarquiteta.com.br\/blog\/paisagismo\/\" target=\"_blank\" rel=\"noopener\">Casa e Jardim<\/a><\/li>\n<li><a href=\"https:\/\/www.aarquiteta.com.br\/blog\/arquitetura\/mundo-arquitetura\/\" target=\"_blank\" rel=\"noopener\">Mundo Arquitetura<\/a><\/li>\n<li><a href=\"https:\/\/www.aarquiteta.com.br\/decoracao\/\" target=\"_blank\" rel=\"noopener\">Decora\u00e7\u00e3o\u00a0<\/a><\/li>\n<\/ul>\n","protected":false},"excerpt":{"rendered":"<p>Aprenda os caminhos e sugest\u00f5es para otimizar o espa\u00e7o em sua casa pequena.<\/p>\n","protected":false},"author":102,"featured_media":95354,"comment_status":"closed","ping_status":"closed","sticky":false,"template":"","format":"standard","meta":{"footnotes":""},"categories":[10005],"tags":[27295,2022,33529,33530],"class_list":["post-95352","post","type-post","status-publish","format-standard","has-post-thumbnail","category-casa-e-jardim","tag-casa-pequena","tag-espaco","tag-instrucoes","tag-otimizar"],"_wp_attached_file":null,"_wp_attachment_metadata":null,"_wp_attachment_context":null,"_wp_attachment_is_custom_header":null,"geo_longitude":null,"geo_public":null,"geo_latitude":null,"_publicize_done_external":null,"_wpas_done_3897181":null,"publicize_twitter_user":null,"_wpas_done_3897175":null,"_wpas_skip_3897181":null,"_wpas_skip_3897175":null,"_wpas_skip_3924723":null,"_wpas_mess":null,"_wpas_done_3924723":null,"wps_subtitle":"","_links":{"self":[{"href":"https:\/\/www.aarquiteta.com.br\/blog\/wp-json\/wp\/v2\/posts\/95352","targetHints":{"allow":["GET"]}}],"collection":[{"href":"https:\/\/www.aarquiteta.com.br\/blog\/wp-json\/wp\/v2\/posts"}],"about":[{"href":"https:\/\/www.aarquiteta.com.br\/blog\/wp-json\/wp\/v2\/types\/post"}],"author":[{"embeddable":true,"href":"https:\/\/www.aarquiteta.com.br\/blog\/wp-json\/wp\/v2\/users\/102"}],"replies":[{"embeddable":true,"href":"https:\/\/www.aarquiteta.com.br\/blog\/wp-json\/wp\/v2\/comments?post=95352"}],"version-history":[{"count":0,"href":"https:\/\/www.aarquiteta.com.br\/blog\/wp-json\/wp\/v2\/posts\/95352\/revisions"}],"wp:featuredmedia":[{"embeddable":true,"href":"https:\/\/www.aarquiteta.com.br\/blog\/wp-json\/wp\/v2\/media\/95354"}],"wp:attachment":[{"href":"https:\/\/www.aarquiteta.com.br\/blog\/wp-json\/wp\/v2\/media?parent=95352"}],"wp:term":[{"taxonomy":"category","embeddable":true,"href":"https:\/\/www.aarquiteta.com.br\/blog\/wp-json\/wp\/v2\/categories?post=95352"},{"taxonomy":"post_tag","embeddable":true,"href":"https:\/\/www.aarquiteta.com.br\/blog\/wp-json\/wp\/v2\/tags?post=95352"}],"curies":[{"name":"wp","href":"https:\/\/api.w.org\/{rel}","templated":true}]}}