{"id":95300,"date":"2023-09-27T12:00:48","date_gmt":"2023-09-27T15:00:48","guid":{"rendered":"http:\/\/aarquiteta.com.br\/?p=95300"},"modified":"2023-09-27T08:25:30","modified_gmt":"2023-09-27T11:25:30","slug":"ideias-para-decorar-parede","status":"publish","type":"post","link":"https:\/\/www.aarquiteta.com.br\/blog\/ideias-para-decorar-parede\/","title":{"rendered":"Ideias Para Decorar Parede: Ensinamentos e Instru\u00e7\u00f5es Essenciais para Transformar o Ambiente."},"content":{"rendered":"<p>Decorar as paredes \u00e9 uma excelente maneira de transformar qualquer ambiente. Al\u00e9m de adicionar personalidade e estilo, a decora\u00e7\u00e3o das paredes pode criar uma atmosfera acolhedora e agrad\u00e1vel. Neste artigo, apresentaremos ideias criativas e instru\u00e7\u00f5es essenciais para ajud\u00e1-lo a decorar as paredes da sua casa de forma \u00fanica e impressionante.<\/p>\n<h3>1. Pintura de Parede<\/h3>\n<p>A pintura de parede \u00e9 uma das op\u00e7\u00f5es mais populares para decorar qualquer ambiente. Com uma paleta de cores adequada, voc\u00ea pode criar diferentes atmosferas e destacar os pontos fortes da sua decora\u00e7\u00e3o.<\/p>\n<p>Antes de come\u00e7ar, lembre-se de preparar bem a parede, limpando-a e aplicando uma dem\u00e3o de tinta primer para obter melhores resultados. Use cores que combinem com a decora\u00e7\u00e3o existente e n\u00e3o tenha medo de explorar diferentes texturas e t\u00e9cnicas de pintura.<\/p>\n<figure id=\"attachment_95310\" aria-describedby=\"caption-attachment-95310\" style=\"width: 1024px\" class=\"wp-caption alignnone\"><img decoding=\"async\" class=\"size-full wp-image-95310\" src=\"https:\/\/www.aarquiteta.com.br\/blog\/wp-content\/uploads\/2023\/09\/Ideias-Para-Decorar-Parede.jpg\" alt=\"Ideias Para Decorar Parede\" width=\"1024\" height=\"1024\" title=\"\" srcset=\"https:\/\/www.aarquiteta.com.br\/blog\/wp-content\/uploads\/2023\/09\/Ideias-Para-Decorar-Parede.jpg 1024w, https:\/\/www.aarquiteta.com.br\/blog\/wp-content\/uploads\/2023\/09\/Ideias-Para-Decorar-Parede-696x696.jpg 696w, https:\/\/www.aarquiteta.com.br\/blog\/wp-content\/uploads\/2023\/09\/Ideias-Para-Decorar-Parede-96x96.jpg 96w, https:\/\/www.aarquiteta.com.br\/blog\/wp-content\/uploads\/2023\/09\/Ideias-Para-Decorar-Parede-150x150.jpg 150w\" sizes=\"(max-width: 1024px) 100vw, 1024px\" \/><figcaption id=\"caption-attachment-95310\" class=\"wp-caption-text\">Ideias Para Decorar Parede<\/figcaption><\/figure>\n<h3>2. Papel de Parede<\/h3>\n<p>O papel de parede \u00e9 uma op\u00e7\u00e3o vers\u00e1til e pr\u00e1tica para decorar qualquer ambiente. Dispon\u00edvel em uma ampla variedade de estampas e texturas, o papel de parede pode adicionar profundidade e estilo ao espa\u00e7o.<\/p>\n<p>Antes de aplicar o papel de parede, verifique se a superf\u00edcie est\u00e1 limpa e lisa. Lembre-se de seguir as instru\u00e7\u00f5es do fabricante para uma aplica\u00e7\u00e3o adequada e duradoura.<\/p>\n<figure id=\"attachment_95313\" aria-describedby=\"caption-attachment-95313\" style=\"width: 1024px\" class=\"wp-caption alignnone\"><img decoding=\"async\" class=\"size-full wp-image-95313\" src=\"https:\/\/www.aarquiteta.com.br\/blog\/wp-content\/uploads\/2023\/09\/Ideias-Para-Decorar-Parede-2.jpg\" alt=\"Ideias Para Decorar Parede\" width=\"1024\" height=\"1024\" title=\"\" srcset=\"https:\/\/www.aarquiteta.com.br\/blog\/wp-content\/uploads\/2023\/09\/Ideias-Para-Decorar-Parede-2.jpg 1024w, https:\/\/www.aarquiteta.com.br\/blog\/wp-content\/uploads\/2023\/09\/Ideias-Para-Decorar-Parede-2-696x696.jpg 696w, https:\/\/www.aarquiteta.com.br\/blog\/wp-content\/uploads\/2023\/09\/Ideias-Para-Decorar-Parede-2-96x96.jpg 96w, https:\/\/www.aarquiteta.com.br\/blog\/wp-content\/uploads\/2023\/09\/Ideias-Para-Decorar-Parede-2-150x150.jpg 150w\" sizes=\"(max-width: 1024px) 100vw, 1024px\" \/><figcaption id=\"caption-attachment-95313\" class=\"wp-caption-text\">Ideias Para Decorar Parede<\/figcaption><\/figure>\n<h3>3. Quadros e Fotografias<\/h3>\n<p>Decorar as paredes com quadros e fotografias \u00e9 uma maneira personalizada de adicionar estilo e mem\u00f3rias aos seus espa\u00e7os. Misture diferentes tamanhos, estilos e cores de molduras para criar uma galeria \u00fanica na parede.<\/p>\n<p>Voc\u00ea pode optar por pendurar uma \u00fanica pe\u00e7a central ou criar um arranjo sim\u00e9trico ou assim\u00e9trico para adicionar dinamismo \u00e0 decora\u00e7\u00e3o.<\/p>\n<h3>4. Prateleiras Decorativas<\/h3>\n<p>As prateleiras decorativas s\u00e3o \u00f3timas para adicionar profundidade e funcionalidade \u00e0s paredes. Al\u00e9m de exibir objetos decorativos, voc\u00ea pode usar as prateleiras para organizar livros, plantas e outros elementos que complementem a decora\u00e7\u00e3o.<\/p>\n<p>Lembre-se de posicionar as prateleiras em alturas diferentes e brincar com a disposi\u00e7\u00e3o dos objetos para criar um visual interessante.<\/p>\n<figure id=\"attachment_95311\" aria-describedby=\"caption-attachment-95311\" style=\"width: 1024px\" class=\"wp-caption alignnone\"><img decoding=\"async\" class=\"size-full wp-image-95311\" src=\"https:\/\/www.aarquiteta.com.br\/blog\/wp-content\/uploads\/2023\/09\/Ideias-Para-Decorar-Parede-1.jpg\" alt=\"Ideias Para Decorar Parede\" width=\"1024\" height=\"1024\" title=\"\" srcset=\"https:\/\/www.aarquiteta.com.br\/blog\/wp-content\/uploads\/2023\/09\/Ideias-Para-Decorar-Parede-1.jpg 1024w, https:\/\/www.aarquiteta.com.br\/blog\/wp-content\/uploads\/2023\/09\/Ideias-Para-Decorar-Parede-1-696x696.jpg 696w, https:\/\/www.aarquiteta.com.br\/blog\/wp-content\/uploads\/2023\/09\/Ideias-Para-Decorar-Parede-1-96x96.jpg 96w, https:\/\/www.aarquiteta.com.br\/blog\/wp-content\/uploads\/2023\/09\/Ideias-Para-Decorar-Parede-1-150x150.jpg 150w\" sizes=\"(max-width: 1024px) 100vw, 1024px\" \/><figcaption id=\"caption-attachment-95311\" class=\"wp-caption-text\">Ideias Para Decorar Parede<\/figcaption><\/figure>\n<h3>5. Adesivos de Parede<\/h3>\n<p>Os adesivos de parede s\u00e3o uma alternativa r\u00e1pida e f\u00e1cil para decorar as paredes. Dispon\u00edveis em uma ampla variedade de padr\u00f5es e temas, os adesivos podem adicionar um toque criativo e personalizado ao ambiente.<\/p>\n<p>Eles s\u00e3o especialmente populares para decorar quartos infantis, pois podem ser facilmente removidos quando necess\u00e1rio.<\/p>\n<h3>6. Espelhos Decorativos<\/h3>\n<p>Os espelhos decorativos s\u00e3o perfeitos para adicionar luz e profundidade aos espa\u00e7os. Al\u00e9m de funcionais, eles podem ser usados como pe\u00e7as decorativas em qualquer ambiente. Opte por espelhos com molduras interessantes para adicionar um toque de eleg\u00e2ncia e sofistica\u00e7\u00e3o \u00e0 decora\u00e7\u00e3o da parede.<\/p>\n<h3>7. Murais de Parede<\/h3>\n<p>Se voc\u00ea quiser criar uma atmosfera \u00fanica e impactante, considere a op\u00e7\u00e3o de pintar um mural de parede. Murais de parede podem ser personalizados de acordo com as suas prefer\u00eancias e s\u00e3o ideais para adicionar um toque art\u00edstico a qualquer ambiente.<\/p>\n<p>Contrate um artista local ou coloque a m\u00e3o na massa e crie o seu pr\u00f3prio mural!<\/p>\n<figure id=\"attachment_95312\" aria-describedby=\"caption-attachment-95312\" style=\"width: 1024px\" class=\"wp-caption alignnone\"><img decoding=\"async\" class=\"size-full wp-image-95312\" src=\"https:\/\/www.aarquiteta.com.br\/blog\/wp-content\/uploads\/2023\/09\/Ideias-Para-Decorar-Parede-3.jpg\" alt=\"Ideias Para Decorar Parede\" width=\"1024\" height=\"1024\" title=\"\" srcset=\"https:\/\/www.aarquiteta.com.br\/blog\/wp-content\/uploads\/2023\/09\/Ideias-Para-Decorar-Parede-3.jpg 1024w, https:\/\/www.aarquiteta.com.br\/blog\/wp-content\/uploads\/2023\/09\/Ideias-Para-Decorar-Parede-3-696x696.jpg 696w, https:\/\/www.aarquiteta.com.br\/blog\/wp-content\/uploads\/2023\/09\/Ideias-Para-Decorar-Parede-3-96x96.jpg 96w, https:\/\/www.aarquiteta.com.br\/blog\/wp-content\/uploads\/2023\/09\/Ideias-Para-Decorar-Parede-3-150x150.jpg 150w\" sizes=\"(max-width: 1024px) 100vw, 1024px\" \/><figcaption id=\"caption-attachment-95312\" class=\"wp-caption-text\">Ideias Para Decorar Parede<\/figcaption><\/figure>\n<h3>8. Rel\u00f3gios de Parede<\/h3>\n<p>Al\u00e9m de serem funcionais, os rel\u00f3gios de parede tamb\u00e9m podem ser elementos decorativos interessantes. Existem diversos estilos e tamanhos para escolher, permitindo que voc\u00ea encontre o rel\u00f3gio perfeito para complementar a decora\u00e7\u00e3o da parede.<\/p>\n<p>Coloque-o em um local de destaque para adicionar um toque sofisticado e \u00fatil ao ambiente.<\/p>\n<h3>9. Pratos Decorativos<\/h3>\n<p>Pratos decorativos s\u00e3o uma op\u00e7\u00e3o surpreendente e elegante para decorar as paredes. Voc\u00ea pode escolher pratos com estampas ou cores bonitas e agrup\u00e1-los em um \u00fanico ponto da parede.<\/p>\n<p>O resultado ser\u00e1 uma decora\u00e7\u00e3o interessante e \u00fanica que certamente chamar\u00e1 a aten\u00e7\u00e3o de seus convidados.<\/p>\n<h3>10. Letreiros e Frases<\/h3>\n<p>Os letreiros e frases s\u00e3o uma maneira divertida e criativa de adicionar estilo \u00e0s paredes. Escolha uma palavra ou frase significativa e coloque-a em destaque em uma parede.<\/p>\n<p>Voc\u00ea pode optar por letreiros de neon, letras de madeira ou at\u00e9 mesmo escrever a frase diretamente na parede com tinta. Seja criativo e deixe sua personalidade brilhar!<\/p>\n<h2>Perguntas Mais Frequentes:<\/h2>\n<h3>Como escolher a cor ideal para pintar a parede?<\/h3>\n<p>A escolha da cor ideal para pintar a parede depende do estilo de decora\u00e7\u00e3o do ambiente e da atmosfera que voc\u00ea deseja criar.<\/p>\n<p>Cores quentes, como vermelho e laranja, podem adicionar energia e alegria, enquanto cores frias, como azul e verde, podem criar uma sensa\u00e7\u00e3o de relaxamento. Considere tamb\u00e9m o tamanho do espa\u00e7o e a quantidade de luz natural dispon\u00edvel.<\/p>\n<h3>Posso remover o papel de parede facilmente?<\/h3>\n<p>Sim, a remo\u00e7\u00e3o do papel de parede pode ser f\u00e1cil se for feita corretamente. Existem produtos espec\u00edficos para amolecer a cola do papel de parede, tornando o processo de remo\u00e7\u00e3o mais simples.<\/p>\n<p>Lembre-se de seguir as instru\u00e7\u00f5es do fabricante e ter paci\u00eancia para evitar danificar a parede durante a remo\u00e7\u00e3o.<\/p>\n<h3>Como organizar as prateleiras decorativas de forma harmoniosa?<\/h3>\n<p>Para organizar as prateleiras decorativas de forma harmoniosa, comece selecionando os objetos que deseja exibir. Em seguida, distribua os objetos de maneira equilibrada nas prateleiras, considerando seus tamanhos e formas.<\/p>\n<p>Lembre-se de deixar espa\u00e7os vazios para evitar uma apar\u00eancia desordenada e brinque com a altura dos objetos para criar um visual interessante.<\/p>\n<h3>Qual \u00e9 o tamanho ideal para um espelho decorativo?<\/h3>\n<p>N\u00e3o h\u00e1 um tamanho ideal para um espelho decorativo, pois isso depender\u00e1 do espa\u00e7o dispon\u00edvel e do estilo da decora\u00e7\u00e3o. Considere o equil\u00edbrio visual e a propor\u00e7\u00e3o do espelho em rela\u00e7\u00e3o aos outros elementos presentes na parede.<\/p>\n<p>Um espelho grande pode ser uma pe\u00e7a central impressionante, enquanto v\u00e1rios espelhos menores criam um arranjo divertido.<\/p>\n<h3>Como posso proteger os pratos decorativos pendurados na parede?<\/h3>\n<p>Para proteger os pratos decorativos pendurados na parede, \u00e9 importante utilizar ganchos adequados e verificar se eles est\u00e3o seguros e bem fixados. Evite pendurar pratos decorativos em \u00e1reas movimentadas ou onde possam ser acidentalmente danificados.<\/p>\n<p>Al\u00e9m disso, considere a utiliza\u00e7\u00e3o de protetores adesivos transparentes para evitar arranh\u00f5es ou deslizamentos.<\/p>\n<h3>Existe um limite para o tamanho das letras em um letreiro de parede?<\/h3>\n<p>N\u00e3o h\u00e1 um limite fixo para o tamanho das letras em um letreiro de parede, mas \u00e9 importante considerar o espa\u00e7o dispon\u00edvel e a legibilidade da mensagem. Letras muito pequenas podem ser dif\u00edceis de ler \u00e0 dist\u00e2ncia, enquanto letras muito grandes podem dominar o ambiente.<\/p>\n<p>Encontre um equil\u00edbrio que esteja de acordo com o estilo e propor\u00e7\u00e3o do espa\u00e7o onde o letreiro ser\u00e1 colocado.<\/p>\n<p>A decora\u00e7\u00e3o das paredes pode transformar completamente um ambiente, adicionando personalidade e estilo. Esperamos que essas ideias e instru\u00e7\u00f5es essenciais tenham inspirado voc\u00ea a adicionar um toque \u00fanico \u00e0s suas paredes.<\/p>\n<p>Lembre-se de escolher as op\u00e7\u00f5es que mais combinam com o seu gosto pessoal e aproveite a transforma\u00e7\u00e3o do ambiente.<\/p>\n<h3>Curiosidade:<\/h3>\n<p>Voc\u00ea sabia que a psicologia das cores tamb\u00e9m pode influenciar o seu humor e emo\u00e7\u00f5es? As cores escolhidas para a decora\u00e7\u00e3o das paredes podem criar diferentes sensa\u00e7\u00f5es e desempenhar um papel importante na atmosfera geral de um espa\u00e7o.<\/p>\n<p>Portanto, escolha com cuidado as cores que mais lhe agradam e que promovam uma sensa\u00e7\u00e3o de bem-estar.<\/p>\n<p>Agradecemos por ler este artigo e esperamos que ele tenha sido \u00fatil. N\u00e3o deixe de conferir os pr\u00f3ximos posts para mais dicas e ideias incr\u00edveis para decorar seu ambiente. At\u00e9 a pr\u00f3xima!<\/p>\n<p><strong>Espero que este artigo tenha ajudado voc\u00ea!<\/strong><\/p>\n<p>Ent\u00e3o deslize a tela para baixo e<a href=\"https:\/\/br.pinterest.com\/aarquitetapinterest\/_created\/\" target=\"_blank\" rel=\"noopener\">\u00a0confira mais dicas<\/a>\u00a0como esta e n\u00e3o se esque\u00e7a de compartilhar com os amigos!<\/p>\n<p>Quer mais dicas sobre o mundo da\u00a0<a href=\"https:\/\/www.aarquiteta.com.br\/blog\/o-que-e-arquitetura\/\">arquitetura<\/a>\u00a0e\u00a0<a href=\"https:\/\/www.aarquiteta.com.br\/blog\/decoracao\/\">Decora\u00e7\u00e3o<\/a>, ent\u00e3o confira alguns dos nossos artigos em:<\/p>\n<ul>\n<li><a href=\"https:\/\/www.aarquiteta.com.br\/blog\/paisagismo\/\" target=\"_blank\" rel=\"noopener\">Casa e Jardim<\/a><\/li>\n<li><a href=\"https:\/\/www.aarquiteta.com.br\/blog\/arquitetura\/mundo-arquitetura\/\" target=\"_blank\" rel=\"noopener\">Mundo Arquitetura<\/a><\/li>\n<li><a href=\"https:\/\/www.aarquiteta.com.br\/decoracao\/\" target=\"_blank\" rel=\"noopener\">Decora\u00e7\u00e3o\u00a0<\/a><\/li>\n<\/ul>\n","protected":false},"excerpt":{"rendered":"<p>Encontre aqui ensinamentos e instru\u00e7\u00f5es essenciais para transformar o ambiente atrav\u00e9s de sugest\u00f5es e caminhos de decora\u00e7\u00e3o de parede. Aprenda a criar um ambiente \u00fanico com as melhores indica\u00e7\u00f5es e aprendizados.<\/p>\n","protected":false},"author":102,"featured_media":95310,"comment_status":"closed","ping_status":"closed","sticky":false,"template":"","format":"standard","meta":{"footnotes":""},"categories":[1484],"tags":[],"class_list":["post-95300","post","type-post","status-publish","format-standard","has-post-thumbnail","category-decoracao"],"_wp_attached_file":null,"_wp_attachment_metadata":null,"_wp_attachment_context":null,"_wp_attachment_is_custom_header":null,"geo_longitude":null,"geo_public":null,"geo_latitude":null,"_publicize_done_external":null,"_wpas_done_3897181":null,"publicize_twitter_user":null,"_wpas_done_3897175":null,"_wpas_skip_3897181":null,"_wpas_skip_3897175":null,"_wpas_skip_3924723":null,"_wpas_mess":null,"_wpas_done_3924723":null,"wps_subtitle":"","_links":{"self":[{"href":"https:\/\/www.aarquiteta.com.br\/blog\/wp-json\/wp\/v2\/posts\/95300","targetHints":{"allow":["GET"]}}],"collection":[{"href":"https:\/\/www.aarquiteta.com.br\/blog\/wp-json\/wp\/v2\/posts"}],"about":[{"href":"https:\/\/www.aarquiteta.com.br\/blog\/wp-json\/wp\/v2\/types\/post"}],"author":[{"embeddable":true,"href":"https:\/\/www.aarquiteta.com.br\/blog\/wp-json\/wp\/v2\/users\/102"}],"replies":[{"embeddable":true,"href":"https:\/\/www.aarquiteta.com.br\/blog\/wp-json\/wp\/v2\/comments?post=95300"}],"version-history":[{"count":0,"href":"https:\/\/www.aarquiteta.com.br\/blog\/wp-json\/wp\/v2\/posts\/95300\/revisions"}],"wp:featuredmedia":[{"embeddable":true,"href":"https:\/\/www.aarquiteta.com.br\/blog\/wp-json\/wp\/v2\/media\/95310"}],"wp:attachment":[{"href":"https:\/\/www.aarquiteta.com.br\/blog\/wp-json\/wp\/v2\/media?parent=95300"}],"wp:term":[{"taxonomy":"category","embeddable":true,"href":"https:\/\/www.aarquiteta.com.br\/blog\/wp-json\/wp\/v2\/categories?post=95300"},{"taxonomy":"post_tag","embeddable":true,"href":"https:\/\/www.aarquiteta.com.br\/blog\/wp-json\/wp\/v2\/tags?post=95300"}],"curies":[{"name":"wp","href":"https:\/\/api.w.org\/{rel}","templated":true}]}}