{"id":95293,"date":"2023-09-29T12:00:18","date_gmt":"2023-09-29T15:00:18","guid":{"rendered":"http:\/\/aarquiteta.com.br\/?p=95293"},"modified":"2023-09-29T11:16:41","modified_gmt":"2023-09-29T14:16:41","slug":"ideias-para-decorar-parede-da-sala","status":"publish","type":"post","link":"https:\/\/www.aarquiteta.com.br\/blog\/ideias-para-decorar-parede-da-sala\/","title":{"rendered":"Ideias para decorar parede da sala: Sugest\u00f5es criativas e inspiradoras."},"content":{"rendered":"<article>A decora\u00e7\u00e3o de uma sala pode transformar completamente o ambiente, tornando-o mais acolhedor, estiloso e personalizado. Uma forma de adicionar charme e personalidade ao espa\u00e7o \u00e9 atrav\u00e9s da decora\u00e7\u00e3o das paredes. Neste artigo, apresentaremos algumas ideias criativas e inspiradoras para voc\u00ea decorar a parede da sua sala.<\/article>\n<article><\/article>\n<article><\/article>\n<article>Seja voc\u00ea um amante de arte, um adepto do estilo minimalista ou um entusiasta de plantas, h\u00e1 diversas op\u00e7\u00f5es para tornar a sua parede um ponto focal na decora\u00e7\u00e3o da sua sala.<img decoding=\"async\" class=\"size-full wp-image-95369\" style=\"display: none;\" src=\"https:\/\/www.aarquiteta.com.br\/blog\/wp-content\/uploads\/2023\/09\/Ideias-para-decorar-parede-da-sala-Sugestoes-criativas-e-inspiradoras-1.jpg\" alt=\"Ideias para decorar parede da sala Sugest\u00f5es criativas e inspiradoras\" width=\"1024\" height=\"1024\" title=\"\" srcset=\"https:\/\/www.aarquiteta.com.br\/blog\/wp-content\/uploads\/2023\/09\/Ideias-para-decorar-parede-da-sala-Sugestoes-criativas-e-inspiradoras-1.jpg 1024w, https:\/\/www.aarquiteta.com.br\/blog\/wp-content\/uploads\/2023\/09\/Ideias-para-decorar-parede-da-sala-Sugestoes-criativas-e-inspiradoras-1-696x696.jpg 696w, https:\/\/www.aarquiteta.com.br\/blog\/wp-content\/uploads\/2023\/09\/Ideias-para-decorar-parede-da-sala-Sugestoes-criativas-e-inspiradoras-1-96x96.jpg 96w, https:\/\/www.aarquiteta.com.br\/blog\/wp-content\/uploads\/2023\/09\/Ideias-para-decorar-parede-da-sala-Sugestoes-criativas-e-inspiradoras-1-150x150.jpg 150w\" sizes=\"(max-width: 1024px) 100vw, 1024px\" \/><\/p>\n<figure id=\"attachment_95369\" aria-describedby=\"caption-attachment-95369\" style=\"width: 1024px\" class=\"wp-caption alignnone\"><img decoding=\"async\" class=\"size-full wp-image-95369\" src=\"https:\/\/www.aarquiteta.com.br\/blog\/wp-content\/uploads\/2023\/09\/Ideias-para-decorar-parede-da-sala-Sugestoes-criativas-e-inspiradoras-1.jpg\" alt=\"Ideias para decorar parede da sala Sugest\u00f5es criativas e inspiradoras\" width=\"1024\" height=\"1024\" title=\"\" srcset=\"https:\/\/www.aarquiteta.com.br\/blog\/wp-content\/uploads\/2023\/09\/Ideias-para-decorar-parede-da-sala-Sugestoes-criativas-e-inspiradoras-1.jpg 1024w, https:\/\/www.aarquiteta.com.br\/blog\/wp-content\/uploads\/2023\/09\/Ideias-para-decorar-parede-da-sala-Sugestoes-criativas-e-inspiradoras-1-696x696.jpg 696w, https:\/\/www.aarquiteta.com.br\/blog\/wp-content\/uploads\/2023\/09\/Ideias-para-decorar-parede-da-sala-Sugestoes-criativas-e-inspiradoras-1-96x96.jpg 96w, https:\/\/www.aarquiteta.com.br\/blog\/wp-content\/uploads\/2023\/09\/Ideias-para-decorar-parede-da-sala-Sugestoes-criativas-e-inspiradoras-1-150x150.jpg 150w\" sizes=\"(max-width: 1024px) 100vw, 1024px\" \/><figcaption id=\"caption-attachment-95369\" class=\"wp-caption-text\">Ideias para decorar parede da sala Sugest\u00f5es criativas e inspiradoras<\/figcaption><\/figure>\n<h3>Criando uma galeria de arte<\/h3>\n<p>Uma maneira de adicionar eleg\u00e2ncia e estilo \u00e0 sua sala \u00e9 criando uma galeria de arte na parede. Ao inv\u00e9s de escolher um \u00fanico quadro, voc\u00ea pode agrupar diferentes obras em uma composi\u00e7\u00e3o harm\u00f4nica.<\/p>\n<p>Utilize molduras de tamanhos, formas e estilos diferentes para criar um visual interessante. Para garantir uma apar\u00eancia coesa, escolha um tema ou paleta de cores para as obras. Al\u00e9m de quadros, voc\u00ea tamb\u00e9m pode incluir fotografias, p\u00f4steres e at\u00e9 mesmo objetos tridimensionais para adicionar variedade.<\/p>\n<h4>Como escolher as obras de arte<\/h4>\n<p>Na hora de escolher as obras de arte para a sua galeria, \u00e9 importante considerar o estilo da sua sala e o seu pr\u00f3prio gosto pessoal. Voc\u00ea pode optar por pinturas cl\u00e1ssicas, fotografias contempor\u00e2neas, ilustra\u00e7\u00f5es abstratas ou at\u00e9 mesmo obras de arte feitas por artistas locais.<\/p>\n<p>Busque obras que transmitam emo\u00e7\u00e3o e que combinem com a energia do ambiente. Seja criativo e misture diferentes estilos e t\u00e9cnicas para criar uma composi\u00e7\u00e3o \u00fanica.<\/p>\n<figure id=\"attachment_95367\" aria-describedby=\"caption-attachment-95367\" style=\"width: 1024px\" class=\"wp-caption alignnone\"><img decoding=\"async\" class=\"size-full wp-image-95367\" src=\"https:\/\/www.aarquiteta.com.br\/blog\/wp-content\/uploads\/2023\/09\/Ideias-para-decorar-parede-da-sala-Sugestoes-criativas-e-inspiradoras.jpg\" alt=\"Ideias para decorar parede da sala Sugest\u00f5es criativas e inspiradoras\" width=\"1024\" height=\"1024\" title=\"\" srcset=\"https:\/\/www.aarquiteta.com.br\/blog\/wp-content\/uploads\/2023\/09\/Ideias-para-decorar-parede-da-sala-Sugestoes-criativas-e-inspiradoras.jpg 1024w, https:\/\/www.aarquiteta.com.br\/blog\/wp-content\/uploads\/2023\/09\/Ideias-para-decorar-parede-da-sala-Sugestoes-criativas-e-inspiradoras-696x696.jpg 696w, https:\/\/www.aarquiteta.com.br\/blog\/wp-content\/uploads\/2023\/09\/Ideias-para-decorar-parede-da-sala-Sugestoes-criativas-e-inspiradoras-96x96.jpg 96w, https:\/\/www.aarquiteta.com.br\/blog\/wp-content\/uploads\/2023\/09\/Ideias-para-decorar-parede-da-sala-Sugestoes-criativas-e-inspiradoras-150x150.jpg 150w\" sizes=\"(max-width: 1024px) 100vw, 1024px\" \/><figcaption id=\"caption-attachment-95367\" class=\"wp-caption-text\">Ideias para decorar parede da sala Sugest\u00f5es criativas e inspiradoras<\/figcaption><\/figure>\n<h3>Parede de destaque com papel de parede<\/h3>\n<p>Outra maneira de decorar a parede da sua sala \u00e9 atrav\u00e9s do uso de papel de parede. Com uma infinidade de padr\u00f5es, cores e texturas dispon\u00edveis, o papel de parede pode transformar completamente o visual do ambiente.<\/p>\n<p>Escolha uma parede para ser o destaque e aplique o papel de parede nela. Pode ser uma parede pr\u00f3xima ao sof\u00e1, atr\u00e1s do televisor ou at\u00e9 mesmo pr\u00f3ximo \u00e0 mesa de jantar. Essa t\u00e9cnica \u00e9 especialmente eficaz em salas com tons neutros, adicionando um toque de personalidade e estilo.<\/p>\n<h4>Como escolher o papel de parede<\/h4>\n<p>Quando for escolher o papel de parede, leve em considera\u00e7\u00e3o o estilo da sua sala e o seu pr\u00f3prio gosto pessoal. Se voc\u00ea prefere um estilo mais cl\u00e1ssico, opte por padr\u00f5es discretos e cores suaves. Para um estilo mais ousado e moderno, escolha estampas geom\u00e9tricas, florais ou texturas marcantes.<\/p>\n<p>Al\u00e9m disso, considere a ilumina\u00e7\u00e3o da sua sala, pois o papel de parede pode refletir ou absorver a luz, afetando a atmosfera do ambiente.<\/p>\n<figure id=\"attachment_95368\" aria-describedby=\"caption-attachment-95368\" style=\"width: 1024px\" class=\"wp-caption alignnone\"><img decoding=\"async\" class=\"size-full wp-image-95368\" src=\"https:\/\/www.aarquiteta.com.br\/blog\/wp-content\/uploads\/2023\/09\/Ideias-para-decorar-parede-da-sala-Sugestoes-criativas-e-inspiradoras-2.jpg\" alt=\"Ideias para decorar parede da sala Sugest\u00f5es criativas e inspiradoras\" width=\"1024\" height=\"1024\" title=\"\" srcset=\"https:\/\/www.aarquiteta.com.br\/blog\/wp-content\/uploads\/2023\/09\/Ideias-para-decorar-parede-da-sala-Sugestoes-criativas-e-inspiradoras-2.jpg 1024w, https:\/\/www.aarquiteta.com.br\/blog\/wp-content\/uploads\/2023\/09\/Ideias-para-decorar-parede-da-sala-Sugestoes-criativas-e-inspiradoras-2-696x696.jpg 696w, https:\/\/www.aarquiteta.com.br\/blog\/wp-content\/uploads\/2023\/09\/Ideias-para-decorar-parede-da-sala-Sugestoes-criativas-e-inspiradoras-2-96x96.jpg 96w, https:\/\/www.aarquiteta.com.br\/blog\/wp-content\/uploads\/2023\/09\/Ideias-para-decorar-parede-da-sala-Sugestoes-criativas-e-inspiradoras-2-150x150.jpg 150w\" sizes=\"(max-width: 1024px) 100vw, 1024px\" \/><figcaption id=\"caption-attachment-95368\" class=\"wp-caption-text\">Ideias para decorar parede da sala Sugest\u00f5es criativas e inspiradoras<\/figcaption><\/figure>\n<h3>Hortas verticais e plantas suspensas<\/h3>\n<p>Se voc\u00ea \u00e9 um amante da natureza, uma \u00f3tima op\u00e7\u00e3o para decorar a parede da sua sala \u00e9 com hortas verticais e plantas suspensas. Al\u00e9m de adicionar vida e frescor ao ambiente, as plantas tamb\u00e9m purificam o ar e criam uma atmosfera relaxante. Voc\u00ea pode criar uma horta vertical com suportes para vasos ou utilizar prateleiras suspensas para colocar diferentes plantas.<\/p>\n<p>Escolha plantas que se adaptam bem \u00e0 luz e ventila\u00e7\u00e3o da sua sala, como samambaias, suculentas e heras.<\/p>\n<h4>Cuidados com as plantas<\/h4>\n<p>Para manter suas plantas saud\u00e1veis e bonitas, \u00e9 importante oferecer os cuidados adequados. Certifique-se de fornecer \u00e1gua na medida certa, evitar exposi\u00e7\u00e3o direta ao sol, fertilizar regularmente e podar quando necess\u00e1rio. Al\u00e9m disso, verifique se as plantas escolhidas s\u00e3o seguras para animais de estima\u00e7\u00e3o, caso voc\u00ea tenha algum em casa.<\/p>\n<h2>Perguntas Mais Frequentes<\/h2>\n<h3>Qual o tamanho ideal das molduras para criar uma galeria de arte?<\/h3>\n<p>O tamanho ideal das molduras para criar uma galeria de arte depende do espa\u00e7o dispon\u00edvel e do visual que voc\u00ea deseja alcan\u00e7ar. Voc\u00ea pode misturar molduras de tamanhos diferentes para criar um efeito despojado e moderno, ou optar por molduras do mesmo tamanho para uma composi\u00e7\u00e3o mais cl\u00e1ssica.<\/p>\n<p>Lembre-se de considerar o tamanho das obras de arte e o espa\u00e7o dispon\u00edvel na parede.<\/p>\n<h3>Posso aplicar papel de parede em todas as paredes da sala?<\/h3>\n<p>Embora seja poss\u00edvel aplicar papel de parede em todas as paredes da sala, isso pode tornar o ambiente visualmente carregado. \u00c9 recomendado escolher uma parede para ser o destaque e aplicar o papel de parede apenas nela.<\/p>\n<p>Dessa forma, voc\u00ea cria um ponto focal na decora\u00e7\u00e3o e evita que o ambiente fique sobrecarregado.<\/p>\n<h3>Quais plantas s\u00e3o ideais para hortas verticais em ambientes internos?<\/h3>\n<p>Algumas plantas que s\u00e3o ideais para hortas verticais em ambientes internos incluem manjeric\u00e3o, tomilho, alecrim, salsinha, hortel\u00e3 e cebolinha.<\/p>\n<p>Essas ervas podem ser facilmente cultivadas em vasos suspensos e adicionam sabor e frescor \u00e0s suas refei\u00e7\u00f5es. Al\u00e9m das ervas, voc\u00ea tamb\u00e9m pode optar por cultivar plantas ornamentais, como samambaias e beg\u00f4nias.<\/p>\n<h3>Quantas plantas devo ter em uma parede com plantas suspensas?<\/h3>\n<p>O n\u00famero de plantas em uma parede com plantas suspensas varia de acordo com o tamanho da parede e o efeito visual desejado. Voc\u00ea pode escolher ter poucas plantas como ponto focal, ou preencher a parede com v\u00e1rias plantas para criar um jardim vertical exuberante.<\/p>\n<p>Lembre-se de considerar a ilumina\u00e7\u00e3o, ventila\u00e7\u00e3o e espa\u00e7o dispon\u00edvel para garantir que as plantas cres\u00e7am saud\u00e1veis.<\/p>\n<h3>Como cuidar de plantas suspensas em ambientes internos?<\/h3>\n<p>Para cuidar de plantas suspensas em ambientes internos, \u00e9 importante oferecer os cuidados adequados, como regar regularmente, fornecer ilumina\u00e7\u00e3o adequada e garantir uma boa circula\u00e7\u00e3o de ar. Verifique se as plantas est\u00e3o recebendo a quantidade de luz necess\u00e1ria para o seu crescimento saud\u00e1vel.<\/p>\n<p>Al\u00e9m disso, lembre-se de verificar se o vaso tem um sistema de drenagem para evitar o ac\u00famulo de \u00e1gua.<\/p>\n<h2>Conclus\u00e3o<\/h2>\n<p>Decorar a parede da sala \u00e9 uma excelente maneira de adicionar estilo e personalidade ao ambiente. Seja atrav\u00e9s de uma galeria de arte, papel de parede ou plantas suspensas, as op\u00e7\u00f5es s\u00e3o diversas. Lembre-se de escolher elementos que reflitam o seu estilo pessoal e combinem com a energia do espa\u00e7o. Aproveite as ideias sugeridas neste artigo e deixe a parede da sua sala ainda mais bonita e inspiradora.<\/p>\n<p>E a\u00ed, qual ideia voc\u00ea mais gostou? Deixe sua criatividade fluir e transforme a parede da sua sala em um verdadeiro destaque. A decora\u00e7\u00e3o da sua casa reflete quem voc\u00ea \u00e9, ent\u00e3o aproveite para mostrar sua personalidade atrav\u00e9s das paredes.<\/p>\n<p>Esperamos que este artigo tenha sido \u00fatil e inspirador para voc\u00ea. E lembre-se, a decora\u00e7\u00e3o \u00e9 um processo cont\u00ednuo, ent\u00e3o divirta-se experimentando diferentes ideias e criando um ambiente que seja verdadeiramente seu.<\/p>\n<p><strong>Espero que este artigo tenha ajudado voc\u00ea!<\/strong><\/p>\n<p>Ent\u00e3o deslize a tela para baixo e<a href=\"https:\/\/br.pinterest.com\/aarquitetapinterest\/_created\/\" target=\"_blank\" rel=\"noopener\">\u00a0confira mais dicas<\/a>\u00a0como esta e n\u00e3o se esque\u00e7a de compartilhar com os amigos!<\/p>\n<p>Quer mais dicas sobre o mundo da\u00a0<a href=\"https:\/\/www.aarquiteta.com.br\/blog\/o-que-e-arquitetura\/\">arquitetura<\/a>\u00a0e\u00a0<a href=\"https:\/\/www.aarquiteta.com.br\/blog\/decoracao\/\">Decora\u00e7\u00e3o<\/a>, ent\u00e3o confira alguns dos nossos artigos em:<\/p>\n<ul>\n<li><a href=\"https:\/\/www.aarquiteta.com.br\/blog\/paisagismo\/\" target=\"_blank\" rel=\"noopener\">Casa e Jardim<\/a><\/li>\n<li><a href=\"https:\/\/www.aarquiteta.com.br\/blog\/arquitetura\/mundo-arquitetura\/\" target=\"_blank\" rel=\"noopener\">Mundo Arquitetura<\/a><\/li>\n<li><a href=\"https:\/\/www.aarquiteta.com.br\/decoracao\/\" target=\"_blank\" rel=\"noopener\">Decora\u00e7\u00e3o\u00a0<\/a><\/li>\n<\/ul>\n<\/article>\n","protected":false},"excerpt":{"rendered":"<p>Teachings, instructions, suggestions, and creative ways to decorate the walls of your living room. Get inspired with these innovative and inspiring ideas!<\/p>\n","protected":false},"author":102,"featured_media":95369,"comment_status":"closed","ping_status":"closed","sticky":false,"template":"","format":"standard","meta":{"footnotes":""},"categories":[1484],"tags":[7053,5425,2728,1513,2173],"class_list":["post-95293","post","type-post","status-publish","format-standard","has-post-thumbnail","category-decoracao","tag-decoracao-de-parede","tag-estilo","tag-ideias-criativas","tag-inspiracao","tag-sala-de-estar"],"_wp_attached_file":null,"_wp_attachment_metadata":null,"_wp_attachment_context":null,"_wp_attachment_is_custom_header":null,"geo_longitude":null,"geo_public":null,"geo_latitude":null,"_publicize_done_external":null,"_wpas_done_3897181":null,"publicize_twitter_user":null,"_wpas_done_3897175":null,"_wpas_skip_3897181":null,"_wpas_skip_3897175":null,"_wpas_skip_3924723":null,"_wpas_mess":null,"_wpas_done_3924723":null,"wps_subtitle":"","_links":{"self":[{"href":"https:\/\/www.aarquiteta.com.br\/blog\/wp-json\/wp\/v2\/posts\/95293","targetHints":{"allow":["GET"]}}],"collection":[{"href":"https:\/\/www.aarquiteta.com.br\/blog\/wp-json\/wp\/v2\/posts"}],"about":[{"href":"https:\/\/www.aarquiteta.com.br\/blog\/wp-json\/wp\/v2\/types\/post"}],"author":[{"embeddable":true,"href":"https:\/\/www.aarquiteta.com.br\/blog\/wp-json\/wp\/v2\/users\/102"}],"replies":[{"embeddable":true,"href":"https:\/\/www.aarquiteta.com.br\/blog\/wp-json\/wp\/v2\/comments?post=95293"}],"version-history":[{"count":0,"href":"https:\/\/www.aarquiteta.com.br\/blog\/wp-json\/wp\/v2\/posts\/95293\/revisions"}],"wp:featuredmedia":[{"embeddable":true,"href":"https:\/\/www.aarquiteta.com.br\/blog\/wp-json\/wp\/v2\/media\/95369"}],"wp:attachment":[{"href":"https:\/\/www.aarquiteta.com.br\/blog\/wp-json\/wp\/v2\/media?parent=95293"}],"wp:term":[{"taxonomy":"category","embeddable":true,"href":"https:\/\/www.aarquiteta.com.br\/blog\/wp-json\/wp\/v2\/categories?post=95293"},{"taxonomy":"post_tag","embeddable":true,"href":"https:\/\/www.aarquiteta.com.br\/blog\/wp-json\/wp\/v2\/tags?post=95293"}],"curies":[{"name":"wp","href":"https:\/\/api.w.org\/{rel}","templated":true}]}}