{"id":95289,"date":"2023-09-30T07:00:25","date_gmt":"2023-09-30T10:00:25","guid":{"rendered":"http:\/\/aarquiteta.com.br\/?p=95289"},"modified":"2023-09-29T12:56:54","modified_gmt":"2023-09-29T15:56:54","slug":"ideias-de-decoracao-para-sala-pequena","status":"publish","type":"post","link":"https:\/\/www.aarquiteta.com.br\/blog\/ideias-de-decoracao-para-sala-pequena\/","title":{"rendered":"Ideias de decora\u00e7\u00e3o para sala pequena: Aprendizados e Orienta\u00e7\u00f5es para otimizar o espa\u00e7o."},"content":{"rendered":"<p>Neste artigo, apresentaremos diversas ideias e orienta\u00e7\u00f5es para voc\u00ea otimizar o espa\u00e7o de sua sala pequena. Com algumas dicas de decora\u00e7\u00e3o inteligentes, voc\u00ea conseguir\u00e1 transformar esse ambiente em um espa\u00e7o aconchegante e funcional. Aproveite as informa\u00e7\u00f5es a seguir e deixe sua criatividade fluir na hora de decorar!<\/p>\n<h3>1. Cores claras: a ilus\u00e3o de espa\u00e7o<\/h3>\n<p>Quando se trata de c\u00f4modos pequenos, \u00e9 sempre aconselh\u00e1vel optar por cores claras nas paredes. Tons como branco, bege e cinza-claro conseguem criar a ilus\u00e3o de um ambiente mais amplo. Dessa forma, sua sala parecer\u00e1 visualmente mais espa\u00e7osa e arejada.<\/p>\n<h4>1.1 M\u00f3veis da mesma cor<\/h4>\n<p>Uma dica complementar \u00e9 investir em m\u00f3veis que sigam a mesma paleta de cores das paredes. Essa t\u00e9cnica ajuda a integrar os m\u00f3veis ao ambiente, evitando a sensa\u00e7\u00e3o de satura\u00e7\u00e3o visual e contribuindo para a sensa\u00e7\u00e3o de amplitude.<\/p>\n<figure id=\"attachment_95382\" aria-describedby=\"caption-attachment-95382\" style=\"width: 1024px\" class=\"wp-caption alignnone\"><img decoding=\"async\" class=\"size-full wp-image-95382\" src=\"https:\/\/www.aarquiteta.com.br\/blog\/wp-content\/uploads\/2023\/09\/Ideias-de-decoracao-para-sala-pequena-Aprendizados-e-Orientacoes-para-otimizar-o-espaco.jpg\" alt=\"Ideias de decora\u00e7\u00e3o para sala pequena Aprendizados e Orienta\u00e7\u00f5es para otimizar o espa\u00e7o\" width=\"1024\" height=\"1024\" title=\"\" srcset=\"https:\/\/www.aarquiteta.com.br\/blog\/wp-content\/uploads\/2023\/09\/Ideias-de-decoracao-para-sala-pequena-Aprendizados-e-Orientacoes-para-otimizar-o-espaco.jpg 1024w, https:\/\/www.aarquiteta.com.br\/blog\/wp-content\/uploads\/2023\/09\/Ideias-de-decoracao-para-sala-pequena-Aprendizados-e-Orientacoes-para-otimizar-o-espaco-696x696.jpg 696w, https:\/\/www.aarquiteta.com.br\/blog\/wp-content\/uploads\/2023\/09\/Ideias-de-decoracao-para-sala-pequena-Aprendizados-e-Orientacoes-para-otimizar-o-espaco-96x96.jpg 96w, https:\/\/www.aarquiteta.com.br\/blog\/wp-content\/uploads\/2023\/09\/Ideias-de-decoracao-para-sala-pequena-Aprendizados-e-Orientacoes-para-otimizar-o-espaco-150x150.jpg 150w\" sizes=\"(max-width: 1024px) 100vw, 1024px\" \/><figcaption id=\"caption-attachment-95382\" class=\"wp-caption-text\">Ideias de decora\u00e7\u00e3o para sala pequena Aprendizados e Orienta\u00e7\u00f5es para otimizar o espa\u00e7o<\/figcaption><\/figure>\n<h3>2. M\u00f3veis multiuso<\/h3>\n<p>Em uma sala pequena, \u00e9 essencial aproveitar ao m\u00e1ximo cada cent\u00edmetro dispon\u00edvel. M\u00f3veis multiuso s\u00e3o grandes aliados nessa miss\u00e3o. Invista em sof\u00e1s-cama, mesas com gavetas e pufes com espa\u00e7o interno para guardar objetos. Assim, voc\u00ea ter\u00e1 um ambiente vers\u00e1til e funcional.<\/p>\n<h4>2.1 Prateleiras e estantes suspensas<\/h4>\n<p>Outra estrat\u00e9gia inteligente \u00e9 utilizar prateleiras e estantes suspensas para otimizar o espa\u00e7o vertical da sala. Dessa forma, voc\u00ea ter\u00e1 mais superf\u00edcies dispon\u00edveis para organizar livros, objetos decorativos e at\u00e9 mesmo plantas.<\/p>\n<figure id=\"attachment_95384\" aria-describedby=\"caption-attachment-95384\" style=\"width: 1024px\" class=\"wp-caption alignnone\"><img decoding=\"async\" class=\"size-full wp-image-95384\" src=\"https:\/\/www.aarquiteta.com.br\/blog\/wp-content\/uploads\/2023\/09\/Ideias-de-decoracao-para-sala-pequena-Aprendizados-e-Orientacoes-para-otimizar-o-espaco-2.jpg\" alt=\"Ideias de decora\u00e7\u00e3o para sala pequena Aprendizados e Orienta\u00e7\u00f5es para otimizar o espa\u00e7o\" width=\"1024\" height=\"1024\" title=\"\" srcset=\"https:\/\/www.aarquiteta.com.br\/blog\/wp-content\/uploads\/2023\/09\/Ideias-de-decoracao-para-sala-pequena-Aprendizados-e-Orientacoes-para-otimizar-o-espaco-2.jpg 1024w, https:\/\/www.aarquiteta.com.br\/blog\/wp-content\/uploads\/2023\/09\/Ideias-de-decoracao-para-sala-pequena-Aprendizados-e-Orientacoes-para-otimizar-o-espaco-2-696x696.jpg 696w, https:\/\/www.aarquiteta.com.br\/blog\/wp-content\/uploads\/2023\/09\/Ideias-de-decoracao-para-sala-pequena-Aprendizados-e-Orientacoes-para-otimizar-o-espaco-2-96x96.jpg 96w, https:\/\/www.aarquiteta.com.br\/blog\/wp-content\/uploads\/2023\/09\/Ideias-de-decoracao-para-sala-pequena-Aprendizados-e-Orientacoes-para-otimizar-o-espaco-2-150x150.jpg 150w\" sizes=\"(max-width: 1024px) 100vw, 1024px\" \/><figcaption id=\"caption-attachment-95384\" class=\"wp-caption-text\">Ideias de decora\u00e7\u00e3o para sala pequena Aprendizados e Orienta\u00e7\u00f5es para otimizar o espa\u00e7o<\/figcaption><\/figure>\n<h3>3. Espelhos: ampliando horizontes<\/h3>\n<p>A utiliza\u00e7\u00e3o estrat\u00e9gica de espelhos \u00e9 um truque que faz maravilhas em salas pequenas. Ao posicionar espelhos em pontos estrat\u00e9gicos, \u00e9 poss\u00edvel criar a sensa\u00e7\u00e3o de profundidade e expandir visualmente o espa\u00e7o. Experimente posicionar um espelho de corpo inteiro em uma parede ou opte por espelhos decorativos em diferentes tamanhos.<\/p>\n<h4>3.1 Espelhos e ilumina\u00e7\u00e3o<\/h4>\n<p>Uma dica extra \u00e9 combinar a utiliza\u00e7\u00e3o de espelhos com uma boa ilumina\u00e7\u00e3o. A luz natural e artificial refletida nos espelhos ajudar\u00e1 a criar uma atmosfera mais iluminada e ampla.<\/p>\n<h3>4. Cortinas e tapetes leves<\/h3>\n<p>Evite cortinas e tapetes pesados em salas pequenas, pois eles podem sobrecarregar o ambiente visualmente. Opte por cortinas leves, que permitem a passagem de luz, e tapetes de cores claras e padr\u00f5es discretos. Esses elementos contribuir\u00e3o para a sensa\u00e7\u00e3o de leveza e fluidez no espa\u00e7o.<\/p>\n<h4>4.1 Cortinas do teto ao ch\u00e3o<\/h4>\n<p>Uma sugest\u00e3o interessante \u00e9 utilizar cortinas do teto ao ch\u00e3o, mesmo que as janelas n\u00e3o tenham essa altura. Essa t\u00e9cnica cria a ilus\u00e3o de um teto mais alto, proporcionando uma sensa\u00e7\u00e3o de amplitude.<\/p>\n<figure id=\"attachment_95383\" aria-describedby=\"caption-attachment-95383\" style=\"width: 1024px\" class=\"wp-caption alignnone\"><img decoding=\"async\" class=\"size-full wp-image-95383\" src=\"https:\/\/www.aarquiteta.com.br\/blog\/wp-content\/uploads\/2023\/09\/Ideias-de-decoracao-para-sala-pequena-Aprendizados-e-Orientacoes-para-otimizar-o-espaco-1.jpg\" alt=\"Ideias de decora\u00e7\u00e3o para sala pequena Aprendizados e Orienta\u00e7\u00f5es para otimizar o espa\u00e7o\" width=\"1024\" height=\"1024\" title=\"\" srcset=\"https:\/\/www.aarquiteta.com.br\/blog\/wp-content\/uploads\/2023\/09\/Ideias-de-decoracao-para-sala-pequena-Aprendizados-e-Orientacoes-para-otimizar-o-espaco-1.jpg 1024w, https:\/\/www.aarquiteta.com.br\/blog\/wp-content\/uploads\/2023\/09\/Ideias-de-decoracao-para-sala-pequena-Aprendizados-e-Orientacoes-para-otimizar-o-espaco-1-696x696.jpg 696w, https:\/\/www.aarquiteta.com.br\/blog\/wp-content\/uploads\/2023\/09\/Ideias-de-decoracao-para-sala-pequena-Aprendizados-e-Orientacoes-para-otimizar-o-espaco-1-96x96.jpg 96w, https:\/\/www.aarquiteta.com.br\/blog\/wp-content\/uploads\/2023\/09\/Ideias-de-decoracao-para-sala-pequena-Aprendizados-e-Orientacoes-para-otimizar-o-espaco-1-150x150.jpg 150w\" sizes=\"(max-width: 1024px) 100vw, 1024px\" \/><figcaption id=\"caption-attachment-95383\" class=\"wp-caption-text\">Ideias de decora\u00e7\u00e3o para sala pequena Aprendizados e Orienta\u00e7\u00f5es para otimizar o espa\u00e7o<\/figcaption><\/figure>\n<h3>5. M\u00f3veis planejados<\/h3>\n<p>Se voc\u00ea tem a possibilidade e o or\u00e7amento para investir em m\u00f3veis planejados, essa \u00e9 uma excelente op\u00e7\u00e3o para otimizar o espa\u00e7o de sua sala pequena. Com m\u00f3veis feitos sob medida, \u00e9 poss\u00edvel aproveitar cada cantinho de forma inteligente, garantindo armazenamento suficiente sem comprometer a circula\u00e7\u00e3o no ambiente.<\/p>\n<h4>5.1 Consulte um profissional<\/h4>\n<p>Antes de investir em m\u00f3veis planejados, \u00e9 recomend\u00e1vel consultar um profissional de design de interiores. Um especialista poder\u00e1 criar projetos personalizados e adaptados \u00e0s suas necessidades, levando em considera\u00e7\u00e3o as medidas e caracter\u00edsticas espec\u00edficas de sua sala.<\/p>\n<h3>6. Ilumina\u00e7\u00e3o estrat\u00e9gica<\/h3>\n<p>A ilumina\u00e7\u00e3o desempenha um papel fundamental na percep\u00e7\u00e3o de espa\u00e7o em uma sala pequena. Al\u00e9m de aproveitar ao m\u00e1ximo a luz natural, invista em pontos de luz estrat\u00e9gicos, como lumin\u00e1rias de piso, arandelas e spots de destaque. Iluminar corretamente os diferentes ambientes ajuda a criar uma sensa\u00e7\u00e3o de aconchego e amplitude.<\/p>\n<h4>6.1 Luz indireta<\/h4>\n<p>A luz indireta tamb\u00e9m pode ser uma aliada na decora\u00e7\u00e3o de uma sala pequena. Lumin\u00e1rias de ch\u00e3o com c\u00fapulas em tecido ou fitas de LED atr\u00e1s de estantes podem proporcionar uma ilumina\u00e7\u00e3o difusa e agrad\u00e1vel, criando um ambiente acolhedor.<\/p>\n<figure id=\"attachment_95381\" aria-describedby=\"caption-attachment-95381\" style=\"width: 1024px\" class=\"wp-caption alignnone\"><img decoding=\"async\" class=\"size-full wp-image-95381\" src=\"https:\/\/www.aarquiteta.com.br\/blog\/wp-content\/uploads\/2023\/09\/Ideias-de-decoracao-para-sala-pequena-Aprendizados-e-Orientacoes-para-otimizar-o-espaco-3.jpg\" alt=\"Ideias de decora\u00e7\u00e3o para sala pequena Aprendizados e Orienta\u00e7\u00f5es para otimizar o espa\u00e7o\" width=\"1024\" height=\"1024\" title=\"\" srcset=\"https:\/\/www.aarquiteta.com.br\/blog\/wp-content\/uploads\/2023\/09\/Ideias-de-decoracao-para-sala-pequena-Aprendizados-e-Orientacoes-para-otimizar-o-espaco-3.jpg 1024w, https:\/\/www.aarquiteta.com.br\/blog\/wp-content\/uploads\/2023\/09\/Ideias-de-decoracao-para-sala-pequena-Aprendizados-e-Orientacoes-para-otimizar-o-espaco-3-696x696.jpg 696w, https:\/\/www.aarquiteta.com.br\/blog\/wp-content\/uploads\/2023\/09\/Ideias-de-decoracao-para-sala-pequena-Aprendizados-e-Orientacoes-para-otimizar-o-espaco-3-96x96.jpg 96w, https:\/\/www.aarquiteta.com.br\/blog\/wp-content\/uploads\/2023\/09\/Ideias-de-decoracao-para-sala-pequena-Aprendizados-e-Orientacoes-para-otimizar-o-espaco-3-150x150.jpg 150w\" sizes=\"(max-width: 1024px) 100vw, 1024px\" \/><figcaption id=\"caption-attachment-95381\" class=\"wp-caption-text\">Ideias de decora\u00e7\u00e3o para sala pequena Aprendizados e Orienta\u00e7\u00f5es para otimizar o espa\u00e7o<\/figcaption><\/figure>\n<h3>7. Fa\u00e7a uma lista de prioridades<\/h3>\n<p>Ao decorar uma sala pequena, \u00e9 importante fazer uma lista de prioridades, estabelecendo quais s\u00e3o os elementos essenciais para voc\u00ea. Muitas vezes, menos \u00e9 mais em espa\u00e7os reduzidos, e focar no essencial evitar\u00e1 que o ambiente fique visualmente sobrecarregado.<\/p>\n<h4>7.1 Desapegue do que n\u00e3o \u00e9 essencial<\/h4>\n<p>Uma dica valiosa \u00e9 desapegar de objetos e m\u00f3veis que n\u00e3o s\u00e3o essenciais. Doar ou vender itens que n\u00e3o se encaixam no espa\u00e7o dispon\u00edvel \u00e9 fundamental para manter a sala organizada e funcional.<\/p>\n<h3>8. Perguntas mais frequentes<\/h3>\n<ul>\n<li><strong>Posso utilizar m\u00f3veis grandes em uma sala pequena?<\/strong><br \/>\nSim, \u00e9 poss\u00edvel utilizar m\u00f3veis maiores em uma sala pequena. O segredo est\u00e1 em escolher um ou dois m\u00f3veis de destaque e deixar o restante no tamanho adequado para o ambiente.<\/li>\n<li><strong>Qual \u00e9 a melhor disposi\u00e7\u00e3o de m\u00f3veis em uma sala pequena?<\/strong><br \/>\nA melhor disposi\u00e7\u00e3o de m\u00f3veis em uma sala pequena \u00e9 aquela que permite uma circula\u00e7\u00e3o flu\u00edda e n\u00e3o obstrui a passagem. Experimente diferentes arranjos at\u00e9 encontrar o que mais se adequa \u00e0s suas necessidades.<\/li>\n<li><strong>Como aproveitar a parede em uma sala pequena?<\/strong><br \/>\nUtilize prateleiras, nichos e estantes suspensas para maximizar o espa\u00e7o vertical da parede. Essas estruturas auxiliam no armazenamento de objetos e decorativos, liberando superf\u00edcies no ch\u00e3o.<\/li>\n<li><strong>Devo optar por um tapete grande ou pequeno em uma sala pequena?<\/strong><br \/>\nEm uma sala pequena, \u00e9 melhor optar por um tapete de tamanho m\u00e9dio, para que ele n\u00e3o ocupe todo o espa\u00e7o dispon\u00edvel. Isso ajudar\u00e1 a delimitar \u00e1reas e trazer aconchego sem sobrecarregar visualmente o ambiente.<\/li>\n<li><strong>Por que \u00e9 importante investir em ilumina\u00e7\u00e3o adequada em uma sala pequena?<\/strong><br \/>\nA ilumina\u00e7\u00e3o adequada em uma sala pequena pode criar uma sensa\u00e7\u00e3o de amplitude e aconchego. Uma boa ilumina\u00e7\u00e3o valoriza o ambiente, real\u00e7a pontos de destaque e contribui para o conforto visual.<\/li>\n<\/ul>\n<h3>Conclus\u00e3o<\/h3>\n<p>Decorar uma sala pequena n\u00e3o precisa ser um desafio. Com as ideias e orienta\u00e7\u00f5es apresentadas neste artigo, voc\u00ea ter\u00e1 todas as ferramentas necess\u00e1rias para otimizar o espa\u00e7o e criar um ambiente agrad\u00e1vel, funcional e cheio de personalidade.<\/p>\n<p>Lembre-se de adaptar as sugest\u00f5es \u00e0s suas prefer\u00eancias pessoais e deixe fluir sua criatividade. Afinal, a sua sala deve refletir o seu estilo e tornar-se um espa\u00e7o acolhedor para receber amigos e familiares.<\/p>\n<p>Esperamos que este guia tenha sido \u00fatil e que voc\u00ea se sinta inspirado para transformar sua sala pequena em um ambiente incr\u00edvel!<\/p>\n<h4>Curiosidade<\/h4>\n<p>Voc\u00ea sabia que a palavra &#8220;sala&#8221; vem do latim &#8220;sala&#8221;, que significa &#8220;recinto fechado&#8221;? As salas t\u00eam sido lugares de conviv\u00eancia e socializa\u00e7\u00e3o ao longo da hist\u00f3ria, desde os antigos romanos at\u00e9 os dias de hoje.<\/p>\n<p><strong>Espero que este artigo tenha ajudado voc\u00ea!<\/strong><\/p>\n<p>Ent\u00e3o deslize a tela para baixo e<a href=\"https:\/\/br.pinterest.com\/aarquitetapinterest\/_created\/\" target=\"_blank\" rel=\"noopener\">\u00a0confira mais dicas<\/a>\u00a0como esta e n\u00e3o se esque\u00e7a de compartilhar com os amigos!<\/p>\n<p>Quer mais dicas sobre o mundo da\u00a0<a href=\"https:\/\/www.aarquiteta.com.br\/blog\/o-que-e-arquitetura\/\">arquitetura<\/a>\u00a0e\u00a0<a href=\"https:\/\/www.aarquiteta.com.br\/blog\/decoracao\/\">Decora\u00e7\u00e3o<\/a>, ent\u00e3o confira alguns dos nossos artigos em:<\/p>\n<ul>\n<li><a href=\"https:\/\/www.aarquiteta.com.br\/blog\/paisagismo\/\" target=\"_blank\" rel=\"noopener\">Casa e Jardim<\/a><\/li>\n<li><a href=\"https:\/\/www.aarquiteta.com.br\/blog\/arquitetura\/mundo-arquitetura\/\" target=\"_blank\" rel=\"noopener\">Mundo Arquitetura<\/a><\/li>\n<li><a href=\"https:\/\/www.aarquiteta.com.br\/decoracao\/\" target=\"_blank\" rel=\"noopener\">Decora\u00e7\u00e3o\u00a0<\/a><\/li>\n<\/ul>\n","protected":false},"excerpt":{"rendered":"<p>Ideias de decora\u00e7\u00e3o para sala pequena: Aprendizados e Orienta\u00e7\u00f5es para maximizar o espa\u00e7o.<\/p>\n","protected":false},"author":102,"featured_media":95383,"comment_status":"closed","ping_status":"closed","sticky":false,"template":"","format":"standard","meta":{"footnotes":""},"categories":[1484],"tags":[33539,33541,1465,26702,33540],"class_list":["post-95289","post","type-post","status-publish","format-standard","has-post-thumbnail","category-decoracao","tag-decoracao-de-sala-pequena","tag-decoracao-eficaz","tag-dicas-de-decoracao","tag-otimizacao-de-espaco","tag-sala-compacta"],"_wp_attached_file":null,"_wp_attachment_metadata":null,"_wp_attachment_context":null,"_wp_attachment_is_custom_header":null,"geo_longitude":null,"geo_public":null,"geo_latitude":null,"_publicize_done_external":null,"_wpas_done_3897181":null,"publicize_twitter_user":null,"_wpas_done_3897175":null,"_wpas_skip_3897181":null,"_wpas_skip_3897175":null,"_wpas_skip_3924723":null,"_wpas_mess":null,"_wpas_done_3924723":null,"wps_subtitle":"","_links":{"self":[{"href":"https:\/\/www.aarquiteta.com.br\/blog\/wp-json\/wp\/v2\/posts\/95289","targetHints":{"allow":["GET"]}}],"collection":[{"href":"https:\/\/www.aarquiteta.com.br\/blog\/wp-json\/wp\/v2\/posts"}],"about":[{"href":"https:\/\/www.aarquiteta.com.br\/blog\/wp-json\/wp\/v2\/types\/post"}],"author":[{"embeddable":true,"href":"https:\/\/www.aarquiteta.com.br\/blog\/wp-json\/wp\/v2\/users\/102"}],"replies":[{"embeddable":true,"href":"https:\/\/www.aarquiteta.com.br\/blog\/wp-json\/wp\/v2\/comments?post=95289"}],"version-history":[{"count":0,"href":"https:\/\/www.aarquiteta.com.br\/blog\/wp-json\/wp\/v2\/posts\/95289\/revisions"}],"wp:featuredmedia":[{"embeddable":true,"href":"https:\/\/www.aarquiteta.com.br\/blog\/wp-json\/wp\/v2\/media\/95383"}],"wp:attachment":[{"href":"https:\/\/www.aarquiteta.com.br\/blog\/wp-json\/wp\/v2\/media?parent=95289"}],"wp:term":[{"taxonomy":"category","embeddable":true,"href":"https:\/\/www.aarquiteta.com.br\/blog\/wp-json\/wp\/v2\/categories?post=95289"},{"taxonomy":"post_tag","embeddable":true,"href":"https:\/\/www.aarquiteta.com.br\/blog\/wp-json\/wp\/v2\/tags?post=95289"}],"curies":[{"name":"wp","href":"https:\/\/api.w.org\/{rel}","templated":true}]}}