{"id":95005,"date":"2023-09-24T07:00:51","date_gmt":"2023-09-24T10:00:51","guid":{"rendered":"http:\/\/aarquiteta.com.br\/?p=95005"},"modified":"2023-09-21T08:43:59","modified_gmt":"2023-09-21T11:43:59","slug":"5-solucoes-inteligentes-para-maximizar-espaco-em-seu-apartamento-pequeno","status":"publish","type":"post","link":"https:\/\/www.aarquiteta.com.br\/blog\/5-solucoes-inteligentes-para-maximizar-espaco-em-seu-apartamento-pequeno\/","title":{"rendered":"5 Solu\u00e7\u00f5es Inteligentes para Maximizar Espa\u00e7o em Seu Apartamento Pequeno."},"content":{"rendered":"<p>Viver em um apartamento pequeno pode ser acolhedor e econ\u00f4mico, mas tamb\u00e9m pode apresentar desafios quando se trata de espa\u00e7o. A boa not\u00edcia \u00e9 que voc\u00ea n\u00e3o precisa se sentir sufocado em um ambiente apertado. Com algumas solu\u00e7\u00f5es inteligentes e criativas, \u00e9 poss\u00edvel maximizar o espa\u00e7o em seu apartamento pequeno e transform\u00e1-lo em um local confort\u00e1vel e funcional.<\/p>\n<p>Neste guia definitivo, vamos explorar cinco estrat\u00e9gias eficazes para otimizar o espa\u00e7o de seu apartamento, tornando-o mais pr\u00e1tico e agrad\u00e1vel.<\/p>\n<figure id=\"attachment_95017\" aria-describedby=\"caption-attachment-95017\" style=\"width: 1000px\" class=\"wp-caption alignnone\"><img decoding=\"async\" class=\"size-full wp-image-95017\" src=\"https:\/\/www.aarquiteta.com.br\/blog\/wp-content\/uploads\/2023\/09\/5-Solucoes-Inteligentes-para-Maximizar-Espaco-em-Seu-Apartamento-Pequeno-1.jpg\" alt=\"5 Solu\u00e7\u00f5es Inteligentes para Maximizar Espa\u00e7o em Seu Apartamento Pequeno\" width=\"1000\" height=\"880\" style=\"display:none\" title=\"\" srcset=\"https:\/\/www.aarquiteta.com.br\/blog\/wp-content\/uploads\/2023\/09\/5-Solucoes-Inteligentes-para-Maximizar-Espaco-em-Seu-Apartamento-Pequeno-1.jpg 1000w, https:\/\/www.aarquiteta.com.br\/blog\/wp-content\/uploads\/2023\/09\/5-Solucoes-Inteligentes-para-Maximizar-Espaco-em-Seu-Apartamento-Pequeno-1-696x612.jpg 696w, https:\/\/www.aarquiteta.com.br\/blog\/wp-content\/uploads\/2023\/09\/5-Solucoes-Inteligentes-para-Maximizar-Espaco-em-Seu-Apartamento-Pequeno-1-150x132.jpg 150w\" sizes=\"(max-width: 1000px) 100vw, 1000px\" \/><figcaption id=\"caption-attachment-95017\" class=\"wp-caption-text\">5 Solu\u00e7\u00f5es Inteligentes para Maximizar Espa\u00e7o em Seu Apartamento Pequeno<\/figcaption><\/figure>\n<h2>A Import\u00e2ncia da Otimiza\u00e7\u00e3o de Espa\u00e7o<\/h2>\n<p>Antes de mergulharmos nas solu\u00e7\u00f5es espec\u00edficas, \u00e9 importante entender por que a otimiza\u00e7\u00e3o de espa\u00e7o \u00e9 t\u00e3o crucial para quem vive em apartamentos pequenos. O espa\u00e7o limitado pode levar a uma sensa\u00e7\u00e3o de desorganiza\u00e7\u00e3o, estresse e falta de conforto. No entanto, ao aplicar as estrat\u00e9gias certas, voc\u00ea pode criar um ambiente harmonioso e aconchegante, onde cada cent\u00edmetro \u00e9 aproveitado ao m\u00e1ximo.<\/p>\n<p>Muitas vezes, a otimiza\u00e7\u00e3o de espa\u00e7o n\u00e3o apenas melhora a funcionalidade de seu apartamento, mas tamb\u00e9m contribui para a est\u00e9tica geral do ambiente. Com um toque de criatividade, voc\u00ea pode transformar seu pequeno apartamento em um espa\u00e7o elegante e convidativo. Agora, vamos explorar as cinco solu\u00e7\u00f5es inteligentes que o ajudar\u00e3o a alcan\u00e7ar esse objetivo.<\/p>\n<h3>1. M\u00f3veis Multifuncionais: Maximizando Utilidade<\/h3>\n<p>Quando se trata de apartamentos pequenos, cada pe\u00e7a de mob\u00edlia deve ser escolhida com sabedoria. M\u00f3veis multifuncionais s\u00e3o a chave para economizar espa\u00e7o. Considere um sof\u00e1-cama que se transforma em uma cama confort\u00e1vel para visitantes noturnos.<\/p>\n<p>Ou uma mesa dobr\u00e1vel que pode ser facilmente recolhida quando n\u00e3o estiver em uso. Essas op\u00e7\u00f5es permitem que voc\u00ea aproveite ao m\u00e1ximo o espa\u00e7o durante o dia e a noite, sem comprometer o conforto.<\/p>\n<h3>2. Prateleiras Verticais: Maximizando Armazenamento<\/h3>\n<p>A falta de espa\u00e7o de armazenamento \u00e9 um problema comum em apartamentos pequenos. No entanto, prateleiras verticais podem ser uma solu\u00e7\u00e3o eficaz. Instale prateleiras flutuantes nas paredes para armazenar livros, decora\u00e7\u00f5es e outros itens, liberando espa\u00e7o no ch\u00e3o.<\/p>\n<p>Organize as prateleiras de maneira inteligente para criar uma exibi\u00e7\u00e3o atraente que tamb\u00e9m sirva a um prop\u00f3sito funcional.<\/p>\n<figure id=\"attachment_95015\" aria-describedby=\"caption-attachment-95015\" style=\"width: 1013px\" class=\"wp-caption alignnone\"><img decoding=\"async\" class=\"size-full wp-image-95015\" src=\"https:\/\/www.aarquiteta.com.br\/blog\/wp-content\/uploads\/2023\/09\/5-Solucoes-Inteligentes-para-Maximizar-Espaco-em-Seu-Apartamento-Pequeno.jpg\" alt=\"5 Solu\u00e7\u00f5es Inteligentes para Maximizar Espa\u00e7o em Seu Apartamento Pequeno\" width=\"1013\" height=\"912\" title=\"\" srcset=\"https:\/\/www.aarquiteta.com.br\/blog\/wp-content\/uploads\/2023\/09\/5-Solucoes-Inteligentes-para-Maximizar-Espaco-em-Seu-Apartamento-Pequeno.jpg 1013w, https:\/\/www.aarquiteta.com.br\/blog\/wp-content\/uploads\/2023\/09\/5-Solucoes-Inteligentes-para-Maximizar-Espaco-em-Seu-Apartamento-Pequeno-696x627.jpg 696w, https:\/\/www.aarquiteta.com.br\/blog\/wp-content\/uploads\/2023\/09\/5-Solucoes-Inteligentes-para-Maximizar-Espaco-em-Seu-Apartamento-Pequeno-150x135.jpg 150w\" sizes=\"(max-width: 1013px) 100vw, 1013px\" \/><figcaption id=\"caption-attachment-95015\" class=\"wp-caption-text\">5 Solu\u00e7\u00f5es Inteligentes para Maximizar Espa\u00e7o em Seu Apartamento Pequeno<\/figcaption><\/figure>\n<h3>3. Espelhos Estrategicamente Colocados: Maximizando a Luz e o Espa\u00e7o<\/h3>\n<p>Os espelhos s\u00e3o uma ferramenta poderosa quando se trata de fazer um espa\u00e7o parecer maior. Posicione espelhos em locais estrat\u00e9gicos para refletir a luz natural e criar a ilus\u00e3o de um espa\u00e7o mais amplo. Al\u00e9m disso, os espelhos podem adicionar um toque decorativo ao ambiente, tornando-o mais atraente visualmente.<\/p>\n<h3>4. Organiza\u00e7\u00e3o Inteligente: Maximizando a Arruma\u00e7\u00e3o<\/h3>\n<p>Manter seu apartamento organizado \u00e9 essencial para maximizar o espa\u00e7o dispon\u00edvel. Utilize caixas, cestas e organizadores para manter seus pertences em ordem. Crie \u00e1reas designadas para itens espec\u00edficos, como um espa\u00e7o de trabalho compacto ou um canto de leitura aconchegante.<\/p>\n<p>A organiza\u00e7\u00e3o inteligente n\u00e3o apenas economiza espa\u00e7o, mas tamb\u00e9m facilita a localiza\u00e7\u00e3o de itens quando voc\u00ea mais precisa deles.<\/p>\n<figure id=\"attachment_95016\" aria-describedby=\"caption-attachment-95016\" style=\"width: 1000px\" class=\"wp-caption alignnone\"><img decoding=\"async\" class=\"size-full wp-image-95016\" src=\"https:\/\/www.aarquiteta.com.br\/blog\/wp-content\/uploads\/2023\/09\/5-Solucoes-Inteligentes-para-Maximizar-Espaco-em-Seu-Apartamento-Pequeno-2.jpg\" alt=\"5 Solu\u00e7\u00f5es Inteligentes para Maximizar Espa\u00e7o em Seu Apartamento Pequeno\" width=\"1000\" height=\"907\" title=\"\" srcset=\"https:\/\/www.aarquiteta.com.br\/blog\/wp-content\/uploads\/2023\/09\/5-Solucoes-Inteligentes-para-Maximizar-Espaco-em-Seu-Apartamento-Pequeno-2.jpg 1000w, https:\/\/www.aarquiteta.com.br\/blog\/wp-content\/uploads\/2023\/09\/5-Solucoes-Inteligentes-para-Maximizar-Espaco-em-Seu-Apartamento-Pequeno-2-696x631.jpg 696w, https:\/\/www.aarquiteta.com.br\/blog\/wp-content\/uploads\/2023\/09\/5-Solucoes-Inteligentes-para-Maximizar-Espaco-em-Seu-Apartamento-Pequeno-2-150x136.jpg 150w\" sizes=\"(max-width: 1000px) 100vw, 1000px\" \/><figcaption id=\"caption-attachment-95016\" class=\"wp-caption-text\">5 Solu\u00e7\u00f5es Inteligentes para Maximizar Espa\u00e7o em Seu Apartamento Pequeno<\/figcaption><\/figure>\n<h3>5. Cores e Ilumina\u00e7\u00e3o Adequadas: Maximizando a Sensa\u00e7\u00e3o de Espa\u00e7o<\/h3>\n<p>A escolha das cores e da ilumina\u00e7\u00e3o pode ter um impacto significativo na percep\u00e7\u00e3o do espa\u00e7o em seu apartamento. Cores claras, como branco e tons pastel, podem fazer com que o ambiente pare\u00e7a mais aberto e arejado. Al\u00e9m disso, ilumina\u00e7\u00e3o adequada pode criar uma atmosfera acolhedora e destacar \u00e1reas espec\u00edficas de seu apartamento.<\/p>\n<h2>Perguntas Frequentes<\/h2>\n<h3><strong>Como escolher o mobili\u00e1rio certo para um apartamento pequeno?<\/strong><\/h3>\n<p>Opte por m\u00f3veis multifuncionais, como sof\u00e1s-cama e mesas dobr\u00e1veis, que economizam espa\u00e7o e oferecem versatilidade.<\/p>\n<h3><strong>Quais s\u00e3o algumas dicas para manter meu apartamento pequeno organizado?<\/strong><\/h3>\n<p>Utilize caixas, cestas e organizadores para manter seus pertences em ordem e crie \u00e1reas designadas para atividades espec\u00edficas.<\/p>\n<h3><strong>Posso usar cores escuras em um apartamento pequeno?<\/strong><\/h3>\n<p>\u00c9 aconselh\u00e1vel evitar cores escuras nas paredes, pois podem fazer o espa\u00e7o parecer menor. Opte por tons claros para criar uma sensa\u00e7\u00e3o de amplitude.<\/p>\n<h3><strong>Como posso tornar meu apartamento pequeno mais convidativo?<\/strong><\/h3>\n<p>Use espelhos para refletir a luz natural, escolha m\u00f3veis confort\u00e1veis e adicione elementos decorativos que expressem seu estilo pessoal.<\/p>\n<h3><strong>Quais s\u00e3o os benef\u00edcios de prateleiras verticais?<\/strong><\/h3>\n<p>Prateleiras verticais ajudam a maximizar o espa\u00e7o de armazenamento, liberando espa\u00e7o no ch\u00e3o, e tamb\u00e9m podem ser usadas como elementos decorativos.<\/p>\n<h2>Conclus\u00e3o<\/h2>\n<p>Com as solu\u00e7\u00f5es inteligentes apresentadas neste guia definitivo, voc\u00ea est\u00e1 pronto para transformar seu apartamento pequeno em um espa\u00e7o funcional, organizado e convidativo. Lembre-se de que a otimiza\u00e7\u00e3o de espa\u00e7o n\u00e3o significa comprometer o estilo ou o conforto.<\/p>\n<p>Ao aplicar essas estrat\u00e9gias e adicionar seu toque pessoal, voc\u00ea pode desfrutar ao m\u00e1ximo de seu lar compacto.<\/p>\n<p>Experimente essas ideias e descubra como o espa\u00e7o que voc\u00ea tem pode ser maximizado de maneira surpreendente.<\/p>\n<p><strong>Curiosidade:<\/strong> Voc\u00ea sabia que a arte da organiza\u00e7\u00e3o de espa\u00e7o, conhecida como feng shui, tem suas ra\u00edzes na antiga China? Essa pr\u00e1tica centen\u00e1ria pode oferecer insights adicionais sobre como otimizar o ambiente de seu apartamento pequeno.<\/p>\n<p><strong>Espero que este artigo tenha ajudado voc\u00ea!<\/strong><\/p>\n<p>Ent\u00e3o deslize a tela para baixo e<a href=\"https:\/\/br.pinterest.com\/aarquitetapinterest\/_created\/\" target=\"_blank\" rel=\"noopener\">\u00a0confira mais dicas<\/a>\u00a0como esta e n\u00e3o se esque\u00e7a de compartilhar com os amigos!<\/p>\n<p>Quer mais dicas sobre o mundo da\u00a0<a href=\"https:\/\/www.aarquiteta.com.br\/blog\/o-que-e-arquitetura\/\">arquitetura<\/a>\u00a0e\u00a0<a href=\"https:\/\/www.aarquiteta.com.br\/blog\/decoracao\/\">Decora\u00e7\u00e3o<\/a>, ent\u00e3o confira alguns dos nossos artigos em:<\/p>\n<ul>\n<li><a href=\"https:\/\/www.aarquiteta.com.br\/blog\/paisagismo\/\" target=\"_blank\" rel=\"noopener\">Casa e Jardim<\/a><\/li>\n<li><a href=\"https:\/\/www.aarquiteta.com.br\/blog\/arquitetura\/mundo-arquitetura\/\" target=\"_blank\" rel=\"noopener\">Mundo Arquitetura<\/a><\/li>\n<li><a href=\"https:\/\/www.aarquiteta.com.br\/decoracao\/\" target=\"_blank\" rel=\"noopener\">Decora\u00e7\u00e3o\u00a0<\/a><\/li>\n<\/ul>\n","protected":false},"excerpt":{"rendered":"<p>Viver em um apartamento pequeno pode ser acolhedor e econ\u00f4mico, mas tamb\u00e9m pode apresentar desafios quando se trata de espa\u00e7o. A boa not\u00edcia \u00e9 que voc\u00ea n\u00e3o precisa se sentir sufocado em um ambiente apertado. Com algumas solu\u00e7\u00f5es inteligentes e criativas, \u00e9 poss\u00edvel maximizar o espa\u00e7o em seu apartamento pequeno e transform\u00e1-lo em um local [&hellip;]<\/p>\n","protected":false},"author":102,"featured_media":95017,"comment_status":"closed","ping_status":"closed","sticky":false,"template":"","format":"standard","meta":{"footnotes":""},"categories":[10005,20353,19106],"tags":[1262,33487,8431,31589,26702,29344],"class_list":["post-95005","post","type-post","status-publish","format-standard","has-post-thumbnail","category-casa-e-jardim","category-home-decor","category-organizacao-e-armazenamento","tag-apartamento-pequeno","tag-cores-e-iluminacao","tag-moveis-multifuncionais","tag-organizacao-inteligente","tag-otimizacao-de-espaco","tag-prateleiras-verticais"],"_wp_attached_file":null,"_wp_attachment_metadata":null,"_wp_attachment_context":null,"_wp_attachment_is_custom_header":null,"geo_longitude":null,"geo_public":null,"geo_latitude":null,"_publicize_done_external":null,"_wpas_done_3897181":null,"publicize_twitter_user":null,"_wpas_done_3897175":null,"_wpas_skip_3897181":null,"_wpas_skip_3897175":null,"_wpas_skip_3924723":null,"_wpas_mess":null,"_wpas_done_3924723":null,"wps_subtitle":"","_links":{"self":[{"href":"https:\/\/www.aarquiteta.com.br\/blog\/wp-json\/wp\/v2\/posts\/95005","targetHints":{"allow":["GET"]}}],"collection":[{"href":"https:\/\/www.aarquiteta.com.br\/blog\/wp-json\/wp\/v2\/posts"}],"about":[{"href":"https:\/\/www.aarquiteta.com.br\/blog\/wp-json\/wp\/v2\/types\/post"}],"author":[{"embeddable":true,"href":"https:\/\/www.aarquiteta.com.br\/blog\/wp-json\/wp\/v2\/users\/102"}],"replies":[{"embeddable":true,"href":"https:\/\/www.aarquiteta.com.br\/blog\/wp-json\/wp\/v2\/comments?post=95005"}],"version-history":[{"count":0,"href":"https:\/\/www.aarquiteta.com.br\/blog\/wp-json\/wp\/v2\/posts\/95005\/revisions"}],"wp:featuredmedia":[{"embeddable":true,"href":"https:\/\/www.aarquiteta.com.br\/blog\/wp-json\/wp\/v2\/media\/95017"}],"wp:attachment":[{"href":"https:\/\/www.aarquiteta.com.br\/blog\/wp-json\/wp\/v2\/media?parent=95005"}],"wp:term":[{"taxonomy":"category","embeddable":true,"href":"https:\/\/www.aarquiteta.com.br\/blog\/wp-json\/wp\/v2\/categories?post=95005"},{"taxonomy":"post_tag","embeddable":true,"href":"https:\/\/www.aarquiteta.com.br\/blog\/wp-json\/wp\/v2\/tags?post=95005"}],"curies":[{"name":"wp","href":"https:\/\/api.w.org\/{rel}","templated":true}]}}