{"id":94502,"date":"2023-10-15T21:17:19","date_gmt":"2023-10-16T00:17:19","guid":{"rendered":"http:\/\/aarquiteta.com.br\/?p=94502"},"modified":"2024-09-15T09:41:57","modified_gmt":"2024-09-15T12:41:57","slug":"projetos-de-acessibilidade-e-inclusao-na-arquitetura-e-engenharia","status":"publish","type":"post","link":"https:\/\/www.aarquiteta.com.br\/blog\/projetos-de-acessibilidade-e-inclusao-na-arquitetura-e-engenharia\/","title":{"rendered":"Projetos de acessibilidade e inclus\u00e3o na arquitetura e engenharia."},"content":{"rendered":"<p>Projetos de acessibilidade e inclus\u00e3o na <a href=\"https:\/\/www.aarquiteta.com.br\/blog\/?s=ARQUITETURA\">arquitetura<\/a> e engenharia. Descubra como a arquitetura e engenharia est\u00e3o promovendo a inclus\u00e3o por meio de projetos acess\u00edveis. A acessibilidade e a inclus\u00e3o s\u00e3o elementos essenciais para promover uma sociedade mais igualit\u00e1ria e proporcionar oportunidades para todas as pessoas, independentemente de suas habilidades.<\/p><p>Na \u00e1rea da arquitetura e <a href=\"https:\/\/www.aarquiteta.com.br\/blog\/?s=ENGENHARIA\">engenharia<\/a>, os projetos acess\u00edveis desempenham um papel fundamental na garantia da participa\u00e7\u00e3o plena e efetiva de indiv\u00edduos com defici\u00eancia na sociedade.<\/p><p>Este artigo explorar\u00e1 como a arquitetura e a engenharia est\u00e3o promovendo a inclus\u00e3o por meio de projetos acess\u00edveis, abordando leis e normas, caracter\u00edsticas dos projetos, exemplos de solu\u00e7\u00f5es inclusivas e os desafios enfrentados nesse processo.<\/p><h2>Introdu\u00e7\u00e3o \u00e0 import\u00e2ncia da acessibilidade e inclus\u00e3o na arquitetura e engenharia<\/h2><figure id=\"attachment_55166\" aria-describedby=\"caption-attachment-55166\" style=\"width: 696px\" class=\"wp-caption alignnone\"><img decoding=\"async\" class=\"wp-image-55166 size-large\" title=\"Projetos de acessibilidade e inclus\u00e3o na arquitetura e engenharia.\" src=\"https:\/\/www.aarquiteta.com.br\/blog\/wp-content\/uploads\/2023\/05\/Calcadas-Acessiveis-para-Deficientes-9.jpg\" alt=\"Projetos de acessibilidade e inclus\u00e3o na arquitetura e engenharia.\" width=\"696\" height=\"464\"  style=\"display:none\"\/><figcaption id=\"caption-attachment-55166\" class=\"wp-caption-text\">Fonte: Canva.com<\/figcaption><\/figure><p>A acessibilidade na arquitetura e engenharia refere-se \u00e0 cria\u00e7\u00e3o de espa\u00e7os e ambientes que podem ser utilizados de forma aut\u00f4noma por todas as pessoas, independentemente de suas habilidades f\u00edsicas, sensoriais ou cognitivas. Essa abordagem visa eliminar barreiras e garantir a igualdade de oportunidades e acesso para todos.<\/p><h2>O impacto dos projetos acess\u00edveis na vida das pessoas com defici\u00eancia<\/h2><figure id=\"attachment_55160\" aria-describedby=\"caption-attachment-55160\" style=\"width: 696px\" class=\"wp-caption alignnone\"><img decoding=\"async\" class=\"wp-image-55160 size-large\" title=\"Projetos de acessibilidade e inclus\u00e3o na arquitetura e engenharia.\" src=\"https:\/\/www.aarquiteta.com.br\/blog\/wp-content\/uploads\/2023\/05\/Calcadas-Acessiveis-para-Deficientes-8.jpg\" alt=\"Cal\u00e7adas Projetos de acessibilidade e inclus\u00e3o na arquitetura e engenharia.para Deficientes\" width=\"696\" height=\"464\" \/><figcaption id=\"caption-attachment-55160\" class=\"wp-caption-text\">Fonte: Canva.com<\/figcaption><\/figure><p>Os projetos acess\u00edveis t\u00eam um impacto significativo na vida das pessoas com defici\u00eancia. Eles possibilitam a participa\u00e7\u00e3o ativa na sociedade, o acesso a servi\u00e7os e a oportunidade de desfrutar de espa\u00e7os p\u00fablicos e privados sem limita\u00e7\u00f5es.<\/p><p>Al\u00e9m disso, a acessibilidade promove a autonomia e a independ\u00eancia das pessoas com defici\u00eancia, permitindo que elas sejam mais produtivas e desfrutem de uma melhor qualidade de vida.<\/p><h2>A evolu\u00e7\u00e3o dos conceitos de acessibilidade e inclus\u00e3o na arquitetura e engenharia<\/h2><figure id=\"attachment_55144\" aria-describedby=\"caption-attachment-55144\" style=\"width: 696px\" class=\"wp-caption alignnone\"><img decoding=\"async\" class=\"wp-image-55144 size-large\" title=\"Projetos de acessibilidade e inclus\u00e3o na arquitetura e engenharia.\" src=\"https:\/\/www.aarquiteta.com.br\/blog\/wp-content\/uploads\/2023\/05\/Calcadas-Acessiveis-para-Deficientes.jpg\" alt=\"Projetos de acessibilidade e inclus\u00e3o na arquitetura e engenharia.\" width=\"696\" height=\"464\" \/><figcaption id=\"caption-attachment-55144\" class=\"wp-caption-text\">Fonte: Canva.com<\/figcaption><\/figure><p>Ao longo do tempo, os conceitos de acessibilidade e inclus\u00e3o na arquitetura e engenharia evolu\u00edram. Anteriormente, a preocupa\u00e7\u00e3o principal era fornecer acessibilidade apenas para pessoas com defici\u00eancia f\u00edsica, como rampas para cadeiras de rodas.<\/p><p>No entanto, atualmente, o foco se expandiu para incluir a acessibilidade sensorial e cognitiva, reconhecendo que a defici\u00eancia pode assumir diversas formas e requer solu\u00e7\u00f5es adaptadas a cada necessidade.<\/p><h2>Legisla\u00e7\u00e3o e normas de acessibilidade<\/h2><figure id=\"attachment_55139\" aria-describedby=\"caption-attachment-55139\" style=\"width: 696px\" class=\"wp-caption alignnone\"><img decoding=\"async\" class=\"wp-image-55139 size-large\" title=\"Projetos de acessibilidade e inclus\u00e3o na arquitetura e engenharia.\" src=\"https:\/\/www.aarquiteta.com.br\/blog\/wp-content\/uploads\/2023\/05\/Calcadas-Acessiveis-para-Deficientes-3.jpg\" alt=\"Projetos de acessibilidade e inclus\u00e3o na arquitetura e engenharia.\" width=\"696\" height=\"464\" \/><figcaption id=\"caption-attachment-55139\" class=\"wp-caption-text\">Fonte: Canva.com<\/figcaption><\/figure><p>Para garantir a implementa\u00e7\u00e3o de projetos acess\u00edveis, diversas leis e normas foram estabelecidas. No Brasil, a Lei de Acessibilidade (Lei n\u00ba 10.098\/2000) e a Norma de Acessibilidade a Edifica\u00e7\u00f5es, Mobili\u00e1rio, Espa\u00e7os e Equipamentos Urbanos (<a href=\"https:\/\/www.aarquiteta.com.br\/blog\/nbr-9050\/\" class=\"ilj-generated-link\">NBR 9050<\/a>) s\u00e3o alguns exemplos de regulamenta\u00e7\u00f5es que estabelecem diretrizes e requisitos t\u00e9cnicos para a promo\u00e7\u00e3o da acessibilidade em projetos arquitet\u00f4nicos e de engenharia.<\/p><p>O cumprimento dessas normas \u00e9 fundamental para garantir a inclus\u00e3o e a n\u00e3o discrimina\u00e7\u00e3o das pessoas com defici\u00eancia.<\/p><h2>Caracter\u00edsticas de projetos acess\u00edveis<\/h2><p>Os projetos acess\u00edveis incorporam uma s\u00e9rie de caracter\u00edsticas para garantir a acessibilidade e a inclus\u00e3o. Algumas das principais caracter\u00edsticas incluem:<\/p><h3>1. Espa\u00e7os sem barreiras f\u00edsicas<\/h3><p>Os espa\u00e7os devem ser projetados de forma a permitir o f\u00e1cil acesso e a circula\u00e7\u00e3o de pessoas com defici\u00eancia, incluindo rampas, elevadores, portas largas e corredores amplos.<\/p><h3>2. Comunica\u00e7\u00e3o acess\u00edvel<\/h3><figure id=\"attachment_55148\" aria-describedby=\"caption-attachment-55148\" style=\"width: 696px\" class=\"wp-caption alignnone\"><img decoding=\"async\" class=\"size-large wp-image-55148\" src=\"https:\/\/www.aarquiteta.com.br\/blog\/wp-content\/uploads\/2023\/05\/Calcadas-Acessiveis-para-Deficientes-5.jpg\" alt=\"Cal\u00e7adas Acess\u00edveis para Deficientes\" width=\"696\" height=\"464\" title=\"\"><figcaption id=\"caption-attachment-55148\" class=\"wp-caption-text\">Fonte: Canva.com<\/figcaption><\/figure><p>A comunica\u00e7\u00e3o visual e t\u00e1til \u00e9 essencial para pessoas com defici\u00eancia visual. Sinaliza\u00e7\u00f5es claras, informa\u00e7\u00f5es em braille e <a href=\"https:\/\/www.aarquiteta.com.br\/blog\/?s=PISO\">pisos<\/a> t\u00e1teis s\u00e3o algumas das solu\u00e7\u00f5es adotadas.<\/p><h3>3. Tecnologia assistiva<\/h3><figure id=\"attachment_55139-2\" aria-describedby=\"caption-attachment-55139-2\" style=\"width: 696px\" class=\"wp-caption alignnone\"><img decoding=\"async\" class=\"size-large wp-image-55139\" src=\"https:\/\/www.aarquiteta.com.br\/blog\/wp-content\/uploads\/2023\/05\/Calcadas-Acessiveis-para-Deficientes-3.jpg\" alt=\"Cal\u00e7adas Acess\u00edveis para Deficientes\" width=\"696\" height=\"464\" title=\"\"><figcaption id=\"caption-attachment-55139-2\" class=\"wp-caption-text\">Fonte: Canva.com<\/figcaption><\/figure><p>A tecnologia desempenha um papel importante na promo\u00e7\u00e3o da acessibilidade. Recursos como sistemas de \u00e1udio, legendas, sistemas de alarme com sinais visuais e dispositivos de comunica\u00e7\u00e3o aumentativa e alternativa s\u00e3o utilizados para garantir a participa\u00e7\u00e3o de pessoas com defici\u00eancia auditiva, por exemplo.<\/p><h3>4. Design universal<\/h3><figure id=\"attachment_55164\" aria-describedby=\"caption-attachment-55164\" style=\"width: 696px\" class=\"wp-caption alignnone\"><img decoding=\"async\" class=\"size-large wp-image-55164\" src=\"https:\/\/www.aarquiteta.com.br\/blog\/wp-content\/uploads\/2023\/05\/Calcadas-Acessiveis-para-Deficientes-11.jpg\" alt=\"Cal\u00e7adas Acess\u00edveis para Deficientes (8)\" width=\"696\" height=\"464\" title=\"\"><figcaption id=\"caption-attachment-55164\" class=\"wp-caption-text\">Fonte: Canva.com<\/figcaption><\/figure><p>O design universal busca criar ambientes e produtos que sejam utiliz\u00e1veis por todas as pessoas, independentemente de suas habilidades. Esse conceito visa evitar a necessidade de adapta\u00e7\u00f5es posteriores, tornando o ambiente acess\u00edvel desde o in\u00edcio.<\/p><h2>Inclus\u00e3o de pessoas com defici\u00eancia visual<\/h2><figure id=\"attachment_55157\" aria-describedby=\"caption-attachment-55157\" style=\"width: 696px\" class=\"wp-caption alignnone\"><img decoding=\"async\" class=\"size-large wp-image-55157\" src=\"https:\/\/www.aarquiteta.com.br\/blog\/wp-content\/uploads\/2023\/05\/Calcadas-Acessiveis-para-Deficientes-6.jpg\" alt=\"Cal\u00e7adas Acess\u00edveis para Deficientes\" width=\"696\" height=\"464\" title=\"\"><figcaption id=\"caption-attachment-55157\" class=\"wp-caption-text\">Fonte: Canva.com<\/figcaption><\/figure><p>A inclus\u00e3o de pessoas com defici\u00eancia visual \u00e9 uma preocupa\u00e7\u00e3o importante nos projetos de acessibilidade. Estrat\u00e9gias e recursos s\u00e3o utilizados para garantir a acessibilidade dessas pessoas. Alguns exemplos incluem:<\/p><h3>1. Ambientes bem iluminados<\/h3><p>A ilumina\u00e7\u00e3o adequada \u00e9 essencial para pessoas com defici\u00eancia visual. A utiliza\u00e7\u00e3o de ilumina\u00e7\u00e3o direcional, sem ofuscamentos, e a ado\u00e7\u00e3o de <a href=\"https:\/\/www.aarquiteta.com.br\/blog\/?s=CORES\">cores<\/a> contrastantes contribuem para uma melhor percep\u00e7\u00e3o do ambiente.<\/p><h3>2. Informa\u00e7\u00f5es em formatos acess\u00edveis<\/h3><p>Disponibilizar informa\u00e7\u00f5es em formatos acess\u00edveis \u00e9 fundamental. Braille, letras ampliadas e audiodescri\u00e7\u00e3o s\u00e3o algumas das formas de tornar a informa\u00e7\u00e3o acess\u00edvel \u00e0s pessoas com defici\u00eancia visual.<\/p><h2>Inclus\u00e3o de pessoas com defici\u00eancia auditiva<\/h2><figure id=\"attachment_55138\" aria-describedby=\"caption-attachment-55138\" style=\"width: 696px\" class=\"wp-caption alignnone\"><img decoding=\"async\" class=\"size-large wp-image-55138\" src=\"https:\/\/www.aarquiteta.com.br\/blog\/wp-content\/uploads\/2023\/05\/Calcadas-Acessiveis-para-Deficientes-4.jpg\" alt=\"Cal\u00e7adas Acess\u00edveis para Deficientes\" width=\"696\" height=\"464\" title=\"\"><figcaption id=\"caption-attachment-55138\" class=\"wp-caption-text\">Fonte: Canva.com<\/figcaption><\/figure><p>A inclus\u00e3o de pessoas com defici\u00eancia auditiva tamb\u00e9m \u00e9 um aspecto relevante na arquitetura e engenharia. Para promover a acessibilidade, s\u00e3o adotadas solu\u00e7\u00f5es arquitet\u00f4nicas e tecnol\u00f3gicas, tais como:<\/p><h3>1. Comunica\u00e7\u00e3o visual<\/h3><p>A comunica\u00e7\u00e3o visual \u00e9 essencial para pessoas com defici\u00eancia auditiva. Utilizar sinaliza\u00e7\u00f5es visuais claras, indicadores luminosos e sistemas de alerta visual contribui para a inclus\u00e3o dessas pessoas.<\/p><h3>2. Integra\u00e7\u00e3o de tecnologia<\/h3><p>A tecnologia desempenha um papel fundamental na inclus\u00e3o de pessoas com defici\u00eancia auditiva. A utiliza\u00e7\u00e3o de sistemas de tradu\u00e7\u00e3o simult\u00e2nea em libras, por exemplo, possibilita a comunica\u00e7\u00e3o efetiva entre pessoas com defici\u00eancia auditiva e ouvintes.<\/p><h2>Inclus\u00e3o de pessoas com mobilidade reduzida<\/h2><figure id=\"attachment_55156\" aria-describedby=\"caption-attachment-55156\" style=\"width: 696px\" class=\"wp-caption alignnone\"><img decoding=\"async\" class=\"size-large wp-image-55156\" src=\"https:\/\/www.aarquiteta.com.br\/blog\/wp-content\/uploads\/2023\/05\/Calcadas-Acessiveis-para-Deficientes-7.jpg\" alt=\"Cal\u00e7adas Acess\u00edveis para Deficientes\" width=\"696\" height=\"464\" title=\"\"><figcaption id=\"caption-attachment-55156\" class=\"wp-caption-text\">Fonte: Canva.com<\/figcaption><\/figure><p>Garantir a inclus\u00e3o de pessoas com mobilidade reduzida \u00e9 uma preocupa\u00e7\u00e3o central nos projetos acess\u00edveis. Para atender a essas necessidades, s\u00e3o implementadas adapta\u00e7\u00f5es arquitet\u00f4nicas, como:<\/p><h3>1. Rampas e elevadores<\/h3><p>A instala\u00e7\u00e3o de rampas e elevadores \u00e9 fundamental para garantir o acesso a pessoas com mobilidade reduzida, como cadeirantes. Essas solu\u00e7\u00f5es permitem que elas circulem livremente e tenham acesso a diferentes n\u00edveis do ambiente.<\/p><h3>2. Banheiros acess\u00edveis<\/h3><p>Os banheiros acess\u00edveis s\u00e3o projetados para atender \u00e0s necessidades de pessoas com mobilidade reduzida. Eles incluem barras de apoio, portas amplas e espa\u00e7o adequado para manobras de cadeira de rodas.<\/p><h2>Inclus\u00e3o de pessoas com defici\u00eancia cognitiva<\/h2><figure id=\"attachment_55163\" aria-describedby=\"caption-attachment-55163\" style=\"width: 696px\" class=\"wp-caption alignnone\"><img decoding=\"async\" class=\"size-large wp-image-55163\" src=\"https:\/\/www.aarquiteta.com.br\/blog\/wp-content\/uploads\/2023\/05\/Calcadas-Acessiveis-para-Deficientes-12.jpg\" alt=\"Cal\u00e7adas Acess\u00edveis para Deficientes (8)\" width=\"696\" height=\"464\" title=\"\"><figcaption id=\"caption-attachment-55163\" class=\"wp-caption-text\">Fonte: Canva.com<\/figcaption><\/figure><p>A inclus\u00e3o de pessoas com defici\u00eancia cognitiva tamb\u00e9m \u00e9 uma preocupa\u00e7\u00e3o relevante nos projetos acess\u00edveis. Algumas estrat\u00e9gias de projeto que facilitam a orienta\u00e7\u00e3o e compreens\u00e3o dessas pessoas incluem:<\/p><h3>1. Sinaliza\u00e7\u00f5es simplificadas<\/h3><p>Utilizar sinaliza\u00e7\u00f5es visuais e elementos gr\u00e1ficos simples facilita a compreens\u00e3o e orienta\u00e7\u00e3o de pessoas com defici\u00eancia cognitiva. Essas informa\u00e7\u00f5es devem ser claras, diretas e de f\u00e1cil interpreta\u00e7\u00e3o.<\/p><h3>2. Espa\u00e7os organizados e intuitivos<\/h3><p>A organiza\u00e7\u00e3o espacial desempenha um papel importante na inclus\u00e3o de pessoas com defici\u00eancia cognitiva. Espa\u00e7os bem definidos, com fluxos intuitivos e identifica\u00e7\u00e3o clara de \u00e1reas, auxiliam na orienta\u00e7\u00e3o e compreens\u00e3o do ambiente.<\/p><h2>Benef\u00edcios da acessibilidade e inclus\u00e3o<\/h2><figure id=\"attachment_15614\" aria-describedby=\"caption-attachment-15614\" style=\"width: 696px\" class=\"wp-caption alignnone\"><img decoding=\"async\" class=\"size-large wp-image-15614\" src=\"https:\/\/www.aarquiteta.com.br\/blog\/wp-content\/uploads\/2022\/05\/norma-de-acessibilidade.jpg\" alt=\"projetos de acessibilidade\" width=\"696\" height=\"464\" title=\"\"><figcaption id=\"caption-attachment-15614\" class=\"wp-caption-text\">Fonte: Canva.com<\/figcaption><\/figure><p>A implementa\u00e7\u00e3o de projetos acess\u00edveis traz uma s\u00e9rie de benef\u00edcios tanto para as pessoas com defici\u00eancia quanto para a sociedade como um todo. Alguns desses benef\u00edcios incluem:<\/p><ul><li>Melhoria da qualidade de vida das pessoas com defici\u00eancia, permitindo sua participa\u00e7\u00e3o ativa e aut\u00f4noma na sociedade.<\/li><li>Promo\u00e7\u00e3o da igualdade de oportunidades e acesso para todos, independentemente de suas habilidades.<\/li><li>Contribui\u00e7\u00e3o para a constru\u00e7\u00e3o de uma sociedade mais inclusiva e igualit\u00e1ria.<\/li><li>Est\u00edmulo \u00e0 diversidade e \u00e0 criatividade, ao considerar diferentes perspectivas e necessidades.<\/li><\/ul><h2>Desafios na implementa\u00e7\u00e3o de projetos acess\u00edveis<\/h2><p>Embora a acessibilidade seja fundamental, existem desafios na implementa\u00e7\u00e3o de projetos acess\u00edveis. Alguns desses desafios incluem:<\/p><h3>1. Adaptar projetos existentes<\/h3><p>A adapta\u00e7\u00e3o de projetos arquitet\u00f4nicos j\u00e1 existentes pode ser um desafio, pois nem sempre \u00e9 poss\u00edvel realizar mudan\u00e7as estruturais significativas sem comprometer a integridade do edif\u00edcio.<\/p><h3>2. Conscientiza\u00e7\u00e3o e forma\u00e7\u00e3o profissional<\/h3><p>\u00c9 essencial que os profissionais da arquitetura e engenharia estejam devidamente conscientizados e capacitados para projetar espa\u00e7os acess\u00edveis. A falta de conhecimento e sensibiliza\u00e7\u00e3o pode ser um obst\u00e1culo na promo\u00e7\u00e3o da acessibilidade.<\/p><h2>Exemplos de projetos inclusivos bem-sucedidos<\/h2><p>Existem in\u00fameros exemplos de projetos inclusivos bem-sucedidos ao redor do mundo. Esses projetos demonstram solu\u00e7\u00f5es criativas e eficientes para promover a acessibilidade e a inclus\u00e3o. Alguns casos de sucesso incluem:<\/p><h3>1. O Museu do Amanh\u00e3, no Rio de Janeiro<\/h3><p>O Museu do Amanh\u00e3 foi projetado com uma abordagem inclusiva, incorporando tecnologias e elementos que garantem a acessibilidade de pessoas com diferentes defici\u00eancias. Desde rampas e elevadores at\u00e9 guias t\u00e1teis e recursos de \u00e1udio, o museu proporciona uma experi\u00eancia inclusiva para todos os visitantes.<\/p><h3>2. A Esta\u00e7\u00e3o de Metr\u00f4 de T-Centralen, em Estocolmo<\/h3><p>A esta\u00e7\u00e3o de metr\u00f4 de T-Centralen, em Estocolmo, \u00e9 um exemplo de projeto inclusivo no transporte p\u00fablico.<\/p><p>A esta\u00e7\u00e3o foi projetada levando em considera\u00e7\u00e3o a acessibilidade para pessoas com defici\u00eancia visual, auditiva e mobilidade reduzida. Sinaliza\u00e7\u00f5es claras, guias t\u00e1teis e elevadores facilitam a utiliza\u00e7\u00e3o da esta\u00e7\u00e3o por todos os passageiros.<\/p><h2>O papel dos profissionais de arquitetura e engenharia<\/h2><p>Os profissionais de arquitetura e engenharia desempenham um papel fundamental na promo\u00e7\u00e3o da acessibilidade e inclus\u00e3o. Eles t\u00eam a responsabilidade de projetar espa\u00e7os que atendam \u00e0s necessidades de todas as pessoas, considerando diferentes habilidades e garantindo a igualdade de oportunidades.<\/p><h2>Futuro da acessibilidade e inclus\u00e3o na arquitetura e engenharia<\/h2><p>O futuro da acessibilidade e inclus\u00e3o na arquitetura e engenharia \u00e9 promissor. Com os avan\u00e7os tecnol\u00f3gicos e a conscientiza\u00e7\u00e3o crescente sobre a import\u00e2ncia da inclus\u00e3o, novas solu\u00e7\u00f5es e abordagens est\u00e3o sendo desenvolvidas para tornar os projetos cada vez mais acess\u00edveis.<\/p><p>Al\u00e9m disso, a incorpora\u00e7\u00e3o de princ\u00edpios de sustentabilidade e economia circular pode contribuir para a cria\u00e7\u00e3o de espa\u00e7os mais inclusivos e ambientalmente respons\u00e1veis.<\/p><h2>Engajamento da sociedade na promo\u00e7\u00e3o da acessibilidade<\/h2><p>A promo\u00e7\u00e3o da acessibilidade e inclus\u00e3o n\u00e3o \u00e9 responsabilidade apenas dos profissionais de arquitetura e engenharia, mas de toda a sociedade.<\/p><p>O engajamento de todos os setores \u00e9 fundamental para criar uma cultura de inclus\u00e3o e garantir que os projetos sejam efetivamente implementados. Campanhas de conscientiza\u00e7\u00e3o, incentivos governamentais e parcerias entre setores s\u00e3o algumas das formas de envolver a sociedade nesse processo.<\/p><p>Confira a nossa sele\u00e7\u00e3o de livros sobre <strong>Acessibilidade <\/strong>que separamos para voc\u00ea, com certeza uma deles ajudar\u00e1 voc\u00ea em seu estudo ou pesquisa.<\/p><p>E a\u00ed, gostou do artigo sobre <strong>Acessibildiade<\/strong>?\u00a0Ent\u00e3o deslize a tela para baixo e<strong><a href=\"https:\/\/br.pinterest.com\/aarquitetapinterest\/_created\/\" target=\"_blank\" rel=\"noopener\"> confira mais dicas<\/a><\/strong> como esta e n\u00e3o se esque\u00e7a de compartilhar com os amigos!<\/p><p>Acesse aqui abaixo outros assuntos que ir\u00e3o lhe ajudar bastante no ramo que Arquitetura e interiores:<\/p><ul><li><strong><a href=\"https:\/\/www.cursosdearquitetura.com.br\/category\/cursos\/\" target=\"_blank\" rel=\"noopener\">Cursos<\/a><\/strong><\/li><li><strong><a href=\"https:\/\/www.cursosdearquitetura.com.br\/category\/estudante\/\" target=\"_blank\" rel=\"noopener\">Estudantes<\/a><\/strong><\/li><li><strong><\/strong><strong><\/strong><strong><a href=\"https:\/\/www.cursosdearquitetura.com.br\/category\/arquitetura\/\" target=\"_blank\" rel=\"noopener\">Arquitetura\u00a0<\/a><\/strong><\/li><\/ul>","protected":false},"excerpt":{"rendered":"<p>Projetos de acessibilidade e inclus\u00e3o na arquitetura e engenharia. Descubra como a arquitetura e engenharia est\u00e3o promovendo a inclus\u00e3o por meio de projetos acess\u00edveis. A acessibilidade e a inclus\u00e3o s\u00e3o elementos essenciais para promover uma sociedade mais igualit\u00e1ria e proporcionar oportunidades para todas as pessoas, independentemente de suas habilidades.Na \u00e1rea da arquitetura e engenharia, os [&hellip;]<\/p>\n","protected":false},"author":102,"featured_media":94493,"comment_status":"open","ping_status":"open","sticky":false,"template":"","format":"standard","meta":{"footnotes":""},"categories":[1507,10005],"tags":[33346,33347,33348,33349,33350,33351,33352,33353,33354,33355,33356,4974,33357,33358,33359,33360,33361,33362,33280,33363,33364,33365,33366,807,33367,33368,33369,33370,33371],"class_list":["post-94502","post","type-post","status-publish","format-standard","has-post-thumbnail","category-arquitetura","category-casa-e-jardim","tag-acessibilidade-para-cadeirantes","tag-acessibilidade-urbana","tag-adaptacoes-arquitetonicas","tag-adaptacoes-para-deficientes-fisicos","tag-arquitetura-acessivel","tag-arquitetura-universal","tag-banheiros-acessiveis","tag-calcadas-acessiveis","tag-calcadas-seguras","tag-cidades-acessiveis","tag-deficiencia-e-mobilidade","tag-design-inclusivo","tag-direitos-das-pessoas-com-deficiencia","tag-espacos-acessiveis","tag-espacos-publicos-inclusivos","tag-guia-de-acessibilidade","tag-inclusao-de-pessoas-com-deficiencia","tag-inclusao-na-arquitetura","tag-inclusao-social","tag-infraestrutura-acessivel","tag-mobiliario-adaptado","tag-mobilidade-inclusiva","tag-normas-de-acessibilidade","tag-projetos-de-acessibilidade","tag-projetos-urbanos-inclusivos","tag-rampas-de-acesso","tag-sinalizacao-tatil","tag-tecnologias-assistivas","tag-urbanismo-inclusivo"],"_wp_attached_file":null,"_wp_attachment_metadata":null,"_wp_attachment_context":null,"_wp_attachment_is_custom_header":null,"geo_longitude":null,"geo_public":null,"geo_latitude":null,"_publicize_done_external":null,"_wpas_done_3897181":null,"publicize_twitter_user":null,"_wpas_done_3897175":null,"_wpas_skip_3897181":null,"_wpas_skip_3897175":null,"_wpas_skip_3924723":null,"_wpas_mess":null,"_wpas_done_3924723":null,"wps_subtitle":"","_links":{"self":[{"href":"https:\/\/www.aarquiteta.com.br\/blog\/wp-json\/wp\/v2\/posts\/94502","targetHints":{"allow":["GET"]}}],"collection":[{"href":"https:\/\/www.aarquiteta.com.br\/blog\/wp-json\/wp\/v2\/posts"}],"about":[{"href":"https:\/\/www.aarquiteta.com.br\/blog\/wp-json\/wp\/v2\/types\/post"}],"author":[{"embeddable":true,"href":"https:\/\/www.aarquiteta.com.br\/blog\/wp-json\/wp\/v2\/users\/102"}],"replies":[{"embeddable":true,"href":"https:\/\/www.aarquiteta.com.br\/blog\/wp-json\/wp\/v2\/comments?post=94502"}],"version-history":[{"count":0,"href":"https:\/\/www.aarquiteta.com.br\/blog\/wp-json\/wp\/v2\/posts\/94502\/revisions"}],"wp:featuredmedia":[{"embeddable":true,"href":"https:\/\/www.aarquiteta.com.br\/blog\/wp-json\/wp\/v2\/media\/94493"}],"wp:attachment":[{"href":"https:\/\/www.aarquiteta.com.br\/blog\/wp-json\/wp\/v2\/media?parent=94502"}],"wp:term":[{"taxonomy":"category","embeddable":true,"href":"https:\/\/www.aarquiteta.com.br\/blog\/wp-json\/wp\/v2\/categories?post=94502"},{"taxonomy":"post_tag","embeddable":true,"href":"https:\/\/www.aarquiteta.com.br\/blog\/wp-json\/wp\/v2\/tags?post=94502"}],"curies":[{"name":"wp","href":"https:\/\/api.w.org\/{rel}","templated":true}]}}