{"id":94451,"date":"2023-10-13T14:17:16","date_gmt":"2023-10-13T17:17:16","guid":{"rendered":"http:\/\/aarquiteta.com.br\/?p=94451"},"modified":"2023-10-13T14:17:16","modified_gmt":"2023-10-13T17:17:16","slug":"o-muxarabi-uma-tradicao-arquitetonica-arabe-no-brasil","status":"publish","type":"post","link":"https:\/\/www.aarquiteta.com.br\/blog\/o-muxarabi-uma-tradicao-arquitetonica-arabe-no-brasil\/","title":{"rendered":"O Muxarabi: Uma Tradi\u00e7\u00e3o Arquitet\u00f4nica \u00c1rabe no Brasil"},"content":{"rendered":"<div class=\"group w-full text-gray-800 dark:text-gray-100 border-b border-black\/10 dark:border-gray-900\/50 bg-gray-50 dark:bg-[#444654]\">\n<div class=\"text-base gap-4 md:gap-6 md:max-w-2xl lg:max-w-2xl xl:max-w-3xl p-4 md:py-6 flex lg:px-0 m-auto\">\n<div class=\"relative flex w-[calc(100%-50px)] flex-col gap-1 md:gap-3 lg:w-[calc(100%-115px)]\">\n<div class=\"flex flex-grow flex-col gap-3\">\n<div class=\"min-h-[20px] flex flex-col items-start gap-4 whitespace-pre-wrap\">\n<div class=\"markdown prose w-full break-words dark:prose-invert dark\">\n<p>O muxarabi \u00e9 uma t\u00e9cnica de arquitetura \u00e1rabe que ganhou popularidade no Brasil durante o per\u00edodo colonial. Trata-se de uma t\u00e9cnica que combina a arte da marcenaria com a arquitetura, criando uma esp\u00e9cie de treli\u00e7a que permite a entrada de luz e ar nos ambientes internos, al\u00e9m de garantir privacidade e seguran\u00e7a para os moradores.<\/p>\n<p>Neste artigo, proponho explorarmos a hist\u00f3ria, a t\u00e9cnica e as caracter\u00edsticas do muxarabi no Brasil.<\/p>\n<h2><strong>Hist\u00f3ria do Muxarabi<\/strong><\/h2>\n<p>O muxarabi tem origem no Oriente M\u00e9dio e era usado como um elemento de prote\u00e7\u00e3o contra o sol intenso do deserto.<\/p>\n<p>A t\u00e9cnica foi introduzida na Pen\u00ednsula Ib\u00e9rica durante a ocupa\u00e7\u00e3o mu\u00e7ulmana, onde se desenvolveu e se espalhou por toda a Europa.<\/p>\n<p>No Brasil, o muxarabi foi trazido pelos portugueses durante o per\u00edodo colonial, e se tornou popular em regi\u00f5es de clima quente, como o nordeste e o Rio de Janeiro.<\/p>\n<h2><strong>Como \u00e9 feito o Muxarabi?<\/strong><\/h2>\n<figure id=\"attachment_44575\" aria-describedby=\"caption-attachment-44575\" style=\"width: 696px\" class=\"wp-caption alignnone\"><img decoding=\"async\" class=\"size-large wp-image-44575\" src=\"https:\/\/www.aarquiteta.com.br\/blog\/wp-content\/uploads\/2023\/03\/muxarabi-4.png\" alt=\"muxarabi\" width=\"696\" height=\"390\" style=\"display:none\" title=\"\"><figcaption id=\"caption-attachment-44575\" class=\"wp-caption-text\">Muxarabi. Ideia por AA<\/figcaption><\/figure>\n<p>O muxarabi \u00e9 feito de madeira, com placas entalhadas em formato geom\u00e9trico, formandos padr\u00f5es que permitem a entrada de luz e ar. Os pain\u00e9is s\u00e3o geralmente feitos \u00e0 m\u00e3o e podem ser envernizados ou pintados com cores vibrantes.<\/p>\n<p>As treli\u00e7as s\u00e3o fixadas nas janelas e nas varandas das casas, criando um efeito de sombra e luz que confere charme e eleg\u00e2ncia \u00e0 fachada.<\/p>\n<h2><strong>Caracter\u00edsticas do Muxarabi<\/strong><\/h2>\n<p>O muxarabi possui caracter\u00edsticas \u00fanicas que o diferenciam de outras t\u00e9cnicas de arquitetura.<\/p>\n<p>A principal delas \u00e9 a possibilidade de personaliza\u00e7\u00e3o dos padr\u00f5es geom\u00e9tricos, que podem ser adaptados conforme as prefer\u00eancias do cliente ou do arquiteto.<\/p>\n<p>Al\u00e9m disso, o muxarabi permite a entrada de luz e ar, em simult\u00e2neo, em que mant\u00e9m a privacidade dos moradores.<\/p>\n<p>Isso faz com que o muxarabi seja muito utilizado em regi\u00f5es de clima quente, onde a ventila\u00e7\u00e3o e a ilumina\u00e7\u00e3o s\u00e3o essenciais para o conforto das pessoas.<\/p>\n<h2><strong>Muxarabi na Arquitetura Brasileira<\/strong><\/h2>\n<figure id=\"attachment_44566\" aria-describedby=\"caption-attachment-44566\" style=\"width: 696px\" class=\"wp-caption alignnone\"><img decoding=\"async\" class=\"size-large wp-image-44566\" src=\"https:\/\/www.aarquiteta.com.br\/blog\/wp-content\/uploads\/2023\/03\/muxarabi.png\" alt=\"muxarabi\" width=\"696\" height=\"390\" title=\"\"><figcaption id=\"caption-attachment-44566\" class=\"wp-caption-text\">muxarabi. Ideias por AA<\/figcaption><\/figure>\n<p>No Brasil, o muxarabi foi introduzido pelos portugueses durante o per\u00edodo colonial, e se tornou popular em regi\u00f5es de clima quente, como o nordeste e o Rio de Janeiro.<\/p>\n<p>Hoje em dia, o muxarabi \u00e9 considerado uma importante tradi\u00e7\u00e3o arquitet\u00f4nica brasileira, sendo utilizado em projetos de casas, pr\u00e9dios e at\u00e9 mesmo em espa\u00e7os p\u00fablicos, como museus e teatros.<\/p>\n<h2><strong>Como o Muxarabi \u00e9 utilizado na Arquitetura Moderna?<\/strong><\/h2>\n<p>Apesar de ser uma t\u00e9cnica antiga, o muxarabi ainda \u00e9 muito utilizado na arquitetura moderna, especialmente em projetos de casas e edif\u00edcios comerciais. Al\u00e9m de conferir eleg\u00e2ncia e sofistica\u00e7\u00e3o ao ambiente, o muxarabi tamb\u00e9m contribui para o conforto t\u00e9rmico e ac\u00fastico do espa\u00e7o.<\/p>\n<h2><strong>Como Limpar e Conservar o Muxarabi?<\/strong><\/h2>\n<\/div>\n<\/div>\n<\/div>\n<\/div>\n<\/div>\n<\/div>\n<div class=\"group w-full text-gray-800 dark:text-gray-100 border-b border-black\/10 dark:border-gray-900\/50 dark:bg-gray-800\">\n<div class=\"text-base gap-4 md:gap-6 md:max-w-2xl lg:max-w-2xl xl:max-w-3xl p-4 md:py-6 flex lg:px-0 m-auto\">\n<div class=\"relative flex w-[calc(100%-50px)] flex-col gap-1 md:gap-3 lg:w-[calc(100%-115px)]\">\n<div class=\"flex flex-grow flex-col gap-3\">\n<div class=\"min-h-[20px] flex flex-col items-start gap-4 whitespace-pre-wrap\">Para manter o muxarabi sempre limpo e conservado, \u00e9 recomend\u00e1vel fazer uma limpeza regular com um pano \u00famido e detergente neutro. Evite utilizar produtos qu\u00edmicos agressivos que danifiquem a madeira ou a pintura do painel.<\/div>\n<div><\/div>\n<div class=\"min-h-[20px] flex flex-col items-start gap-4 whitespace-pre-wrap\">Al\u00e9m disso, \u00e9 importante verificar se h\u00e1 rachaduras ou sinais de desgaste na estrutura, e realizar reparos imediatamente para garantir a seguran\u00e7a e a durabilidade do muxarabi.<\/div>\n<\/div>\n<\/div>\n<\/div>\n<\/div>\n<div class=\"group w-full text-gray-800 dark:text-gray-100 border-b border-black\/10 dark:border-gray-900\/50 bg-gray-50 dark:bg-[#444654]\">\n<div class=\"text-base gap-4 md:gap-6 md:max-w-2xl lg:max-w-2xl xl:max-w-3xl p-4 md:py-6 flex lg:px-0 m-auto\">\n<div class=\"relative flex w-[calc(100%-50px)] flex-col gap-1 md:gap-3 lg:w-[calc(100%-115px)]\">\n<div class=\"flex flex-grow flex-col gap-3\">\n<div class=\"min-h-[20px] flex flex-col items-start gap-4 whitespace-pre-wrap\">\n<div class=\"markdown prose w-full break-words dark:prose-invert dark\">\n<h2><strong>Conclus\u00e3o<\/strong><\/h2>\n<figure id=\"attachment_44565\" aria-describedby=\"caption-attachment-44565\" style=\"width: 696px\" class=\"wp-caption alignnone\"><img decoding=\"async\" class=\"size-large wp-image-44565\" src=\"https:\/\/www.aarquiteta.com.br\/blog\/wp-content\/uploads\/2023\/03\/muxarabi-6.png\" alt=\"muxarabi\" width=\"696\" height=\"390\" title=\"\"><figcaption id=\"caption-attachment-44565\" class=\"wp-caption-text\">Muxarabi. Ideia de espa\u00e7o por AA<\/figcaption><\/figure>\n<p>O muxarabi \u00e9 uma t\u00e9cnica de arquitetura \u00e1rabe que se popularizou no Brasil durante o per\u00edodo colonial, e at\u00e9 hoje \u00e9 considerada uma importante tradi\u00e7\u00e3o arquitet\u00f4nica brasileira.<\/p>\n<p>Al\u00e9m de conferir charme e eleg\u00e2ncia aos ambientes, o muxarabi tamb\u00e9m contribui para o conforto t\u00e9rmico e ac\u00fastico do espa\u00e7o.<\/p>\n<p>Se voc\u00ea est\u00e1 ponderando incorporar o muxarabi em seu projeto de arquitetura, n\u00e3o hesite em procurar um profissional capacitado para garantir um resultado de qualidade.<\/p>\n<h2><strong>FAQs sobre Muxarabi<\/strong><\/h2>\n<figure id=\"attachment_44569\" aria-describedby=\"caption-attachment-44569\" style=\"width: 696px\" class=\"wp-caption alignnone\"><img decoding=\"async\" class=\"size-large wp-image-44569\" src=\"https:\/\/www.aarquiteta.com.br\/blog\/wp-content\/uploads\/2023\/03\/muxarabi-5.png\" alt=\"muxarabi\" width=\"696\" height=\"390\" title=\"\"><figcaption id=\"caption-attachment-44569\" class=\"wp-caption-text\">Muxarabi. Ideias e conceito por AA<\/figcaption><\/figure>\n<h3>O que significa muxarabi?<\/h3>\n<p>Muxarabi \u00e9 uma t\u00e9cnica de arquitetura \u00e1rabe que combina a arte da marcenaria com a arquitetura, criando uma esp\u00e9cie de treli\u00e7a que permite a entrada de luz e ar nos ambientes internos, al\u00e9m de garantir privacidade e seguran\u00e7a para os moradores.<\/p>\n<h3>O muxarabi \u00e9 uma t\u00e9cnica antiga?<\/h3>\n<p>Sim, o muxarabi tem origem no Oriente M\u00e9dio e era usado como um elemento de prote\u00e7\u00e3o contra o sol intenso do deserto.<\/p>\n<h3>O muxarabi \u00e9 usado apenas em casas?<\/h3>\n<p>N\u00e3o, o muxarabi pode ser utilizado em diferentes tipos de projetos de arquitetura, incluindo pr\u00e9dios comerciais e espa\u00e7os p\u00fablicos.<\/p>\n<h3>Como \u00e9 feito o muxarabi?<\/h3>\n<p>O muxarabi \u00e9 feito de madeira, com placas entalhadas em formato geom\u00e9trico, formandos padr\u00f5es que permitem a entrada de luz e ar.<\/p>\n<h3>Como limpar e conservar o muxarabi?<\/h3>\n<p>Para manter o muxarabi sempre limpo e conservado, \u00e9 recomend\u00e1vel fazer uma limpeza regular com um pano \u00famido e detergente neutro, evitando produtos qu\u00edmicos agressivos que danifiquem a madeira ou a pintura do painel.<\/p>\n<p>\u00c9 importante verificar a estrutura regularmente e realizar reparos imediatamente.<\/p>\n<\/div>\n<\/div>\n<\/div>\n<\/div>\n<\/div>\n<\/div>\n","protected":false},"excerpt":{"rendered":"<p>O muxarabi \u00e9 uma t\u00e9cnica de arquitetura \u00e1rabe que ganhou popularidade no Brasil durante o per\u00edodo colonial. Trata-se de uma t\u00e9cnica que combina a arte da marcenaria com a arquitetura, criando uma esp\u00e9cie de treli\u00e7a que permite a entrada de luz e ar nos ambientes internos, al\u00e9m de garantir privacidade e seguran\u00e7a para os moradores. [&hellip;]<\/p>\n","protected":false},"author":102,"featured_media":76997,"comment_status":"closed","ping_status":"closed","sticky":false,"template":"","format":"standard","meta":{"footnotes":""},"categories":[1507,10005],"tags":[137,1276,27669,5267,476,26735,7499,7789,2779,7319,6402,27226,7474,27668,7183,764],"class_list":["post-94451","post","type-post","status-publish","format-standard","has-post-thumbnail","category-arquitetura","category-casa-e-jardim","tag-arquitetura","tag-conforto-termico","tag-conservacao","tag-fachada","tag-iluminacao","tag-limpeza","tag-marcenaria","tag-modernidade","tag-muxarabi","tag-padroes-geometricos","tag-personalizacao","tag-privacidade","tag-seguranca","tag-tradicao-arquitetonica","tag-trelica","tag-ventilacao"],"_wp_attached_file":null,"_wp_attachment_metadata":null,"_wp_attachment_context":null,"_wp_attachment_is_custom_header":null,"geo_longitude":null,"geo_public":null,"geo_latitude":null,"_publicize_done_external":null,"_wpas_done_3897181":null,"publicize_twitter_user":null,"_wpas_done_3897175":null,"_wpas_skip_3897181":null,"_wpas_skip_3897175":null,"_wpas_skip_3924723":null,"_wpas_mess":null,"_wpas_done_3924723":null,"wps_subtitle":"","_links":{"self":[{"href":"https:\/\/www.aarquiteta.com.br\/blog\/wp-json\/wp\/v2\/posts\/94451","targetHints":{"allow":["GET"]}}],"collection":[{"href":"https:\/\/www.aarquiteta.com.br\/blog\/wp-json\/wp\/v2\/posts"}],"about":[{"href":"https:\/\/www.aarquiteta.com.br\/blog\/wp-json\/wp\/v2\/types\/post"}],"author":[{"embeddable":true,"href":"https:\/\/www.aarquiteta.com.br\/blog\/wp-json\/wp\/v2\/users\/102"}],"replies":[{"embeddable":true,"href":"https:\/\/www.aarquiteta.com.br\/blog\/wp-json\/wp\/v2\/comments?post=94451"}],"version-history":[{"count":0,"href":"https:\/\/www.aarquiteta.com.br\/blog\/wp-json\/wp\/v2\/posts\/94451\/revisions"}],"wp:featuredmedia":[{"embeddable":true,"href":"https:\/\/www.aarquiteta.com.br\/blog\/wp-json\/wp\/v2\/media\/76997"}],"wp:attachment":[{"href":"https:\/\/www.aarquiteta.com.br\/blog\/wp-json\/wp\/v2\/media?parent=94451"}],"wp:term":[{"taxonomy":"category","embeddable":true,"href":"https:\/\/www.aarquiteta.com.br\/blog\/wp-json\/wp\/v2\/categories?post=94451"},{"taxonomy":"post_tag","embeddable":true,"href":"https:\/\/www.aarquiteta.com.br\/blog\/wp-json\/wp\/v2\/tags?post=94451"}],"curies":[{"name":"wp","href":"https:\/\/api.w.org\/{rel}","templated":true}]}}