{"id":94448,"date":"2023-09-23T14:37:54","date_gmt":"2023-09-23T17:37:54","guid":{"rendered":"http:\/\/aarquiteta.com.br\/?p=94448"},"modified":"2023-09-23T14:37:54","modified_gmt":"2023-09-23T17:37:54","slug":"arquitetura-aesthetic","status":"publish","type":"post","link":"https:\/\/www.aarquiteta.com.br\/blog\/arquitetura-aesthetic\/","title":{"rendered":"Arquitetura aesthetic ou Arquitetura est\u00e9tica. O que \u00e9 e exemplos."},"content":{"rendered":"<p>Arquitetura est\u00e9tica \u00e9 um termo usado para descrever edif\u00edcios que priorizam a beleza e o estilo tanto quanto a funcionalidade.<\/p>\n<p>Essa abordagem da arquitetura envolve uma considera\u00e7\u00e3o cuidadosa do impacto visual de um edif\u00edcio, visando criar uma estrutura visualmente agrad\u00e1vel e harmoniosa com o ambiente.<\/p>\n<h2>Uma das caracter\u00edsticas definidoras da arquitetura est\u00e9tica \u00e9 o foco no uso da forma e forma.<\/h2>\n<p>Os arquitetos que priorizam a est\u00e9tica costumam usar curvas e outras formas org\u00e2nicas em seus projetos, al\u00e9m de prestar muita aten\u00e7\u00e3o \u00e0s propor\u00e7\u00f5es de um edif\u00edcio.<\/p>\n<p>Isso pode resultar em estruturas realmente impressionantes, pois parecem fluir perfeitamente com o ambiente.<\/p>\n<h2>Outro aspecto fundamental da arquitetura est\u00e9tica \u00e9 o uso de luz e sombra.<\/h2>\n<p>Os arquitetos que priorizam a est\u00e9tica costumam usar a luz para criar uma sensa\u00e7\u00e3o de drama ou para destacar caracter\u00edsticas espec\u00edficas de um edif\u00edcio.<\/p>\n<p>Por exemplo, eles podem usar clarab\u00f3ias ou outros tipos de janelas para trazer luz natural para um espa\u00e7o, ou podem usar lumin\u00e1rias para criar um ambiente espec\u00edfico em uma sala.<\/p>\n<h2>\u00a0A sele\u00e7\u00e3o de materiais tamb\u00e9m \u00e9 um componente cr\u00edtico da arquitetura est\u00e9tica.<\/h2>\n<figure id=\"attachment_42761\" aria-describedby=\"caption-attachment-42761\" style=\"width: 1024px\" class=\"wp-caption alignnone\"><img decoding=\"async\" class=\"wp-image-42761 size-full\" title=\"Arquitetura aesthetic\" src=\"https:\/\/www.aarquiteta.com.br\/blog\/wp-content\/uploads\/2023\/02\/Arquitetura-aesthetic.png\" alt=\"Arquitetura aesthetic\" width=\"1024\" height=\"1024\"  style=\"display:none\"\/><figcaption id=\"caption-attachment-42761\" class=\"wp-caption-text\">Arquitetura aesthetic<\/figcaption><\/figure>\n<p>Os arquitetos que priorizam a est\u00e9tica geralmente escolhem materiais visualmente impressionantes e que contribuem para a apar\u00eancia geral de um edif\u00edcio.<\/p>\n<p>Isso pode incluir tudo, desde materiais naturais, como madeira e pedra, at\u00e9 materiais artificiais, como a\u00e7o e vidro.<\/p>\n<h2>Exemplo de arquitetura est\u00e9tica<\/h2>\n<p>O Museu Guggenheim em Bilbao, Espanha. Projetado pelo arquiteto Frank Gehry, o edif\u00edcio \u00e9 uma verdadeira obra-prima da arquitetura est\u00e9tica.<\/p>\n<p>Com suas curvas fluidas e exterior de tit\u00e2nio, o museu \u00e9 visualmente impressionante e perfeitamente integrado ao ambiente.<\/p>\n<h2>A arquitetura est\u00e9tica \u00e9 uma filosofia que existe h\u00e1 s\u00e9culos.<\/h2>\n<p>\u00c9 uma abordagem para projetar edif\u00edcios que d\u00e1 igual import\u00e2ncia \u00e0 funcionalidade e beleza.<\/p>\n<p>Enquanto muitos arquitetos priorizam a fun\u00e7\u00e3o sobre a forma, aqueles que priorizam a est\u00e9tica acreditam que a beleza de um edif\u00edcio \u00e9 t\u00e3o importante quanto sua finalidade pr\u00e1tica.<\/p>\n<p>Aqui est\u00e3o alguns detalhes adicionais e exemplos de arquitetura est\u00e9tica.<\/p>\n<h3>Forma e forma<\/h3>\n<figure id=\"attachment_42762\" aria-describedby=\"caption-attachment-42762\" style=\"width: 1024px\" class=\"wp-caption alignnone\"><img decoding=\"async\" class=\"wp-image-42762 size-large\" title=\"Arquitetura aesthetic\" src=\"https:\/\/www.aarquiteta.com.br\/blog\/wp-content\/uploads\/2023\/02\/Arquitetura-aesthetic-1.png\" alt=\"Arquitetura aesthetic\" width=\"1024\" height=\"585\" \/><figcaption id=\"caption-attachment-42762\" class=\"wp-caption-text\">Arquitetura aesthetic<\/figcaption><\/figure>\n<p>Um dos aspectos mais importantes da arquitetura est\u00e9tica \u00e9 o uso da forma e forma. Os arquitetos que priorizam a est\u00e9tica costumam usar curvas, formas org\u00e2nicas e geometrias interessantes em seus projetos.<\/p>\n<p>O objetivo \u00e9 criar uma estrutura que seja visualmente deslumbrante e harmoniosa com o seu entorno.<\/p>\n<p><strong>O Burj Al Arab em Dubai<\/strong> \u00e9 um excelente exemplo de edif\u00edcio que usa formas e formas para criar um design \u00fanico e marcante.<\/p>\n<h3>Luz e sombra<\/h3>\n<p>Outro aspecto fundamental da arquitetura est\u00e9tica \u00e9 o uso de luz e sombra. Arquitetos que priorizam a est\u00e9tica usam a luz para criar drama, destacar caracter\u00edsticas de um edif\u00edcio e criar ambiente.<\/p>\n<p>Isso pode ser alcan\u00e7ado atrav\u00e9s do uso de janelas, clarab\u00f3ias, lumin\u00e1rias e outras t\u00e9cnicas.<\/p>\n<p><strong> A Sydney Opera House, na Austr\u00e1lia,<\/strong> \u00e9 um \u00f3timo exemplo de edif\u00edcio que usa luz e sombra para criar uma sensa\u00e7\u00e3o de drama e emo\u00e7\u00e3o.<\/p>\n<h3>Sele\u00e7\u00e3o de materiais<\/h3>\n<figure id=\"attachment_42767\" aria-describedby=\"caption-attachment-42767\" style=\"width: 1024px\" class=\"wp-caption alignnone\"><img decoding=\"async\" class=\"wp-image-42767 size-full\" title=\"Arquitetura aesthetic\" src=\"https:\/\/www.aarquiteta.com.br\/blog\/wp-content\/uploads\/2023\/02\/Arquitetura-aesthetic-2.png\" alt=\"Arquitetura aesthetic\" width=\"1024\" height=\"1024\" \/><figcaption id=\"caption-attachment-42767\" class=\"wp-caption-text\">Arquitetura aesthetic<\/figcaption><\/figure>\n<p>Os materiais usados em um edif\u00edcio tamb\u00e9m s\u00e3o cr\u00edticos para a arquitetura est\u00e9tica. Os arquitetos que priorizam a est\u00e9tica geralmente escolhem materiais visualmente impressionantes e que contribuem para a apar\u00eancia geral de um edif\u00edcio.<\/p>\n<p>Isso pode incluir materiais naturais como madeira, pedra e m\u00e1rmore, bem como materiais artificiais como a\u00e7o e vidro.<\/p>\n<p><strong> A Pir\u00e2mide do Louvre, em Paris,<\/strong> \u00e9 um excelente exemplo de edif\u00edcio que utiliza materiais para criar um impacto visual impressionante.<\/p>\n<h3>Integra\u00e7\u00e3o com o Meio<\/h3>\n<p>A arquitetura est\u00e9tica n\u00e3o \u00e9 apenas criar um belo edif\u00edcio; trata-se tamb\u00e9m de criar uma estrutura que se harmonize com o ambiente.<\/p>\n<p>Os arquitetos que priorizam a est\u00e9tica geralmente consideram o ambiente circundante e projetam um edif\u00edcio que o complementa.<\/p>\n<p><strong>A casa de Fallingwater, na Pensilv\u00e2nia,<\/strong> projetada por Frank Lloyd Wright, \u00e9 um \u00f3timo exemplo de edif\u00edcio perfeitamente integrado ao ambiente natural.<\/p>\n<h3>Funcionalidade<\/h3>\n<p>Embora a arquitetura est\u00e9tica d\u00ea grande \u00eanfase \u00e0 beleza e ao estilo, \u00e9 importante observar que ela n\u00e3o sacrifica a funcionalidade.<\/p>\n<p>Na verdade, os arquitetos que priorizam a est\u00e9tica geralmente encontram solu\u00e7\u00f5es criativas para os desafios de design resultantes em edif\u00edcios bonitos e altamente funcionais.<\/p>\n<p><strong>O Marina Bay Sands em Cingapura<\/strong> \u00e9 um \u00f3timo exemplo de edif\u00edcio que combina perfeitamente funcionalidade com est\u00e9tica.<\/p>\n<h2>Conclus\u00e3o<\/h2>\n<figure id=\"attachment_42773\" aria-describedby=\"caption-attachment-42773\" style=\"width: 1024px\" class=\"wp-caption alignnone\"><img decoding=\"async\" class=\"wp-image-42773 size-full\" title=\"arquitetura aesthetic\" src=\"https:\/\/www.aarquiteta.com.br\/blog\/wp-content\/uploads\/2023\/02\/Arquitetura-aesthetic-exemplos.png\" alt=\"arquitetura aesthetic\" width=\"1024\" height=\"1024\" \/><figcaption id=\"caption-attachment-42773\" class=\"wp-caption-text\">arquitetura aesthetic<\/figcaption><\/figure>\n<p>A arquitetura est\u00e9tica \u00e9 uma abordagem para projetar edif\u00edcios que d\u00e1 igual import\u00e2ncia \u00e0 beleza e \u00e0 funcionalidade.<\/p>\n<p>Ao considerar cuidadosamente a forma, a luz, os materiais, a integra\u00e7\u00e3o com o ambiente e a funcionalidade, os arquitetos podem criar estruturas visualmente deslumbrantes, harmoniosas com o ambiente e altamente funcionais.<\/p>\n<p>Embora a arquitetura est\u00e9tica se preocupe principalmente com o impacto visual de um edif\u00edcio, \u00e9 importante observar que essa abordagem n\u00e3o sacrifica a funcionalidade.<\/p>\n<p>Na verdade, os arquitetos que priorizam a est\u00e9tica geralmente encontram solu\u00e7\u00f5es criativas para os desafios de design resultantes em edif\u00edcios n\u00e3o apenas bonitos, mas tamb\u00e9m altamente funcionais.<\/p>\n<p>No geral, a arquitetura est\u00e9tica \u00e9 uma abordagem de design que prioriza a beleza e o estilo ao lado da funcionalidade.<\/p>\n<p>Ao considerar cuidadosamente a forma, a luz e os materiais de um edif\u00edcio, os arquitetos podem criar estruturas visualmente deslumbrantes e que se harmonizam perfeitamente com o ambiente.<\/p>\n<p><strong>Gostou do post?<\/strong><\/p>\n<p>Ent\u00e3o acesse aqui abaixo outros assuntos que ir\u00e3o lhe ajudar bastante no ramo que Arquitetura e interiores:<\/p>\n<ul>\n<li><a href=\"https:\/\/www.cursosdearquitetura.com.br\/category\/cursos\/\" target=\"_blank\" rel=\"noopener\">Cursos<\/a><\/li>\n<li><a href=\"https:\/\/www.cursosdearquitetura.com.br\/category\/estudante\/\" target=\"_blank\" rel=\"noopener\">Estudantes<\/a><\/li>\n<li><a href=\"https:\/\/www.cursosdearquitetura.com.br\/category\/arquitetura\/\" target=\"_blank\" rel=\"noopener\">Arquitetura<\/a><\/li>\n<\/ul>\n<p>&nbsp;<\/p>\n","protected":false},"excerpt":{"rendered":"<p>Arquitetura est\u00e9tica \u00e9 um termo usado para descrever edif\u00edcios que priorizam a beleza e o estilo tanto quanto a funcionalidade. Essa abordagem da arquitetura envolve uma considera\u00e7\u00e3o cuidadosa do impacto visual de um edif\u00edcio, visando criar uma estrutura visualmente agrad\u00e1vel e harmoniosa com o ambiente. Uma das caracter\u00edsticas definidoras da arquitetura est\u00e9tica \u00e9 o foco [&hellip;]<\/p>\n","protected":false},"author":102,"featured_media":94450,"comment_status":"open","ping_status":"open","sticky":false,"template":"","format":"standard","meta":{"footnotes":""},"categories":[1507,10005],"tags":[33326,33327,1201,33328,8709,33329,33330,1137,2171,33331,6904,33332,6930,26972,33333,29513],"class_list":["post-94448","post","type-post","status-publish","format-standard","has-post-thumbnail","category-arquitetura","category-casa-e-jardim","tag-arquitetura-aesthetic","tag-avancado","tag-barroco","tag-espacoso","tag-futurista","tag-geometrico","tag-luxuoso","tag-minimalista","tag-moderno","tag-ornamental","tag-relaxante","tag-rural","tag-rustico","tag-simples","tag-tecnologico","tag-vibrante"],"_wp_attached_file":null,"_wp_attachment_metadata":null,"_wp_attachment_context":null,"_wp_attachment_is_custom_header":null,"geo_longitude":null,"geo_public":null,"geo_latitude":null,"_publicize_done_external":null,"_wpas_done_3897181":null,"publicize_twitter_user":null,"_wpas_done_3897175":null,"_wpas_skip_3897181":null,"_wpas_skip_3897175":null,"_wpas_skip_3924723":null,"_wpas_mess":null,"_wpas_done_3924723":null,"wps_subtitle":"","_links":{"self":[{"href":"https:\/\/www.aarquiteta.com.br\/blog\/wp-json\/wp\/v2\/posts\/94448","targetHints":{"allow":["GET"]}}],"collection":[{"href":"https:\/\/www.aarquiteta.com.br\/blog\/wp-json\/wp\/v2\/posts"}],"about":[{"href":"https:\/\/www.aarquiteta.com.br\/blog\/wp-json\/wp\/v2\/types\/post"}],"author":[{"embeddable":true,"href":"https:\/\/www.aarquiteta.com.br\/blog\/wp-json\/wp\/v2\/users\/102"}],"replies":[{"embeddable":true,"href":"https:\/\/www.aarquiteta.com.br\/blog\/wp-json\/wp\/v2\/comments?post=94448"}],"version-history":[{"count":0,"href":"https:\/\/www.aarquiteta.com.br\/blog\/wp-json\/wp\/v2\/posts\/94448\/revisions"}],"wp:featuredmedia":[{"embeddable":true,"href":"https:\/\/www.aarquiteta.com.br\/blog\/wp-json\/wp\/v2\/media\/94450"}],"wp:attachment":[{"href":"https:\/\/www.aarquiteta.com.br\/blog\/wp-json\/wp\/v2\/media?parent=94448"}],"wp:term":[{"taxonomy":"category","embeddable":true,"href":"https:\/\/www.aarquiteta.com.br\/blog\/wp-json\/wp\/v2\/categories?post=94448"},{"taxonomy":"post_tag","embeddable":true,"href":"https:\/\/www.aarquiteta.com.br\/blog\/wp-json\/wp\/v2\/tags?post=94448"}],"curies":[{"name":"wp","href":"https:\/\/api.w.org\/{rel}","templated":true}]}}