{"id":92488,"date":"2023-09-08T09:58:01","date_gmt":"2023-09-08T12:58:01","guid":{"rendered":"http:\/\/aarquiteta.com.br\/?p=92488"},"modified":"2024-07-03T12:30:02","modified_gmt":"2024-07-03T15:30:02","slug":"5-inspiracoes-para-decorar-a-parede-do-sofa","status":"publish","type":"post","link":"https:\/\/www.aarquiteta.com.br\/blog\/5-inspiracoes-para-decorar-a-parede-do-sofa\/","title":{"rendered":"5 Inspira\u00e7\u00f5es para Decorar a Parede do Sof\u00e1: transforme Sua Sala de Estar com Estilo."},"content":{"rendered":"<p>Voc\u00ea j\u00e1 se encontrou olhando para a parede vazia acima do seu sof\u00e1 e pensando em como preench\u00ea-la de forma elegante e atraente? A parede do sof\u00e1 \u00e9 um dos pontos focais de qualquer sala de estar, e decor\u00e1-la pode fazer toda a diferen\u00e7a na atmosfera do ambiente.<\/p>\n<p>Neste artigo, vamos explorar cinco inspira\u00e7\u00f5es criativas para decorar a parede do sof\u00e1, transformando-a em um elemento de destaque na sua decora\u00e7\u00e3o. Se voc\u00ea est\u00e1 em busca de ideias que v\u00e3o al\u00e9m dos quadros tradicionais, continue lendo para descobrir maneiras surpreendentes de dar vida a essa \u00e1rea da sua casa.<\/p>\n<figure id=\"attachment_92489\" aria-describedby=\"caption-attachment-92489\" style=\"width: 1024px\" class=\"wp-caption alignnone\"><img decoding=\"async\" class=\"size-full wp-image-92489\" src=\"https:\/\/www.aarquiteta.com.br\/blog\/wp-content\/uploads\/2023\/09\/5-Inspiracoes-para-Decorar-a-Parede-do-Sofa-3.png\" alt=\"5 Inspira\u00e7\u00f5es para Decorar a Parede do Sof\u00e1\" width=\"1024\" height=\"1024\" title=\"\" srcset=\"https:\/\/www.aarquiteta.com.br\/blog\/wp-content\/uploads\/2023\/09\/5-Inspiracoes-para-Decorar-a-Parede-do-Sofa-3.png 1024w, https:\/\/www.aarquiteta.com.br\/blog\/wp-content\/uploads\/2023\/09\/5-Inspiracoes-para-Decorar-a-Parede-do-Sofa-3-696x696.png 696w, https:\/\/www.aarquiteta.com.br\/blog\/wp-content\/uploads\/2023\/09\/5-Inspiracoes-para-Decorar-a-Parede-do-Sofa-3-96x96.png 96w, https:\/\/www.aarquiteta.com.br\/blog\/wp-content\/uploads\/2023\/09\/5-Inspiracoes-para-Decorar-a-Parede-do-Sofa-3-150x150.png 150w\" sizes=\"(max-width: 1024px) 100vw, 1024px\" \/><figcaption id=\"caption-attachment-92489\" class=\"wp-caption-text\">5 Inspira\u00e7\u00f5es para Decorar a Parede do Sof\u00e1<\/figcaption><\/figure>\n<h2><strong>1. Arte em M\u00faltiplas Camadas<\/strong><\/h2>\n<p>Uma tend\u00eancia de decora\u00e7\u00e3o que tem ganhado popularidade nos \u00faltimos anos \u00e9 a cria\u00e7\u00e3o de uma parede de galeria em m\u00faltiplas camadas. Em vez de pendurar um \u00fanico quadro, experimente agrupar v\u00e1rias pe\u00e7as de arte em tamanhos, formas e estilos diferentes. Misturar pinturas, fotografias e at\u00e9 mesmo objetos tridimensionais pode criar uma composi\u00e7\u00e3o visualmente interessante.<\/p>\n<p>Use prateleiras flutuantes para dispor as obras de arte em diferentes alturas, adicionando profundidade \u00e0 sua decora\u00e7\u00e3o. Essa abordagem permite que voc\u00ea conte uma hist\u00f3ria visual \u00fanica na parede do seu sof\u00e1.<\/p>\n<figure id=\"attachment_92490\" aria-describedby=\"caption-attachment-92490\" style=\"width: 1024px\" class=\"wp-caption alignnone\"><img decoding=\"async\" class=\"size-full wp-image-92490\" src=\"https:\/\/www.aarquiteta.com.br\/blog\/wp-content\/uploads\/2023\/09\/5-Inspiracoes-para-Decorar-a-Parede-do-Sofa-2.png\" alt=\"5 Inspira\u00e7\u00f5es para Decorar a Parede do Sof\u00e1\" width=\"1024\" height=\"1024\" title=\"\" srcset=\"https:\/\/www.aarquiteta.com.br\/blog\/wp-content\/uploads\/2023\/09\/5-Inspiracoes-para-Decorar-a-Parede-do-Sofa-2.png 1024w, https:\/\/www.aarquiteta.com.br\/blog\/wp-content\/uploads\/2023\/09\/5-Inspiracoes-para-Decorar-a-Parede-do-Sofa-2-696x696.png 696w, https:\/\/www.aarquiteta.com.br\/blog\/wp-content\/uploads\/2023\/09\/5-Inspiracoes-para-Decorar-a-Parede-do-Sofa-2-96x96.png 96w, https:\/\/www.aarquiteta.com.br\/blog\/wp-content\/uploads\/2023\/09\/5-Inspiracoes-para-Decorar-a-Parede-do-Sofa-2-150x150.png 150w\" sizes=\"(max-width: 1024px) 100vw, 1024px\" \/><figcaption id=\"caption-attachment-92490\" class=\"wp-caption-text\">5 Inspira\u00e7\u00f5es para Decorar a Parede do Sof\u00e1<\/figcaption><\/figure>\n<h2><strong>2. Espelhos Elegantes<\/strong><\/h2>\n<p>Espelhos n\u00e3o s\u00e3o apenas funcionais, mas tamb\u00e9m uma excelente op\u00e7\u00e3o decorativa para a parede do sof\u00e1. Escolha espelhos com molduras decorativas que combinem com o estilo da sua sala de estar. Posicione-os estrategicamente para refletir a luz natural ou elementos da sua decora\u00e7\u00e3o, criando uma sensa\u00e7\u00e3o de espa\u00e7o e luminosidade.<\/p>\n<p>Al\u00e9m disso, os espelhos adicionam um toque de sofistica\u00e7\u00e3o ao ambiente, tornando-se uma escolha vers\u00e1til e atemporal.<\/p>\n<figure id=\"attachment_92493\" aria-describedby=\"caption-attachment-92493\" style=\"width: 1024px\" class=\"wp-caption alignnone\"><img decoding=\"async\" class=\"size-full wp-image-92493\" src=\"https:\/\/www.aarquiteta.com.br\/blog\/wp-content\/uploads\/2023\/09\/5-Inspiracoes-para-Decorar-a-Parede-do-Sofa-4.png\" alt=\"5 Inspira\u00e7\u00f5es para Decorar a Parede do Sof\u00e1\" width=\"1024\" height=\"1024\" title=\"\" srcset=\"https:\/\/www.aarquiteta.com.br\/blog\/wp-content\/uploads\/2023\/09\/5-Inspiracoes-para-Decorar-a-Parede-do-Sofa-4.png 1024w, https:\/\/www.aarquiteta.com.br\/blog\/wp-content\/uploads\/2023\/09\/5-Inspiracoes-para-Decorar-a-Parede-do-Sofa-4-696x696.png 696w, https:\/\/www.aarquiteta.com.br\/blog\/wp-content\/uploads\/2023\/09\/5-Inspiracoes-para-Decorar-a-Parede-do-Sofa-4-96x96.png 96w, https:\/\/www.aarquiteta.com.br\/blog\/wp-content\/uploads\/2023\/09\/5-Inspiracoes-para-Decorar-a-Parede-do-Sofa-4-150x150.png 150w\" sizes=\"(max-width: 1024px) 100vw, 1024px\" \/><figcaption id=\"caption-attachment-92493\" class=\"wp-caption-text\">5 Inspira\u00e7\u00f5es para Decorar a Parede do Sof\u00e1<\/figcaption><\/figure>\n<h2><strong>3. Prateleiras Criativas<\/strong><\/h2>\n<p>Se voc\u00ea deseja adicionar um toque pr\u00e1tico \u00e0 sua decora\u00e7\u00e3o, considere a instala\u00e7\u00e3o de prateleiras na parede do sof\u00e1. Essas prateleiras podem servir como um local para exibir objetos de decora\u00e7\u00e3o, plantas, livros ou at\u00e9 mesmo sua cole\u00e7\u00e3o de cer\u00e2mica. A chave para criar um visual atraente \u00e9 organizar cuidadosamente os itens nas prateleiras.<\/p>\n<p>Brinque com alturas e disposi\u00e7\u00f5es para alcan\u00e7ar um equil\u00edbrio visual agrad\u00e1vel. Prateleiras flutuantes minimalistas ou prateleiras r\u00fasticas de madeira podem se adaptar a diferentes estilos de decora\u00e7\u00e3o.<\/p>\n<h2><strong>4. Paredes de Acento<\/strong><\/h2>\n<p>Uma parede de acento \u00e9 uma \u00f3tima maneira de adicionar personalidade \u00e0 sua sala de estar. Escolha uma cor de destaque ou um papel de parede com um padr\u00e3o intrigante para aplicar na parede do sof\u00e1. Isso cria um ponto focal instant\u00e2neo que atrai os olhares e define o tom da decora\u00e7\u00e3o.<\/p>\n<p>Lembre-se de que menos \u00e9 mais quando se trata de paredes de acento; mantenha o restante da sala em tons mais neutros para equilibrar a est\u00e9tica.<\/p>\n<figure id=\"attachment_92491\" aria-describedby=\"caption-attachment-92491\" style=\"width: 1024px\" class=\"wp-caption alignnone\"><img decoding=\"async\" class=\"size-full wp-image-92491\" src=\"https:\/\/www.aarquiteta.com.br\/blog\/wp-content\/uploads\/2023\/09\/5-Inspiracoes-para-Decorar-a-Parede-do-Sofa-1.png\" alt=\"5 Inspira\u00e7\u00f5es para Decorar a Parede do Sof\u00e1\" width=\"1024\" height=\"1024\" title=\"\" srcset=\"https:\/\/www.aarquiteta.com.br\/blog\/wp-content\/uploads\/2023\/09\/5-Inspiracoes-para-Decorar-a-Parede-do-Sofa-1.png 1024w, https:\/\/www.aarquiteta.com.br\/blog\/wp-content\/uploads\/2023\/09\/5-Inspiracoes-para-Decorar-a-Parede-do-Sofa-1-696x696.png 696w, https:\/\/www.aarquiteta.com.br\/blog\/wp-content\/uploads\/2023\/09\/5-Inspiracoes-para-Decorar-a-Parede-do-Sofa-1-96x96.png 96w, https:\/\/www.aarquiteta.com.br\/blog\/wp-content\/uploads\/2023\/09\/5-Inspiracoes-para-Decorar-a-Parede-do-Sofa-1-150x150.png 150w\" sizes=\"(max-width: 1024px) 100vw, 1024px\" \/><figcaption id=\"caption-attachment-92491\" class=\"wp-caption-text\">5 Inspira\u00e7\u00f5es para Decorar a Parede do Sof\u00e1<\/figcaption><\/figure>\n<h2><strong>5. Arranjos de Plantas<\/strong><\/h2>\n<p>Se voc\u00ea ama a natureza, por que n\u00e3o traz\u00ea-la para dentro de casa? Montar um arranjo de plantas na parede do sof\u00e1 \u00e9 uma ideia inovadora e refrescante. Use suportes de plantas suspensas ou prateleiras espec\u00edficas para criar uma parede verde deslumbrante.<\/p>\n<p>Al\u00e9m de purificar o ar e melhorar a qualidade do ambiente, as plantas adicionam uma sensa\u00e7\u00e3o de tranquilidade e frescor \u00e0 sua sala de estar.<\/p>\n<h3><strong>Perguntas frequentes:<\/strong><\/h3>\n<p><strong>Como escolher o tamanho certo para a arte da parede do sof\u00e1?<\/strong><\/p>\n<p>Para escolher o tamanho certo para a arte da parede do sof\u00e1, siga esta regra geral: a arte deve ocupar aproximadamente 2\/3 a 3\/4 do comprimento do sof\u00e1. Isso garante que a arte seja proporcional ao espa\u00e7o e crie um impacto visual equilibrado.<\/p>\n<p><strong>Que tipos de plantas s\u00e3o ideais para um arranjo na parede do sof\u00e1?<\/strong><\/p>\n<p>Plantas como samambaias, pothos, suculentas e hera s\u00e3o excelentes escolhas para um arranjo na parede do sof\u00e1. Essas plantas s\u00e3o f\u00e1ceis de cuidar e se adaptam bem a ambientes internos.<\/p>\n<p><strong>Quais s\u00e3o as melhores cores para uma parede de acento?<\/strong><\/p>\n<p>As melhores cores para uma parede de acento dependem do estilo da sua sala de estar. Tons neutros, como cinza suave, azul marinho ou verde-oliva, s\u00e3o escolhas seguras. No entanto, cores mais ousadas, como vermelho intenso ou amarelo mostarda, podem criar um visual impactante.<\/p>\n<p><strong>Como garantir que as prateleiras na parede do sof\u00e1 estejam niveladas?\u00a0<\/strong><\/p>\n<p>Use um n\u00edvel de bolha para garantir que as prateleiras na parede do sof\u00e1 estejam perfeitamente niveladas. Isso \u00e9 essencial para um visual organizado e esteticamente agrad\u00e1vel.<\/p>\n<p><strong>Quais estilos de molduras de espelho est\u00e3o em alta atualmente?\u00a0<\/strong><\/p>\n<p>Atualmente, molduras de espelho em estilos vintage, como ouro envelhecido ou metal preto fosco, est\u00e3o em alta. Elas adicionam um toque de eleg\u00e2ncia e nostalgia \u00e0 decora\u00e7\u00e3o.<\/p>\n<p>Ap\u00f3s explorar essas inspira\u00e7\u00f5es criativas para decorar a parede do sof\u00e1, voc\u00ea est\u00e1 pronto para transformar sua sala de estar em um espa\u00e7o verdadeiramente \u00fanico e aconchegante.<\/p>\n<p>Lembre-se de que a chave para o sucesso est\u00e1 em escolher op\u00e7\u00f5es que reflitam seu estilo pessoal e criar um ambiente onde voc\u00ea se sinta \u00e0 vontade. Deixe sua imagina\u00e7\u00e3o fluir e divirta-se decorando!<\/p>\n<p><strong>Espero que este artigo tenha ajudado voc\u00ea!<\/strong><\/p>\n<p>Ent\u00e3o deslize a tela para baixo e<a href=\"https:\/\/br.pinterest.com\/aarquitetapinterest\/_created\/\" target=\"_blank\" rel=\"noopener\">\u00a0confira mais dicas<\/a>\u00a0como esta e n\u00e3o se esque\u00e7a de compartilhar com os amigos!<\/p>\n<p>Quer mais dicas sobre o mundo da\u00a0<a href=\"https:\/\/www.aarquiteta.com.br\/blog\/o-que-e-arquitetura\/\">arquitetura<\/a>\u00a0e\u00a0<a href=\"https:\/\/www.aarquiteta.com.br\/blog\/decoracao\/\">Decora\u00e7\u00e3o<\/a>, ent\u00e3o confira alguns dos nossos artigos em:<\/p>\n<ul>\n<li><a href=\"https:\/\/www.aarquiteta.com.br\/blog\/paisagismo\/\" target=\"_blank\" rel=\"noopener\">Casa e Jardim<\/a><\/li>\n<li><a href=\"https:\/\/www.aarquiteta.com.br\/blog\/arquitetura\/mundo-arquitetura\/\" target=\"_blank\" rel=\"noopener\">Mundo Arquitetura<\/a><\/li>\n<li><a href=\"https:\/\/www.aarquiteta.com.br\/decoracao\/\" target=\"_blank\" rel=\"noopener\">Decora\u00e7\u00e3o\u00a0<\/a><\/li>\n<\/ul>\n","protected":false},"excerpt":{"rendered":"<p>Voc\u00ea j\u00e1 se encontrou olhando para a parede vazia acima do seu sof\u00e1 e pensando em como preench\u00ea-la de forma elegante e atraente? A parede do sof\u00e1 \u00e9 um dos pontos focais de qualquer sala de estar, e decor\u00e1-la pode fazer toda a diferen\u00e7a na atmosfera do ambiente. Neste artigo, vamos explorar cinco inspira\u00e7\u00f5es criativas [&hellip;]<\/p>\n","protected":false},"author":102,"featured_media":92489,"comment_status":"closed","ping_status":"closed","sticky":false,"template":"","format":"standard","meta":{"footnotes":""},"categories":[1484,18751,35382],"tags":[32197,7053,28819,32196,2173],"class_list":["post-92488","post","type-post","status-publish","format-standard","has-post-thumbnail","category-decoracao","category-decoracao-sala-de-estar","category-sofas-e-poltronas","tag-arte-na-parede","tag-decoracao-de-parede","tag-ideias-de-decoracao","tag-parede-do-sofa","tag-sala-de-estar"],"_wp_attached_file":null,"_wp_attachment_metadata":null,"_wp_attachment_context":null,"_wp_attachment_is_custom_header":null,"geo_longitude":null,"geo_public":null,"geo_latitude":null,"_publicize_done_external":null,"_wpas_done_3897181":null,"publicize_twitter_user":null,"_wpas_done_3897175":null,"_wpas_skip_3897181":null,"_wpas_skip_3897175":null,"_wpas_skip_3924723":null,"_wpas_mess":null,"_wpas_done_3924723":null,"wps_subtitle":"","_links":{"self":[{"href":"https:\/\/www.aarquiteta.com.br\/blog\/wp-json\/wp\/v2\/posts\/92488","targetHints":{"allow":["GET"]}}],"collection":[{"href":"https:\/\/www.aarquiteta.com.br\/blog\/wp-json\/wp\/v2\/posts"}],"about":[{"href":"https:\/\/www.aarquiteta.com.br\/blog\/wp-json\/wp\/v2\/types\/post"}],"author":[{"embeddable":true,"href":"https:\/\/www.aarquiteta.com.br\/blog\/wp-json\/wp\/v2\/users\/102"}],"replies":[{"embeddable":true,"href":"https:\/\/www.aarquiteta.com.br\/blog\/wp-json\/wp\/v2\/comments?post=92488"}],"version-history":[{"count":0,"href":"https:\/\/www.aarquiteta.com.br\/blog\/wp-json\/wp\/v2\/posts\/92488\/revisions"}],"wp:featuredmedia":[{"embeddable":true,"href":"https:\/\/www.aarquiteta.com.br\/blog\/wp-json\/wp\/v2\/media\/92489"}],"wp:attachment":[{"href":"https:\/\/www.aarquiteta.com.br\/blog\/wp-json\/wp\/v2\/media?parent=92488"}],"wp:term":[{"taxonomy":"category","embeddable":true,"href":"https:\/\/www.aarquiteta.com.br\/blog\/wp-json\/wp\/v2\/categories?post=92488"},{"taxonomy":"post_tag","embeddable":true,"href":"https:\/\/www.aarquiteta.com.br\/blog\/wp-json\/wp\/v2\/tags?post=92488"}],"curies":[{"name":"wp","href":"https:\/\/api.w.org\/{rel}","templated":true}]}}