{"id":92406,"date":"2023-09-18T11:55:20","date_gmt":"2023-09-18T14:55:20","guid":{"rendered":"http:\/\/aarquiteta.com.br\/?p=92406"},"modified":"2024-07-03T12:29:59","modified_gmt":"2024-07-03T15:29:59","slug":"versatilidade-em-forma-a-proposta-funcional-e-estetica-do-sofa-em-l-na-decoracao","status":"publish","type":"post","link":"https:\/\/www.aarquiteta.com.br\/blog\/versatilidade-em-forma-a-proposta-funcional-e-estetica-do-sofa-em-l-na-decoracao\/","title":{"rendered":"Versatilidade em Forma: A Proposta Funcional e Est\u00e9tica do Sof\u00e1 em L na Decora\u00e7\u00e3o!"},"content":{"rendered":"<p>O <strong>sof\u00e1 em L<\/strong> \u00e9 uma op\u00e7\u00e3o popular e vers\u00e1til para a decora\u00e7\u00e3o de interiores. Ele proporciona uma combina\u00e7\u00e3o de funcionalidade e est\u00e9tica, tornando-se uma escolha ideal para diversos ambientes.<\/p>\n<p>Ao escolher um sof\u00e1 em L para o ambiente, \u00e9 importante considerar o tamanho do espa\u00e7o dispon\u00edvel, a funcionalidade desejada e o estilo de decora\u00e7\u00e3o. \u00c9 recomendado medir o espa\u00e7o antes de selecionar. Confira os detalhes do artigo a seguir:<\/p>\n<h2>O que \u00e9 o Sof\u00e1 em L?<\/h2>\n<div><\/div>\n<p><iframe src=\"https:\/\/www.youtube.com\/embed\/2XaXhoMg83Q\" width=\"512\" height=\"350\" frameborder=\"0\" allowfullscreen=\"allowfullscreen\"><\/iframe><\/p>\n<h2><\/h2>\n<p>O sof\u00e1 em L \u00e9 uma pe\u00e7a de mobili\u00e1rio muito vers\u00e1til e pr\u00e1tica na decora\u00e7\u00e3o de uma sala de estar. Este sof\u00e1 \u00e9 caracterizado pela sua forma em \u00e2ngulo, que se assemelha \u00e0 letra &#8220;L&#8221;. Abaixo est\u00e3o os principais pontos a serem considerados sobre o sof\u00e1 em L:<\/p>\n<p>&#8211; Espa\u00e7o otimizado: O sof\u00e1 em L \u00e9 uma excelente op\u00e7\u00e3o para economizar espa\u00e7o em salas menores. Devido ao seu formato em \u00e2ngulo, ele se encaixa perfeitamente em cantos e ainda oferece uma boa quantidade de assentos.<\/p>\n<p>&#8211; Conforto: Os sof\u00e1s em L geralmente v\u00eam com um chaise (uma esp\u00e9cie de extens\u00e3o) em uma das extremidades, oferecendo um espa\u00e7o adicional para relaxar e esticar as pernas. Al\u00e9m disso, eles geralmente possuem almofadas macias e um design ergon\u00f4mico para garantir o m\u00e1ximo conforto.<\/p>\n<p>&#8211; Estilo e design: O sof\u00e1 em L est\u00e1 dispon\u00edvel em uma variedade de estilos, materiais e cores, tornando-o adequado para qualquer estilo de decora\u00e7\u00e3o. Ele pode ser encontrado em designs modernos, contempor\u00e2neos ou at\u00e9 mesmo cl\u00e1ssicos, permitindo que voc\u00ea escolha o que melhor se adapta ao seu gosto pessoal e ao estilo da sua sala.<\/p>\n<p>&#8211; Versatilidade: O sof\u00e1 em L oferece diversas configura\u00e7\u00f5es poss\u00edveis, permitindo que voc\u00ea adapte sua disposi\u00e7\u00e3o de acordo com a necessidade do ambiente. Voc\u00ea pode facilmente mudar a posi\u00e7\u00e3o do chaise ou at\u00e9 mesmo adicionar m\u00f3dulos extras para acomodar mais pessoas.<\/p>\n<p>&#8211; Funcionalidade: Al\u00e9m de oferecer assentos confort\u00e1veis, o sof\u00e1 em L tamb\u00e9m pode fornecer espa\u00e7o de armazenamento adicional. Alguns modelos possuem compartimentos internos para guardar objetos, como livros, controle remoto ou mantas.<\/p>\n<p>Em resumo, o sof\u00e1 em L \u00e9 uma escolha inteligente para otimizar o espa\u00e7o, oferecer conforto e funcionalidade, al\u00e9m de adicionar um toque de estilo \u00e0 decora\u00e7\u00e3o da sua sala de estar.<\/p>\n<h3>Quais s\u00e3o as caracter\u00edsticas do Sof\u00e1 em L?<\/h3>\n<figure id=\"attachment_94337\" aria-describedby=\"caption-attachment-94337\" style=\"width: 1500px\" class=\"wp-caption alignnone\"><img decoding=\"async\" class=\"size-full wp-image-94337\" src=\"https:\/\/www.aarquiteta.com.br\/blog\/wp-content\/uploads\/2023\/09\/sofa-de-canto-em-L-4.jpg\" alt=\"Versatilidade em Forma: A Proposta Funcional e Est\u00e9tica do Sof\u00e1 em L na Decora\u00e7\u00e3o!\" width=\"1500\" height=\"1500\" title=\"\" srcset=\"https:\/\/www.aarquiteta.com.br\/blog\/wp-content\/uploads\/2023\/09\/sofa-de-canto-em-L-4.jpg 1500w, https:\/\/www.aarquiteta.com.br\/blog\/wp-content\/uploads\/2023\/09\/sofa-de-canto-em-L-4-1024x1024.jpg 1024w, https:\/\/www.aarquiteta.com.br\/blog\/wp-content\/uploads\/2023\/09\/sofa-de-canto-em-L-4-696x696.jpg 696w, https:\/\/www.aarquiteta.com.br\/blog\/wp-content\/uploads\/2023\/09\/sofa-de-canto-em-L-4-96x96.jpg 96w, https:\/\/www.aarquiteta.com.br\/blog\/wp-content\/uploads\/2023\/09\/sofa-de-canto-em-L-4-150x150.jpg 150w\" sizes=\"(max-width: 1500px) 100vw, 1500px\" \/><figcaption id=\"caption-attachment-94337\" class=\"wp-caption-text\">Foto: Amazon.com<\/figcaption><\/figure>\n<ul>\n<li>O sof\u00e1 em L possui um formato em forma de L, o que o torna ideal para aproveitar espa\u00e7os em ambientes compactos.<\/li>\n<li>Ele \u00e9 composto por dois elementos principais: uma parte reta e uma parte de canto, formando o \u00e2ngulo de 90 graus.<\/li>\n<li>Possui um design moderno e vers\u00e1til, que se adapta a diferentes estilos de decora\u00e7\u00e3o.<\/li>\n<li>O sof\u00e1 em L pode ser encontrado em diferentes tamanhos, desde modelos menores para apartamentos pequenos at\u00e9 op\u00e7\u00f5es maiores para salas amplas.<\/li>\n<li>Oferece bastante espa\u00e7o para acomodar v\u00e1rias pessoas confortavelmente, seja para assistir televis\u00e3o, conversar ou descansar.<\/li>\n<li>Muitos modelos possuem um chaise, que \u00e9 uma extens\u00e3o da parte reta do sof\u00e1, proporcionando um lugar extra para relaxar e esticar as pernas.<\/li>\n<li>Existem op\u00e7\u00f5es com diferentes tipos de estofamento, como couro, tecido ou suede, para atender \u00e0s prefer\u00eancias individuais.<\/li>\n<li>Pode ser encontrado em diversas cores e padr\u00f5es, permitindo que voc\u00ea escolha um sof\u00e1 em L que se destaque ou se integre harmoniosamente ao ambiente.<\/li>\n<\/ul>\n<h2>Como utilizar o Sof\u00e1 em L na Decora\u00e7\u00e3o?<\/h2>\n<figure id=\"attachment_94338\" aria-describedby=\"caption-attachment-94338\" style=\"width: 1000px\" class=\"wp-caption alignnone\"><img decoding=\"async\" class=\"size-full wp-image-94338\" src=\"https:\/\/www.aarquiteta.com.br\/blog\/wp-content\/uploads\/2023\/09\/sofa-de-canto-em-L-3.jpg\" alt=\"Versatilidade em Forma: A Proposta Funcional e Est\u00e9tica do Sof\u00e1 em L na Decora\u00e7\u00e3o!\" width=\"1000\" height=\"666\" title=\"\" srcset=\"https:\/\/www.aarquiteta.com.br\/blog\/wp-content\/uploads\/2023\/09\/sofa-de-canto-em-L-3.jpg 1000w, https:\/\/www.aarquiteta.com.br\/blog\/wp-content\/uploads\/2023\/09\/sofa-de-canto-em-L-3-696x464.jpg 696w, https:\/\/www.aarquiteta.com.br\/blog\/wp-content\/uploads\/2023\/09\/sofa-de-canto-em-L-3-150x100.jpg 150w\" sizes=\"(max-width: 1000px) 100vw, 1000px\" \/><figcaption id=\"caption-attachment-94338\" class=\"wp-caption-text\">Foto: Amazon.com<\/figcaption><\/figure>\n<ol>\n<li>Posicionamento: Escolha o local onde o sof\u00e1 em L ir\u00e1 ficar levando em considera\u00e7\u00e3o o espa\u00e7o dispon\u00edvel e a funcionalidade do ambiente. Certifique-se de que haja espa\u00e7o suficiente para circula\u00e7\u00e3o e que o sof\u00e1 n\u00e3o obstrua portas ou janelas.<\/li>\n<li>Escolha das cores: Opte por cores que combinem com a paleta de cores do ambiente. Se desejar um visual mais discreto, escolha tons neutros. Se quiser um toque de personalidade, opte por cores mais vibrantes.<\/li>\n<li>Complementos: Utilize almofadas e mantas para trazer conforto e aconchego ao sof\u00e1 em L. Escolha estampas e texturas que conversem com o estilo do ambiente.<\/li>\n<li>Integra\u00e7\u00e3o com os demais m\u00f3veis: Certifique-se de que o sof\u00e1 em L esteja integrado de forma harm\u00f4nica com os demais m\u00f3veis do ambiente. Procure criar uma composi\u00e7\u00e3o equilibrada e que valorize o espa\u00e7o.<\/li>\n<li>Ilumina\u00e7\u00e3o: Considere a ilumina\u00e7\u00e3o do ambiente ao posicionar o sof\u00e1 em L. Certifique-se de que haja luz adequada para tornar o espa\u00e7o acolhedor.<\/li>\n<\/ol>\n<p>Uma hist\u00f3ria real que exemplifica o uso do sof\u00e1 em L na decora\u00e7\u00e3o \u00e9 a de Joana. Ela tinha uma sala de estar pequena e queria um sof\u00e1 que fosse confort\u00e1vel e que aproveitasse melhor o espa\u00e7o dispon\u00edvel.<\/p>\n<p>Ap\u00f3s pesquisar op\u00e7\u00f5es, ela optou por um sof\u00e1 em L na cor cinza, que combinava com o restante da decora\u00e7\u00e3o. Posicionou-o estrategicamente no canto da sala, aproveitando o espa\u00e7o que anteriormente estava vazio.<\/p>\n<p>Com a adi\u00e7\u00e3o de almofadas coloridas e uma manta, o sof\u00e1 se tornou o centro das aten\u00e7\u00f5es e trouxe um aspecto contempor\u00e2neo ao ambiente.\u00a0Utilizar o sof\u00e1 em L na decora\u00e7\u00e3o pode ser uma excelente escolha para trazer conforto e estilo ao ambiente.<\/p>\n<p>Seguindo essas dicas, voc\u00ea poder\u00e1 criar um espa\u00e7o aconchegante e funcional, aproveitando ao m\u00e1ximo o potencial desse tipo de sof\u00e1 na decora\u00e7\u00e3o da sua casa.<\/p>\n<h3>Como usar o sof\u00e1 em L na decora\u00e7\u00e3o?<\/h3>\n<figure id=\"attachment_94343\" aria-describedby=\"caption-attachment-94343\" style=\"width: 1000px\" class=\"wp-caption alignnone\"><img decoding=\"async\" class=\"size-full wp-image-94343\" src=\"https:\/\/www.aarquiteta.com.br\/blog\/wp-content\/uploads\/2023\/09\/sofa-de-canto-em-L-9.jpg\" alt=\"Versatilidade em Forma: A Proposta Funcional e Est\u00e9tica do Sof\u00e1 em L na Decora\u00e7\u00e3o!\" width=\"1000\" height=\"814\" title=\"\" srcset=\"https:\/\/www.aarquiteta.com.br\/blog\/wp-content\/uploads\/2023\/09\/sofa-de-canto-em-L-9.jpg 1000w, https:\/\/www.aarquiteta.com.br\/blog\/wp-content\/uploads\/2023\/09\/sofa-de-canto-em-L-9-696x567.jpg 696w, https:\/\/www.aarquiteta.com.br\/blog\/wp-content\/uploads\/2023\/09\/sofa-de-canto-em-L-9-150x122.jpg 150w\" sizes=\"(max-width: 1000px) 100vw, 1000px\" \/><figcaption id=\"caption-attachment-94343\" class=\"wp-caption-text\">Foto: Amazon.com<\/figcaption><\/figure>\n<ol>\n<li>Posicionamento: Escolha o local onde o sof\u00e1 em L ir\u00e1 ficar levando em considera\u00e7\u00e3o o espa\u00e7o dispon\u00edvel e a funcionalidade do ambiente. Certifique-se de que haja espa\u00e7o suficiente para circula\u00e7\u00e3o e que o sof\u00e1 n\u00e3o obstrua portas ou janelas.<\/li>\n<li>Escolha das cores: Opte por cores que combinem com a paleta de cores do ambiente. Se desejar um visual mais discreto, escolha tons neutros. Se quiser um toque de personalidade, opte por cores mais vibrantes.<\/li>\n<li>Complementos: Utilize almofadas e mantas para trazer conforto e aconchego ao sof\u00e1 em L. Escolha estampas e texturas que conversem com o estilo do ambiente.<\/li>\n<li>Integra\u00e7\u00e3o com os demais m\u00f3veis: Certifique-se de que o sof\u00e1 em L esteja integrado de forma harm\u00f4nica com os demais m\u00f3veis do ambiente. Procure criar uma composi\u00e7\u00e3o equilibrada e que valorize o espa\u00e7o.<\/li>\n<li>Ilumina\u00e7\u00e3o: Considere a ilumina\u00e7\u00e3o do ambiente ao posicionar o sof\u00e1 em L. Certifique-se de que haja luz adequada para tornar o espa\u00e7o acolhedor.<\/li>\n<\/ol>\n<h3>Quais s\u00e3o as vantagens da utiliza\u00e7\u00e3o do Sof\u00e1 em L na Decora\u00e7\u00e3o?<\/h3>\n<figure id=\"attachment_94342\" aria-describedby=\"caption-attachment-94342\" style=\"width: 1200px\" class=\"wp-caption alignnone\"><img decoding=\"async\" class=\"size-full wp-image-94342\" src=\"https:\/\/www.aarquiteta.com.br\/blog\/wp-content\/uploads\/2023\/09\/sofa-de-canto-em-L-10.jpg\" alt=\"Versatilidade em Forma: A Proposta Funcional e Est\u00e9tica do Sof\u00e1 em L na Decora\u00e7\u00e3o!\" width=\"1200\" height=\"900\" title=\"\" srcset=\"https:\/\/www.aarquiteta.com.br\/blog\/wp-content\/uploads\/2023\/09\/sofa-de-canto-em-L-10.jpg 1200w, https:\/\/www.aarquiteta.com.br\/blog\/wp-content\/uploads\/2023\/09\/sofa-de-canto-em-L-10-1024x768.jpg 1024w, https:\/\/www.aarquiteta.com.br\/blog\/wp-content\/uploads\/2023\/09\/sofa-de-canto-em-L-10-696x522.jpg 696w, https:\/\/www.aarquiteta.com.br\/blog\/wp-content\/uploads\/2023\/09\/sofa-de-canto-em-L-10-150x113.jpg 150w\" sizes=\"(max-width: 1200px) 100vw, 1200px\" \/><figcaption id=\"caption-attachment-94342\" class=\"wp-caption-text\">Foto: Amazon.com<\/figcaption><\/figure>\n<p>Existem v\u00e1rias vantagens na utiliza\u00e7\u00e3o do sof\u00e1 em L na decora\u00e7\u00e3o.<\/p>\n<p>1. Otimiza\u00e7\u00e3o do espa\u00e7o: Uma das principais vantagens do sof\u00e1 em L \u00e9 a capacidade de otimizar o espa\u00e7o dispon\u00edvel no ambiente. Com seu formato em L, ele se encaixa perfeitamente em cantos e oferece mais assentos do que um sof\u00e1 tradicional. Isso \u00e9 especialmente \u00fatil em c\u00f4modos menores onde cada cent\u00edmetro conta.<\/p>\n<p>2. Versatilidade na disposi\u00e7\u00e3o: O sof\u00e1 em L permite diferentes disposi\u00e7\u00f5es, adaptando-se \u00e0s necessidades e prefer\u00eancias de cada pessoa. Voc\u00ea pode posicionar as partes do sof\u00e1 de diferentes maneiras, criando um ambiente mais acolhedor e funcional. Al\u00e9m disso, \u00e9 poss\u00edvel utilizar a parte em forma de L como separador de ambientes, delimitando espa\u00e7os de forma sutil e elegante.<\/p>\n<p>3. Conforto e aconchego: Com sua forma espa\u00e7osa e possibilidade de incluir chaise longue ou apoio para os p\u00e9s, o sof\u00e1 em L proporciona um alto n\u00edvel de conforto. \u00c9 ideal para relaxar, assistir TV ou reunir-se com familiares e amigos. Al\u00e9m disso, \u00e9 poss\u00edvel adicionar almofadas e mantas para criar uma atmosfera ainda mais aconchegante.<\/p>\n<p>4. Est\u00e9tica contempor\u00e2nea: O sof\u00e1 em L \u00e9 uma escolha moderna e sofisticada para a decora\u00e7\u00e3o. Seu design elegante e linhas limpas trazem um ar contempor\u00e2neo para o ambiente. Al\u00e9m disso, sua forma angular pode complementar diferentes estilos de decora\u00e7\u00e3o, desde o minimalista at\u00e9 o industrial.<\/p>\n<p>5. Personaliza\u00e7\u00e3o e estilo \u00fanico: Com uma ampla variedade de cores, tecidos e estilos dispon\u00edveis, \u00e9 poss\u00edvel encontrar um sof\u00e1 em L que se ajuste perfeitamente \u00e0 sua personalidade e ao estilo da decora\u00e7\u00e3o. Voc\u00ea pode escolher entre tecidos mais luxuosos, como veludo, ou op\u00e7\u00f5es mais pr\u00e1ticas, como couro sint\u00e9tico, de acordo com suas prefer\u00eancias e necessidades.<\/p>\n<p>Em resumo, as vantagens da utiliza\u00e7\u00e3o do sof\u00e1 em L na decora\u00e7\u00e3o incluem a otimiza\u00e7\u00e3o do espa\u00e7o, versatilidade na disposi\u00e7\u00e3o, conforto e aconchego, est\u00e9tica contempor\u00e2nea e a possibilidade de personaliza\u00e7\u00e3o. Ao considerar esses aspectos, voc\u00ea pode escolher um sof\u00e1 em L que se adapte perfeitamente \u00e0s suas necessidades e valorize a decora\u00e7\u00e3o de seu ambiente.<\/p>\n<h3>Como escolher o Sof\u00e1 em L ideal para o ambiente?<\/h3>\n<figure id=\"attachment_94341\" aria-describedby=\"caption-attachment-94341\" style=\"width: 1200px\" class=\"wp-caption alignnone\"><img decoding=\"async\" class=\"size-full wp-image-94341\" src=\"https:\/\/www.aarquiteta.com.br\/blog\/wp-content\/uploads\/2023\/09\/sofa-de-canto-em-L-7-1.jpg\" alt=\"Versatilidade em Forma: A Proposta Funcional e Est\u00e9tica do Sof\u00e1 em L na Decora\u00e7\u00e3o!\" width=\"1200\" height=\"1200\" title=\"\" srcset=\"https:\/\/www.aarquiteta.com.br\/blog\/wp-content\/uploads\/2023\/09\/sofa-de-canto-em-L-7-1.jpg 1200w, https:\/\/www.aarquiteta.com.br\/blog\/wp-content\/uploads\/2023\/09\/sofa-de-canto-em-L-7-1-1024x1024.jpg 1024w, https:\/\/www.aarquiteta.com.br\/blog\/wp-content\/uploads\/2023\/09\/sofa-de-canto-em-L-7-1-696x696.jpg 696w, https:\/\/www.aarquiteta.com.br\/blog\/wp-content\/uploads\/2023\/09\/sofa-de-canto-em-L-7-1-96x96.jpg 96w, https:\/\/www.aarquiteta.com.br\/blog\/wp-content\/uploads\/2023\/09\/sofa-de-canto-em-L-7-1-150x150.jpg 150w\" sizes=\"(max-width: 1200px) 100vw, 1200px\" \/><figcaption id=\"caption-attachment-94341\" class=\"wp-caption-text\">Foto: Amazon.com<\/figcaption><\/figure>\n<p>Para escolher o sof\u00e1 em L ideal para o ambiente, \u00e9 importante considerar v\u00e1rias quest\u00f5es para garantir que ele se ajuste perfeitamente ao espa\u00e7o e \u00e0s necessidades de decora\u00e7\u00e3o. Aqui est\u00e3o algumas dicas para ajudar na escolha:<\/p>\n<ul>\n<li>Determinar o tamanho adequado: Me\u00e7a o espa\u00e7o dispon\u00edvel e leve em considera\u00e7\u00e3o as dimens\u00f5es do sof\u00e1 em L que se encaixar\u00e3o perfeitamente no ambiente. Certifique-se de deixar espa\u00e7o suficiente para circula\u00e7\u00e3o adequada.<\/li>\n<li>Estilo de decora\u00e7\u00e3o: Considere o estilo de decora\u00e7\u00e3o existente no ambiente. Escolha um sof\u00e1 em L que complemente o estilo e a est\u00e9tica geral da sala.<\/li>\n<li>Material do estofado: Opte por um material de estofado dur\u00e1vel e de f\u00e1cil limpeza, especialmente se houver crian\u00e7as ou animais de estima\u00e7\u00e3o no ambiente. Tecidos como couro ou microfibra s\u00e3o boas op\u00e7\u00f5es.<\/li>\n<li>Conforto: Teste o sof\u00e1 em L antes de comprar para verificar se \u00e9 confort\u00e1vel para voc\u00ea. Verifique a profundidade do assento, o suporte lombar e a capacidade de acomodar v\u00e1rias pessoas confortavelmente.<\/li>\n<li>Funcionalidade: Considere as fun\u00e7\u00f5es extras que voc\u00ea deseja no sof\u00e1 em L, como um sof\u00e1-cama integrado, ajustes de reclina\u00e7\u00e3o ou espa\u00e7o de armazenamento.<\/li>\n<li>Or\u00e7amento: Defina um or\u00e7amento antes de come\u00e7ar a procurar o sof\u00e1 em L. Considere a rela\u00e7\u00e3o custo-benef\u00edcio em termos de qualidade, durabilidade e design.<\/li>\n<\/ul>\n<p>Dica profissional: Antes de finalizar a compra, lembre-se de medir todas as portas e corredores pelos quais o sof\u00e1 em L ter\u00e1 que passar para evitar problemas na entrega. Al\u00e9m disso, leve em considera\u00e7\u00e3o a posi\u00e7\u00e3o das janelas e a ilumina\u00e7\u00e3o natural ao posicionar o sof\u00e1 para obter o melhor uso do espa\u00e7o e aproveitamento da luz.<\/p>\n<h2>O Sof\u00e1 em L na Decora\u00e7\u00e3o Funcional<\/h2>\n<figure id=\"attachment_94340\" aria-describedby=\"caption-attachment-94340\" style=\"width: 1000px\" class=\"wp-caption alignnone\"><img decoding=\"async\" class=\"size-full wp-image-94340\" src=\"https:\/\/www.aarquiteta.com.br\/blog\/wp-content\/uploads\/2023\/09\/sofa-de-canto-em-L.jpg\" alt=\"Versatilidade em Forma: A Proposta Funcional e Est\u00e9tica do Sof\u00e1 em L na Decora\u00e7\u00e3o!\" width=\"1000\" height=\"1000\" title=\"\" srcset=\"https:\/\/www.aarquiteta.com.br\/blog\/wp-content\/uploads\/2023\/09\/sofa-de-canto-em-L.jpg 1000w, https:\/\/www.aarquiteta.com.br\/blog\/wp-content\/uploads\/2023\/09\/sofa-de-canto-em-L-696x696.jpg 696w, https:\/\/www.aarquiteta.com.br\/blog\/wp-content\/uploads\/2023\/09\/sofa-de-canto-em-L-96x96.jpg 96w, https:\/\/www.aarquiteta.com.br\/blog\/wp-content\/uploads\/2023\/09\/sofa-de-canto-em-L-150x150.jpg 150w\" sizes=\"(max-width: 1000px) 100vw, 1000px\" \/><figcaption id=\"caption-attachment-94340\" class=\"wp-caption-text\">Foto: Amazon.com<\/figcaption><\/figure>\n<p>O Sof\u00e1 em L na Decora\u00e7\u00e3o Funcional \u00e9 uma excelente op\u00e7\u00e3o para otimizar o espa\u00e7o e criar um ambiente acolhedor e pr\u00e1tico. Existem v\u00e1rias vantagens em escolher um sof\u00e1 em L para a decora\u00e7\u00e3o funcional da sua casa.<\/p>\n<ul>\n<li>Versatilidade: O sof\u00e1 em L oferece diferentes possibilidades de arranjo, o que permite adapt\u00e1-lo ao formato e tamanho do ambiente. Pode ser colocado contra a parede ou usado como um divisor de espa\u00e7os.<\/li>\n<li>Funcionalidade: O formato em L proporciona mais assentos e espa\u00e7o para relaxar. \u00c9 perfeito para receber visitas ou para fam\u00edlias grandes, pois oferece mais lugares para sentar.<\/li>\n<li>Otimiza\u00e7\u00e3o do espa\u00e7o: O sof\u00e1 em L \u00e9 ideal para ambientes menores, pois aproveita os cantos e utiliza o espa\u00e7o de forma eficiente. Ajuda a criar uma sensa\u00e7\u00e3o de amplitude, tornando o espa\u00e7o mais funcional.<\/li>\n<li>Estilo e design: Al\u00e9m da funcionalidade, o sof\u00e1 em L tamb\u00e9m pode adicionar estilo e eleg\u00e2ncia \u00e0 decora\u00e7\u00e3o. Existem diferentes op\u00e7\u00f5es de materiais, cores e estilos para escolher, de acordo com o seu gosto pessoal e o estilo da sua casa.<\/li>\n<li>Conforto: O sof\u00e1 em L geralmente possui assentos largos e confort\u00e1veis, proporcionando um local perfeito para relaxar e aproveitar momentos de lazer em fam\u00edlia.<\/li>\n<\/ul>\n<p>O sof\u00e1 em L na decora\u00e7\u00e3o funcional \u00e9 uma escolha inteligente para quem deseja otimizar o espa\u00e7o, adicionar conforto e estilo ao ambiente. Se busca funcionalidade e eleg\u00e2ncia, o sof\u00e1 em L \u00e9 uma \u00f3tima op\u00e7\u00e3o para considerar na decora\u00e7\u00e3o da sua casa.<\/p>\n<h3>Qual a funcionalidade do Sof\u00e1 em L?<\/h3>\n<figure id=\"attachment_94334\" aria-describedby=\"caption-attachment-94334\" style=\"width: 1000px\" class=\"wp-caption alignnone\"><img decoding=\"async\" class=\"size-full wp-image-94334\" src=\"https:\/\/www.aarquiteta.com.br\/blog\/wp-content\/uploads\/2023\/09\/sofa-de-canto-em-L-7.jpg\" alt=\"Versatilidade em Forma: A Proposta Funcional e Est\u00e9tica do Sof\u00e1 em L na Decora\u00e7\u00e3o!\" width=\"1000\" height=\"1000\" title=\"\" srcset=\"https:\/\/www.aarquiteta.com.br\/blog\/wp-content\/uploads\/2023\/09\/sofa-de-canto-em-L-7.jpg 1000w, https:\/\/www.aarquiteta.com.br\/blog\/wp-content\/uploads\/2023\/09\/sofa-de-canto-em-L-7-696x696.jpg 696w, https:\/\/www.aarquiteta.com.br\/blog\/wp-content\/uploads\/2023\/09\/sofa-de-canto-em-L-7-96x96.jpg 96w, https:\/\/www.aarquiteta.com.br\/blog\/wp-content\/uploads\/2023\/09\/sofa-de-canto-em-L-7-150x150.jpg 150w\" sizes=\"(max-width: 1000px) 100vw, 1000px\" \/><figcaption id=\"caption-attachment-94334\" class=\"wp-caption-text\">Foto: Amazon.com<\/figcaption><\/figure>\n<p>A funcionalidade do Sof\u00e1 em L \u00e9 proporcionar um espa\u00e7o de estar amplo e confort\u00e1vel, ideal para acomodar v\u00e1rias pessoas ao mesmo tempo. Com o seu design em formato de L, esse tipo de sof\u00e1 se adapta perfeitamente a ambientes de diferentes tamanhos, tornando-se uma solu\u00e7\u00e3o vers\u00e1til na decora\u00e7\u00e3o.<\/p>\n<p>Uma das principais vantagens do Sof\u00e1 em L \u00e9 o aproveitamento m\u00e1ximo do espa\u00e7o dispon\u00edvel. Com as suas duas partes perpendiculares, ele pode ser encaixado nos cantos do ambiente, otimizando a \u00e1rea de circula\u00e7\u00e3o e deixando mais espa\u00e7o livre para outros m\u00f3veis ou objetos decorativos.<\/p>\n<p>Al\u00e9m disso, o Sof\u00e1 em L oferece a possibilidade de criar diferentes \u00e1reas de estar em um mesmo ambiente. Uma parte pode ser destinada para assistir TV, enquanto a outra pode ser reservada para leitura ou conversas mais intimistas. Isso torna o espa\u00e7o mais funcional e adapt\u00e1vel \u00e0s necessidades de cada momento.<\/p>\n<p>Ao escolher o Sof\u00e1 em L ideal para o ambiente, \u00e9 importante considerar o tamanho adequado para o espa\u00e7o dispon\u00edvel. \u00c9 preciso medir o local onde o sof\u00e1 ser\u00e1 colocado e garantir que haja espa\u00e7o suficiente para a movimenta\u00e7\u00e3o ao redor dele.<\/p>\n<p>Al\u00e9m disso, \u00e9 essencial escolher um sof\u00e1 de qualidade, com um bom estofado e estrutura resistente, garantindo durabilidade e conforto a longo prazo.<\/p>\n<p>Em resumo, a funcionalidade do Sof\u00e1 em L est\u00e1 em sua capacidade de oferecer um espa\u00e7o de estar amplo e adapt\u00e1vel, aproveitando o espa\u00e7o dispon\u00edvel de forma eficiente. Ao escolher esse tipo de sof\u00e1, \u00e9 poss\u00edvel criar um ambiente mais funcional e confort\u00e1vel, atendendo \u00e0s necessidades de conviv\u00eancia e est\u00e9tica do ambiente.<\/p>\n<p>Considerando as caracter\u00edsticas e vantagens do Sof\u00e1 em L, algumas sugest\u00f5es de uso desse m\u00f3vel na decora\u00e7\u00e3o s\u00e3o:<\/p>\n<p>1. Para ambientes pequenos, opte por um Sof\u00e1 em L compacto, que se encaixe perfeitamente no espa\u00e7o dispon\u00edvel, sem comprometer a circula\u00e7\u00e3o.<\/p>\n<p>2. Em salas de estar integradas com a cozinha ou sala de jantar, utilize o Sof\u00e1 em L para delimitar visualmente os ambientes, criando uma \u00e1rea de estar aconchegante e separada dos demais espa\u00e7os.<\/p>\n<p>3. Se houver um canto vazio no ambiente, aproveite-o para posicionar o Sof\u00e1 em L, maximizando o uso do espa\u00e7o e dando um toque de charme ao ambiente.<\/p>\n<p>4. Para ambientes maiores, um Sof\u00e1 em L com chaise \u00e9 uma \u00f3tima op\u00e7\u00e3o, pois proporciona ainda mais conforto e espa\u00e7o para relaxar.<\/p>\n<p>Lembre-se sempre de escolher um Sof\u00e1 em L que esteja em harmonia com o estilo e cores do ambiente, garantindo uma decora\u00e7\u00e3o equilibrada e sofisticada.<\/p>\n<h2>O Sof\u00e1 em L na Decora\u00e7\u00e3o Est\u00e9tica<\/h2>\n<figure id=\"attachment_94333\" aria-describedby=\"caption-attachment-94333\" style=\"width: 1000px\" class=\"wp-caption alignnone\"><img decoding=\"async\" class=\"size-full wp-image-94333\" src=\"https:\/\/www.aarquiteta.com.br\/blog\/wp-content\/uploads\/2023\/09\/sofa-de-canto-em-L-8.jpg\" alt=\"Versatilidade em Forma: A Proposta Funcional e Est\u00e9tica do Sof\u00e1 em L na Decora\u00e7\u00e3o!\" width=\"1000\" height=\"1000\" title=\"\" srcset=\"https:\/\/www.aarquiteta.com.br\/blog\/wp-content\/uploads\/2023\/09\/sofa-de-canto-em-L-8.jpg 1000w, https:\/\/www.aarquiteta.com.br\/blog\/wp-content\/uploads\/2023\/09\/sofa-de-canto-em-L-8-696x696.jpg 696w, https:\/\/www.aarquiteta.com.br\/blog\/wp-content\/uploads\/2023\/09\/sofa-de-canto-em-L-8-96x96.jpg 96w, https:\/\/www.aarquiteta.com.br\/blog\/wp-content\/uploads\/2023\/09\/sofa-de-canto-em-L-8-150x150.jpg 150w\" sizes=\"(max-width: 1000px) 100vw, 1000px\" \/><figcaption id=\"caption-attachment-94333\" class=\"wp-caption-text\">Foto: Amazon.com<\/figcaption><\/figure>\n<p>A escolha do sof\u00e1 em L na decora\u00e7\u00e3o est\u00e9tica pode trazer v\u00e1rias vantagens para o ambiente. Aqui est\u00e3o alguns fatores a serem considerados ao optar por esse tipo de sof\u00e1:<\/p>\n<ul>\n<li>Otimiza\u00e7\u00e3o de espa\u00e7o: O sof\u00e1 em L \u00e9 ideal para espa\u00e7os reduzidos, pois se encaixa perfeitamente em cantos e permite uma melhor circula\u00e7\u00e3o no ambiente.<\/li>\n<li>Estilo moderno: O design em forma de L confere um visual contempor\u00e2neo ao ambiente, adicionando sofistica\u00e7\u00e3o e eleg\u00e2ncia.<\/li>\n<li>Maior acomoda\u00e7\u00e3o: Esse tipo de sof\u00e1 oferece mais lugares para sentar, o que \u00e9 especialmente \u00fatil para receber visitas ou fam\u00edlias numerosas.<\/li>\n<li>Versatilidade na disposi\u00e7\u00e3o: O formato em L permite que o sof\u00e1 seja organizado de diferentes maneiras, adaptando-se \u00e0s necessidades e prefer\u00eancias de cada pessoa.<\/li>\n<li>Conforto: Os sof\u00e1s em L geralmente possuem bra\u00e7os largos e almofadas espa\u00e7osas, proporcionando um alto n\u00edvel de conforto para relaxar e descansar.<\/li>\n<\/ul>\n<p><span style=\"color: #111111; font-family: Roboto, sans-serif; font-size: 22px;\">Como o Sof\u00e1 em L contribui para a est\u00e9tica do ambiente?<\/span><\/p>\n<p>O Sof\u00e1 em L tem um impacto positivo na est\u00e9tica do ambiente de v\u00e1rias maneiras.<\/p>\n<p>Em primeiro lugar, a sua forma em L cria um visual interessante e moderno, adicionando um elemento de estilo ao ambiente. A disposi\u00e7\u00e3o angular do sof\u00e1 em L cria uma sensa\u00e7\u00e3o de fluidez e movimento no espa\u00e7o, tornando-o mais din\u00e2mico e atraente.<\/p>\n<p>Al\u00e9m disso, o Sof\u00e1 em L \u00e9 vers\u00e1til em termos de design, possibilitando diferentes op\u00e7\u00f5es de cores, estofamentos e texturas. Isso permite que o sof\u00e1 seja personalizado de acordo com as prefer\u00eancias e estilo de decora\u00e7\u00e3o de cada indiv\u00edduo, contribuindo para a est\u00e9tica do ambiente de forma \u00fanica.<\/p>\n<p>Outra vantagem est\u00e9tica do Sof\u00e1 em L \u00e9 a sua capacidade de delimitar e organizar o espa\u00e7o. Ele pode ser utilizado para dividir ambientes, criando zonas distintas dentro de um mesmo c\u00f4modo. Isso n\u00e3o apenas contribui para a est\u00e9tica do ambiente, mas tamb\u00e9m para a funcionalidade e otimiza\u00e7\u00e3o do espa\u00e7o.<\/p>\n<p>Al\u00e9m disso, o Sof\u00e1 em L pode ser utilizado como elemento de destaque na decora\u00e7\u00e3o, atraindo o olhar e servindo como pe\u00e7a central. Sua forma diferenciada e imponente pode se tornar o ponto focal do ambiente, acrescentando personalidade e estilo ao espa\u00e7o.<\/p>\n<p>Em resumo, o Sof\u00e1 em L contribui para a est\u00e9tica do ambiente atrav\u00e9s de sua forma vers\u00e1til e moderna, possibilitando diferentes op\u00e7\u00f5es de design, delimitando e organizando o espa\u00e7o, e servindo como pe\u00e7a central na decora\u00e7\u00e3o. Sua presen\u00e7a acrescenta estilo e personalidade ao ambiente, tornando-o mais atraente e visualmente agrad\u00e1vel.<\/p>\n<h2>Perguntas frequentes<\/h2>\n<h3>O sof\u00e1 em L \u00e9 uma boa op\u00e7\u00e3o para ambientes compactos?<\/h3>\n<p>Sim, o sof\u00e1 em L pode ser uma \u00f3tima op\u00e7\u00e3o para ambientes compactos, desde que haja espa\u00e7o suficiente para circula\u00e7\u00e3o ao redor do m\u00f3vel. \u00c9 importante medir a \u00e1rea e comparar com o tamanho da sala para garantir a compatibilidade.<\/p>\n<h3>O sof\u00e1 em L \u00e9 adequado para salas pequenas?<\/h3>\n<p>O sof\u00e1 em L geralmente \u00e9 recomendado para salas espa\u00e7osas, pois em salas pequenas pode deixar o ambiente sufocado. No entanto, se houver espa\u00e7o suficiente para circula\u00e7\u00e3o ao redor do m\u00f3vel, ele tamb\u00e9m pode ser utilizado em salas pequenas.<\/p>\n<h3>Qual a melhor op\u00e7\u00e3o de sof\u00e1 para salas modernas?<\/h3>\n<p>O sof\u00e1 em L \u00e9 uma \u00f3tima op\u00e7\u00e3o para salas modernas, pois n\u00e3o interfere em outros elementos decorativos como cortinas, lumin\u00e1rias, tapetes e mesas de centro. Al\u00e9m disso, existem diversos modelos de sof\u00e1 em L dispon\u00edveis, com diferentes cores, capacidades de assentos e materiais.<\/p>\n<h3>O sof\u00e1 em L precisa ser posicionado em um canto da sala?<\/h3>\n<p>N\u00e3o necessariamente. O sof\u00e1 em L pode ser posicionado no centro da sala, desde que haja espa\u00e7o suficiente. Ele \u00e9 vers\u00e1til e pode se ajustar em qualquer \u00e1rea da sala, desde que respeitando as propor\u00e7\u00f5es e distribui\u00e7\u00e3o dos outros m\u00f3veis.<\/p>\n<h3>Quais s\u00e3o os estilos de sof\u00e1 dispon\u00edveis?<\/h3>\n<p>Existem tr\u00eas estilos principais de sof\u00e1: cl\u00e1ssico, minimalista e retr\u00f4. O estilo cl\u00e1ssico \u00e9 caracterizado por ser grande, com bra\u00e7os largos e estofamento macio. J\u00e1 o estilo minimalista possui linhas simples e poucos elementos decorativos. O estilo retr\u00f4 \u00e9 voltado para um visual mais antigo, com estofamento volumoso e pernas de madeira.<\/p>\n<h3>Qual a diferen\u00e7a entre sof\u00e1 retangular, redondo e em L?<\/h3>\n<p>O sof\u00e1 retangular possui linhas retas em todas as bordas e \u00e9 adequado para espa\u00e7os modernos e contempor\u00e2neos. O sof\u00e1 redondo \u00e9 perfeito para composi\u00e7\u00f5es ousadas e pode ter curvas em v\u00e1rias dire\u00e7\u00f5es. J\u00e1 o sof\u00e1 em L possui um formato em L e \u00e9 uma \u00f3tima op\u00e7\u00e3o para otimizar espa\u00e7os e delimitar \u00e1reas em ambientes maiores.<\/p>\n<p><script type=\"application\/ld+json\">\n{\n  \"@context\": \"https:\/\/schema.org\",\n  \"@type\": \"FAQPage\",\n  \"mainEntity\": [\n    {\n      \"@type\": \"Question\",\n      \"name\": \"O sof\u00e1 em L \u00e9 uma boa op\u00e7\u00e3o para ambientes compactos?\",\n      \"acceptedAnswer\": {\n        \"@type\": \"Answer\",\n        \"text\": \"Sim, o sof\u00e1 em L pode ser uma \u00f3tima op\u00e7\u00e3o para ambientes compactos, desde que haja espa\u00e7o suficiente para circula\u00e7\u00e3o ao redor do m\u00f3vel. \u00c9 importante medir a \u00e1rea e comparar com o tamanho da sala para garantir a compatibilidade.\"\n      }\n    },\n    {\n      \"@type\": \"Question\",\n      \"name\": \"O sof\u00e1 em L \u00e9 adequado para salas pequenas?\",\n      \"acceptedAnswer\": {\n        \"@type\": \"Answer\",\n        \"text\": \"O sof\u00e1 em L geralmente \u00e9 recomendado para salas espa\u00e7osas, pois em salas pequenas pode deixar o ambiente sufocado. No entanto, se houver espa\u00e7o suficiente para circula\u00e7\u00e3o ao redor do m\u00f3vel, ele tamb\u00e9m pode ser utilizado em salas pequenas.\"\n      }\n    },\n    {\n      \"@type\": \"Question\",\n      \"name\": \"Qual a melhor op\u00e7\u00e3o de sof\u00e1 para salas modernas?\",\n      \"acceptedAnswer\": {\n        \"@type\": \"Answer\",\n        \"text\": \"O sof\u00e1 em L \u00e9 uma \u00f3tima op\u00e7\u00e3o para salas modernas, pois n\u00e3o interfere em outros elementos decorativos como cortinas, lumin\u00e1rias, tapetes e mesas de centro. Al\u00e9m disso, existem diversos modelos de sof\u00e1 em L dispon\u00edveis, com diferentes cores, capacidades de assentos e materiais.\"\n      }\n    },\n    {\n      \"@type\": \"Question\",\n      \"name\": \"O sof\u00e1 em L precisa ser posicionado em um canto da sala?\",\n      \"acceptedAnswer\": {\n        \"@type\": \"Answer\",\n        \"text\": \"N\u00e3o necessariamente. O sof\u00e1 em L pode ser posicionado no centro da sala, desde que haja espa\u00e7o suficiente. Ele \u00e9 vers\u00e1til e pode se ajustar em qualquer \u00e1rea da sala, desde que respeitando as propor\u00e7\u00f5es e distribui\u00e7\u00e3o dos outros m\u00f3veis.\"\n      }\n    },\n    {\n      \"@type\": \"Question\",\n      \"name\": \"Quais s\u00e3o os estilos de sof\u00e1 dispon\u00edveis?\",\n      \"acceptedAnswer\": {\n        \"@type\": \"Answer\",\n        \"text\": \"Existem tr\u00eas estilos principais de sof\u00e1: cl\u00e1ssico, minimalista e retr\u00f4. O estilo cl\u00e1ssico \u00e9 caracterizado por ser grande, com bra\u00e7os largos e estofamento macio. J\u00e1 o estilo minimalista possui linhas simples e poucos elementos decorativos. O estilo retr\u00f4 \u00e9 voltado para um visual mais antigo, com estofamento volumoso e pernas de madeira.\"\n      }\n    },\n    {\n      \"@type\": \"Question\",\n      \"name\": \"Qual a diferen\u00e7a entre sof\u00e1 retangular, redondo e em L?\",\n      \"acceptedAnswer\": {\n        \"@type\": \"Answer\",\n        \"text\": \"O sof\u00e1 retangular possui linhas retas em todas as bordas e \u00e9 adequado para espa\u00e7os modernos e contempor\u00e2neos. O sof\u00e1 redondo \u00e9 perfeito para composi\u00e7\u00f5es ousadas e pode ter curvas em v\u00e1rias dire\u00e7\u00f5es. J\u00e1 o sof\u00e1 em L possui um formato em L e \u00e9 uma \u00f3tima op\u00e7\u00e3o para otimizar espa\u00e7os e delimitar \u00e1reas em ambientes maiores.\"\n      }\n    }\n  ]\n}\n<\/script><\/p>\n<p>Espero que este artigo tenha ajudado voc\u00ea!<\/p>\n<p>Ent\u00e3o deslize a tela para baixo e<a href=\"https:\/\/br.pinterest.com\/aarquitetapinterest\/_created\/\" target=\"_blank\" rel=\"noopener\">\u00a0confira mais dicas<\/a>\u00a0como esta e n\u00e3o se esque\u00e7a de compartilhar com os amigos!<\/p>\n<p>Quer mais dicas sobre o mundo da\u00a0<a href=\"https:\/\/www.aarquiteta.com.br\/blog\/o-que-e-arquitetura\/\">arquitetura<\/a>\u00a0e\u00a0<a href=\"https:\/\/www.aarquiteta.com.br\/blog\/decoracao\/\">Decora\u00e7\u00e3o<\/a>, ent\u00e3o confira alguns dos nossos artigos em:<\/p>\n<ul>\n<li><a href=\"https:\/\/www.aarquiteta.com.br\/blog\/paisagismo\/\" target=\"_blank\" rel=\"noopener\">Casa e Jardim<\/a><\/li>\n<li><a href=\"https:\/\/www.aarquiteta.com.br\/blog\/arquitetura\/mundo-arquitetura\/\" target=\"_blank\" rel=\"noopener\">Mundo Arquitetura<\/a><\/li>\n<li><a href=\"https:\/\/www.aarquiteta.com.br\/decoracao\/\" target=\"_blank\" rel=\"noopener\">Decora\u00e7\u00e3o\u00a0<\/a><\/li>\n<\/ul>\n","protected":false},"excerpt":{"rendered":"<p>O sof\u00e1 em L \u00e9 uma op\u00e7\u00e3o popular e vers\u00e1til para a decora\u00e7\u00e3o de interiores. Ele proporciona uma combina\u00e7\u00e3o de funcionalidade e est\u00e9tica, tornando-se uma escolha ideal para diversos ambientes. Ao escolher um sof\u00e1 em L para o ambiente, \u00e9 importante considerar o tamanho do espa\u00e7o dispon\u00edvel, a funcionalidade desejada e o estilo de decora\u00e7\u00e3o. [&hellip;]<\/p>\n","protected":false},"author":20,"featured_media":94341,"comment_status":"closed","ping_status":"closed","sticky":false,"template":"","format":"standard","meta":{"footnotes":""},"categories":[1484,18751,35382],"tags":[],"class_list":["post-92406","post","type-post","status-publish","format-standard","has-post-thumbnail","category-decoracao","category-decoracao-sala-de-estar","category-sofas-e-poltronas"],"_wp_attached_file":null,"_wp_attachment_metadata":null,"_wp_attachment_context":null,"_wp_attachment_is_custom_header":null,"geo_longitude":null,"geo_public":null,"geo_latitude":null,"_publicize_done_external":null,"_wpas_done_3897181":null,"publicize_twitter_user":null,"_wpas_done_3897175":null,"_wpas_skip_3897181":null,"_wpas_skip_3897175":null,"_wpas_skip_3924723":null,"_wpas_mess":null,"_wpas_done_3924723":null,"wps_subtitle":"","_links":{"self":[{"href":"https:\/\/www.aarquiteta.com.br\/blog\/wp-json\/wp\/v2\/posts\/92406","targetHints":{"allow":["GET"]}}],"collection":[{"href":"https:\/\/www.aarquiteta.com.br\/blog\/wp-json\/wp\/v2\/posts"}],"about":[{"href":"https:\/\/www.aarquiteta.com.br\/blog\/wp-json\/wp\/v2\/types\/post"}],"author":[{"embeddable":true,"href":"https:\/\/www.aarquiteta.com.br\/blog\/wp-json\/wp\/v2\/users\/20"}],"replies":[{"embeddable":true,"href":"https:\/\/www.aarquiteta.com.br\/blog\/wp-json\/wp\/v2\/comments?post=92406"}],"version-history":[{"count":0,"href":"https:\/\/www.aarquiteta.com.br\/blog\/wp-json\/wp\/v2\/posts\/92406\/revisions"}],"wp:featuredmedia":[{"embeddable":true,"href":"https:\/\/www.aarquiteta.com.br\/blog\/wp-json\/wp\/v2\/media\/94341"}],"wp:attachment":[{"href":"https:\/\/www.aarquiteta.com.br\/blog\/wp-json\/wp\/v2\/media?parent=92406"}],"wp:term":[{"taxonomy":"category","embeddable":true,"href":"https:\/\/www.aarquiteta.com.br\/blog\/wp-json\/wp\/v2\/categories?post=92406"},{"taxonomy":"post_tag","embeddable":true,"href":"https:\/\/www.aarquiteta.com.br\/blog\/wp-json\/wp\/v2\/tags?post=92406"}],"curies":[{"name":"wp","href":"https:\/\/api.w.org\/{rel}","templated":true}]}}