{"id":91676,"date":"2023-09-10T07:01:09","date_gmt":"2023-09-10T10:01:09","guid":{"rendered":"http:\/\/aarquiteta.com.br\/?p=91676"},"modified":"2024-09-15T09:20:38","modified_gmt":"2024-09-15T12:20:38","slug":"balcao-de-cozinha","status":"publish","type":"post","link":"https:\/\/www.aarquiteta.com.br\/blog\/balcao-de-cozinha\/","title":{"rendered":"Os Melhores Modelos de Balc\u00e3o de Cozinha para Transformar seu Espa\u00e7o!"},"content":{"rendered":"<p>Balc\u00e3o de <a href=\"https:\/\/www.aarquiteta.com.br\/blog\/decoracao\/ambientes-na-decoracao\/decoracao-de-cozinha\/\">cozinha<\/a>: 4 lindos modelos para seu espa\u00e7o! Confira dicas e op\u00e7\u00f5es variadas de balc\u00f5es de cozinha para harmonizar e otimizar seu ambiente de forma pr\u00e1tica e elegante.<\/p><p>Se voc\u00ea est\u00e1 considerando reformar ou construir sua cozinha, provavelmente j\u00e1 ouviu falar do balc\u00e3o de cozinha. Essa pe\u00e7a \u00e9 fundamental em qualquer cozinha, por ser nela que voc\u00ea pode preparar alimentos, cortar legumes e temperos, e at\u00e9 mesmo usar como <a href=\"https:\/\/www.aarquiteta.com.br\/blog\/home-decor\/moveis\/mesas-e-cadeiras\/\" class=\"ilj-generated-link\">mesa<\/a> para refei\u00e7\u00f5es r\u00e1pidas.<\/p><p>Neste artigo, discutiremos tudo o que voc\u00ea precisa saber sobre balc\u00f5es de cozinha, desde materiais at\u00e9 modelos e tamanhos.<\/p><h2>O que \u00e9 um balc\u00e3o de cozinha?<\/h2><figure id=\"attachment_80604\" aria-describedby=\"caption-attachment-80604\" style=\"width: 1200px\" class=\"wp-caption alignnone\"><img decoding=\"async\" class=\"size-full wp-image-80604\" src=\"https:\/\/www.aarquiteta.com.br\/blog\/wp-content\/uploads\/2023\/05\/Cozinha-Pequena-com-Balcao-2.jpg\" alt=\"Balc\u00e3o de cozinha: escolha o modelo ideal para seu espa\u00e7o!\" width=\"1200\" height=\"800\" title=\"\" srcset=\"https:\/\/www.aarquiteta.com.br\/blog\/wp-content\/uploads\/2023\/05\/Cozinha-Pequena-com-Balcao-2.jpg 1200w, https:\/\/www.aarquiteta.com.br\/blog\/wp-content\/uploads\/2023\/05\/Cozinha-Pequena-com-Balcao-2-1024x683.jpg 1024w, https:\/\/www.aarquiteta.com.br\/blog\/wp-content\/uploads\/2023\/05\/Cozinha-Pequena-com-Balcao-2-696x464.jpg 696w, https:\/\/www.aarquiteta.com.br\/blog\/wp-content\/uploads\/2023\/05\/Cozinha-Pequena-com-Balcao-2-150x100.jpg 150w\" sizes=\"(max-width: 1200px) 100vw, 1200px\" \/><figcaption id=\"caption-attachment-80604\" class=\"wp-caption-text\">Foto: Canva.com<\/figcaption><\/figure><p>O balc\u00e3o de cozinha \u00e9 uma estrutura que fica na parte central da cozinha sendo usada para preparar alimentos e fazer refei\u00e7\u00f5es. Ele pode ser feito de v\u00e1rios materiais, como granito, m\u00e1rmore, a\u00e7o inoxid\u00e1vel, <a href=\"https:\/\/www.aarquiteta.com.br\/blog\/?s=MADEIRA\">madeira<\/a> e outros.<\/p><h2>Materiais mais encontrados no mercado:<\/h2><figure id=\"attachment_80601\" aria-describedby=\"caption-attachment-80601\" style=\"width: 1200px\" class=\"wp-caption alignnone\"><img decoding=\"async\" class=\"size-full wp-image-80601\" src=\"https:\/\/www.aarquiteta.com.br\/blog\/wp-content\/uploads\/2023\/05\/Cozinha-Pequena-com-Balcao-5.jpg\" alt=\"Balc\u00e3o de cozinha: escolha o modelo ideal para seu espa\u00e7o!\" width=\"1200\" height=\"800\" title=\"\" srcset=\"https:\/\/www.aarquiteta.com.br\/blog\/wp-content\/uploads\/2023\/05\/Cozinha-Pequena-com-Balcao-5.jpg 1200w, https:\/\/www.aarquiteta.com.br\/blog\/wp-content\/uploads\/2023\/05\/Cozinha-Pequena-com-Balcao-5-1024x683.jpg 1024w, https:\/\/www.aarquiteta.com.br\/blog\/wp-content\/uploads\/2023\/05\/Cozinha-Pequena-com-Balcao-5-696x464.jpg 696w, https:\/\/www.aarquiteta.com.br\/blog\/wp-content\/uploads\/2023\/05\/Cozinha-Pequena-com-Balcao-5-150x100.jpg 150w\" sizes=\"(max-width: 1200px) 100vw, 1200px\" \/><figcaption id=\"caption-attachment-80601\" class=\"wp-caption-text\">Foto: Canva.com<\/figcaption><\/figure><p>Existem diversos tipos de materiais que podem ser usados na fabrica\u00e7\u00e3o de balc\u00f5es de cozinha, cada um com suas vantagens e desvantagens.\u00a0Os mais comuns s\u00e3o:<\/p><h3>1- Granito.<\/h3><p>O granito \u00e9 uma rocha natural que \u00e9 dur\u00e1vel, resistente a riscos e manchas, al\u00e9m de ser f\u00e1cil de limpar. Ele \u00e9 uma excelente escolha para quem quer um balc\u00e3o bonito e resistente.<\/p><h3>2- M\u00e1rmore.<\/h3><p>O m\u00e1rmore \u00e9 outra pedra natural conhecida pela sua beleza e eleg\u00e2ncia. Ele \u00e9 muito resistente a altas temperaturas e tamb\u00e9m \u00e9 f\u00e1cil de limpar. No entanto, ele \u00e9 um pouco mais sens\u00edvel a manchas e arranh\u00f5es do que o granito.<\/p><h3>3- A\u00e7o Inoxid\u00e1vel.<\/h3><p>O a\u00e7o inoxid\u00e1vel \u00e9 uma op\u00e7\u00e3o muito popular para balc\u00f5es de cozinha, especialmente em cozinhas profissionais. Ele \u00e9 resistente a manchas, riscos e \u00e9 muito f\u00e1cil de limpar.<\/p><h3>4- Madeira.<\/h3><p>A madeira \u00e9 uma op\u00e7\u00e3o natural e quente para balc\u00f5es de cozinha. Ela \u00e9 muito dur\u00e1vel e pode ser facilmente restaurada se ficar riscada ou danificada. No entanto, ela precisa de manuten\u00e7\u00e3o regular para evitar manchas e desgaste.<\/p><h2>3 Modelos de balc\u00e3o de cozinha!<\/h2><p>Existem v\u00e1rios modelos de balc\u00f5es de cozinha, cada um com sua funcionalidade e design espec\u00edfico. Alguns dos modelos mais populares s\u00e3o:<\/p><h3>1 \u2014 Balc\u00e3o com pia:<\/h3><figure id=\"attachment_80598\" aria-describedby=\"caption-attachment-80598\" style=\"width: 1200px\" class=\"wp-caption alignnone\"><img decoding=\"async\" class=\"size-full wp-image-80598\" src=\"https:\/\/www.aarquiteta.com.br\/blog\/wp-content\/uploads\/2023\/05\/Cozinha-Pequena-com-Balcao-8.jpg\" alt=\"Cozinha Pequena com Balc\u00e3o Funcional - 9 Dicas para ganhar cada cent\u00edmetro!\" width=\"1200\" height=\"800\" title=\"\" srcset=\"https:\/\/www.aarquiteta.com.br\/blog\/wp-content\/uploads\/2023\/05\/Cozinha-Pequena-com-Balcao-8.jpg 1200w, https:\/\/www.aarquiteta.com.br\/blog\/wp-content\/uploads\/2023\/05\/Cozinha-Pequena-com-Balcao-8-1024x683.jpg 1024w, https:\/\/www.aarquiteta.com.br\/blog\/wp-content\/uploads\/2023\/05\/Cozinha-Pequena-com-Balcao-8-696x464.jpg 696w, https:\/\/www.aarquiteta.com.br\/blog\/wp-content\/uploads\/2023\/05\/Cozinha-Pequena-com-Balcao-8-150x100.jpg 150w\" sizes=\"(max-width: 1200px) 100vw, 1200px\" \/><figcaption id=\"caption-attachment-80598\" class=\"wp-caption-text\">Foto: Canva.com<\/figcaption><\/figure><p>Este modelo \u00e9 muito popular em cozinhas residenciais e comerciais. Ele tem uma pia embutida no balc\u00e3o, tornando a limpeza muito mais f\u00e1cil e pr\u00e1tica.<\/p><h3>2 \u2014 Balc\u00e3o em ilha:<\/h3><p><img decoding=\"async\" class=\"alignnone size-full wp-image-73793\" src=\"https:\/\/www.aarquiteta.com.br\/blog\/wp-content\/uploads\/2023\/01\/ilha3.jpg\" alt=\"Balc\u00e3o de cozinha: escolha o modelo ideal para seu espa\u00e7o!\" width=\"1200\" height=\"675\" title=\"\" srcset=\"https:\/\/www.aarquiteta.com.br\/blog\/wp-content\/uploads\/2023\/01\/ilha3.jpg 1200w, https:\/\/www.aarquiteta.com.br\/blog\/wp-content\/uploads\/2023\/01\/ilha3-696x392.jpg 696w, https:\/\/www.aarquiteta.com.br\/blog\/wp-content\/uploads\/2023\/01\/ilha3-1024x576.jpg 1024w, https:\/\/www.aarquiteta.com.br\/blog\/wp-content\/uploads\/2023\/01\/ilha3-150x84.jpg 150w\" sizes=\"(max-width: 1200px) 100vw, 1200px\" \/><\/p><p>O balc\u00e3o em ilha \u00e9 uma op\u00e7\u00e3o muito elegante e funcional para cozinhas maiores.\u00a0Ele \u00e9 posicionado no centro da cozinha e pode ser usado para preparar alimentos, fazer refei\u00e7\u00f5es ou at\u00e9 mesmo para receber convidados.<\/p><h3>3 \u2014 Balc\u00e3o com cooktop:<\/h3><figure id=\"attachment_80194\" aria-describedby=\"caption-attachment-80194\" style=\"width: 1456px\" class=\"wp-caption alignnone\"><img decoding=\"async\" class=\"size-full wp-image-80194\" src=\"https:\/\/www.aarquiteta.com.br\/blog\/wp-content\/uploads\/2023\/05\/Ilhas-de-Cozinha-5.png\" alt=\"Balc\u00e3o de cozinha: escolha o modelo ideal para seu espa\u00e7o!\" width=\"1456\" height=\"816\" title=\"\" srcset=\"https:\/\/www.aarquiteta.com.br\/blog\/wp-content\/uploads\/2023\/05\/Ilhas-de-Cozinha-5.png 1456w, https:\/\/www.aarquiteta.com.br\/blog\/wp-content\/uploads\/2023\/05\/Ilhas-de-Cozinha-5-1024x574.png 1024w, https:\/\/www.aarquiteta.com.br\/blog\/wp-content\/uploads\/2023\/05\/Ilhas-de-Cozinha-5-696x390.png 696w, https:\/\/www.aarquiteta.com.br\/blog\/wp-content\/uploads\/2023\/05\/Ilhas-de-Cozinha-5-150x84.png 150w\" sizes=\"(max-width: 1456px) 100vw, 1456px\" \/><figcaption id=\"caption-attachment-80194\" class=\"wp-caption-text\">Ilhas de Cozinha<\/figcaption><\/figure><p>Este modelo \u00e9 ideal para cozinhas modernas e funcionais.\u00a0Ele tem um cooktop embutido no balc\u00e3o, o que permite que voc\u00ea cozinhe enquanto conversa com seus convidados.<\/p><h2>Tamanhos de balc\u00e3o:<\/h2><figure id=\"attachment_78386\" aria-describedby=\"caption-attachment-78386\" style=\"width: 1456px\" class=\"wp-caption alignnone\"><img decoding=\"async\" class=\"size-full wp-image-78386\" src=\"https:\/\/www.aarquiteta.com.br\/blog\/wp-content\/uploads\/2023\/04\/Cozinha-Planejada-Moderna-Pequena-4.png\" alt=\"Balc\u00e3o de cozinha: escolha o modelo ideal para seu espa\u00e7o!\" width=\"1456\" height=\"816\" title=\"\" srcset=\"https:\/\/www.aarquiteta.com.br\/blog\/wp-content\/uploads\/2023\/04\/Cozinha-Planejada-Moderna-Pequena-4.png 1456w, https:\/\/www.aarquiteta.com.br\/blog\/wp-content\/uploads\/2023\/04\/Cozinha-Planejada-Moderna-Pequena-4-1024x574.png 1024w, https:\/\/www.aarquiteta.com.br\/blog\/wp-content\/uploads\/2023\/04\/Cozinha-Planejada-Moderna-Pequena-4-696x390.png 696w, https:\/\/www.aarquiteta.com.br\/blog\/wp-content\/uploads\/2023\/04\/Cozinha-Planejada-Moderna-Pequena-4-150x84.png 150w\" sizes=\"(max-width: 1456px) 100vw, 1456px\" \/><figcaption id=\"caption-attachment-78386\" class=\"wp-caption-text\">Cozinha Planejada Moderna Pequena<\/figcaption><\/figure><p>O tamanho do balc\u00e3o de cozinha deve ser escolhido conforme o tamanho da cozinha e a quantidade de pessoas que ir\u00e3o us\u00e1-lo. Os tamanhos mais comuns s\u00e3o:<\/p><h3>1 \u2014 Balc\u00e3o pequeno:<\/h3><p>Um balc\u00e3o pequeno \u00e9 ideal para cozinhas menores ou para quem n\u00e3o precisa de muito espa\u00e7o para preparar alimentos.\u00a0Ele pode ter cerca de 1 metro de comprimento e ser usado apenas como uma superf\u00edcie para cortar legumes e temperos.<\/p><h3>2 \u2014 Balc\u00e3o m\u00e9dio:<\/h3><p>Um balc\u00e3o m\u00e9dio \u00e9 uma boa op\u00e7\u00e3o para cozinhas com espa\u00e7o limitado, mas que ainda precisam de espa\u00e7o suficiente para preparar alimentos e fazer refei\u00e7\u00f5es.\u00a0Ele pode ter entre 1,5 e 2 metros de comprimento.<\/p><h3>3 \u2014 Balc\u00e3o grande:<\/h3><p>Um balc\u00e3o grande \u00e9 ideal para cozinhas maiores ou para quem gosta de cozinhar e receber convidados.\u00a0Ele pode ter mais de 2 metros de comprimento e ser usado como uma ilha central da cozinha.<\/p><h2>Cuidados e manuten\u00e7\u00e3o:<\/h2><figure id=\"attachment_77817\" aria-describedby=\"caption-attachment-77817\" style=\"width: 1200px\" class=\"wp-caption alignnone\"><img decoding=\"async\" class=\"size-full wp-image-77817\" src=\"https:\/\/www.aarquiteta.com.br\/blog\/wp-content\/uploads\/2023\/04\/Armarios-de-Cozinha-Cinza-2.jpg\" alt=\"Balc\u00e3o de cozinha: escolha o modelo ideal para seu espa\u00e7o!\" width=\"1200\" height=\"800\" title=\"\" srcset=\"https:\/\/www.aarquiteta.com.br\/blog\/wp-content\/uploads\/2023\/04\/Armarios-de-Cozinha-Cinza-2.jpg 1200w, https:\/\/www.aarquiteta.com.br\/blog\/wp-content\/uploads\/2023\/04\/Armarios-de-Cozinha-Cinza-2-1024x683.jpg 1024w, https:\/\/www.aarquiteta.com.br\/blog\/wp-content\/uploads\/2023\/04\/Armarios-de-Cozinha-Cinza-2-696x464.jpg 696w, https:\/\/www.aarquiteta.com.br\/blog\/wp-content\/uploads\/2023\/04\/Armarios-de-Cozinha-Cinza-2-150x100.jpg 150w\" sizes=\"(max-width: 1200px) 100vw, 1200px\" \/><figcaption id=\"caption-attachment-77817\" class=\"wp-caption-text\">Foto: Canva.com<\/figcaption><\/figure><p>Independentemente do material escolhido, \u00e9 importante cuidar e manter o balc\u00e3o de cozinha para garantir sua durabilidade e beleza.\u00a0Algumas dicas para cuidar do seu balc\u00e3o s\u00e3o:<\/p><ol><li>Use t\u00e1buas de corte para proteger a superf\u00edcie do balc\u00e3o ao cortar alimentos.<\/li><li>Limpe o balc\u00e3o com \u00e1gua e sab\u00e3o neutro e seque-o com um pano limpo.<\/li><li>Evite deixar l\u00edquidos ou alimentos \u00e1cidos em contato com a superf\u00edcie do balc\u00e3o por muito tempo.<\/li><li>Use produtos de limpeza espec\u00edficos para o material do seu balc\u00e3o.<\/li><\/ol><p>Confira a nossa sele\u00e7\u00e3o de Balc\u00e3o de Cozinha que separamos para voc\u00ea, com certeza uma delas combinar\u00e1 perfeitamente com sua <a href=\"https:\/\/www.aarquiteta.com.br\/blog\/casa-e-jardim\/\" class=\"ilj-generated-link\">casa<\/a>!<\/p><h2>Conclus\u00e3o\u00a0sobre balc\u00e3o de cozinha:<\/h2><figure id=\"attachment_77818\" aria-describedby=\"caption-attachment-77818\" style=\"width: 1200px\" class=\"wp-caption alignnone\"><img decoding=\"async\" class=\"size-full wp-image-77818\" src=\"https:\/\/www.aarquiteta.com.br\/blog\/wp-content\/uploads\/2023\/04\/Armarios-de-Cozinha-Cinza-1.jpg\" alt=\"Balc\u00e3o de cozinha: escolha o modelo ideal para seu espa\u00e7o!\" width=\"1200\" height=\"800\" title=\"\" srcset=\"https:\/\/www.aarquiteta.com.br\/blog\/wp-content\/uploads\/2023\/04\/Armarios-de-Cozinha-Cinza-1.jpg 1200w, https:\/\/www.aarquiteta.com.br\/blog\/wp-content\/uploads\/2023\/04\/Armarios-de-Cozinha-Cinza-1-1024x683.jpg 1024w, https:\/\/www.aarquiteta.com.br\/blog\/wp-content\/uploads\/2023\/04\/Armarios-de-Cozinha-Cinza-1-696x464.jpg 696w, https:\/\/www.aarquiteta.com.br\/blog\/wp-content\/uploads\/2023\/04\/Armarios-de-Cozinha-Cinza-1-150x100.jpg 150w\" sizes=\"(max-width: 1200px) 100vw, 1200px\" \/><figcaption id=\"caption-attachment-77818\" class=\"wp-caption-text\">Foto: Canva.com<\/figcaption><\/figure><p>O balc\u00e3o de cozinha \u00e9 uma pe\u00e7a fundamental em qualquer cozinha, seja ela pequena ou grande. Escolher o material, modelo e tamanho certo pode fazer toda a diferen\u00e7a na funcionalidade e beleza da sua cozinha.<\/p><p>Com essas informa\u00e7\u00f5es, esperamos ter ajudado voc\u00ea a escolher o balc\u00e3o de cozinha ideal para a sua casa.<\/p><p><strong>1. Balc\u00e3o de Cozinha em Granito: Eleg\u00e2ncia e Durabilidade<\/strong><\/p><p>O balc\u00e3o de cozinha em granito \u00e9 uma escolha cl\u00e1ssica e elegante. Sua durabilidade \u00e9 incompar\u00e1vel, tornando-o ideal para \u00e1reas de alto tr\u00e1fego, como a cozinha. Al\u00e9m disso, a variedade de <a href=\"https:\/\/www.aarquiteta.com.br\/blog\/?s=CORES\">cores<\/a> dispon\u00edveis permite que voc\u00ea escolha um balc\u00e3o que combine perfeitamente com o estilo da sua cozinha.<\/p><p><strong>2. Balc\u00e3o de Cozinha com Ilha: Mais Espa\u00e7o e Funcionalidade<\/strong><\/p><p>Se voc\u00ea possui uma cozinha espa\u00e7osa, considere a instala\u00e7\u00e3o de um balc\u00e3o de cozinha com ilha. Esse modelo oferece espa\u00e7o adicional para preparar alimentos e serve como ponto focal na sua cozinha. Com op\u00e7\u00f5es de armazenamento embutido e uma superf\u00edcie ampla, \u00e9 perfeito para cozinhar e entreter.<\/p><p><strong>3. Balc\u00e3o de Cozinha de Madeira: Charme R\u00fastico e Aconchego<\/strong><\/p><p>Para um toque r\u00fastico e aconchegante, opte por um balc\u00e3o de cozinha de madeira. A madeira adiciona calor e charme \u00e0 sua cozinha, criando um ambiente convidativo. Escolha entre diferentes tipos de madeira, como carvalho, cerejeira ou pinho, para combinar com seu estilo pessoal.<\/p><p><strong>4. Balc\u00e3o de Cozinha Suspenso: Design Moderno e Praticidade<\/strong><\/p><p>Se voc\u00ea tem uma cozinha compacta, um balc\u00e3o de cozinha suspenso pode ser a escolha ideal. Ele economiza espa\u00e7o e oferece um visual moderno e minimalista. Ideal para refei\u00e7\u00f5es r\u00e1pidas ou para adicionar um toque contempor\u00e2neo \u00e0 sua cozinha.<\/p><h2>Perguntas frequentes sobre balc\u00e3o de cozinha:<\/h2><figure id=\"attachment_77824\" aria-describedby=\"caption-attachment-77824\" style=\"width: 1200px\" class=\"wp-caption alignnone\"><img decoding=\"async\" class=\"size-full wp-image-77824\" src=\"https:\/\/www.aarquiteta.com.br\/blog\/wp-content\/uploads\/2023\/04\/Armarios-de-Cozinha-Cinza-11.jpg\" alt=\"Balc\u00e3o de cozinha: escolha o modelo ideal para seu espa\u00e7o!\" width=\"1200\" height=\"800\" title=\"\" srcset=\"https:\/\/www.aarquiteta.com.br\/blog\/wp-content\/uploads\/2023\/04\/Armarios-de-Cozinha-Cinza-11.jpg 1200w, https:\/\/www.aarquiteta.com.br\/blog\/wp-content\/uploads\/2023\/04\/Armarios-de-Cozinha-Cinza-11-1024x683.jpg 1024w, https:\/\/www.aarquiteta.com.br\/blog\/wp-content\/uploads\/2023\/04\/Armarios-de-Cozinha-Cinza-11-696x464.jpg 696w, https:\/\/www.aarquiteta.com.br\/blog\/wp-content\/uploads\/2023\/04\/Armarios-de-Cozinha-Cinza-11-150x100.jpg 150w\" sizes=\"(max-width: 1200px) 100vw, 1200px\" \/><figcaption id=\"caption-attachment-77824\" class=\"wp-caption-text\">Foto: Canva.com<\/figcaption><\/figure><h3>Qual \u00e9 o melhor material para um balc\u00e3o de cozinha?<\/h3><p>Isso depende do seu gosto pessoal, do or\u00e7amento e da funcionalidade que voc\u00ea deseja. Granito, m\u00e1rmore, a\u00e7o inoxid\u00e1vel e madeira s\u00e3o todos \u00f3timas op\u00e7\u00f5es.<\/p><h3>O balc\u00e3o de cozinha pode ser usado como uma mesa para refei\u00e7\u00f5es?<\/h3><p>Sim, muitos balc\u00f5es de cozinha s\u00e3o projetados para serem usados como uma mesa para refei\u00e7\u00f5es r\u00e1pidas.<\/p><h3>Como limpar um balc\u00e3o de cozinha de granito?<\/h3><p>Limpe o balc\u00e3o com \u00e1gua e sab\u00e3o neutro e seque-o com um pano limpo. Use um produto de limpeza espec\u00edfico para granito para remover manchas e riscos.<\/p><h3>\u00c9 poss\u00edvel instalar uma pia em qualquer modelo de balc\u00e3o de cozinha?<\/h3><p>N\u00e3o, nem todos os modelos de balc\u00e3o s\u00e3o projetados para ter uma pia embutida. Certifique-se de escolher um modelo em que seja adequado para instala\u00e7\u00e3o de pia.<\/p><h3>Qual \u00e9 o tamanho ideal de um balc\u00e3o de cozinha?<\/h3><p>Isso depende do tamanho da cozinha e da quantidade de pessoas que ir\u00e3o us\u00e1-lo.<\/p><p>Um balc\u00e3o pequeno pode ter cerca de 1 metro de comprimento, um balc\u00e3o m\u00e9dio pode ter entre 1,5 e 2 metros de comprimento, e um balc\u00e3o grande pode ter mais de 2 metros de comprimento.<\/p>","protected":false},"excerpt":{"rendered":"<p>Balc\u00e3o de cozinha: 4 lindos modelos para seu espa\u00e7o! Confira dicas e op\u00e7\u00f5es variadas de balc\u00f5es de cozinha para harmonizar e otimizar seu ambiente de forma pr\u00e1tica e elegante.Se voc\u00ea est\u00e1 considerando reformar ou construir sua cozinha, provavelmente j\u00e1 ouviu falar do balc\u00e3o de cozinha. Essa pe\u00e7a \u00e9 fundamental em qualquer cozinha, por ser nela [&hellip;]<\/p>\n","protected":false},"author":102,"featured_media":91678,"comment_status":"closed","ping_status":"closed","sticky":false,"template":"","format":"standard","meta":{"footnotes":""},"categories":[1507],"tags":[27484,21122,27490,27493,27492,27491,27489,27488,27482,27483,27485,27486,27487,27481,27480],"class_list":["post-91676","post","type-post","status-publish","format-standard","has-post-thumbnail","category-arquitetura","tag-balcao-de-aco-inoxidavel-para-cozinha","tag-balcao-de-cozinha","tag-balcao-de-cozinha-com-pia","tag-balcao-de-cozinha-grande","tag-balcao-de-cozinha-medio","tag-balcao-de-cozinha-pequeno","tag-balcao-de-cozinha-planejado","tag-balcao-de-cozinha-sob-medida","tag-balcao-de-granito-para-cozinha","tag-balcao-de-madeira-para-cozinha","tag-balcao-para-ilha-de-cozinha","tag-cuidados-com-balcao-de-cozinha","tag-limpeza-de-balcao-de-cozinha","tag-materiais-de-balcao-de-cozinha","tag-tamanho-de-balcao-de-cozinha"],"_wp_attached_file":null,"_wp_attachment_metadata":null,"_wp_attachment_context":null,"_wp_attachment_is_custom_header":null,"geo_longitude":null,"geo_public":null,"geo_latitude":null,"_publicize_done_external":null,"_wpas_done_3897181":null,"publicize_twitter_user":null,"_wpas_done_3897175":null,"_wpas_skip_3897181":null,"_wpas_skip_3897175":null,"_wpas_skip_3924723":null,"_wpas_mess":null,"_wpas_done_3924723":null,"wps_subtitle":"","_links":{"self":[{"href":"https:\/\/www.aarquiteta.com.br\/blog\/wp-json\/wp\/v2\/posts\/91676","targetHints":{"allow":["GET"]}}],"collection":[{"href":"https:\/\/www.aarquiteta.com.br\/blog\/wp-json\/wp\/v2\/posts"}],"about":[{"href":"https:\/\/www.aarquiteta.com.br\/blog\/wp-json\/wp\/v2\/types\/post"}],"author":[{"embeddable":true,"href":"https:\/\/www.aarquiteta.com.br\/blog\/wp-json\/wp\/v2\/users\/102"}],"replies":[{"embeddable":true,"href":"https:\/\/www.aarquiteta.com.br\/blog\/wp-json\/wp\/v2\/comments?post=91676"}],"version-history":[{"count":0,"href":"https:\/\/www.aarquiteta.com.br\/blog\/wp-json\/wp\/v2\/posts\/91676\/revisions"}],"wp:featuredmedia":[{"embeddable":true,"href":"https:\/\/www.aarquiteta.com.br\/blog\/wp-json\/wp\/v2\/media\/91678"}],"wp:attachment":[{"href":"https:\/\/www.aarquiteta.com.br\/blog\/wp-json\/wp\/v2\/media?parent=91676"}],"wp:term":[{"taxonomy":"category","embeddable":true,"href":"https:\/\/www.aarquiteta.com.br\/blog\/wp-json\/wp\/v2\/categories?post=91676"},{"taxonomy":"post_tag","embeddable":true,"href":"https:\/\/www.aarquiteta.com.br\/blog\/wp-json\/wp\/v2\/tags?post=91676"}],"curies":[{"name":"wp","href":"https:\/\/api.w.org\/{rel}","templated":true}]}}