{"id":91635,"date":"2023-09-05T13:40:04","date_gmt":"2023-09-05T16:40:04","guid":{"rendered":"http:\/\/aarquiteta.com.br\/?p=91635"},"modified":"2023-09-05T13:40:04","modified_gmt":"2023-09-05T16:40:04","slug":"embaixo-da-escada","status":"publish","type":"post","link":"https:\/\/www.aarquiteta.com.br\/blog\/embaixo-da-escada\/","title":{"rendered":"Transformando o Espa\u00e7o Embaixo da Escada: Decora\u00e7\u00e3o Charmosa e Econ\u00f4mica."},"content":{"rendered":"<p>Quando se trata de decora\u00e7\u00e3o, todos os cantos da sua casa importam. O espa\u00e7o embaixo da escada, muitas vezes esquecido, pode se tornar uma parte intrigante da sua casa, com um toque de criatividade e algumas ideias inteligentes. Seja em uma casa pequena ou espa\u00e7osa, essa \u00e1rea oferece um grande potencial para adicionar personalidade \u00fanica e funcionalidade \u00e0 sua casa. Vamos explorar algumas ideias criativas que n\u00e3o apenas valorizam o espa\u00e7o, mas tamb\u00e9m poupam dinheiro.<\/p>\n<p>A decora\u00e7\u00e3o econ\u00f4mica n\u00e3o significa que voc\u00ea precisa comprometer o estilo. Pelo contr\u00e1rio, com as ideias certas, voc\u00ea pode transformar esse canto em um destaque impressionante da sua casa. Desde op\u00e7\u00f5es de armazenamento at\u00e9 cantinhos relaxantes, o espa\u00e7o embaixo da escada est\u00e1 esperando para ser explorado. Continue lendo para descobrir como transformar esse espa\u00e7o em algo verdadeiramente encantador e pr\u00e1tico.<\/p>\n<figure id=\"attachment_91638\" aria-describedby=\"caption-attachment-91638\" style=\"width: 1024px\" class=\"wp-caption alignnone\"><img decoding=\"async\" class=\"size-full wp-image-91638\" src=\"https:\/\/www.aarquiteta.com.br\/blog\/wp-content\/uploads\/2023\/09\/decoracao-embaixo-da-escada-2.png\" alt=\"decora\u00e7\u00e3o embaixo da escada\" width=\"1024\" height=\"1024\" title=\"\" srcset=\"https:\/\/www.aarquiteta.com.br\/blog\/wp-content\/uploads\/2023\/09\/decoracao-embaixo-da-escada-2.png 1024w, https:\/\/www.aarquiteta.com.br\/blog\/wp-content\/uploads\/2023\/09\/decoracao-embaixo-da-escada-2-696x696.png 696w, https:\/\/www.aarquiteta.com.br\/blog\/wp-content\/uploads\/2023\/09\/decoracao-embaixo-da-escada-2-96x96.png 96w, https:\/\/www.aarquiteta.com.br\/blog\/wp-content\/uploads\/2023\/09\/decoracao-embaixo-da-escada-2-150x150.png 150w\" sizes=\"(max-width: 1024px) 100vw, 1024px\" \/><figcaption id=\"caption-attachment-91638\" class=\"wp-caption-text\">Transformando o Espa\u00e7o Embaixo da Escada: Decora\u00e7\u00e3o Charmosa e Econ\u00f4mica.<\/figcaption><\/figure>\n<h2><strong>Ideias Criativas para Decorar embaixo da Escada<\/strong><\/h2>\n<h3><strong>1. Prateleiras Flutuantes Multifuncionais<\/strong><\/h3>\n<p>Uma maneira inteligente de usar o espa\u00e7o embaixo da escada \u00e9 instalando prateleiras flutuantes. Essas prateleiras n\u00e3o apenas adicionam um elemento est\u00e9tico, mas tamb\u00e9m oferecem espa\u00e7o de armazenamento adicional para livros, plantas, objetos de decora\u00e7\u00e3o e muito mais. Ao escolher prateleiras em diferentes tamanhos e alturas, voc\u00ea pode criar uma exibi\u00e7\u00e3o visualmente interessante que atrai o olhar dos visitantes.<\/p>\n<h3><strong>2. Cantinho Aconchegante para Leitura<\/strong><\/h3>\n<p>Transforme o espa\u00e7o embaixo da escada em um santu\u00e1rio de leitura acolhedor. Adicione almofadas confort\u00e1veis, uma poltrona ou um pequeno sof\u00e1, e uma lumin\u00e1ria de ch\u00e3o para criar um local perfeito para relaxar com um bom livro. Esse cantinho aconchegante pode se tornar o seu ref\u00fagio pessoal, onde voc\u00ea pode escapar das press\u00f5es do dia a dia.<\/p>\n<h3><strong>3. Nichos Decorativos Iluminados<\/strong><\/h3>\n<p>Explore a beleza da ilumina\u00e7\u00e3o ao criar nichos decorativos embaixo da escada. Instale luzes embutidas nos nichos para real\u00e7ar objetos de arte, esculturas ou itens de decora\u00e7\u00e3o. A ilumina\u00e7\u00e3o suave e focalizada cria uma atmosfera elegante e destacada, transformando esse espa\u00e7o em um destaque visual na sua casa.<\/p>\n<h3><strong>4. Organiza\u00e7\u00e3o com Gavetas e Arm\u00e1rios<\/strong><\/h3>\n<p>Se voc\u00ea precisa de mais espa\u00e7o de armazenamento, por que n\u00e3o aproveitar o espa\u00e7o embaixo da escada para criar gavetas e arm\u00e1rios? Essa \u00e9 uma solu\u00e7\u00e3o pr\u00e1tica para guardar itens como sapatos, roupas fora de temporada, utens\u00edlios dom\u00e9sticos e muito mais. Personalize as gavetas e portas dos arm\u00e1rios para complementar o estilo da sua casa.<\/p>\n<h3><strong>5. Jardim Vertical Indoor<\/strong><\/h3>\n<p>Traga um toque de natureza para o interior da sua casa com um jardim vertical embaixo da escada. Utilize prateleiras ou suportes para vasos suspensos e plante uma variedade de plantas, como suculentas, ervas ou plantas ornamentais. Al\u00e9m de adicionar um elemento decorativo, um jardim vertical tamb\u00e9m melhora a qualidade do ar interno.<\/p>\n<figure id=\"attachment_91637\" aria-describedby=\"caption-attachment-91637\" style=\"width: 1024px\" class=\"wp-caption alignnone\"><img decoding=\"async\" class=\"size-full wp-image-91637\" src=\"https:\/\/www.aarquiteta.com.br\/blog\/wp-content\/uploads\/2023\/09\/decoracao-embaixo-da-escada.png\" alt=\"Transformando o Espa\u00e7o Embaixo da Escada: Decora\u00e7\u00e3o Charmosa e Econ\u00f4mica.\" width=\"1024\" height=\"1024\" title=\"\" srcset=\"https:\/\/www.aarquiteta.com.br\/blog\/wp-content\/uploads\/2023\/09\/decoracao-embaixo-da-escada.png 1024w, https:\/\/www.aarquiteta.com.br\/blog\/wp-content\/uploads\/2023\/09\/decoracao-embaixo-da-escada-696x696.png 696w, https:\/\/www.aarquiteta.com.br\/blog\/wp-content\/uploads\/2023\/09\/decoracao-embaixo-da-escada-96x96.png 96w, https:\/\/www.aarquiteta.com.br\/blog\/wp-content\/uploads\/2023\/09\/decoracao-embaixo-da-escada-150x150.png 150w\" sizes=\"(max-width: 1024px) 100vw, 1024px\" \/><figcaption id=\"caption-attachment-91637\" class=\"wp-caption-text\">Transformando o Espa\u00e7o Embaixo da Escada: Decora\u00e7\u00e3o Charmosa e Econ\u00f4mica.<\/figcaption><\/figure>\n<h2><strong>Perguntas frequentes<\/strong><\/h2>\n<h3><strong>Quais s\u00e3o os benef\u00edcios de decorar embaixo da escada?<\/strong><\/h3>\n<p>Decorar embaixo da escada maximiza o uso de espa\u00e7o e adiciona estilo \u00e0 sua casa. Al\u00e9m disso, transformar esse espa\u00e7o muitas vezes subutilizado pode dar um toque \u00fanico \u00e0 sua decora\u00e7\u00e3o.<\/p>\n<h3><strong>Posso decorar embaixo da escada em uma casa pequena?<\/strong><\/h3>\n<p>Sim, voc\u00ea pode! Em casas pequenas, a otimiza\u00e7\u00e3o do espa\u00e7o \u00e9 crucial. Ideias como prateleiras flutuantes, nichos iluminados e organiza\u00e7\u00e3o com gavetas podem ser especialmente \u00fateis.<\/p>\n<h3><strong>Como escolher a ilumina\u00e7\u00e3o adequada para nichos embaixo da escada?<\/strong><\/h3>\n<p>Opte por luzes embutidas ou trilhos de ilumina\u00e7\u00e3o LED para destacar os objetos nos nichos. A ilumina\u00e7\u00e3o suave cria um ambiente convidativo.<\/p>\n<h3><strong>Como transformar o espa\u00e7o embaixo da escada em uma \u00e1rea de armazenamento?<\/strong><\/h3>\n<p>Voc\u00ea pode instalar gavetas, prateleiras e arm\u00e1rios personalizados para criar espa\u00e7o de armazenamento funcional. Essa \u00e9 uma maneira inteligente de manter a organiza\u00e7\u00e3o na sua casa.<\/p>\n<h3><strong>Posso criar um jardim embaixo da escada mesmo que n\u00e3o haja luz solar direta?<\/strong><\/h3>\n<p>Sim, voc\u00ea pode escolher plantas que se adaptam a condi\u00e7\u00f5es de pouca luz. Ervas como hortel\u00e3 e manjeric\u00e3o ou plantas de sombra s\u00e3o boas op\u00e7\u00f5es para um jardim embaixo da escada.<\/p>\n<figure id=\"attachment_91636\" aria-describedby=\"caption-attachment-91636\" style=\"width: 1024px\" class=\"wp-caption alignnone\"><img decoding=\"async\" class=\"size-full wp-image-91636\" src=\"https:\/\/www.aarquiteta.com.br\/blog\/wp-content\/uploads\/2023\/09\/decoracao-embaixo-da-escada-1.png\" alt=\"decora\u00e7\u00e3o embaixo da escada\" width=\"1024\" height=\"1024\" title=\"\" srcset=\"https:\/\/www.aarquiteta.com.br\/blog\/wp-content\/uploads\/2023\/09\/decoracao-embaixo-da-escada-1.png 1024w, https:\/\/www.aarquiteta.com.br\/blog\/wp-content\/uploads\/2023\/09\/decoracao-embaixo-da-escada-1-696x696.png 696w, https:\/\/www.aarquiteta.com.br\/blog\/wp-content\/uploads\/2023\/09\/decoracao-embaixo-da-escada-1-96x96.png 96w, https:\/\/www.aarquiteta.com.br\/blog\/wp-content\/uploads\/2023\/09\/decoracao-embaixo-da-escada-1-150x150.png 150w\" sizes=\"(max-width: 1024px) 100vw, 1024px\" \/><figcaption id=\"caption-attachment-91636\" class=\"wp-caption-text\">Transformando o Espa\u00e7o Embaixo da Escada: Decora\u00e7\u00e3o Charmosa e Econ\u00f4mica.<\/figcaption><\/figure>\n<h2><strong>Conclus\u00e3o<\/strong><\/h2>\n<p>Decorar embaixo da escada \u00e9 uma oportunidade empolgante para expressar sua criatividade e melhorar o ambiente da sua casa. Com ideias criativas e econ\u00f4micas, voc\u00ea pode transformar esse espa\u00e7o em um lugar funcional e encantador.<\/p>\n<p>Seja um cantinho relaxante, uma \u00e1rea de armazenamento inteligente ou um display decorativo, o espa\u00e7o embaixo da escada tem infinitas possibilidades. Aproveite ao m\u00e1ximo esse canto muitas vezes negligenciado e torne-o um reflexo do seu estilo e personalidade.<\/p>\n<p><strong>Curiosidade:<\/strong> Sabia que o famoso arquiteto Frank Lloyd Wright costumava integrar designs inovadores em espa\u00e7os anteriormente subutilizados, incluindo debaixo das escadas? Sua abordagem vision\u00e1ria inspirou muitos a explorar o potencial criativo dessas \u00e1reas em suas casas.<\/p>\n<p><strong>Espero que este artigo tenha ajudado voc\u00ea!<\/strong><\/p>\n<p>Ent\u00e3o deslize a tela para baixo e<a href=\"https:\/\/br.pinterest.com\/aarquitetapinterest\/_created\/\" target=\"_blank\" rel=\"noopener\">\u00a0confira mais dicas<\/a>\u00a0como esta e n\u00e3o se esque\u00e7a de compartilhar com os amigos!<\/p>\n<p>Quer mais dicas sobre o mundo da\u00a0<a href=\"https:\/\/www.aarquiteta.com.br\/blog\/o-que-e-arquitetura\/\">arquitetura<\/a>\u00a0e\u00a0<a href=\"https:\/\/www.aarquiteta.com.br\/blog\/decoracao\/\">Decora\u00e7\u00e3o<\/a>, ent\u00e3o confira alguns dos nossos artigos em:<\/p>\n<ul>\n<li><a href=\"https:\/\/www.aarquiteta.com.br\/blog\/paisagismo\/\" target=\"_blank\" rel=\"noopener\">Casa e Jardim<\/a><\/li>\n<li><a href=\"https:\/\/www.aarquiteta.com.br\/blog\/arquitetura\/mundo-arquitetura\/\" target=\"_blank\" rel=\"noopener\">Mundo Arquitetura<\/a><\/li>\n<li><a href=\"https:\/\/www.aarquiteta.com.br\/decoracao\/\" target=\"_blank\" rel=\"noopener\">Decora\u00e7\u00e3o\u00a0<\/a><\/li>\n<\/ul>\n","protected":false},"excerpt":{"rendered":"<p>Quando se trata de decora\u00e7\u00e3o, todos os cantos da sua casa importam. O espa\u00e7o embaixo da escada, muitas vezes esquecido, pode se tornar uma parte intrigante da sua casa, com um toque de criatividade e algumas ideias inteligentes. Seja em uma casa pequena ou espa\u00e7osa, essa \u00e1rea oferece um grande potencial para adicionar personalidade \u00fanica [&hellip;]<\/p>\n","protected":false},"author":20,"featured_media":91636,"comment_status":"closed","ping_status":"closed","sticky":false,"template":"","format":"standard","meta":{"footnotes":""},"categories":[10005,20353],"tags":[30026,32177,32178,2728,28734],"class_list":["post-91635","post","type-post","status-publish","format-standard","has-post-thumbnail","category-casa-e-jardim","category-home-decor","tag-decoracao-economica","tag-decoracao-embaixo-da-escada","tag-espaco-subutilizado","tag-ideias-criativas","tag-otimizacao-do-espaco"],"_wp_attached_file":null,"_wp_attachment_metadata":null,"_wp_attachment_context":null,"_wp_attachment_is_custom_header":null,"geo_longitude":null,"geo_public":null,"geo_latitude":null,"_publicize_done_external":null,"_wpas_done_3897181":null,"publicize_twitter_user":null,"_wpas_done_3897175":null,"_wpas_skip_3897181":null,"_wpas_skip_3897175":null,"_wpas_skip_3924723":null,"_wpas_mess":null,"_wpas_done_3924723":null,"wps_subtitle":"","_links":{"self":[{"href":"https:\/\/www.aarquiteta.com.br\/blog\/wp-json\/wp\/v2\/posts\/91635","targetHints":{"allow":["GET"]}}],"collection":[{"href":"https:\/\/www.aarquiteta.com.br\/blog\/wp-json\/wp\/v2\/posts"}],"about":[{"href":"https:\/\/www.aarquiteta.com.br\/blog\/wp-json\/wp\/v2\/types\/post"}],"author":[{"embeddable":true,"href":"https:\/\/www.aarquiteta.com.br\/blog\/wp-json\/wp\/v2\/users\/20"}],"replies":[{"embeddable":true,"href":"https:\/\/www.aarquiteta.com.br\/blog\/wp-json\/wp\/v2\/comments?post=91635"}],"version-history":[{"count":0,"href":"https:\/\/www.aarquiteta.com.br\/blog\/wp-json\/wp\/v2\/posts\/91635\/revisions"}],"wp:featuredmedia":[{"embeddable":true,"href":"https:\/\/www.aarquiteta.com.br\/blog\/wp-json\/wp\/v2\/media\/91636"}],"wp:attachment":[{"href":"https:\/\/www.aarquiteta.com.br\/blog\/wp-json\/wp\/v2\/media?parent=91635"}],"wp:term":[{"taxonomy":"category","embeddable":true,"href":"https:\/\/www.aarquiteta.com.br\/blog\/wp-json\/wp\/v2\/categories?post=91635"},{"taxonomy":"post_tag","embeddable":true,"href":"https:\/\/www.aarquiteta.com.br\/blog\/wp-json\/wp\/v2\/tags?post=91635"}],"curies":[{"name":"wp","href":"https:\/\/api.w.org\/{rel}","templated":true}]}}