{"id":91459,"date":"2023-09-01T07:00:46","date_gmt":"2023-09-01T10:00:46","guid":{"rendered":"http:\/\/aarquiteta.com.br\/?p=91459"},"modified":"2024-06-28T11:52:25","modified_gmt":"2024-06-28T14:52:25","slug":"cozinha-com-balcao-preto","status":"publish","type":"post","link":"https:\/\/www.aarquiteta.com.br\/blog\/cozinha-com-balcao-preto\/","title":{"rendered":"Eleg\u00e2ncia Atemporal: Transforme Sua Cozinha com Balc\u00e3o Preto e Crie um Ambiente Sofisticado e Pr\u00e1tico."},"content":{"rendered":"<p><em>Descubra como um simples balc\u00e3o preto pode revolucionar o estilo e funcionalidade da sua cozinha.<\/em><\/p>\n<p>A cozinha \u00e9 o cora\u00e7\u00e3o da casa, um espa\u00e7o onde refei\u00e7\u00f5es s\u00e3o preparadas, hist\u00f3rias s\u00e3o compartilhadas e mem\u00f3rias s\u00e3o criadas. Se voc\u00ea est\u00e1 considerando dar um toque de eleg\u00e2ncia atemporal \u00e0 sua cozinha, n\u00e3o procure mais. A resposta est\u00e1 bem diante de voc\u00ea &#8211; o balc\u00e3o preto.<\/p>\n<p>Neste artigo, exploraremos como a adi\u00e7\u00e3o desse elemento sofisticado pode transformar sua cozinha em um ambiente pr\u00e1tico e cheio de estilo.<\/p>\n<figure id=\"attachment_91463\" aria-describedby=\"caption-attachment-91463\" style=\"width: 1024px\" class=\"wp-caption alignnone\"><img decoding=\"async\" class=\"size-full wp-image-91463\" src=\"https:\/\/www.aarquiteta.com.br\/blog\/wp-content\/uploads\/2023\/08\/Cozinha-com-Balcao-Preto-2.png\" alt=\"Cozinha com Balc\u00e3o Preto \" width=\"1024\" height=\"1024\" title=\"\" srcset=\"https:\/\/www.aarquiteta.com.br\/blog\/wp-content\/uploads\/2023\/08\/Cozinha-com-Balcao-Preto-2.png 1024w, https:\/\/www.aarquiteta.com.br\/blog\/wp-content\/uploads\/2023\/08\/Cozinha-com-Balcao-Preto-2-696x696.png 696w, https:\/\/www.aarquiteta.com.br\/blog\/wp-content\/uploads\/2023\/08\/Cozinha-com-Balcao-Preto-2-96x96.png 96w, https:\/\/www.aarquiteta.com.br\/blog\/wp-content\/uploads\/2023\/08\/Cozinha-com-Balcao-Preto-2-150x150.png 150w\" sizes=\"(max-width: 1024px) 100vw, 1024px\" \/><figcaption id=\"caption-attachment-91463\" class=\"wp-caption-text\">Cozinha com Balc\u00e3o Preto.<\/figcaption><\/figure>\n<h2><strong>Por que Escolher um Balc\u00e3o Preto?<\/strong><\/h2>\n<p>A escolha de um balc\u00e3o preto para sua cozinha pode parecer ousada, mas os resultados podem ser surpreendentemente impressionantes. O preto \u00e9 uma cor que nunca sai de moda, e sua atemporalidade se traduz em eleg\u00e2ncia. Assim como um pequeno vestido preto pode ser um item indispens\u00e1vel no guarda-roupa, um balc\u00e3o preto pode se tornar um destaque atemporal na sua cozinha.<\/p>\n<h2><strong>Transformando Estilo em Funcionalidade: A M\u00e1gica do Balc\u00e3o Preto<\/strong><\/h2>\n<h3><strong>1. Efeito de Contraste e Foco<\/strong><\/h3>\n<p>O preto \u00e9 uma cor que naturalmente chama a aten\u00e7\u00e3o. Ao introduzir um balc\u00e3o preto em uma cozinha, voc\u00ea cria um ponto focal atraente. O contraste entre o preto e outras cores presentes na cozinha cria uma din\u00e2mica visual interessante, tornando o balc\u00e3o n\u00e3o apenas funcional, mas tamb\u00e9m um elemento est\u00e9tico que atrai olhares.<\/p>\n<h3><strong>2. Versatilidade com Cores<\/strong><\/h3>\n<p>Um dos pontos fortes de um balc\u00e3o preto \u00e9 sua capacidade de se adaptar a diferentes paletas de cores. Se voc\u00ea gosta de um visual mais suave, ele combina perfeitamente com tons past\u00e9is e suaves. Por outro lado, se voc\u00ea \u00e9 f\u00e3 de uma est\u00e9tica mais ousada, pode criar contrastes vibrantes com cores vivas.<\/p>\n<h3><strong>3. Eleg\u00e2ncia sem Esfor\u00e7o<\/strong><\/h3>\n<p>Imagine uma cozinha com arm\u00e1rios de madeira e eletrodom\u00e9sticos em a\u00e7o inoxid\u00e1vel, tudo complementado por um balc\u00e3o preto. O contraste entre a riqueza da madeira, o brilho do a\u00e7o inoxid\u00e1vel e a profundidade do preto cria um ambiente de luxo sem esfor\u00e7o.<\/p>\n<figure id=\"attachment_91462\" aria-describedby=\"caption-attachment-91462\" style=\"width: 1024px\" class=\"wp-caption alignnone\"><img decoding=\"async\" class=\"size-full wp-image-91462\" src=\"https:\/\/www.aarquiteta.com.br\/blog\/wp-content\/uploads\/2023\/08\/Cozinha-com-Balcao-Preto-3.png\" alt=\"Cozinha com Balc\u00e3o Preto \" width=\"1024\" height=\"1024\" title=\"\" srcset=\"https:\/\/www.aarquiteta.com.br\/blog\/wp-content\/uploads\/2023\/08\/Cozinha-com-Balcao-Preto-3.png 1024w, https:\/\/www.aarquiteta.com.br\/blog\/wp-content\/uploads\/2023\/08\/Cozinha-com-Balcao-Preto-3-696x696.png 696w, https:\/\/www.aarquiteta.com.br\/blog\/wp-content\/uploads\/2023\/08\/Cozinha-com-Balcao-Preto-3-96x96.png 96w, https:\/\/www.aarquiteta.com.br\/blog\/wp-content\/uploads\/2023\/08\/Cozinha-com-Balcao-Preto-3-150x150.png 150w\" sizes=\"(max-width: 1024px) 100vw, 1024px\" \/><figcaption id=\"caption-attachment-91462\" class=\"wp-caption-text\">Cozinha com Balc\u00e3o Preto<\/figcaption><\/figure>\n<h2><strong>Dicas de Design e Usabilidade: Criando uma Cozinha Funcional<\/strong><\/h2>\n<h3><strong>1. Ilumina\u00e7\u00e3o Adequada<\/strong><\/h3>\n<p>A ilumina\u00e7\u00e3o \u00e9 fundamental ao integrar um balc\u00e3o preto. Lumin\u00e1rias estrategicamente posicionadas podem eliminar qualquer sensa\u00e7\u00e3o de escurid\u00e3o que o preto possa criar. Uma ilumina\u00e7\u00e3o equilibrada n\u00e3o apenas destaca o balc\u00e3o, mas tamb\u00e9m mant\u00e9m a cozinha convidativa.<\/p>\n<h3><strong>2. Minimizando o Caos Visual<\/strong><\/h3>\n<p>Um balc\u00e3o preto limpo e organizado transmite uma sensa\u00e7\u00e3o de ordem e eleg\u00e2ncia. Mantenha a superf\u00edcie livre de itens desnecess\u00e1rios para evitar a sensa\u00e7\u00e3o de desordem. Opte por acess\u00f3rios de cozinha que complementem o estilo, em vez de sobrecarregar o espa\u00e7o.<\/p>\n<h3><strong>3. Equil\u00edbrio com Elementos Naturais<\/strong><\/h3>\n<p>Embora o preto seja uma cor sofisticada, equilibr\u00e1-la com elementos naturais pode trazer calor \u00e0 cozinha. Plantas, detalhes em madeira e at\u00e9 mesmo luz natural podem suavizar a apar\u00eancia do preto, criando um ambiente acolhedor.<\/p>\n<figure id=\"attachment_91460\" aria-describedby=\"caption-attachment-91460\" style=\"width: 1024px\" class=\"wp-caption alignnone\"><img decoding=\"async\" class=\"size-full wp-image-91460\" src=\"https:\/\/www.aarquiteta.com.br\/blog\/wp-content\/uploads\/2023\/08\/Cozinha-com-Balcao-Preto-1.png\" alt=\"Cozinha com Balc\u00e3o Preto\" width=\"1024\" height=\"1024\" title=\"\" srcset=\"https:\/\/www.aarquiteta.com.br\/blog\/wp-content\/uploads\/2023\/08\/Cozinha-com-Balcao-Preto-1.png 1024w, https:\/\/www.aarquiteta.com.br\/blog\/wp-content\/uploads\/2023\/08\/Cozinha-com-Balcao-Preto-1-696x696.png 696w, https:\/\/www.aarquiteta.com.br\/blog\/wp-content\/uploads\/2023\/08\/Cozinha-com-Balcao-Preto-1-96x96.png 96w, https:\/\/www.aarquiteta.com.br\/blog\/wp-content\/uploads\/2023\/08\/Cozinha-com-Balcao-Preto-1-150x150.png 150w\" sizes=\"(max-width: 1024px) 100vw, 1024px\" \/><figcaption id=\"caption-attachment-91460\" class=\"wp-caption-text\">Cozinha com Balc\u00e3o Preto<\/figcaption><\/figure>\n<h2><strong>Perguntas Frequentes<\/strong><\/h2>\n<h3><strong>Um balc\u00e3o preto combina com qualquer estilo de cozinha?<\/strong><\/h3>\n<p>Sim, um balc\u00e3o preto \u00e9 vers\u00e1til e pode ser incorporado em diferentes estilos de cozinha, desde modernas at\u00e9 cl\u00e1ssicas.<\/p>\n<h3><strong>O preto n\u00e3o deixa o ambiente muito escuro?<\/strong><\/h3>\n<p>Com a ilumina\u00e7\u00e3o adequada e o uso de cores equilibradas, \u00e9 poss\u00edvel evitar a sensa\u00e7\u00e3o de escurid\u00e3o.<\/p>\n<h3><strong>Como limpar e manter um balc\u00e3o preto?<\/strong><\/h3>\n<p>Limpar regularmente com produtos adequados para superf\u00edcies pretas e evitar produtos abrasivos \u00e9 essencial para manter a apar\u00eancia elegante.<\/p>\n<h3><strong>Um balc\u00e3o preto \u00e9 mais suscet\u00edvel a arranh\u00f5es e desgaste?<\/strong><\/h3>\n<p>Com os materiais certos e a manuten\u00e7\u00e3o adequada, um balc\u00e3o preto pode ser t\u00e3o dur\u00e1vel quanto outras op\u00e7\u00f5es de cores.<\/p>\n<h3><strong>Posso usar acess\u00f3rios coloridos em uma cozinha com balc\u00e3o preto?<\/strong><\/h3>\n<p>Sim, acess\u00f3rios coloridos podem adicionar vida e personalidade \u00e0 cozinha, criando um equil\u00edbrio visual interessante.<\/p>\n<figure id=\"attachment_91461\" aria-describedby=\"caption-attachment-91461\" style=\"width: 1024px\" class=\"wp-caption alignnone\"><img decoding=\"async\" class=\"size-full wp-image-91461\" src=\"https:\/\/www.aarquiteta.com.br\/blog\/wp-content\/uploads\/2023\/08\/Cozinha-com-Balcao-Preto.png\" alt=\"Cozinha com Balc\u00e3o Preto \" width=\"1024\" height=\"1024\" title=\"\" srcset=\"https:\/\/www.aarquiteta.com.br\/blog\/wp-content\/uploads\/2023\/08\/Cozinha-com-Balcao-Preto.png 1024w, https:\/\/www.aarquiteta.com.br\/blog\/wp-content\/uploads\/2023\/08\/Cozinha-com-Balcao-Preto-696x696.png 696w, https:\/\/www.aarquiteta.com.br\/blog\/wp-content\/uploads\/2023\/08\/Cozinha-com-Balcao-Preto-96x96.png 96w, https:\/\/www.aarquiteta.com.br\/blog\/wp-content\/uploads\/2023\/08\/Cozinha-com-Balcao-Preto-150x150.png 150w\" sizes=\"(max-width: 1024px) 100vw, 1024px\" \/><figcaption id=\"caption-attachment-91461\" class=\"wp-caption-text\">Cozinha com Balc\u00e3o Preto.<\/figcaption><\/figure>\n<h2><strong>Conclus\u00e3o: Transforme sua Cozinha com Estilo Atemporal<\/strong><\/h2>\n<p>Ao optar por um balc\u00e3o preto em sua cozinha, voc\u00ea est\u00e1 escolhendo a eleg\u00e2ncia atemporal que pode transformar completamente o ambiente. Atrav\u00e9s do uso inteligente de contrastes, paletas de cores e equil\u00edbrio visual, voc\u00ea pode criar um espa\u00e7o que n\u00e3o apenas impressiona esteticamente, mas tamb\u00e9m funciona de maneira eficiente. Lembre-se de que o segredo est\u00e1 na harmonia entre o preto e outros elementos do espa\u00e7o.<\/p>\n<p><strong>Curiosidade:<\/strong> Assim como o preto absorve todas as cores no espectro de luz, um balc\u00e3o preto pode absorver a aten\u00e7\u00e3o de todos que entram na sua cozinha, tornando-se o centro das conversas e elogios.<\/p>\n","protected":false},"excerpt":{"rendered":"<p>Descubra como um simples balc\u00e3o preto pode revolucionar o estilo e funcionalidade da sua cozinha. A cozinha \u00e9 o cora\u00e7\u00e3o da casa, um espa\u00e7o onde refei\u00e7\u00f5es s\u00e3o preparadas, hist\u00f3rias s\u00e3o compartilhadas e mem\u00f3rias s\u00e3o criadas. Se voc\u00ea est\u00e1 considerando dar um toque de eleg\u00e2ncia atemporal \u00e0 sua cozinha, n\u00e3o procure mais. A resposta est\u00e1 bem [&hellip;]<\/p>\n","protected":false},"author":102,"featured_media":91460,"comment_status":"closed","ping_status":"closed","sticky":false,"template":"","format":"standard","meta":{"footnotes":""},"categories":[18754,1484],"tags":[32145,29560,1028,32146,2133],"class_list":["post-91459","post","type-post","status-publish","format-standard","has-post-thumbnail","category-decoracao-de-cozinha","category-decoracao","tag-balcao-preto","tag-cozinha-elegante","tag-design-de-interiores","tag-estilo-atemporal","tag-funcionalidade"],"_wp_attached_file":null,"_wp_attachment_metadata":null,"_wp_attachment_context":null,"_wp_attachment_is_custom_header":null,"geo_longitude":null,"geo_public":null,"geo_latitude":null,"_publicize_done_external":null,"_wpas_done_3897181":null,"publicize_twitter_user":null,"_wpas_done_3897175":null,"_wpas_skip_3897181":null,"_wpas_skip_3897175":null,"_wpas_skip_3924723":null,"_wpas_mess":null,"_wpas_done_3924723":null,"wps_subtitle":"","_links":{"self":[{"href":"https:\/\/www.aarquiteta.com.br\/blog\/wp-json\/wp\/v2\/posts\/91459","targetHints":{"allow":["GET"]}}],"collection":[{"href":"https:\/\/www.aarquiteta.com.br\/blog\/wp-json\/wp\/v2\/posts"}],"about":[{"href":"https:\/\/www.aarquiteta.com.br\/blog\/wp-json\/wp\/v2\/types\/post"}],"author":[{"embeddable":true,"href":"https:\/\/www.aarquiteta.com.br\/blog\/wp-json\/wp\/v2\/users\/102"}],"replies":[{"embeddable":true,"href":"https:\/\/www.aarquiteta.com.br\/blog\/wp-json\/wp\/v2\/comments?post=91459"}],"version-history":[{"count":0,"href":"https:\/\/www.aarquiteta.com.br\/blog\/wp-json\/wp\/v2\/posts\/91459\/revisions"}],"wp:featuredmedia":[{"embeddable":true,"href":"https:\/\/www.aarquiteta.com.br\/blog\/wp-json\/wp\/v2\/media\/91460"}],"wp:attachment":[{"href":"https:\/\/www.aarquiteta.com.br\/blog\/wp-json\/wp\/v2\/media?parent=91459"}],"wp:term":[{"taxonomy":"category","embeddable":true,"href":"https:\/\/www.aarquiteta.com.br\/blog\/wp-json\/wp\/v2\/categories?post=91459"},{"taxonomy":"post_tag","embeddable":true,"href":"https:\/\/www.aarquiteta.com.br\/blog\/wp-json\/wp\/v2\/tags?post=91459"}],"curies":[{"name":"wp","href":"https:\/\/api.w.org\/{rel}","templated":true}]}}