{"id":90645,"date":"2023-08-20T20:00:13","date_gmt":"2023-08-20T23:00:13","guid":{"rendered":"http:\/\/aarquiteta.com.br\/?p=90645"},"modified":"2023-08-18T11:04:54","modified_gmt":"2023-08-18T14:04:54","slug":"transforme-sua-cozinha-pequena-o-guia-do-balcao-funcional-e-acolhedor","status":"publish","type":"post","link":"https:\/\/www.aarquiteta.com.br\/blog\/transforme-sua-cozinha-pequena-o-guia-do-balcao-funcional-e-acolhedor\/","title":{"rendered":"Transforme sua Cozinha Pequena: O Guia do Balc\u00e3o Funcional e Acolhedor."},"content":{"rendered":"<p>A cozinha \u00e9 o cora\u00e7\u00e3o de muitas casas. \u00c9 onde preparamos nossas refei\u00e7\u00f5es, compartilhamos momentos e criamos mem\u00f3rias. Mas, e se sua cozinha for pequena? Como transform\u00e1-la em um espa\u00e7o funcional e acolhedor? Neste artigo, vamos explorar maneiras criativas e pr\u00e1ticas de otimizar sua cozinha, tornando-a n\u00e3o apenas funcional, mas tamb\u00e9m um espa\u00e7o convidativo e aconchegante.<\/p>\n<p>Muitas vezes, nos sentimos limitados pelo espa\u00e7o dispon\u00edvel, mas com as dicas e truques certos, \u00e9 poss\u00edvel transformar qualquer cozinha pequena em um ambiente de destaque em sua casa. Vamos l\u00e1?<\/p>\n<h2>Escolha o tamanho ideal para o balc\u00e3o.<\/h2>\n<div class=\"mceTemp\"><\/div>\n<figure id=\"attachment_90648\" aria-describedby=\"caption-attachment-90648\" style=\"width: 1024px\" class=\"wp-caption alignnone\"><img decoding=\"async\" class=\"size-full wp-image-90648\" src=\"https:\/\/www.aarquiteta.com.br\/blog\/wp-content\/uploads\/2023\/08\/Transforme-sua-Cozinha-Pequena-O-Guia-do-Balcao-Funcional-e-Acolhedor.png\" alt=\"Transforme sua Cozinha Pequena: O Guia do Balc\u00e3o Funcional e Acolhedor.\" width=\"1024\" height=\"1024\" title=\"\" srcset=\"https:\/\/www.aarquiteta.com.br\/blog\/wp-content\/uploads\/2023\/08\/Transforme-sua-Cozinha-Pequena-O-Guia-do-Balcao-Funcional-e-Acolhedor.png 1024w, https:\/\/www.aarquiteta.com.br\/blog\/wp-content\/uploads\/2023\/08\/Transforme-sua-Cozinha-Pequena-O-Guia-do-Balcao-Funcional-e-Acolhedor-696x696.png 696w, https:\/\/www.aarquiteta.com.br\/blog\/wp-content\/uploads\/2023\/08\/Transforme-sua-Cozinha-Pequena-O-Guia-do-Balcao-Funcional-e-Acolhedor-96x96.png 96w, https:\/\/www.aarquiteta.com.br\/blog\/wp-content\/uploads\/2023\/08\/Transforme-sua-Cozinha-Pequena-O-Guia-do-Balcao-Funcional-e-Acolhedor-150x150.png 150w\" sizes=\"(max-width: 1024px) 100vw, 1024px\" \/><figcaption id=\"caption-attachment-90648\" class=\"wp-caption-text\">Transforme sua Cozinha Pequena: O Guia do Balc\u00e3o Funcional e Acolhedor.<\/figcaption><\/figure>\n<p>O primeiro passo para ter uma cozinha pequena com balc\u00e3o \u00e9 escolher o tamanho ideal para ele.<\/p>\n<p>\u00c9 importante que o balc\u00e3o tenha um tamanho que se adapte ao espa\u00e7o dispon\u00edvel na cozinha, sem comprometer a circula\u00e7\u00e3o e a funcionalidade do ambiente.<\/p>\n<p>Al\u00e9m disso, \u00e9 preciso pensar no uso que ser\u00e1 dado ao balc\u00e3o, se ser\u00e1 apenas para preparar os alimentos ou se tamb\u00e9m ser\u00e1 utilizado como mesa para as refei\u00e7\u00f5es.<\/p>\n<h3>Escolha o material adequado para o balc\u00e3o.<\/h3>\n<p>Ao escolher o material para o balc\u00e3o, \u00e9 importante considerar a praticidade e a durabilidade.<\/p>\n<p>Materiais como granito, m\u00e1rmore e quartzo s\u00e3o ideais para quem busca praticidade e durabilidade, ao serem resistentes e f\u00e1ceis de limpar.<\/p>\n<p>J\u00e1 o vidro \u00e9 uma op\u00e7\u00e3o mais sofisticada, e traz eleg\u00e2ncia ao ambiente. Por\u00e9m, \u00e9 preciso ter cuidado, pois o vidro \u00e9 mais fr\u00e1gil e pode quebrar com facilidade.<\/p>\n<p>Outra op\u00e7\u00e3o \u00e9 o MDF ou o compensado, sendo mais econ\u00f4micos, mas requerem mais cuidado na manuten\u00e7\u00e3o.<\/p>\n<h3>Aproveite cada cent\u00edmetro do balc\u00e3o.<\/h3>\n<p>Para ter uma cozinha pequena com balc\u00e3o funcional, \u00e9 importante aproveitar cada cent\u00edmetro do balc\u00e3o.<\/p>\n<p>Uma dica \u00e9 instalar prateleiras e ganchos na parede acima do balc\u00e3o, para guardar utens\u00edlios de cozinha e deix\u00e1-los sempre \u00e0 m\u00e3o.<\/p>\n<p>Al\u00e9m disso, \u00e9 poss\u00edvel utilizar a parte inferior do balc\u00e3o para colocar arm\u00e1rios ou gavetas, para guardar panelas, talheres e outros objetos.<\/p>\n<figure id=\"attachment_90649\" aria-describedby=\"caption-attachment-90649\" style=\"width: 1024px\" class=\"wp-caption alignnone\"><img decoding=\"async\" class=\"size-full wp-image-90649\" src=\"https:\/\/www.aarquiteta.com.br\/blog\/wp-content\/uploads\/2023\/08\/Transforme-sua-Cozinha-Pequena-O-Guia-do-Balcao-Funcional-e-Acolhedor-2.png\" alt=\"Transforme sua Cozinha Pequena: O Guia do Balc\u00e3o Funcional e Acolhedor.\" width=\"1024\" height=\"1024\" title=\"\" srcset=\"https:\/\/www.aarquiteta.com.br\/blog\/wp-content\/uploads\/2023\/08\/Transforme-sua-Cozinha-Pequena-O-Guia-do-Balcao-Funcional-e-Acolhedor-2.png 1024w, https:\/\/www.aarquiteta.com.br\/blog\/wp-content\/uploads\/2023\/08\/Transforme-sua-Cozinha-Pequena-O-Guia-do-Balcao-Funcional-e-Acolhedor-2-696x696.png 696w, https:\/\/www.aarquiteta.com.br\/blog\/wp-content\/uploads\/2023\/08\/Transforme-sua-Cozinha-Pequena-O-Guia-do-Balcao-Funcional-e-Acolhedor-2-96x96.png 96w, https:\/\/www.aarquiteta.com.br\/blog\/wp-content\/uploads\/2023\/08\/Transforme-sua-Cozinha-Pequena-O-Guia-do-Balcao-Funcional-e-Acolhedor-2-150x150.png 150w\" sizes=\"(max-width: 1024px) 100vw, 1024px\" \/><figcaption id=\"caption-attachment-90649\" class=\"wp-caption-text\">Transforme sua Cozinha Pequena: O Guia do Balc\u00e3o Funcional e Acolhedor.<\/figcaption><\/figure>\n<h2>Aqui est\u00e3o mais algumas dicas sobre como ter uma cozinha pequena com balc\u00e3o:<\/h2>\n<h3>Escolha o modelo de balc\u00e3o adequado:<\/h3>\n<p>Existem diversos modelos de balc\u00f5es dispon\u00edveis no mercado, e \u00e9 importante escolher aquele que melhor se adapta \u00e0s suas necessidades.<\/p>\n<p>Se voc\u00ea precisa de um espa\u00e7o maior para cozinhar, um balc\u00e3o com cooktop ou fog\u00e3o pode ser uma boa op\u00e7\u00e3o.<\/p>\n<p>J\u00e1 se o seu objetivo \u00e9 ter um espa\u00e7o para as refei\u00e7\u00f5es, um balc\u00e3o com banquetas pode ser ideal.<\/p>\n<h3>Crie um ambiente harmonioso:<\/h3>\n<p><img decoding=\"async\" class=\"size-full wp-image-76164\" src=\"https:\/\/www.aarquiteta.com.br\/blog\/wp-content\/uploads\/2023\/03\/Cozinha-com-Balcao_-60-Projetos-Incriveis-para-Se-Inspirar.png\" alt=\"cozinha pequena com balc\u00e3o\" width=\"600\" height=\"900\" title=\"\" srcset=\"https:\/\/www.aarquiteta.com.br\/blog\/wp-content\/uploads\/2023\/03\/Cozinha-com-Balcao_-60-Projetos-Incriveis-para-Se-Inspirar.png 600w, https:\/\/www.aarquiteta.com.br\/blog\/wp-content\/uploads\/2023\/03\/Cozinha-com-Balcao_-60-Projetos-Incriveis-para-Se-Inspirar-150x225.png 150w\" sizes=\"(max-width: 600px) 100vw, 600px\" \/><\/p>\n<p>Para que a cozinha pequena com balc\u00e3o fique bonita e aconchegante, \u00e9 importante criar um ambiente harmonioso.<\/p>\n<p>Escolha cores que combinem entre si e que deixem o ambiente mais leve e arejado. Al\u00e9m disso, opte por acess\u00f3rios decorativos que complementem o estilo da cozinha.<\/p>\n<h3>Use o balc\u00e3o como divis\u00f3ria:<\/h3>\n<p>Em algumas cozinhas, o balc\u00e3o pode ser utilizado como divis\u00f3ria entre a cozinha e a sala de jantar ou estar.<\/p>\n<p>Al\u00e9m de ser uma solu\u00e7\u00e3o pr\u00e1tica, essa ideia pode ajudar a delimitar melhor os espa\u00e7os, sem comprometer a integra\u00e7\u00e3o entre eles.<\/p>\n<h3>Pense em solu\u00e7\u00f5es criativas:<\/h3>\n<p>Em uma cozinha pequena, \u00e9 preciso pensar em solu\u00e7\u00f5es criativas para aproveitar o espa\u00e7o da melhor forma poss\u00edvel.<\/p>\n<p>Por exemplo, se o balc\u00e3o for estreito, \u00e9 poss\u00edvel utilizar uma t\u00e1bua de madeira para aumentar a \u00e1rea de trabalho.<\/p>\n<p>J\u00e1 se o espa\u00e7o abaixo do balc\u00e3o for pequeno, voc\u00ea pode utilizar cestas ou caixas organizadoras para guardar os objetos.<\/p>\n<h2>Conclus\u00e3o:<\/h2>\n<div class=\"mceTemp\"><\/div>\n<figure id=\"attachment_90650\" aria-describedby=\"caption-attachment-90650\" style=\"width: 1024px\" class=\"wp-caption alignnone\"><img decoding=\"async\" class=\"size-full wp-image-90650\" src=\"https:\/\/www.aarquiteta.com.br\/blog\/wp-content\/uploads\/2023\/08\/Transforme-sua-Cozinha-Pequena-O-Guia-do-Balcao-Funcional-e-Acolhedor-1.png\" alt=\"Transforme sua Cozinha Pequena: O Guia do Balc\u00e3o Funcional e Acolhedor.\" width=\"1024\" height=\"1024\" title=\"\" srcset=\"https:\/\/www.aarquiteta.com.br\/blog\/wp-content\/uploads\/2023\/08\/Transforme-sua-Cozinha-Pequena-O-Guia-do-Balcao-Funcional-e-Acolhedor-1.png 1024w, https:\/\/www.aarquiteta.com.br\/blog\/wp-content\/uploads\/2023\/08\/Transforme-sua-Cozinha-Pequena-O-Guia-do-Balcao-Funcional-e-Acolhedor-1-696x696.png 696w, https:\/\/www.aarquiteta.com.br\/blog\/wp-content\/uploads\/2023\/08\/Transforme-sua-Cozinha-Pequena-O-Guia-do-Balcao-Funcional-e-Acolhedor-1-96x96.png 96w, https:\/\/www.aarquiteta.com.br\/blog\/wp-content\/uploads\/2023\/08\/Transforme-sua-Cozinha-Pequena-O-Guia-do-Balcao-Funcional-e-Acolhedor-1-150x150.png 150w\" sizes=\"(max-width: 1024px) 100vw, 1024px\" \/><figcaption id=\"caption-attachment-90650\" class=\"wp-caption-text\">Transforme sua Cozinha Pequena: O Guia do Balc\u00e3o Funcional e Acolhedor.<\/figcaption><\/figure>\n<p>Ter uma cozinha pequena com balc\u00e3o pode parecer um desafio, mas \u00e9 poss\u00edvel torn\u00e1-la funcional e bonita com algumas dicas simples.<\/p>\n<p>\u00c9 importante escolher o tamanho e o material adequados para o balc\u00e3o, al\u00e9m de aproveitar cada cent\u00edmetro dele para tornar o ambiente mais pr\u00e1tico e organizado.<\/p>\n<p>Com essas dicas, sua cozinha pequena com balc\u00e3o ser\u00e1 um espa\u00e7o aconchegante e funcional para preparar os alimentos e fazer as refei\u00e7\u00f5es.<\/p>\n<p>Com essas dicas, voc\u00ea poder\u00e1 ter uma cozinha pequena com balc\u00e3o bonita, funcional e pr\u00e1tica. Lembre-se sempre de escolher materiais de qualidade, que garantam a durabilidade do balc\u00e3o e tornem o ambiente mais agrad\u00e1vel e acolhedor.<\/p>\n<p><strong>Curiosidade:<\/strong> Voc\u00ea sabia que a cozinha \u00e9 considerada por muitos como o c\u00f4modo mais importante da casa? Em muitas culturas, \u00e9 o espa\u00e7o onde a fam\u00edlia se re\u00fane, celebra e compartilha momentos especiais.<\/p>\n<p><strong>Espero que este artigo tenha ajudado voc\u00ea!<\/strong><\/p>\n<p>Ent\u00e3o deslize a tela para baixo e<a href=\"https:\/\/br.pinterest.com\/aarquitetapinterest\/_created\/\" target=\"_blank\" rel=\"noopener\">\u00a0confira mais dicas<\/a>\u00a0como esta e n\u00e3o se esque\u00e7a de compartilhar com os amigos!<\/p>\n<p>Quer mais dicas sobre o mundo da\u00a0<a href=\"https:\/\/www.aarquiteta.com.br\/blog\/o-que-e-arquitetura\/\">arquitetura<\/a>\u00a0e\u00a0<a href=\"https:\/\/www.aarquiteta.com.br\/blog\/decoracao\/\">Decora\u00e7\u00e3o<\/a>, ent\u00e3o confira alguns dos nossos artigos em:<\/p>\n<ul>\n<li><a href=\"https:\/\/www.aarquiteta.com.br\/blog\/paisagismo\/\" target=\"_blank\" rel=\"noopener\">Casa e Jardim<\/a><\/li>\n<li><a href=\"https:\/\/www.aarquiteta.com.br\/blog\/arquitetura\/mundo-arquitetura\/\" target=\"_blank\" rel=\"noopener\">Mundo Arquitetura<\/a><\/li>\n<li><a href=\"https:\/\/www.aarquiteta.com.br\/decoracao\/\" target=\"_blank\" rel=\"noopener\">Decora\u00e7\u00e3o\u00a0<\/a><\/li>\n<\/ul>\n","protected":false},"excerpt":{"rendered":"<p>A cozinha \u00e9 o cora\u00e7\u00e3o de muitas casas. \u00c9 onde preparamos nossas refei\u00e7\u00f5es, compartilhamos momentos e criamos mem\u00f3rias. Mas, e se sua cozinha for pequena? Como transform\u00e1-la em um espa\u00e7o funcional e acolhedor? Neste artigo, vamos explorar maneiras criativas e pr\u00e1ticas de otimizar sua cozinha, tornando-a n\u00e3o apenas funcional, mas tamb\u00e9m um espa\u00e7o convidativo e [&hellip;]<\/p>\n","protected":false},"author":102,"featured_media":90648,"comment_status":"closed","ping_status":"closed","sticky":false,"template":"","format":"standard","meta":{"footnotes":""},"categories":[18754,1484],"tags":[26711,27111,21122,27114,27116,23162,23163,27115,27109,13027,2275,27110,27113,26670,27112,8431],"class_list":["post-90645","post","type-post","status-publish","format-standard","has-post-thumbnail","category-decoracao-de-cozinha","category-decoracao","tag-aproveitamento-de-espaco","tag-armarios-suspensos","tag-balcao-de-cozinha","tag-bancada-de-refeicoes","tag-cor-clara","tag-cozinha-americana","tag-cozinha-compacta","tag-cozinha-integrada","tag-cozinha-pequena-com-balcao","tag-cozinha-planejada","tag-decoracao-minimalista","tag-design-inteligente","tag-eletrodomesticos-compactos","tag-espaco-reduzido","tag-iluminacao-estrategica","tag-moveis-multifuncionais"],"_wp_attached_file":null,"_wp_attachment_metadata":null,"_wp_attachment_context":null,"_wp_attachment_is_custom_header":null,"geo_longitude":null,"geo_public":null,"geo_latitude":null,"_publicize_done_external":null,"_wpas_done_3897181":null,"publicize_twitter_user":null,"_wpas_done_3897175":null,"_wpas_skip_3897181":null,"_wpas_skip_3897175":null,"_wpas_skip_3924723":null,"_wpas_mess":null,"_wpas_done_3924723":null,"wps_subtitle":"","_links":{"self":[{"href":"https:\/\/www.aarquiteta.com.br\/blog\/wp-json\/wp\/v2\/posts\/90645","targetHints":{"allow":["GET"]}}],"collection":[{"href":"https:\/\/www.aarquiteta.com.br\/blog\/wp-json\/wp\/v2\/posts"}],"about":[{"href":"https:\/\/www.aarquiteta.com.br\/blog\/wp-json\/wp\/v2\/types\/post"}],"author":[{"embeddable":true,"href":"https:\/\/www.aarquiteta.com.br\/blog\/wp-json\/wp\/v2\/users\/102"}],"replies":[{"embeddable":true,"href":"https:\/\/www.aarquiteta.com.br\/blog\/wp-json\/wp\/v2\/comments?post=90645"}],"version-history":[{"count":0,"href":"https:\/\/www.aarquiteta.com.br\/blog\/wp-json\/wp\/v2\/posts\/90645\/revisions"}],"wp:featuredmedia":[{"embeddable":true,"href":"https:\/\/www.aarquiteta.com.br\/blog\/wp-json\/wp\/v2\/media\/90648"}],"wp:attachment":[{"href":"https:\/\/www.aarquiteta.com.br\/blog\/wp-json\/wp\/v2\/media?parent=90645"}],"wp:term":[{"taxonomy":"category","embeddable":true,"href":"https:\/\/www.aarquiteta.com.br\/blog\/wp-json\/wp\/v2\/categories?post=90645"},{"taxonomy":"post_tag","embeddable":true,"href":"https:\/\/www.aarquiteta.com.br\/blog\/wp-json\/wp\/v2\/tags?post=90645"}],"curies":[{"name":"wp","href":"https:\/\/api.w.org\/{rel}","templated":true}]}}