{"id":90560,"date":"2023-08-17T12:00:34","date_gmt":"2023-08-17T15:00:34","guid":{"rendered":"http:\/\/aarquiteta.com.br\/?p=90560"},"modified":"2024-06-28T11:50:50","modified_gmt":"2024-06-28T14:50:50","slug":"transformando-espacos-a-valorizacao-imobiliaria-atraves-da-arquitetura-e-decoracao","status":"publish","type":"post","link":"https:\/\/www.aarquiteta.com.br\/blog\/transformando-espacos-a-valorizacao-imobiliaria-atraves-da-arquitetura-e-decoracao\/","title":{"rendered":"Transformando Espa\u00e7os: A Valoriza\u00e7\u00e3o Imobili\u00e1ria Atrav\u00e9s da Arquitetura e Decora\u00e7\u00e3o."},"content":{"rendered":"<p>Ao considerar a compra ou investimento em um im\u00f3vel, a est\u00e9tica e a funcionalidade s\u00e3o fatores que frequentemente se destacam. Afinal, quem n\u00e3o deseja viver ou trabalhar em um ambiente agrad\u00e1vel, confort\u00e1vel e que reflita a pr\u00f3pria personalidade?<\/p>\n<p>Nesse contexto, a arquitetura e a decora\u00e7\u00e3o desempenham um papel de destaque, transformando espa\u00e7os simples em lugares encantadores. Vamos explorar como esses elementos podem n\u00e3o apenas criar ambientes atraentes, mas tamb\u00e9m impactar significativamente o valor dos im\u00f3veis.<\/p>\n<figure id=\"attachment_90562\" aria-describedby=\"caption-attachment-90562\" style=\"width: 1024px\" class=\"wp-caption alignnone\"><img decoding=\"async\" class=\"size-full wp-image-90562\" src=\"https:\/\/www.aarquiteta.com.br\/blog\/wp-content\/uploads\/2023\/08\/Transformando-Espacos-A-Valorizacao-Imobiliaria-Atraves-da-Arquitetura-e-Decoracao.png\" alt=\"Transformando Espa\u00e7os A Valoriza\u00e7\u00e3o Imobili\u00e1ria Atrav\u00e9s da Arquitetura e Decora\u00e7\u00e3o\" width=\"1024\" height=\"1024\" title=\"\" srcset=\"https:\/\/www.aarquiteta.com.br\/blog\/wp-content\/uploads\/2023\/08\/Transformando-Espacos-A-Valorizacao-Imobiliaria-Atraves-da-Arquitetura-e-Decoracao.png 1024w, https:\/\/www.aarquiteta.com.br\/blog\/wp-content\/uploads\/2023\/08\/Transformando-Espacos-A-Valorizacao-Imobiliaria-Atraves-da-Arquitetura-e-Decoracao-696x696.png 696w, https:\/\/www.aarquiteta.com.br\/blog\/wp-content\/uploads\/2023\/08\/Transformando-Espacos-A-Valorizacao-Imobiliaria-Atraves-da-Arquitetura-e-Decoracao-96x96.png 96w, https:\/\/www.aarquiteta.com.br\/blog\/wp-content\/uploads\/2023\/08\/Transformando-Espacos-A-Valorizacao-Imobiliaria-Atraves-da-Arquitetura-e-Decoracao-150x150.png 150w\" sizes=\"(max-width: 1024px) 100vw, 1024px\" \/><figcaption id=\"caption-attachment-90562\" class=\"wp-caption-text\">Transformando Espa\u00e7os: A Valoriza\u00e7\u00e3o Imobili\u00e1ria Atrav\u00e9s da Arquitetura e Decora\u00e7\u00e3o.<\/figcaption><\/figure>\n<h2>A Harmonia dos Elementos<\/h2>\n<h3>Cores, texturas e materiais: uma combina\u00e7\u00e3o poderosa<\/h3>\n<p>A paleta de cores, as texturas dos materiais e a escolha dos elementos decorativos podem criar uma atmosfera \u00fanica em qualquer espa\u00e7o. Cores claras e tons neutros podem transmitir sensa\u00e7\u00f5es de amplitude e sofistica\u00e7\u00e3o, enquanto cores mais vibrantes podem adicionar energia e personalidade. A combina\u00e7\u00e3o inteligente de texturas, como madeira, vidro e metal, pode adicionar profundidade e criar uma experi\u00eancia sensorial envolvente.<\/p>\n<h3>Fluxo e funcionalidade: otimizando o layout<\/h3>\n<p>Al\u00e9m da est\u00e9tica, a funcionalidade tamb\u00e9m \u00e9 essencial. Um bom layout deve permitir um fluxo natural entre os espa\u00e7os, otimizando a circula\u00e7\u00e3o e tornando a rotina mais pr\u00e1tica. Por exemplo, uma cozinha integrada \u00e0 sala de jantar pode promover a intera\u00e7\u00e3o entre os moradores e criar uma sensa\u00e7\u00e3o de espa\u00e7o amplo. Investir em m\u00f3veis vers\u00e1teis e solu\u00e7\u00f5es de armazenamento inteligentes ajuda a maximizar a utilidade de cada ambiente.<\/p>\n<h2>A Primeira Impress\u00e3o<\/h2>\n<h3>O papel da fachada na valoriza\u00e7\u00e3o<\/h3>\n<p>A fachada \u00e9 o cart\u00e3o de visitas de um im\u00f3vel. Ela cria a primeira impress\u00e3o e pode influenciar diretamente a decis\u00e3o de compra. Elementos como a escolha dos materiais, o design arquitet\u00f4nico e at\u00e9 mesmo o paisagismo contribuem para transmitir uma imagem positiva e convidativa. Investir em uma fachada bem projetada \u00e9 uma estrat\u00e9gia inteligente para atrair potenciais compradores e aumentar a percep\u00e7\u00e3o de valor do im\u00f3vel.<\/p>\n<h3>Hall de entrada: criando um espa\u00e7o acolhedor<\/h3>\n<p>Ao adentrar um im\u00f3vel, o hall de entrada \u00e9 o espa\u00e7o respons\u00e1vel por receber os moradores e visitantes. Um hall bem decorado pode transmitir uma sensa\u00e7\u00e3o de boas-vindas e conforto, al\u00e9m de criar um ponto focal que conduzir\u00e1 os olhos para o restante do ambiente. Espelhos, ilumina\u00e7\u00e3o adequada e a escolha de m\u00f3veis adequados s\u00e3o elementos que contribuem para a cria\u00e7\u00e3o de um espa\u00e7o acolhedor e elegante.<\/p>\n<figure id=\"attachment_90563\" aria-describedby=\"caption-attachment-90563\" style=\"width: 1024px\" class=\"wp-caption alignnone\"><img decoding=\"async\" class=\"size-full wp-image-90563\" src=\"https:\/\/www.aarquiteta.com.br\/blog\/wp-content\/uploads\/2023\/08\/Transformando-Espacos-A-Valorizacao-Imobiliaria-Atraves-da-Arquitetura-e-Decoracao-1.png\" alt=\"Transformando Espa\u00e7os: A Valoriza\u00e7\u00e3o Imobili\u00e1ria Atrav\u00e9s da Arquitetura e Decora\u00e7\u00e3o.\" width=\"1024\" height=\"1024\" title=\"\" srcset=\"https:\/\/www.aarquiteta.com.br\/blog\/wp-content\/uploads\/2023\/08\/Transformando-Espacos-A-Valorizacao-Imobiliaria-Atraves-da-Arquitetura-e-Decoracao-1.png 1024w, https:\/\/www.aarquiteta.com.br\/blog\/wp-content\/uploads\/2023\/08\/Transformando-Espacos-A-Valorizacao-Imobiliaria-Atraves-da-Arquitetura-e-Decoracao-1-696x696.png 696w, https:\/\/www.aarquiteta.com.br\/blog\/wp-content\/uploads\/2023\/08\/Transformando-Espacos-A-Valorizacao-Imobiliaria-Atraves-da-Arquitetura-e-Decoracao-1-96x96.png 96w, https:\/\/www.aarquiteta.com.br\/blog\/wp-content\/uploads\/2023\/08\/Transformando-Espacos-A-Valorizacao-Imobiliaria-Atraves-da-Arquitetura-e-Decoracao-1-150x150.png 150w\" sizes=\"(max-width: 1024px) 100vw, 1024px\" \/><figcaption id=\"caption-attachment-90563\" class=\"wp-caption-text\">Transformando Espa\u00e7os: A Valoriza\u00e7\u00e3o Imobili\u00e1ria Atrav\u00e9s da Arquitetura e Decora\u00e7\u00e3o.<\/figcaption><\/figure>\n<h2>Espa\u00e7os Multiuso e Flexibilidade<\/h2>\n<h3>Adapta\u00e7\u00e3o \u00e0s necessidades do cliente<\/h3>\n<p>Os im\u00f3veis contempor\u00e2neos est\u00e3o cada vez mais adaptados \u00e0 versatilidade. As necessidades dos moradores podem variar ao longo do tempo, e \u00e9 importante que os espa\u00e7os possam se adequar a essas mudan\u00e7as. Ambientes que podem ser facilmente transformados de um escrit\u00f3rio em um quarto de h\u00f3spedes, por exemplo, agregam um valor significativo ao im\u00f3vel.<\/p>\n<h3>M\u00f3veis vers\u00e1teis e divis\u00f3rias inteligentes<\/h3>\n<p>A escolha de m\u00f3veis multifuncionais e divis\u00f3rias inteligentes \u00e9 uma tend\u00eancia que tem conquistado espa\u00e7o. Sof\u00e1s-camas, mesas retr\u00e1teis e prateleiras modulares s\u00e3o exemplos de pe\u00e7as que podem otimizar o espa\u00e7o e oferecer solu\u00e7\u00f5es pr\u00e1ticas para diferentes situa\u00e7\u00f5es. Essa flexibilidade n\u00e3o apenas aumenta a funcionalidade do im\u00f3vel, mas tamb\u00e9m demonstra cuidado nos detalhes.<\/p>\n<h2>Tecnologia e Modernidade<\/h2>\n<h3>Automa\u00e7\u00e3o residencial como diferencial<\/h3>\n<p>A tecnologia desempenha um papel crucial na experi\u00eancia atual dos moradores. A automa\u00e7\u00e3o residencial permite o controle de diversos aspectos do ambiente, como ilumina\u00e7\u00e3o, temperatura e seguran\u00e7a, por meio de dispositivos inteligentes. Um im\u00f3vel equipado com sistemas de automa\u00e7\u00e3o n\u00e3o apenas proporciona conforto, mas tamb\u00e9m \u00e9 um diferencial valioso no mercado imobili\u00e1rio.<\/p>\n<h3>Integra\u00e7\u00e3o de dispositivos tecnol\u00f3gicos<\/h3>\n<p>A integra\u00e7\u00e3o dos dispositivos tecnol\u00f3gicos \u00e0 est\u00e9tica do ambiente \u00e9 fundamental. Interruptores, termostatos e sistemas de \u00e1udio devem ser escolhidos com cuidado para se integrarem perfeitamente ao design dos espa\u00e7os. A harmonia entre o aspecto visual e a funcionalidade tecnol\u00f3gica \u00e9 um detalhe que n\u00e3o deve ser negligenciado.<\/p>\n<figure id=\"attachment_90561\" aria-describedby=\"caption-attachment-90561\" style=\"width: 1024px\" class=\"wp-caption alignnone\"><img decoding=\"async\" class=\"size-full wp-image-90561\" src=\"https:\/\/www.aarquiteta.com.br\/blog\/wp-content\/uploads\/2023\/08\/Transformando-Espacos-A-Valorizacao-Imobiliaria-Atraves-da-Arquitetura-e-Decoracao-2.png\" alt=\"Transformando Espa\u00e7os: A Valoriza\u00e7\u00e3o Imobili\u00e1ria Atrav\u00e9s da Arquitetura e Decora\u00e7\u00e3o.\" width=\"1024\" height=\"1024\" title=\"\" srcset=\"https:\/\/www.aarquiteta.com.br\/blog\/wp-content\/uploads\/2023\/08\/Transformando-Espacos-A-Valorizacao-Imobiliaria-Atraves-da-Arquitetura-e-Decoracao-2.png 1024w, https:\/\/www.aarquiteta.com.br\/blog\/wp-content\/uploads\/2023\/08\/Transformando-Espacos-A-Valorizacao-Imobiliaria-Atraves-da-Arquitetura-e-Decoracao-2-696x696.png 696w, https:\/\/www.aarquiteta.com.br\/blog\/wp-content\/uploads\/2023\/08\/Transformando-Espacos-A-Valorizacao-Imobiliaria-Atraves-da-Arquitetura-e-Decoracao-2-96x96.png 96w, https:\/\/www.aarquiteta.com.br\/blog\/wp-content\/uploads\/2023\/08\/Transformando-Espacos-A-Valorizacao-Imobiliaria-Atraves-da-Arquitetura-e-Decoracao-2-150x150.png 150w\" sizes=\"(max-width: 1024px) 100vw, 1024px\" \/><figcaption id=\"caption-attachment-90561\" class=\"wp-caption-text\">Transformando Espa\u00e7os: A Valoriza\u00e7\u00e3o Imobili\u00e1ria Atrav\u00e9s da Arquitetura e Decora\u00e7\u00e3o.<\/figcaption><\/figure>\n<h2>Sustentabilidade e Efici\u00eancia Energ\u00e9tica<\/h2>\n<h3>Design eco-friendly e seu apelo ao mercado<\/h3>\n<p>A preocupa\u00e7\u00e3o com o meio ambiente tem influenciado diretamente o mercado imobili\u00e1rio. O design eco-friendly n\u00e3o apenas contribui para a preserva\u00e7\u00e3o ambiental, mas tamb\u00e9m agrega valor aos im\u00f3veis. A utiliza\u00e7\u00e3o de materiais sustent\u00e1veis, como madeira de reflorestamento e tintas sem compostos qu\u00edmicos nocivos, reflete um compromisso com a sustentabilidade que atrai compradores conscientes.<\/p>\n<h3>Uso de materiais sustent\u00e1veis<\/h3>\n<p>Al\u00e9m dos materiais, a efici\u00eancia energ\u00e9tica tamb\u00e9m desempenha um papel importante na valoriza\u00e7\u00e3o de um im\u00f3vel. Investir em isolamento t\u00e9rmico, janelas com vidros duplos e sistemas de aquecimento solar n\u00e3o apenas reduz os custos de energia a longo prazo, mas tamb\u00e9m demonstra um cuidado com o conforto dos moradores e a responsabilidade ambiental.<\/p>\n<h2>Perguntas Frequentes<\/h2>\n<h3>Como a arquitetura pode impactar a valoriza\u00e7\u00e3o de im\u00f3veis?<\/h3>\n<p>A arquitetura pode influenciar diretamente a percep\u00e7\u00e3o de valor ao criar espa\u00e7os atraentes e funcionais, que atendem \u00e0s necessidades dos moradores.<\/p>\n<h3>Qual \u00e9 o papel das cores na decora\u00e7\u00e3o de um im\u00f3vel?<\/h3>\n<p>As cores t\u00eam o poder de transmitir emo\u00e7\u00f5es e criar ambientes espec\u00edficos, impactando a sensa\u00e7\u00e3o de conforto e estilo do espa\u00e7o.<\/p>\n<h3>Por que a automa\u00e7\u00e3o residencial \u00e9 considerada uma tend\u00eancia relevante?<\/h3>\n<p>A automa\u00e7\u00e3o residencial oferece conveni\u00eancia e efici\u00eancia, tornando o im\u00f3vel mais atrativo para compradores que buscam comodidade.<\/p>\n<h3>\u00c9 poss\u00edvel conciliar design sustent\u00e1vel com estilo sofisticado?<\/h3>\n<p>Sim, o design sustent\u00e1vel oferece a oportunidade de criar ambientes elegantes por meio do uso de materiais eco-friendly e solu\u00e7\u00f5es inovadoras.<\/p>\n<h3>Como equilibrar a est\u00e9tica com a funcionalidade em espa\u00e7os pequenos?<\/h3>\n<p>Em espa\u00e7os reduzidos, \u00e9 essencial escolher m\u00f3veis e layouts que otimizem o espa\u00e7o sem comprometer a beleza e o conforto.<\/p>\n<h2>Conclus\u00e3o<\/h2>\n<p>A valoriza\u00e7\u00e3o imobili\u00e1ria vai al\u00e9m de uma localiza\u00e7\u00e3o privilegiada. A arquitetura e a decora\u00e7\u00e3o conseguem transformar espa\u00e7os simples em ambientes que cativam e encantam. A combina\u00e7\u00e3o harmoniosa de elementos est\u00e9ticos, funcionais, tecnol\u00f3gicos e sustent\u00e1veis n\u00e3o apenas cria uma experi\u00eancia positiva para os moradores, mas tamb\u00e9m aumenta o valor percebido do im\u00f3vel.<\/p>\n<p>Ao investir na cria\u00e7\u00e3o de espa\u00e7os que atendam \u00e0s necessidades e desejos dos compradores, \u00e9 poss\u00edvel n\u00e3o apenas conquistar clientes, mas tamb\u00e9m maximizar o retorno sobre o investimento.<\/p>\n<h2>Uma Curiosidade<\/h2>\n<p>Voc\u00ea sabia que a cor azul, quando utilizada em ambientes internos, pode transmitir sensa\u00e7\u00f5es de tranquilidade e calma, contribuindo para um ambiente mais relaxante?<\/p>\n","protected":false},"excerpt":{"rendered":"<p>Ao considerar a compra ou investimento em um im\u00f3vel, a est\u00e9tica e a funcionalidade s\u00e3o fatores que frequentemente se destacam. Afinal, quem n\u00e3o deseja viver ou trabalhar em um ambiente agrad\u00e1vel, confort\u00e1vel e que reflita a pr\u00f3pria personalidade? Nesse contexto, a arquitetura e a decora\u00e7\u00e3o desempenham um papel de destaque, transformando espa\u00e7os simples em lugares [&hellip;]<\/p>\n","protected":false},"author":102,"featured_media":90562,"comment_status":"closed","ping_status":"closed","sticky":false,"template":"","format":"standard","meta":{"footnotes":""},"categories":[1507,6],"tags":[137,336,2133,279,27546],"class_list":["post-90560","post","type-post","status-publish","format-standard","has-post-thumbnail","category-arquitetura","category-carreira-de-arquitetura","tag-arquitetura","tag-decoracao","tag-funcionalidade","tag-sustentabilidade","tag-valorizacao-imobiliaria"],"_wp_attached_file":null,"_wp_attachment_metadata":null,"_wp_attachment_context":null,"_wp_attachment_is_custom_header":null,"geo_longitude":null,"geo_public":null,"geo_latitude":null,"_publicize_done_external":null,"_wpas_done_3897181":null,"publicize_twitter_user":null,"_wpas_done_3897175":null,"_wpas_skip_3897181":null,"_wpas_skip_3897175":null,"_wpas_skip_3924723":null,"_wpas_mess":null,"_wpas_done_3924723":null,"wps_subtitle":"","_links":{"self":[{"href":"https:\/\/www.aarquiteta.com.br\/blog\/wp-json\/wp\/v2\/posts\/90560","targetHints":{"allow":["GET"]}}],"collection":[{"href":"https:\/\/www.aarquiteta.com.br\/blog\/wp-json\/wp\/v2\/posts"}],"about":[{"href":"https:\/\/www.aarquiteta.com.br\/blog\/wp-json\/wp\/v2\/types\/post"}],"author":[{"embeddable":true,"href":"https:\/\/www.aarquiteta.com.br\/blog\/wp-json\/wp\/v2\/users\/102"}],"replies":[{"embeddable":true,"href":"https:\/\/www.aarquiteta.com.br\/blog\/wp-json\/wp\/v2\/comments?post=90560"}],"version-history":[{"count":0,"href":"https:\/\/www.aarquiteta.com.br\/blog\/wp-json\/wp\/v2\/posts\/90560\/revisions"}],"wp:featuredmedia":[{"embeddable":true,"href":"https:\/\/www.aarquiteta.com.br\/blog\/wp-json\/wp\/v2\/media\/90562"}],"wp:attachment":[{"href":"https:\/\/www.aarquiteta.com.br\/blog\/wp-json\/wp\/v2\/media?parent=90560"}],"wp:term":[{"taxonomy":"category","embeddable":true,"href":"https:\/\/www.aarquiteta.com.br\/blog\/wp-json\/wp\/v2\/categories?post=90560"},{"taxonomy":"post_tag","embeddable":true,"href":"https:\/\/www.aarquiteta.com.br\/blog\/wp-json\/wp\/v2\/tags?post=90560"}],"curies":[{"name":"wp","href":"https:\/\/api.w.org\/{rel}","templated":true}]}}