{"id":90377,"date":"2023-08-09T17:54:07","date_gmt":"2023-08-09T20:54:07","guid":{"rendered":"http:\/\/aarquiteta.com.br\/?p=90377"},"modified":"2023-08-09T17:54:07","modified_gmt":"2023-08-09T20:54:07","slug":"descubra-como-organizar-sua-casa-em-apenas-10-minutos-por-dia","status":"publish","type":"post","link":"https:\/\/www.aarquiteta.com.br\/blog\/descubra-como-organizar-sua-casa-em-apenas-10-minutos-por-dia\/","title":{"rendered":"Descubra Como Organizar sua Casa em Apenas 10 Minutos por Dia: \u00c9 Mais F\u00e1cil do Que Parece!"},"content":{"rendered":"<p>Organizar a casa pode parecer uma tarefa monumental, especialmente quando olhamos para a bagun\u00e7a acumulada. No entanto, a organiza\u00e7\u00e3o n\u00e3o precisa ser complicada ou demorada. Na verdade, com apenas 10 minutos por dia, voc\u00ea pode transformar sua casa em um santu\u00e1rio de paz e ordem. Neste artigo, vamos desmistificar a organiza\u00e7\u00e3o e mostrar como \u00e9 mais f\u00e1cil do que parece.<\/p>\n<p>Dedicar tempo \u00e0 organiza\u00e7\u00e3o dom\u00e9stica n\u00e3o \u00e9 apenas uma quest\u00e3o est\u00e9tica. \u00c9 sobre criar um ambiente que promova bem-estar, produtividade e sa\u00fade mental. Uma casa organizada \u00e9 sin\u00f4nimo de uma mente organizada.<\/p>\n<p>Voc\u00ea pode estar se perguntando: &#8220;Como \u00e9 poss\u00edvel fazer qualquer mudan\u00e7a significativa em apenas 10 minutos?&#8221; A resposta \u00e9 simples: consist\u00eancia e foco. Vamos mergulhar nessa jornada juntos e descobrir o poder transformador dos 10 minutos di\u00e1rios.<\/p>\n<h3><strong>Por que Organizar sua Casa \u00e9 Essencial?<\/strong><\/h3>\n<p>A organiza\u00e7\u00e3o vai muito al\u00e9m de uma casa bonita. \u00c9 sobre criar um espa\u00e7o que promova a sa\u00fade mental, aumente a produtividade e traga uma sensa\u00e7\u00e3o de bem-estar. Uma casa desorganizada pode ser uma fonte constante de estresse, enquanto um ambiente ordenado traz paz e tranquilidade.<\/p>\n<h3><strong>O Poder dos 10 Minutos<\/strong><\/h3>\n<p>Dez minutos podem n\u00e3o parecer muito, mas quando usados com prop\u00f3sito e consist\u00eancia, podem fazer maravilhas. A ideia \u00e9 simples: em vez de se sentir sobrecarregado com a tarefa de organizar toda a casa, divida-a em pequenas tarefas gerenci\u00e1veis. Dez minutos por dia podem ser dedicados a uma gaveta, uma prateleira ou at\u00e9 mesmo um canto da sala.<\/p>\n<figure id=\"attachment_90378\" aria-describedby=\"caption-attachment-90378\" style=\"width: 1024px\" class=\"wp-caption alignnone\"><img decoding=\"async\" class=\"size-full wp-image-90378\" src=\"https:\/\/www.aarquiteta.com.br\/blog\/wp-content\/uploads\/2023\/08\/Descubra-Como-Organizar-sua-Casa-em-Apenas-10-Minutos-por-Dia-W-Mais-Facil-do-Que-Parece.png\" alt=\"Descubra Como Organizar sua Casa em Apenas 10 Minutos por Dia W Mais F\u00e1cil do Que Parece\" width=\"1024\" height=\"1024\" title=\"\" srcset=\"https:\/\/www.aarquiteta.com.br\/blog\/wp-content\/uploads\/2023\/08\/Descubra-Como-Organizar-sua-Casa-em-Apenas-10-Minutos-por-Dia-W-Mais-Facil-do-Que-Parece.png 1024w, https:\/\/www.aarquiteta.com.br\/blog\/wp-content\/uploads\/2023\/08\/Descubra-Como-Organizar-sua-Casa-em-Apenas-10-Minutos-por-Dia-W-Mais-Facil-do-Que-Parece-696x696.png 696w, https:\/\/www.aarquiteta.com.br\/blog\/wp-content\/uploads\/2023\/08\/Descubra-Como-Organizar-sua-Casa-em-Apenas-10-Minutos-por-Dia-W-Mais-Facil-do-Que-Parece-96x96.png 96w, https:\/\/www.aarquiteta.com.br\/blog\/wp-content\/uploads\/2023\/08\/Descubra-Como-Organizar-sua-Casa-em-Apenas-10-Minutos-por-Dia-W-Mais-Facil-do-Que-Parece-150x150.png 150w\" sizes=\"(max-width: 1024px) 100vw, 1024px\" \/><figcaption id=\"caption-attachment-90378\" class=\"wp-caption-text\">Descubra Como Organizar sua Casa em Apenas 10 Minutos por Dia \u00e9 Mais F\u00e1cil do Que Parece!<\/figcaption><\/figure>\n<h3><strong>Passos Simples para Come\u00e7ar<\/strong><\/h3>\n<ol>\n<li><strong>Escolha o local certo:<\/strong> Comece por \u00e1reas menores para ganhar confian\u00e7a.<\/li>\n<li><strong>Mantenha o foco:<\/strong> Evite distra\u00e7\u00f5es e concentre-se na tarefa em m\u00e3os.<\/li>\n<li><strong>Use ferramentas adequadas:<\/strong> Caixas organizadoras, etiquetas e prateleiras podem ser grandes aliados.<\/li>\n<\/ol>\n<h3><strong>Dicas para Manter a Organiza\u00e7\u00e3o<\/strong><\/h3>\n<p>Manter a organiza\u00e7\u00e3o \u00e9 t\u00e3o importante quanto come\u00e7ar. Estabele\u00e7a uma rotina di\u00e1ria, envolva todos os membros da fam\u00edlia e, o mais importante, recompense-se pelo trabalho bem feito.<\/p>\n<h3><strong>Erros Comuns a Evitar<\/strong><\/h3>\n<p>Evite a procrastina\u00e7\u00e3o, o perfeccionismo excessivo e a falta de rotina. Lembre-se de que a organiza\u00e7\u00e3o \u00e9 uma jornada, n\u00e3o um destino.<\/p>\n<h3><strong>Como a Tecnologia Pode Ajudar?<\/strong><\/h3>\n<p>Existem in\u00fameros aplicativos e ferramentas online que podem ajudar na organiza\u00e7\u00e3o. Desde lembretes at\u00e9 dicas de organiza\u00e7\u00e3o, a tecnologia \u00e9 sua amiga.<\/p>\n<h3><strong>Hist\u00f3rias de Sucesso<\/strong><\/h3>\n<p>Conhe\u00e7a Maria, que transformou sua casa e vida com apenas 10 minutos por dia. Ou Jo\u00e3o, que encontrou produtividade e paz em sua rotina di\u00e1ria de organiza\u00e7\u00e3o.<\/p>\n<h3><strong>Perguntas frequentes<\/strong><\/h3>\n<ul>\n<li><strong>Por que apenas 10 minutos?<\/strong> Dez minutos s\u00e3o gerenci\u00e1veis e evitam a sensa\u00e7\u00e3o de sobrecarga.<\/li>\n<li><strong>Posso dividir os 10 minutos durante o dia?<\/strong> Claro! O importante \u00e9 manter a consist\u00eancia.<\/li>\n<li><strong>E se minha casa for muito grande?<\/strong> Comece por \u00e1reas menores e avance gradualmente.<\/li>\n<li><strong>Como envolver as crian\u00e7as?<\/strong> Torne a organiza\u00e7\u00e3o uma atividade divertida e recompense seus esfor\u00e7os.<\/li>\n<li><strong>O que fazer se eu perder um dia?<\/strong> N\u00e3o se preocupe! Recomece no dia seguinte.<\/li>\n<li><strong>Vale a pena investir em ferramentas de organiza\u00e7\u00e3o?<\/strong> Sim, elas podem ser grandes aliadas.<\/li>\n<li><strong>Como manter a motiva\u00e7\u00e3o?<\/strong> Lembre-se dos benef\u00edcios e celebre pequenas vit\u00f3rias.<\/li>\n<\/ul>\n<h3><strong>Conclus\u00e3o<\/strong><\/h3>\n<p>Organizar sua casa em apenas 10 minutos por dia \u00e9 mais do que poss\u00edvel; \u00e9 transformador. Com dedica\u00e7\u00e3o e foco, voc\u00ea pode criar o ambiente dos seus sonhos.<\/p>\n<p>E aqui vai uma curiosidade: estudos mostram que pessoas que vivem em ambientes organizados tendem a ter h\u00e1bitos mais saud\u00e1veis, como uma dieta equilibrada e exerc\u00edcios regulares. Ent\u00e3o, por que n\u00e3o come\u00e7ar hoje?<\/p>\n<p><strong>Espero que este artigo tenha ajudado voc\u00ea!<\/strong><\/p>\n<p>Ent\u00e3o deslize a tela para baixo e<a href=\"https:\/\/br.pinterest.com\/aarquitetapinterest\/_created\/\" target=\"_blank\" rel=\"noopener\">\u00a0confira mais dicas<\/a>\u00a0como esta e n\u00e3o se esque\u00e7a de compartilhar com os amigos!<\/p>\n<p>Quer mais dicas sobre o mundo da\u00a0<a href=\"https:\/\/www.aarquiteta.com.br\/blog\/o-que-e-arquitetura\/\">arquitetura<\/a>\u00a0e\u00a0<a href=\"https:\/\/www.aarquiteta.com.br\/blog\/decoracao\/\">Decora\u00e7\u00e3o<\/a>, ent\u00e3o confira alguns dos nossos artigos em:<\/p>\n<ul>\n<li><a href=\"https:\/\/www.aarquiteta.com.br\/blog\/paisagismo\/\" target=\"_blank\" rel=\"noopener\">Casa e Jardim<\/a><\/li>\n<li><a href=\"https:\/\/www.aarquiteta.com.br\/blog\/arquitetura\/mundo-arquitetura\/\" target=\"_blank\" rel=\"noopener\">Mundo Arquitetura<\/a><\/li>\n<li><a href=\"https:\/\/www.aarquiteta.com.br\/decoracao\/\" target=\"_blank\" rel=\"noopener\">Decora\u00e7\u00e3o\u00a0<\/a><\/li>\n<\/ul>\n<p>&nbsp;<\/p>\n<p>&nbsp;<\/p>\n","protected":false},"excerpt":{"rendered":"<p>Organizar a casa pode parecer uma tarefa monumental, especialmente quando olhamos para a bagun\u00e7a acumulada. No entanto, a organiza\u00e7\u00e3o n\u00e3o precisa ser complicada ou demorada. Na verdade, com apenas 10 minutos por dia, voc\u00ea pode transformar sua casa em um santu\u00e1rio de paz e ordem. Neste artigo, vamos desmistificar a organiza\u00e7\u00e3o e mostrar como \u00e9 [&hellip;]<\/p>\n","protected":false},"author":102,"featured_media":90378,"comment_status":"closed","ping_status":"closed","sticky":false,"template":"","format":"standard","meta":{"footnotes":""},"categories":[10005,19106],"tags":[31664,6709,28955,30550,28746],"class_list":["post-90377","post","type-post","status-publish","format-standard","has-post-thumbnail","category-casa-e-jardim","category-organizacao-e-armazenamento","tag-10-minutos-diarios","tag-bem-estar","tag-dicas-de-organizacao","tag-organizacao-domestica","tag-produtividade"],"_wp_attached_file":null,"_wp_attachment_metadata":null,"_wp_attachment_context":null,"_wp_attachment_is_custom_header":null,"geo_longitude":null,"geo_public":null,"geo_latitude":null,"_publicize_done_external":null,"_wpas_done_3897181":null,"publicize_twitter_user":null,"_wpas_done_3897175":null,"_wpas_skip_3897181":null,"_wpas_skip_3897175":null,"_wpas_skip_3924723":null,"_wpas_mess":null,"_wpas_done_3924723":null,"wps_subtitle":"","_links":{"self":[{"href":"https:\/\/www.aarquiteta.com.br\/blog\/wp-json\/wp\/v2\/posts\/90377","targetHints":{"allow":["GET"]}}],"collection":[{"href":"https:\/\/www.aarquiteta.com.br\/blog\/wp-json\/wp\/v2\/posts"}],"about":[{"href":"https:\/\/www.aarquiteta.com.br\/blog\/wp-json\/wp\/v2\/types\/post"}],"author":[{"embeddable":true,"href":"https:\/\/www.aarquiteta.com.br\/blog\/wp-json\/wp\/v2\/users\/102"}],"replies":[{"embeddable":true,"href":"https:\/\/www.aarquiteta.com.br\/blog\/wp-json\/wp\/v2\/comments?post=90377"}],"version-history":[{"count":0,"href":"https:\/\/www.aarquiteta.com.br\/blog\/wp-json\/wp\/v2\/posts\/90377\/revisions"}],"wp:featuredmedia":[{"embeddable":true,"href":"https:\/\/www.aarquiteta.com.br\/blog\/wp-json\/wp\/v2\/media\/90378"}],"wp:attachment":[{"href":"https:\/\/www.aarquiteta.com.br\/blog\/wp-json\/wp\/v2\/media?parent=90377"}],"wp:term":[{"taxonomy":"category","embeddable":true,"href":"https:\/\/www.aarquiteta.com.br\/blog\/wp-json\/wp\/v2\/categories?post=90377"},{"taxonomy":"post_tag","embeddable":true,"href":"https:\/\/www.aarquiteta.com.br\/blog\/wp-json\/wp\/v2\/tags?post=90377"}],"curies":[{"name":"wp","href":"https:\/\/api.w.org\/{rel}","templated":true}]}}