{"id":90239,"date":"2023-08-07T11:55:23","date_gmt":"2023-08-07T14:55:23","guid":{"rendered":"http:\/\/aarquiteta.com.br\/?p=90239"},"modified":"2024-07-03T14:23:36","modified_gmt":"2024-07-03T17:23:36","slug":"lousas-e-quadros-de-tarefas-a-solucao-estilosa-e-funcional-que-voce-precisa-conhecer","status":"publish","type":"post","link":"https:\/\/www.aarquiteta.com.br\/blog\/lousas-e-quadros-de-tarefas-a-solucao-estilosa-e-funcional-que-voce-precisa-conhecer\/","title":{"rendered":"Lousas e Quadros de Tarefas: A Solu\u00e7\u00e3o Estilosa e Funcional que Voc\u00ea Precisa Conhecer"},"content":{"rendered":"<p>Bem-vindo ao mundo das lousas e quadros de tarefas, onde a funcionalidade encontra o estilo e a organiza\u00e7\u00e3o se torna uma experi\u00eancia agrad\u00e1vel. Neste artigo, vamos explorar as maravilhas dessas solu\u00e7\u00f5es estilosas que est\u00e3o ganhando popularidade em ambientes dom\u00e9sticos, educacionais e corporativos. Prepare-se para descobrir como esses itens aparentemente simples podem revolucionar a forma como nos comunicamos, organizamos e expressamos nossa criatividade.<\/p>\n<p>Voc\u00ea j\u00e1 se perguntou o que exatamente s\u00e3o lousas e quadros de tarefas? S\u00e3o superf\u00edcies onde \u00e9 poss\u00edvel escrever, desenhar e fixar lembretes, ideias e informa\u00e7\u00f5es importantes. S\u00e3o \u00fateis em diversos ambientes, trazendo benef\u00edcios tanto para a organiza\u00e7\u00e3o de tarefas quanto para a decora\u00e7\u00e3o dos espa\u00e7os. Vamos explorar todas as suas funcionalidades e potenciais aplica\u00e7\u00f5es.<\/p>\n<figure id=\"attachment_90247\" aria-describedby=\"caption-attachment-90247\" style=\"width: 1024px\" class=\"wp-caption alignnone\"><img decoding=\"async\" class=\"size-full wp-image-90247\" src=\"https:\/\/www.aarquiteta.com.br\/blog\/wp-content\/uploads\/2023\/08\/Lousas-e-Quadros-de-Tarefas-4.png\" alt=\"Lousas e Quadros de Tarefas: A Solu\u00e7\u00e3o Estilosa e Funcional que Voc\u00ea Precisa Conhecer\" width=\"1024\" height=\"1024\" title=\"\" srcset=\"https:\/\/www.aarquiteta.com.br\/blog\/wp-content\/uploads\/2023\/08\/Lousas-e-Quadros-de-Tarefas-4.png 1024w, https:\/\/www.aarquiteta.com.br\/blog\/wp-content\/uploads\/2023\/08\/Lousas-e-Quadros-de-Tarefas-4-696x696.png 696w, https:\/\/www.aarquiteta.com.br\/blog\/wp-content\/uploads\/2023\/08\/Lousas-e-Quadros-de-Tarefas-4-96x96.png 96w, https:\/\/www.aarquiteta.com.br\/blog\/wp-content\/uploads\/2023\/08\/Lousas-e-Quadros-de-Tarefas-4-150x150.png 150w\" sizes=\"(max-width: 1024px) 100vw, 1024px\" \/><figcaption id=\"caption-attachment-90247\" class=\"wp-caption-text\"><br \/>Lousas e Quadros de Tarefas: A Solu\u00e7\u00e3o Estilosa e Funcional que Voc\u00ea Precisa Conhecer<\/figcaption><\/figure>\n<h2>A Versatilidade das Lousas<\/h2>\n<h3>Lousas Tradicionais<\/h3>\n<p>As lousas tradicionais, tamb\u00e9m conhecidas como quadros negros, t\u00eam um charme nost\u00e1lgico que evoca mem\u00f3rias de salas de aula cl\u00e1ssicas. Com uma superf\u00edcie escura e agrad\u00e1vel ao toque do giz, essas lousas t\u00eam sido amplamente utilizadas em escolas e universidades. No entanto, a sua versatilidade vai al\u00e9m da educa\u00e7\u00e3o. Elas tamb\u00e9m encontraram um espa\u00e7o em escrit\u00f3rios, onde s\u00e3o usadas para apresenta\u00e7\u00f5es, reuni\u00f5es e brainstorming.<\/p>\n<h3>Lousas Brancas<\/h3>\n<p>As lousas brancas trouxeram uma revolu\u00e7\u00e3o na forma como interagimos com superf\u00edcies de escrita. Com uma superf\u00edcie lisa e facilidade de apagar, essas lousas se tornaram populares em ambientes corporativos. Reuni\u00f5es e discuss\u00f5es se tornaram mais interativas e produtivas com o uso dessas lousas. Al\u00e9m disso, a possibilidade de utilizar marcadores coloridos adiciona um toque de criatividade.<\/p>\n<figure id=\"attachment_90243\" aria-describedby=\"caption-attachment-90243\" style=\"width: 1024px\" class=\"wp-caption alignnone\"><img decoding=\"async\" class=\"size-full wp-image-90243\" src=\"https:\/\/www.aarquiteta.com.br\/blog\/wp-content\/uploads\/2023\/08\/Lousas-e-Quadros-de-Tarefas-3.png\" alt=\"Lousas e Quadros de Tarefas: A Solu\u00e7\u00e3o Estilosa e Funcional que Voc\u00ea Precisa Conhecer\" width=\"1024\" height=\"1024\" title=\"\" srcset=\"https:\/\/www.aarquiteta.com.br\/blog\/wp-content\/uploads\/2023\/08\/Lousas-e-Quadros-de-Tarefas-3.png 1024w, https:\/\/www.aarquiteta.com.br\/blog\/wp-content\/uploads\/2023\/08\/Lousas-e-Quadros-de-Tarefas-3-696x696.png 696w, https:\/\/www.aarquiteta.com.br\/blog\/wp-content\/uploads\/2023\/08\/Lousas-e-Quadros-de-Tarefas-3-96x96.png 96w, https:\/\/www.aarquiteta.com.br\/blog\/wp-content\/uploads\/2023\/08\/Lousas-e-Quadros-de-Tarefas-3-150x150.png 150w\" sizes=\"(max-width: 1024px) 100vw, 1024px\" \/><figcaption id=\"caption-attachment-90243\" class=\"wp-caption-text\"><br \/>Lousas e Quadros de Tarefas: A Solu\u00e7\u00e3o Estilosa e Funcional que Voc\u00ea Precisa Conhecer<\/figcaption><\/figure>\n<h2>Quadros de Tarefas: Organiza\u00e7\u00e3o e Estilo<\/h2>\n<h3>Quadros de Tarefas Decorativos<\/h3>\n<p>Os quadros de tarefas decorativos s\u00e3o uma combina\u00e7\u00e3o de funcionalidade e est\u00e9tica. S\u00e3o projetados para se integrarem \u00e0 decora\u00e7\u00e3o do ambiente, adicionando um toque de estilo enquanto mant\u00eam a utilidade de uma lousa. Esses quadros s\u00e3o ideais para serem colocados em cozinhas, quartos ou escrit\u00f3rios, permitindo que voc\u00ea organize sua rotina di\u00e1ria e liste suas metas de forma agrad\u00e1vel aos olhos.<\/p>\n<h3>Quadros de Tarefas Magn\u00e9ticos<\/h3>\n<p>A praticidade dos quadros de tarefas magn\u00e9ticos \u00e9 ineg\u00e1vel. Eles s\u00e3o projetados com superf\u00edcies magn\u00e9ticas que permitem a fixa\u00e7\u00e3o de pap\u00e9is, fotos e recados importantes com facilidade. Esses quadros s\u00e3o particularmente \u00fateis em ambientes familiares, onde as responsabilidades podem ser compartilhadas e visualizadas por todos os membros da fam\u00edlia.<\/p>\n<figure id=\"attachment_90245\" aria-describedby=\"caption-attachment-90245\" style=\"width: 1024px\" class=\"wp-caption alignnone\"><img decoding=\"async\" class=\"size-full wp-image-90245\" src=\"https:\/\/www.aarquiteta.com.br\/blog\/wp-content\/uploads\/2023\/08\/Lousas-e-Quadros-de-Tarefas-1.png\" alt=\"Lousas e Quadros de Tarefas: A Solu\u00e7\u00e3o Estilosa e Funcional que Voc\u00ea Precisa Conhecer\" width=\"1024\" height=\"1024\" title=\"\" srcset=\"https:\/\/www.aarquiteta.com.br\/blog\/wp-content\/uploads\/2023\/08\/Lousas-e-Quadros-de-Tarefas-1.png 1024w, https:\/\/www.aarquiteta.com.br\/blog\/wp-content\/uploads\/2023\/08\/Lousas-e-Quadros-de-Tarefas-1-696x696.png 696w, https:\/\/www.aarquiteta.com.br\/blog\/wp-content\/uploads\/2023\/08\/Lousas-e-Quadros-de-Tarefas-1-96x96.png 96w, https:\/\/www.aarquiteta.com.br\/blog\/wp-content\/uploads\/2023\/08\/Lousas-e-Quadros-de-Tarefas-1-150x150.png 150w\" sizes=\"(max-width: 1024px) 100vw, 1024px\" \/><figcaption id=\"caption-attachment-90245\" class=\"wp-caption-text\"><br \/>Lousas e Quadros de Tarefas: A Solu\u00e7\u00e3o Estilosa e Funcional que Voc\u00ea Precisa Conhecer<\/figcaption><\/figure>\n<h2>Lousas e Quadros Personalizados<\/h2>\n<h3>Lousas e Quadros com Design Personalizado<\/h3>\n<p>A personaliza\u00e7\u00e3o \u00e9 a chave para adicionar um toque pessoal aos seus ambientes. Muitos fabricantes oferecem op\u00e7\u00f5es de customiza\u00e7\u00e3o, permitindo que voc\u00ea escolha o tamanho, a moldura e at\u00e9 mesmo os detalhes est\u00e9ticos da sua lousa ou quadro de tarefas. Essa personaliza\u00e7\u00e3o torna o item \u00fanico e exclusivo, al\u00e9m de ser uma excelente ideia de presente criativo para amigos e familiares.<\/p>\n<h3>Lousas e Quadros Gravados a Laser<\/h3>\n<p>Para um toque de sofistica\u00e7\u00e3o e durabilidade, as lousas e quadros gravados a laser s\u00e3o uma excelente op\u00e7\u00e3o. A t\u00e9cnica de grava\u00e7\u00e3o a laser cria detalhes precisos e permanentes na superf\u00edcie, tornando-os resistentes ao desgaste do tempo. Essas pe\u00e7as s\u00e3o ideais para ambientes corporativos e comerciais, onde a apresenta\u00e7\u00e3o profissional \u00e9 fundamental.<\/p>\n<figure id=\"attachment_90246\" aria-describedby=\"caption-attachment-90246\" style=\"width: 1024px\" class=\"wp-caption alignnone\"><img decoding=\"async\" class=\"size-full wp-image-90246\" src=\"https:\/\/www.aarquiteta.com.br\/blog\/wp-content\/uploads\/2023\/08\/Lousas-e-Quadros-de-Tarefas.png\" alt=\"Lousas e Quadros de Tarefas: A Solu\u00e7\u00e3o Estilosa e Funcional que Voc\u00ea Precisa Conhecer\" width=\"1024\" height=\"1024\" title=\"\" srcset=\"https:\/\/www.aarquiteta.com.br\/blog\/wp-content\/uploads\/2023\/08\/Lousas-e-Quadros-de-Tarefas.png 1024w, https:\/\/www.aarquiteta.com.br\/blog\/wp-content\/uploads\/2023\/08\/Lousas-e-Quadros-de-Tarefas-696x696.png 696w, https:\/\/www.aarquiteta.com.br\/blog\/wp-content\/uploads\/2023\/08\/Lousas-e-Quadros-de-Tarefas-96x96.png 96w, https:\/\/www.aarquiteta.com.br\/blog\/wp-content\/uploads\/2023\/08\/Lousas-e-Quadros-de-Tarefas-150x150.png 150w\" sizes=\"(max-width: 1024px) 100vw, 1024px\" \/><figcaption id=\"caption-attachment-90246\" class=\"wp-caption-text\"><br \/>Lousas e Quadros de Tarefas: A Solu\u00e7\u00e3o Estilosa e Funcional que Voc\u00ea Precisa Conhecer<\/figcaption><\/figure>\n<h2>Perguntas Frequentes<\/h2>\n<h3>1. O que \u00e9 uma lousa de quadro negro?<\/h3>\n<p>A lousa de quadro negro \u00e9 uma superf\u00edcie escura que permite escrever e desenhar com giz. Sua apar\u00eancia cl\u00e1ssica \u00e9 frequentemente associada a ambientes escolares e universit\u00e1rios.<\/p>\n<h3>2. Como limpar uma lousa branca?<\/h3>\n<p>Para limpar uma lousa branca, basta utilizar um apagador ou pano macio com \u00e1lcool isoprop\u00edlico. Isso garantir\u00e1 que a superf\u00edcie permane\u00e7a limpa e pronta para novas anota\u00e7\u00f5es.<\/p>\n<h3>3. Os quadros de tarefas magn\u00e9ticos danificam pap\u00e9is?<\/h3>\n<p>N\u00e3o, os quadros de tarefas magn\u00e9ticos possuem \u00edm\u00e3s suaves que n\u00e3o danificam pap\u00e9is. Isso permite que voc\u00ea fixe e remova pap\u00e9is com facilidade, sem causar rasgos ou amassados.<\/p>\n<h3>4. \u00c9 poss\u00edvel personalizar o design de uma lousa?<\/h3>\n<p>Sim, muitos fabricantes oferecem op\u00e7\u00f5es de personaliza\u00e7\u00e3o para lousas e quadros. Voc\u00ea pode escolher o tamanho, a moldura e outros detalhes est\u00e9ticos para criar um item \u00fanico.<\/p>\n<h3>5. Os quadros gravados a laser podem ser apagados?<\/h3>\n<p>N\u00e3o, os quadros gravados a laser s\u00e3o permanentes e n\u00e3o podem ser apagados. Eles oferecem uma solu\u00e7\u00e3o dur\u00e1vel e sofisticada para ambientes que requerem um toque profissional.<\/p>\n[amazon table=&#8221;90251&#8243;]\n<h2>Conclus\u00e3o<\/h2>\n<p>Neste artigo, exploramos as in\u00fameras possibilidades oferecidas pelas lousas e quadros de tarefas. Desde as cl\u00e1ssicas lousas de quadro negro at\u00e9 as elegantes lousas brancas e os funcionais quadros de tarefas, essas solu\u00e7\u00f5es estilosas podem revolucionar a organiza\u00e7\u00e3o e a comunica\u00e7\u00e3o em diversos ambientes.<\/p>\n<p>N\u00e3o importa se voc\u00ea est\u00e1 procurando por um item pr\u00e1tico para a sala de aula, um quadro decorativo para sua casa ou uma solu\u00e7\u00e3o profissional para o ambiente de trabalho, as lousas e quadros de tarefas t\u00eam op\u00e7\u00f5es para atender a todas as necessidades. Lembre-se de considerar a personaliza\u00e7\u00e3o para tornar o item ainda mais especial.<\/p>\n<p>Descubra como a organiza\u00e7\u00e3o pode ser sin\u00f4nimo de estilo e produtividade, adotando essas solu\u00e7\u00f5es estilosas em sua rotina. Transforme como voc\u00ea planeja, comunica e expressa suas ideias, e aproveite ao m\u00e1ximo as vantagens que as lousas e quadros de tarefas t\u00eam a oferecer.<\/p>\n<h2>Curiosidade<\/h2>\n<p>Sabia que as primeiras lousas eram feitas de ard\u00f3sia, uma rocha metam\u00f3rfica? Ao longo dos anos, essas lousas foram se adaptando, evoluindo para os modelos que conhecemos hoje, como as lousas de quadro negro e as lousas brancas. A hist\u00f3ria das lousas \u00e9 fascinante e reflete a busca humana pela comunica\u00e7\u00e3o e organiza\u00e7\u00e3o eficientes.<\/p>\n<p>&nbsp;<\/p>\n","protected":false},"excerpt":{"rendered":"<p>Bem-vindo ao mundo das lousas e quadros de tarefas, onde a funcionalidade encontra o estilo e a organiza\u00e7\u00e3o se torna uma experi\u00eancia agrad\u00e1vel. Neste artigo, vamos explorar as maravilhas dessas solu\u00e7\u00f5es estilosas que est\u00e3o ganhando popularidade em ambientes dom\u00e9sticos, educacionais e corporativos. Prepare-se para descobrir como esses itens aparentemente simples podem revolucionar a forma como [&hellip;]<\/p>\n","protected":false},"author":20,"featured_media":90247,"comment_status":"closed","ping_status":"closed","sticky":false,"template":"","format":"standard","meta":{"footnotes":""},"categories":[35414,10005,18754,1484,18757,20353,18766,35399,35420],"tags":[3282,3782,31642,5425,2133,31640,2579,6402,31641],"class_list":["post-90239","post","type-post","status-publish","format-standard","has-post-thumbnail","category-acessorios-para-decoracao","category-casa-e-jardim","category-decoracao-de-cozinha","category-decoracao","category-decoracao-de-escritorio","category-home-decor","category-produtos","category-quadros-e-posteres","category-quadros-e-posteres-acessorios-para-decoracao","tag-ambiente","tag-comunicacao-visual","tag-escrita","tag-estilo","tag-funcionalidade","tag-lousas","tag-organizacao","tag-personalizacao","tag-quadros-de-tarefas"],"_wp_attached_file":null,"_wp_attachment_metadata":null,"_wp_attachment_context":null,"_wp_attachment_is_custom_header":null,"geo_longitude":null,"geo_public":null,"geo_latitude":null,"_publicize_done_external":null,"_wpas_done_3897181":null,"publicize_twitter_user":null,"_wpas_done_3897175":null,"_wpas_skip_3897181":null,"_wpas_skip_3897175":null,"_wpas_skip_3924723":null,"_wpas_mess":null,"_wpas_done_3924723":null,"wps_subtitle":"","_links":{"self":[{"href":"https:\/\/www.aarquiteta.com.br\/blog\/wp-json\/wp\/v2\/posts\/90239","targetHints":{"allow":["GET"]}}],"collection":[{"href":"https:\/\/www.aarquiteta.com.br\/blog\/wp-json\/wp\/v2\/posts"}],"about":[{"href":"https:\/\/www.aarquiteta.com.br\/blog\/wp-json\/wp\/v2\/types\/post"}],"author":[{"embeddable":true,"href":"https:\/\/www.aarquiteta.com.br\/blog\/wp-json\/wp\/v2\/users\/20"}],"replies":[{"embeddable":true,"href":"https:\/\/www.aarquiteta.com.br\/blog\/wp-json\/wp\/v2\/comments?post=90239"}],"version-history":[{"count":0,"href":"https:\/\/www.aarquiteta.com.br\/blog\/wp-json\/wp\/v2\/posts\/90239\/revisions"}],"wp:featuredmedia":[{"embeddable":true,"href":"https:\/\/www.aarquiteta.com.br\/blog\/wp-json\/wp\/v2\/media\/90247"}],"wp:attachment":[{"href":"https:\/\/www.aarquiteta.com.br\/blog\/wp-json\/wp\/v2\/media?parent=90239"}],"wp:term":[{"taxonomy":"category","embeddable":true,"href":"https:\/\/www.aarquiteta.com.br\/blog\/wp-json\/wp\/v2\/categories?post=90239"},{"taxonomy":"post_tag","embeddable":true,"href":"https:\/\/www.aarquiteta.com.br\/blog\/wp-json\/wp\/v2\/tags?post=90239"}],"curies":[{"name":"wp","href":"https:\/\/api.w.org\/{rel}","templated":true}]}}