{"id":90053,"date":"2023-08-06T18:03:09","date_gmt":"2023-08-06T21:03:09","guid":{"rendered":"http:\/\/aarquiteta.com.br\/?p=90053"},"modified":"2023-08-05T18:15:27","modified_gmt":"2023-08-05T21:15:27","slug":"beliche-com-escrivaninha-2","status":"publish","type":"post","link":"https:\/\/www.aarquiteta.com.br\/blog\/beliche-com-escrivaninha-2\/","title":{"rendered":"Beliche com Escrivaninha: M\u00e1xima Funcionalidade e Estilo para o Quarto dos Sonhos"},"content":{"rendered":"<p>Se voc\u00ea est\u00e1 procurando uma solu\u00e7\u00e3o inteligente para otimizar o espa\u00e7o no quarto dos seus filhos ou adolescentes, a beliche com escrivaninha pode ser a resposta perfeita. Essa combina\u00e7\u00e3o funcional oferece n\u00e3o apenas uma \u00e1rea de descanso confort\u00e1vel, mas tamb\u00e9m um espa\u00e7o dedicado aos estudos e atividades criativas.<\/p>\n<p>Neste artigo, vamos explorar os benef\u00edcios e as diversas op\u00e7\u00f5es de beliches com escrivaninha dispon\u00edveis, al\u00e9m de fornecer dicas valiosas para escolher a melhor op\u00e7\u00e3o para o quarto dos sonhos. Prepare-se para inspirar-se com designs criativos que unem praticidade e estilo, tornando o ambiente perfeito para a jornada de crescimento e aprendizado dos seus filhos.<\/p>\n<figure id=\"attachment_73023\" aria-describedby=\"caption-attachment-73023\" style=\"width: 1280px\" class=\"wp-caption alignnone\"><img decoding=\"async\" class=\"size-full wp-image-73023\" src=\"https:\/\/www.aarquiteta.com.br\/blog\/wp-content\/uploads\/2022\/12\/beliche4.jpg\" alt=\"Beliche com Escrivaninha: M\u00e1xima Funcionalidade e Estilo para o Quarto dos Sonhos\" width=\"1280\" height=\"853\" title=\"\" srcset=\"https:\/\/www.aarquiteta.com.br\/blog\/wp-content\/uploads\/2022\/12\/beliche4.jpg 1280w, https:\/\/www.aarquiteta.com.br\/blog\/wp-content\/uploads\/2022\/12\/beliche4-696x464.jpg 696w, https:\/\/www.aarquiteta.com.br\/blog\/wp-content\/uploads\/2022\/12\/beliche4-1024x682.jpg 1024w, https:\/\/www.aarquiteta.com.br\/blog\/wp-content\/uploads\/2022\/12\/beliche4-150x100.jpg 150w\" sizes=\"(max-width: 1280px) 100vw, 1280px\" \/><figcaption id=\"caption-attachment-73023\" class=\"wp-caption-text\">Beliche com Escrivaninha: M\u00e1xima Funcionalidade e Estilo para o Quarto dos Sonhos<\/figcaption><\/figure>\n<h3><strong>Por que escolher uma beliche com escrivaninha? A m\u00e1xima otimiza\u00e7\u00e3o do espa\u00e7o!<\/strong><\/h3>\n<p>Uma beliche com escrivaninha \u00e9 uma escolha inteligente para quartos compactos. Ela permite que voc\u00ea aproveite ao m\u00e1ximo a \u00e1rea dispon\u00edvel verticalmente, deixando mais espa\u00e7o livre para outras atividades.<\/p>\n<p>Imagine uma cama confort\u00e1vel no n\u00edvel superior, enquanto na parte inferior voc\u00ea tem uma escrivaninha bem projetada para estudos, leituras e projetos criativos. Essa solu\u00e7\u00e3o funcional \u00e9 perfeita para compartilhar o quarto entre irm\u00e3os, oferecendo a cada um o seu espa\u00e7o pessoal.<\/p>\n<h3><strong>Fatores importantes na escolha da beliche com escrivaninha ideal<\/strong><\/h3>\n<p>Antes de adquirir uma beliche com escrivaninha, alguns fatores-chave precisam ser considerados:<\/p>\n<h4><strong>Idade e necessidades do usu\u00e1rio<\/strong><\/h4>\n<p>Pense nas idades das crian\u00e7as ou adolescentes que utilizar\u00e3o a beliche com escrivaninha. Para os mais novos, uma escrivaninha com altura ajust\u00e1vel e prote\u00e7\u00f5es adicionais pode ser uma escolha segura. Para os mais velhos, modelos com estantes e gavetas podem ser mais adequados para organizar livros e materiais escolares.<\/p>\n<h4><strong>Tamanho e dimens\u00f5es do quarto<\/strong><\/h4>\n<p>Me\u00e7a o espa\u00e7o dispon\u00edvel no quarto para garantir que a beliche com escrivaninha se encaixe perfeitamente, permitindo a abertura de portas e gavetas sem obstru\u00e7\u00f5es. Lembre-se de considerar a altura do teto para evitar desconfortos.<\/p>\n<h4><strong>Materiais de alta qualidade e seguran\u00e7a<\/strong><\/h4>\n<p>Verifique sempre a qualidade dos materiais utilizados na fabrica\u00e7\u00e3o da beliche com escrivaninha. Certifique-se de que a estrutura \u00e9 robusta e segura, com acabamentos livres de rebarbas e bordas cortantes.<\/p>\n<h4><strong>Design e estilo<\/strong><\/h4>\n<p>Escolha um design que se alinhe ao estilo do quarto e \u00e0s prefer\u00eancias do usu\u00e1rio. As beliches com escrivaninha est\u00e3o dispon\u00edveis em uma variedade de estilos, desde os mais cl\u00e1ssicos at\u00e9 os modernos e elegantes.<\/p>\n<h4><strong>Facilidade de montagem e manuten\u00e7\u00e3o<\/strong><\/h4>\n<p>Opte por modelos de beliche com escrivaninha que sejam f\u00e1ceis de montar e desmontar, caso haja a necessidade de reorganiza\u00e7\u00e3o do espa\u00e7o no futuro. Verifique tamb\u00e9m as instru\u00e7\u00f5es de manuten\u00e7\u00e3o para garantir a durabilidade do m\u00f3vel.<\/p>\n<figure id=\"attachment_73022\" aria-describedby=\"caption-attachment-73022\" style=\"width: 750px\" class=\"wp-caption alignnone\"><img decoding=\"async\" class=\"size-full wp-image-73022\" src=\"https:\/\/www.aarquiteta.com.br\/blog\/wp-content\/uploads\/2022\/12\/beliche3.jpg\" alt=\"Camas Beliches: Economizando Espa\u00e7o no Quarto com Estilo e Conforto!\" width=\"750\" height=\"445\" title=\"\" srcset=\"https:\/\/www.aarquiteta.com.br\/blog\/wp-content\/uploads\/2022\/12\/beliche3.jpg 750w, https:\/\/www.aarquiteta.com.br\/blog\/wp-content\/uploads\/2022\/12\/beliche3-696x413.jpg 696w, https:\/\/www.aarquiteta.com.br\/blog\/wp-content\/uploads\/2022\/12\/beliche3-150x89.jpg 150w\" sizes=\"(max-width: 750px) 100vw, 750px\" \/><figcaption id=\"caption-attachment-73022\" class=\"wp-caption-text\">Beliche com Escrivaninha: M\u00e1xima Funcionalidade e Estilo para o Quarto dos Sonhos<\/figcaption><\/figure>\n<h3><strong>Modelos incr\u00edveis de beliches com escrivaninha para inspirar<\/strong><\/h3>\n<h4><strong>Beliche com escrivaninha retr\u00e1til<\/strong><\/h4>\n<p>A beliche com escrivaninha retr\u00e1til \u00e9 uma op\u00e7\u00e3o vers\u00e1til que permite dobrar a escrivaninha quando n\u00e3o estiver em uso. Essa solu\u00e7\u00e3o \u00e9 ideal para quartos compactos, pois libera espa\u00e7o adicional quando necess\u00e1rio.<\/p>\n<h4><strong>Beliche com escadas inteligentes<\/strong><\/h4>\n<p>Algumas beliches v\u00eam com escadas que tamb\u00e9m funcionam como estantes, proporcionando espa\u00e7o extra para guardar livros, brinquedos e objetos decorativos.<\/p>\n<h4><strong>Beliche com escrivaninha de canto<\/strong><\/h4>\n<p>Perfeita para quartos com cantos vazios, a beliche com escrivaninha de canto maximiza o espa\u00e7o dispon\u00edvel e cria um ambiente acolhedor e funcional.<\/p>\n<h4><strong>Beliche com prateleiras embutidas<\/strong><\/h4>\n<p>Uma beliche com escrivaninha que possui prateleiras embutidas \u00e9 \u00f3tima para manter o espa\u00e7o organizado e otimizado, permitindo que o usu\u00e1rio exiba suas cole\u00e7\u00f5es e pertences especiais.<\/p>\n[amazon table=&#8221;90054&#8243;]\n<h2><strong>Perguntas frequentes<\/strong><\/h2>\n<h3>Posso usar uma beliche com escrivaninha em um quarto pequeno?<\/h3>\n<p><em>Resposta:<\/em> Sim, uma beliche com escrivaninha \u00e9 especialmente projetada para quartos compactos, aproveitando o espa\u00e7o vertical e oferecendo funcionalidade sem ocupar muito espa\u00e7o no ch\u00e3o.<\/p>\n<h3>A beliche com escrivaninha \u00e9 segura para crian\u00e7as?<\/h3>\n<p><em>Resposta:<\/em> Sim, as beliches com escrivaninha s\u00e3o projetadas com a seguran\u00e7a em mente, e muitos modelos v\u00eam com recursos adicionais, como prote\u00e7\u00f5es laterais e acabamentos arredondados.<\/p>\n<h3>Posso desmontar a beliche com escrivaninha no futuro?<\/h3>\n<p><em>Resposta:<\/em> Sim, muitos modelos s\u00e3o projetados para serem montados e desmontados com facilidade, o que \u00e9 \u00fatil caso voc\u00ea precise reorganizar o quarto posteriormente.<\/p>\n<h3>Existe variedade de estilos dispon\u00edveis para beliches com escrivaninha?<\/h3>\n<p><em>Resposta:<\/em> Sim, voc\u00ea encontrar\u00e1 uma ampla variedade de estilos, desde os mais cl\u00e1ssicos e minimalistas at\u00e9 os mais coloridos e modernos.<\/p>\n<h3>Posso adicionar uma cama extra em algumas beliches com escrivaninha?<\/h3>\n<p><em>Resposta:<\/em> Alguns modelos permitem adicionar uma cama extra na parte inferior, tornando a beliche com escrivaninha ainda mais vers\u00e1til e acomodando um terceiro usu\u00e1rio.<\/p>\n<h3>\u00a0A beliche com escrivaninha \u00e9 indicada apenas para crian\u00e7as?<\/h3>\n<p><em>Resposta:<\/em> N\u00e3o, h\u00e1 op\u00e7\u00f5es de beliches com escrivaninha adequadas para adolescentes e at\u00e9 mesmo adultos, sendo uma \u00f3tima escolha para quartos de h\u00f3spedes.<\/p>\n<h3>Como devo cuidar da minha beliche com escrivaninha?<\/h3>\n<p><em>Resposta:<\/em> Para garantir a durabilidade do m\u00f3vel, siga as instru\u00e7\u00f5es de montagem e manuten\u00e7\u00e3o fornecidas pelo fabricante. Evite usar produtos abrasivos e mantenha o m\u00f3vel limpo e seco.<\/p>\n<h3><strong>5. Conclus\u00e3o: Crie um ambiente perfeito com uma beliche com escrivaninha!<\/strong><\/h3>\n<p>Uma beliche com escrivaninha \u00e9 uma solu\u00e7\u00e3o funcional e estilosa para otimizar o espa\u00e7o em quartos compartilhados por crian\u00e7as e adolescentes. Escolher o modelo certo envolve considerar a idade dos usu\u00e1rios, o tamanho do quarto, o estilo desejado e a seguran\u00e7a do produto.<\/p>\n<p>Com uma ampla variedade de op\u00e7\u00f5es dispon\u00edveis, voc\u00ea certamente encontrar\u00e1 uma beliche com escrivaninha que atenda \u00e0s necessidades espec\u00edficas do quarto dos seus filhos.<\/p>\n<p>Inspire-se nos designs criativos mencionados neste artigo e fa\u00e7a uma escolha inteligente para criar um ambiente aconchegante e funcional, incentivando o crescimento e a aprendizagem dos pequenos e jovens.<\/p>\n<p><strong>Curiosidade:<\/strong> Voc\u00ea sabia que as beliches com escrivaninha foram inspiradas no design das camas utilizadas nos navios? Essa solu\u00e7\u00e3o inteligente foi adaptada para uso em resid\u00eancias, proporcionando o m\u00e1ximo aproveitamento do espa\u00e7o e uma experi\u00eancia \u00fanica de dormir e estudar em grande estilo!<\/p>\n<p><strong>Espero que este artigo tenha ajudado voc\u00ea!<\/strong><\/p>\n<p>Ent\u00e3o deslize a tela para baixo e<a href=\"https:\/\/br.pinterest.com\/aarquitetapinterest\/_created\/\" target=\"_blank\" rel=\"noopener\">\u00a0confira mais dicas<\/a>\u00a0como esta e n\u00e3o se esque\u00e7a de compartilhar com os amigos!<\/p>\n<p>Quer mais dicas sobre o mundo da\u00a0<a href=\"https:\/\/www.aarquiteta.com.br\/blog\/o-que-e-arquitetura\/\">arquitetura<\/a>\u00a0e\u00a0<a href=\"https:\/\/www.aarquiteta.com.br\/blog\/decoracao\/\">Decora\u00e7\u00e3o<\/a>, ent\u00e3o confira alguns dos nossos artigos em:<\/p>\n<ul>\n<li><a href=\"https:\/\/www.aarquiteta.com.br\/blog\/paisagismo\/\" target=\"_blank\" rel=\"noopener\">Casa e Jardim<\/a><\/li>\n<li><a href=\"https:\/\/www.aarquiteta.com.br\/blog\/arquitetura\/mundo-arquitetura\/\" target=\"_blank\" rel=\"noopener\">Mundo Arquitetura<\/a><\/li>\n<li><a href=\"https:\/\/www.aarquiteta.com.br\/decoracao\/\" target=\"_blank\" rel=\"noopener\">Decora\u00e7\u00e3o\u00a0<\/a><\/li>\n<\/ul>\n<p>&nbsp;<\/p>\n","protected":false},"excerpt":{"rendered":"<p>Se voc\u00ea est\u00e1 procurando uma solu\u00e7\u00e3o inteligente para otimizar o espa\u00e7o no quarto dos seus filhos ou adolescentes, a beliche com escrivaninha pode ser a resposta perfeita. Essa combina\u00e7\u00e3o funcional oferece n\u00e3o apenas uma \u00e1rea de descanso confort\u00e1vel, mas tamb\u00e9m um espa\u00e7o dedicado aos estudos e atividades criativas. Neste artigo, vamos explorar os benef\u00edcios e [&hellip;]<\/p>\n","protected":false},"author":20,"featured_media":49319,"comment_status":"closed","ping_status":"closed","sticky":false,"template":"","format":"standard","meta":{"footnotes":""},"categories":[1484,18756],"tags":[31611,24595,31609,31613,31612,31614,31608,31607,31610,31618,31616,31617,8431,30144,31615],"class_list":["post-90053","post","type-post","status-publish","format-standard","has-post-thumbnail","category-decoracao","category-decoracao-de-dormitorio","tag-beliche-com-escadas","tag-beliche-com-escrivaninha","tag-beliche-com-estante","tag-beliche-com-prateleiras","tag-beliche-de-canto","tag-beliche-funcional","tag-beliche-para-adolescentes","tag-beliche-para-criancas","tag-beliche-retratil","tag-cama-elevada-com-escrivaninha","tag-design-de-moveis-para-quartos","tag-escrivaninha-para-estudos","tag-moveis-multifuncionais","tag-otimizacao-de-espaco-no-quarto","tag-quarto-compartilhado-para-irmaos"],"_wp_attached_file":null,"_wp_attachment_metadata":null,"_wp_attachment_context":null,"_wp_attachment_is_custom_header":null,"geo_longitude":null,"geo_public":null,"geo_latitude":null,"_publicize_done_external":null,"_wpas_done_3897181":null,"publicize_twitter_user":null,"_wpas_done_3897175":null,"_wpas_skip_3897181":null,"_wpas_skip_3897175":null,"_wpas_skip_3924723":null,"_wpas_mess":null,"_wpas_done_3924723":null,"wps_subtitle":"","_links":{"self":[{"href":"https:\/\/www.aarquiteta.com.br\/blog\/wp-json\/wp\/v2\/posts\/90053","targetHints":{"allow":["GET"]}}],"collection":[{"href":"https:\/\/www.aarquiteta.com.br\/blog\/wp-json\/wp\/v2\/posts"}],"about":[{"href":"https:\/\/www.aarquiteta.com.br\/blog\/wp-json\/wp\/v2\/types\/post"}],"author":[{"embeddable":true,"href":"https:\/\/www.aarquiteta.com.br\/blog\/wp-json\/wp\/v2\/users\/20"}],"replies":[{"embeddable":true,"href":"https:\/\/www.aarquiteta.com.br\/blog\/wp-json\/wp\/v2\/comments?post=90053"}],"version-history":[{"count":0,"href":"https:\/\/www.aarquiteta.com.br\/blog\/wp-json\/wp\/v2\/posts\/90053\/revisions"}],"wp:featuredmedia":[{"embeddable":true,"href":"https:\/\/www.aarquiteta.com.br\/blog\/wp-json\/wp\/v2\/media\/49319"}],"wp:attachment":[{"href":"https:\/\/www.aarquiteta.com.br\/blog\/wp-json\/wp\/v2\/media?parent=90053"}],"wp:term":[{"taxonomy":"category","embeddable":true,"href":"https:\/\/www.aarquiteta.com.br\/blog\/wp-json\/wp\/v2\/categories?post=90053"},{"taxonomy":"post_tag","embeddable":true,"href":"https:\/\/www.aarquiteta.com.br\/blog\/wp-json\/wp\/v2\/tags?post=90053"}],"curies":[{"name":"wp","href":"https:\/\/api.w.org\/{rel}","templated":true}]}}