{"id":89902,"date":"2023-08-02T12:45:23","date_gmt":"2023-08-02T15:45:23","guid":{"rendered":"http:\/\/aarquiteta.com.br\/?p=89902"},"modified":"2024-07-03T15:58:17","modified_gmt":"2024-07-03T18:58:17","slug":"como-organizar-o-seu-armario-pequeno-gastando-pouco","status":"publish","type":"post","link":"https:\/\/www.aarquiteta.com.br\/blog\/como-organizar-o-seu-armario-pequeno-gastando-pouco\/","title":{"rendered":"Como Organizar o Seu Arm\u00e1rio Pequeno Gastando Pouco"},"content":{"rendered":"<div class=\"group w-full text-gray-800 dark:text-gray-100 border-b border-black\/10 dark:border-gray-900\/50 bg-gray-50 dark:bg-[#444654] sm:AIPRM__conversation__response\">\n<div class=\"flex p-4 gap-4 text-base md:gap-6 md:max-w-2xl lg:max-w-[38rem] xl:max-w-3xl md:py-6 lg:px-0 m-auto\">\n<div class=\"relative flex w-[calc(100%-50px)] flex-col gap-1 md:gap-3 lg:w-[calc(100%-115px)]\">\n<div class=\"flex flex-grow flex-col gap-3\">\n<div class=\"flex items-start overflow-x-auto whitespace-pre-wrap break-words\">\n<div class=\"markdown prose w-full break-words dark:prose-invert dark AIPRM__conversation__response\"><\/div>\n<\/div>\n<\/div>\n<\/div>\n<\/div>\n<\/div>\n<div class=\"group w-full text-gray-800 dark:text-gray-100 border-b border-black\/10 dark:border-gray-900\/50 bg-gray-50 dark:bg-[#444654] sm:AIPRM__conversation__response\">\n<div class=\"flex p-4 gap-4 text-base md:gap-6 md:max-w-2xl lg:max-w-[38rem] xl:max-w-3xl md:py-6 lg:px-0 m-auto\">\n<div class=\"flex-shrink-0 flex flex-col relative items-end\">\n<div class=\"w-[30px]\">\n<div class=\"relative p-1 rounded-sm h-[30px] w-[30px] text-white flex items-center justify-center\">\n<p>Voc\u00ea j\u00e1 se deparou com o desafio de organizar um arm\u00e1rio pequeno? \u00c9 comum que muitas pessoas enfrentem esse problema, especialmente em espa\u00e7os urbanos onde os apartamentos s\u00e3o mais compactos. A falta de espa\u00e7o pode levar a um arm\u00e1rio bagun\u00e7ado, dificultando a localiza\u00e7\u00e3o de roupas e acess\u00f3rios e at\u00e9 mesmo causando estresse di\u00e1rio.<\/p>\n<p>Neste artigo, vamos explorar dicas pr\u00e1ticas e econ\u00f4micas para organizar o seu arm\u00e1rio pequeno sem precisar gastar muito dinheiro. Atrav\u00e9s do uso das melhores pr\u00e1ticas de linguagem natural do Google e da otimiza\u00e7\u00e3o para mecanismos de busca, voc\u00ea aprender\u00e1 a criar um espa\u00e7o organizado, funcional e esteticamente agrad\u00e1vel, priorizando as necessidades das pessoas.<\/p>\n<h2><strong>1. D\u00ea um Novo Prop\u00f3sito \u00e0s Gavetas<\/strong><\/h2>\n<h3><strong>Reutilizando as Gavetas do Seu Arm\u00e1rio<\/strong><\/h3>\n<h4><strong>Organizando Pequenos Acess\u00f3rios<\/strong><\/h4>\n<p>Voc\u00ea pode aproveitar suas gavetas ao m\u00e1ximo reutilizando-as para organizar pequenos acess\u00f3rios. Use divis\u00f3rias ou caixas transparentes para separar bijuterias, cintos, len\u00e7os e outros itens. Isso n\u00e3o s\u00f3 mant\u00e9m tudo em ordem, mas tamb\u00e9m torna mais f\u00e1cil encontrar o que voc\u00ea precisa.<\/p>\n<h2><strong>2. Utilize Cabides Adequados<\/strong><\/h2>\n<h3><strong>Escolhendo Cabides que Economizam Espa\u00e7o<\/strong><\/h3>\n<h4><strong>O Poder dos Cabides Finos<\/strong><\/h4>\n<p>Opte por cabides finos e antideslizantes, pois eles economizam muito espa\u00e7o no seu arm\u00e1rio. Al\u00e9m disso, cabides antiderrapantes evitam que suas roupas escorreguem e fiquem amarrotadas. Essa simples mudan\u00e7a far\u00e1 uma grande diferen\u00e7a na organiza\u00e7\u00e3o geral do arm\u00e1rio.<\/p>\n<h2><strong>3. Use Porta-Cintos e Porta-Gravatas<\/strong><\/h2>\n<h3><strong>Organizando Cintos e Gravatas<\/strong><\/h3>\n<h4><strong>Economizando Espa\u00e7o com Porta-Cintos e Porta-Gravatas<\/strong><\/h4>\n<p>Os porta-cintos e porta-gravatas s\u00e3o solu\u00e7\u00f5es pr\u00e1ticas para manter esses acess\u00f3rios bem organizados e f\u00e1ceis de encontrar. Fixe-os na parte interna das portas do seu arm\u00e1rio para economizar espa\u00e7o e manter tudo ao alcance das m\u00e3os.<\/p>\n<h2><strong>4. Aproveite Espa\u00e7os Inutilizados<\/strong><\/h2>\n<h3><strong>Otimizando Espa\u00e7os Esquecidos<\/strong><\/h3>\n<h4><strong>Criando Prateleiras Adicionais<\/strong><\/h4>\n<p>Em um arm\u00e1rio pequeno, cada cent\u00edmetro importa. Identifique espa\u00e7os inutilizados, como a parte superior do arm\u00e1rio ou a \u00e1rea acima das prateleiras. Instale prateleiras adicionais para armazenar itens menos utilizados, como malas ou cobertores.<\/p>\n<figure id=\"attachment_89906\" aria-describedby=\"caption-attachment-89906\" style=\"width: 1024px\" class=\"wp-caption alignnone\"><img decoding=\"async\" class=\"size-full wp-image-89906\" src=\"https:\/\/www.aarquiteta.com.br\/blog\/wp-content\/uploads\/2023\/08\/Como-Organizar-o-Seu-Armario-Pequeno-Gastando-Pouco-2.png\" alt=\"Como Organizar o Seu Arm\u00e1rio Pequeno Gastando Pouco\" width=\"1024\" height=\"1024\" title=\"\" srcset=\"https:\/\/www.aarquiteta.com.br\/blog\/wp-content\/uploads\/2023\/08\/Como-Organizar-o-Seu-Armario-Pequeno-Gastando-Pouco-2.png 1024w, https:\/\/www.aarquiteta.com.br\/blog\/wp-content\/uploads\/2023\/08\/Como-Organizar-o-Seu-Armario-Pequeno-Gastando-Pouco-2-696x696.png 696w, https:\/\/www.aarquiteta.com.br\/blog\/wp-content\/uploads\/2023\/08\/Como-Organizar-o-Seu-Armario-Pequeno-Gastando-Pouco-2-96x96.png 96w, https:\/\/www.aarquiteta.com.br\/blog\/wp-content\/uploads\/2023\/08\/Como-Organizar-o-Seu-Armario-Pequeno-Gastando-Pouco-2-150x150.png 150w\" sizes=\"(max-width: 1024px) 100vw, 1024px\" \/><figcaption id=\"caption-attachment-89906\" class=\"wp-caption-text\">Como Organizar o Seu Arm\u00e1rio Pequeno Gastando Pouco<\/figcaption><\/figure>\n<h2><strong>5. Utilize Organizadores de Cal\u00e7ados<\/strong><\/h2>\n<h3><strong>Mantendo os Cal\u00e7ados em Ordem<\/strong><\/h3>\n<h4><strong>Organizadores Suspensos<\/strong><\/h4>\n<p>Os organizadores suspensos s\u00e3o \u00f3timos para armazenar cal\u00e7ados, especialmente se o seu arm\u00e1rio n\u00e3o tiver espa\u00e7o no ch\u00e3o. Pendure-os na porta do arm\u00e1rio ou em uma barra de cortina para otimizar o espa\u00e7o.<\/p>\n<h2><strong>6. Dobre e Empilhe Roupas Adequadamente<\/strong><\/h2>\n<h3><strong>Maximizando Espa\u00e7o com Dobras Eficientes<\/strong><\/h3>\n<h4><strong>A Arte de Empilhar Roupas<\/strong><\/h4>\n<p>Aprenda t\u00e9cnicas de dobra que permitam otimizar o espa\u00e7o das prateleiras. Roupas dobradas de forma eficiente ocupam menos espa\u00e7o e ainda permitem que voc\u00ea veja todas as op\u00e7\u00f5es dispon\u00edveis.<\/p>\n<h2><strong>7. Invista em Caixas Transparentes<\/strong><\/h2>\n<h3><strong>A Versatilidade das Caixas Transparentes<\/strong><\/h3>\n<h4><strong>Organizando Roupas Fora de Esta\u00e7\u00e3o<\/strong><\/h4>\n<p>Utilize caixas transparentes para guardar roupas fora de esta\u00e7\u00e3o. Dessa forma, voc\u00ea pode manter o arm\u00e1rio mais organizado e liberar espa\u00e7o para as roupas que voc\u00ea usa regularmente.<\/p>\n<h2><strong>8. Separe Itens por Categoria<\/strong><\/h2>\n<h3><strong>Simplificando a Organiza\u00e7\u00e3o<\/strong><\/h3>\n<h4><strong>Organiza\u00e7\u00e3o por Categoria<\/strong><\/h4>\n<p>Agrupe suas roupas por categoria (camisetas, blusas, cal\u00e7as, etc.) para facilitar a busca pelo que voc\u00ea deseja vestir. Isso torna a organiza\u00e7\u00e3o do arm\u00e1rio mais intuitiva e ajuda a manter a ordem.<\/p>\n<h2><strong>9. Fa\u00e7a uma Limpeza Regular<\/strong><\/h2>\n<h3><strong>O Poder da Limpeza Peri\u00f3dica<\/strong><\/h3>\n<h4><strong>Desapegue do que N\u00e3o Usa Mais<\/strong><\/h4>\n<p>Fa\u00e7a uma limpeza peri\u00f3dica no seu arm\u00e1rio para se livrar de itens que n\u00e3o s\u00e3o mais \u00fateis ou que voc\u00ea n\u00e3o usa. Doe roupas em bom estado ou organize um bazar com amigos para trocar pe\u00e7as.<\/p>\n<h2><strong>10. Personalize as Prateleiras<\/strong><\/h2>\n<h3><strong>Ajustando o Arm\u00e1rio \u00e0s Suas Necessidades<\/strong><\/h3>\n<h4><strong>Adicionando Prateleiras Ajust\u00e1veis<\/strong><\/h4>\n<p>Se o seu arm\u00e1rio tiver prateleiras ajust\u00e1veis, aproveite essa vantagem. Ajuste as alturas conforme as suas necessidades, acomodando roupas mais longas ou sapateiras, por exemplo.<\/p>\n<h2><strong>11. Aproveite as Portas do Arm\u00e1rio<\/strong><\/h2>\n<h3><strong>Organiza\u00e7\u00e3o na Porta<\/strong><\/h3>\n<h4><strong>Bolsos e Ganchos na Porta<\/strong><\/h4>\n<p>As portas do arm\u00e1rio tamb\u00e9m podem ser usadas para organizar itens menores. Instale bolsos ou ganchos para guardar produtos de beleza, meias ou acess\u00f3rios.<\/p>\n<figure id=\"attachment_89904\" aria-describedby=\"caption-attachment-89904\" style=\"width: 1024px\" class=\"wp-caption alignnone\"><img decoding=\"async\" class=\"size-full wp-image-89904\" src=\"https:\/\/www.aarquiteta.com.br\/blog\/wp-content\/uploads\/2023\/08\/Como-Organizar-o-Seu-Armario-Pequeno-Gastando-Pouco.png\" alt=\"Como Organizar o Seu Arm\u00e1rio Pequeno Gastando Pouco\" width=\"1024\" height=\"1024\" title=\"\" srcset=\"https:\/\/www.aarquiteta.com.br\/blog\/wp-content\/uploads\/2023\/08\/Como-Organizar-o-Seu-Armario-Pequeno-Gastando-Pouco.png 1024w, https:\/\/www.aarquiteta.com.br\/blog\/wp-content\/uploads\/2023\/08\/Como-Organizar-o-Seu-Armario-Pequeno-Gastando-Pouco-696x696.png 696w, https:\/\/www.aarquiteta.com.br\/blog\/wp-content\/uploads\/2023\/08\/Como-Organizar-o-Seu-Armario-Pequeno-Gastando-Pouco-96x96.png 96w, https:\/\/www.aarquiteta.com.br\/blog\/wp-content\/uploads\/2023\/08\/Como-Organizar-o-Seu-Armario-Pequeno-Gastando-Pouco-150x150.png 150w\" sizes=\"(max-width: 1024px) 100vw, 1024px\" \/><figcaption id=\"caption-attachment-89904\" class=\"wp-caption-text\">Como Organizar o Seu Arm\u00e1rio Pequeno Gastando Pouco<\/figcaption><\/figure>\n<h2><strong>12. Crie um Sistema de Rotatividade<\/strong><\/h2>\n<h3><strong>Ciclo de Rotatividade para Esta\u00e7\u00f5es do Ano<\/strong><\/h3>\n<h4><strong>Organizando Roupas de Inverno\/Ver\u00e3o<\/strong><\/h4>\n<p>\u00c0 medida que as esta\u00e7\u00f5es do ano mudam, gire as roupas de inverno e ver\u00e3o no seu arm\u00e1rio. Isso ajuda a manter o espa\u00e7o organizado e evita que ele fique sobrecarregado.<\/p>\n<h2><strong>13. Fa\u00e7a um Planejamento de Compras<\/strong><\/h2>\n<h3><strong>Compras Inteligentes<\/strong><\/h3>\n<h4><strong>Evitando Compras por Impulso<\/strong><\/h4>\n<p>Antes de comprar novas roupas, pense no que voc\u00ea realmente precisa e se elas ter\u00e3o espa\u00e7o no seu arm\u00e1rio. Evite compras por impulso e concentre-se em adquirir pe\u00e7as que complementem seu guarda-roupa atual.<\/p>\n<h2><strong>14. Organize a Bagun\u00e7a Di\u00e1ria<\/strong><\/h2>\n<h3><strong>Lidando com a Bagun\u00e7a do Dia a Dia<\/strong><\/h3>\n<h4><strong>Criando o H\u00e1bito da Organiza\u00e7\u00e3o<\/strong><\/h4>\n<p>Reserve alguns minutos todos os dias para organizar a bagun\u00e7a que pode se acumular no arm\u00e1rio. Ao fazer isso regularmente, voc\u00ea evita que a desordem tome conta do espa\u00e7o.<\/p>\n<h2><strong>15. Pe\u00e7a a Opini\u00e3o de um Amigo<\/strong><\/h2>\n<h3><strong>Consultoria Amig\u00e1vel<\/strong><\/h3>\n<h4><strong>Novas Perspectivas<\/strong><\/h4>\n<p>\u00c0s vezes, a opini\u00e3o de um amigo pode ajudar a identificar problemas de organiza\u00e7\u00e3o que voc\u00ea n\u00e3o notou. Pe\u00e7a a ajuda de algu\u00e9m pr\u00f3ximo para tornar o processo ainda mais divertido.<\/p>\n<h2><strong>Conclus\u00e3o<\/strong><\/h2>\n<p>Organizar um arm\u00e1rio pequeno pode ser desafiador, mas com as estrat\u00e9gias certas, voc\u00ea pode criar um espa\u00e7o funcional e bem organizado sem gastar muito dinheiro. Aproveite os recursos dispon\u00edveis, como gavetas reutilizadas, cabides finos, porta-cintos e porta-gravatas, e utilize caixas transparentes para otimizar o espa\u00e7o.<\/p>\n<p>Lembre-se de fazer limpezas peri\u00f3dicas e planejar suas compras de forma inteligente. Ao aplicar essas dicas, voc\u00ea ter\u00e1 um arm\u00e1rio organizado que atende \u00e0s suas necessidades di\u00e1rias.<\/p>\n<h2><strong>Curiosidade<\/strong><\/h2>\n<p>Sabia que a organiza\u00e7\u00e3o do seu arm\u00e1rio pode impactar positivamente o seu bem-estar? Um ambiente organizado reduz o estresse e facilita a escolha de roupas, tornando o seu dia a dia mais tranquilo e produtivo.<\/p>\n<p>Ent\u00e3o, que tal come\u00e7ar hoje mesmo a transformar o seu arm\u00e1rio pequeno em um espa\u00e7o funcional e agrad\u00e1vel? Siga as dicas deste artigo e desfrute dos benef\u00edcios de uma vida mais organizada!<\/p>\n<p><strong>Espero que este artigo tenha ajudado voc\u00ea!<\/strong><\/p>\n<p>Ent\u00e3o deslize a tela para baixo e<a href=\"https:\/\/br.pinterest.com\/aarquitetapinterest\/_created\/\" target=\"_blank\" rel=\"noopener\">\u00a0confira mais dicas<\/a>\u00a0como esta e n\u00e3o se esque\u00e7a de compartilhar com os amigos!<\/p>\n<p>Quer mais dicas sobre o mundo da\u00a0<a href=\"https:\/\/www.aarquiteta.com.br\/blog\/o-que-e-arquitetura\/\">arquitetura<\/a>\u00a0e\u00a0<a href=\"https:\/\/www.aarquiteta.com.br\/blog\/decoracao\/\">Decora\u00e7\u00e3o<\/a>, ent\u00e3o confira alguns dos nossos artigos em:<\/p>\n<ul>\n<li><a href=\"https:\/\/www.aarquiteta.com.br\/blog\/paisagismo\/\" target=\"_blank\" rel=\"noopener\">Casa e Jardim<\/a><\/li>\n<li><a href=\"https:\/\/www.aarquiteta.com.br\/blog\/arquitetura\/mundo-arquitetura\/\" target=\"_blank\" rel=\"noopener\">Mundo Arquitetura<\/a><\/li>\n<li><a href=\"https:\/\/www.aarquiteta.com.br\/decoracao\/\" target=\"_blank\" rel=\"noopener\">Decora\u00e7\u00e3o\u00a0<\/a><\/li>\n<\/ul>\n<\/div>\n<\/div>\n<\/div>\n<\/div>\n<\/div>\n","protected":false},"excerpt":{"rendered":"<p>Voc\u00ea j\u00e1 se deparou com o desafio de organizar um arm\u00e1rio pequeno? \u00c9 comum que muitas pessoas enfrentem esse problema, especialmente em espa\u00e7os urbanos onde os apartamentos s\u00e3o mais compactos. A falta de espa\u00e7o pode levar a um arm\u00e1rio bagun\u00e7ado, dificultando a localiza\u00e7\u00e3o de roupas e acess\u00f3rios e at\u00e9 mesmo causando estresse di\u00e1rio. Neste artigo, [&hellip;]<\/p>\n","protected":false},"author":20,"featured_media":89905,"comment_status":"closed","ping_status":"closed","sticky":false,"template":"","format":"standard","meta":{"footnotes":""},"categories":[35414,35384,1484,20353],"tags":[31577,29458,28955,26843,31581,31582,31579,31576,31580,31578],"class_list":["post-89902","post","type-post","status-publish","format-standard","has-post-thumbnail","category-acessorios-para-decoracao","category-armarios-e-aparadores","category-decoracao","category-home-decor","tag-armario-funcional","tag-cabides-finos","tag-dicas-de-organizacao","tag-economia-de-espaco","tag-limpeza-do-armario","tag-meta-descricao","tag-organizadores-de-calcados","tag-organizar-armario-pequeno","tag-planejamento-de-compras","tag-reutilizacao-de-gavetas"],"_wp_attached_file":null,"_wp_attachment_metadata":null,"_wp_attachment_context":null,"_wp_attachment_is_custom_header":null,"geo_longitude":null,"geo_public":null,"geo_latitude":null,"_publicize_done_external":null,"_wpas_done_3897181":null,"publicize_twitter_user":null,"_wpas_done_3897175":null,"_wpas_skip_3897181":null,"_wpas_skip_3897175":null,"_wpas_skip_3924723":null,"_wpas_mess":null,"_wpas_done_3924723":null,"wps_subtitle":"","_links":{"self":[{"href":"https:\/\/www.aarquiteta.com.br\/blog\/wp-json\/wp\/v2\/posts\/89902","targetHints":{"allow":["GET"]}}],"collection":[{"href":"https:\/\/www.aarquiteta.com.br\/blog\/wp-json\/wp\/v2\/posts"}],"about":[{"href":"https:\/\/www.aarquiteta.com.br\/blog\/wp-json\/wp\/v2\/types\/post"}],"author":[{"embeddable":true,"href":"https:\/\/www.aarquiteta.com.br\/blog\/wp-json\/wp\/v2\/users\/20"}],"replies":[{"embeddable":true,"href":"https:\/\/www.aarquiteta.com.br\/blog\/wp-json\/wp\/v2\/comments?post=89902"}],"version-history":[{"count":0,"href":"https:\/\/www.aarquiteta.com.br\/blog\/wp-json\/wp\/v2\/posts\/89902\/revisions"}],"wp:featuredmedia":[{"embeddable":true,"href":"https:\/\/www.aarquiteta.com.br\/blog\/wp-json\/wp\/v2\/media\/89905"}],"wp:attachment":[{"href":"https:\/\/www.aarquiteta.com.br\/blog\/wp-json\/wp\/v2\/media?parent=89902"}],"wp:term":[{"taxonomy":"category","embeddable":true,"href":"https:\/\/www.aarquiteta.com.br\/blog\/wp-json\/wp\/v2\/categories?post=89902"},{"taxonomy":"post_tag","embeddable":true,"href":"https:\/\/www.aarquiteta.com.br\/blog\/wp-json\/wp\/v2\/tags?post=89902"}],"curies":[{"name":"wp","href":"https:\/\/api.w.org\/{rel}","templated":true}]}}